{"id":4414,"date":"2023-11-24T22:32:19","date_gmt":"2023-11-24T19:32:19","guid":{"rendered":"https:\/\/baskan-yapi.com\/2023\/11\/24\/cekya-mimarlar-listesi\/"},"modified":"2024-07-21T15:35:35","modified_gmt":"2024-07-21T12:35:35","slug":"list-of-architects-in-czechia","status":"publish","type":"post","link":"https:\/\/baskan-yapi.com\/en\/2023\/11\/24\/list-of-architects-in-czechia\/","title":{"rendered":"List of Architects in Czechia"},"content":{"rendered":"<div class=\"fusion-fullwidth fullwidth-box fusion-builder-row-1 fusion-flex-container nonhundred-percent-fullwidth non-hundred-percent-height-scrolling\" style=\"--awb-border-radius-top-left:0px;--awb-border-radius-top-right:0px;--awb-border-radius-bottom-right:0px;--awb-border-radius-bottom-left:0px;--awb-flex-wrap:wrap;\" ><div class=\"fusion-builder-row fusion-row fusion-flex-align-items-flex-start fusion-flex-content-wrap\" style=\"max-width:1310.4px;margin-left: calc(-4% \/ 2 );margin-right: calc(-4% \/ 2 );\"><div class=\"fusion-layout-column fusion_builder_column fusion-builder-column-0 fusion_builder_column_1_1 1_1 fusion-flex-column\" style=\"--awb-bg-size:cover;--awb-width-large:100%;--awb-margin-top-large:0px;--awb-spacing-right-large:1.92%;--awb-margin-bottom-large:0px;--awb-spacing-left-large:1.92%;--awb-width-medium:100%;--awb-spacing-right-medium:1.92%;--awb-spacing-left-medium:1.92%;--awb-width-small:100%;--awb-spacing-right-small:1.92%;--awb-spacing-left-small:1.92%;\"><div class=\"fusion-column-wrapper fusion-flex-justify-content-flex-start fusion-content-layout-column\"><div class=\"fusion-text fusion-text-1\"><p>%3<\/p>\n<table style=\"height: 170496px;\" width=\"865\">\n<tbody>\n<tr>\n<td width=\"71\">SIRA<\/td>\n<td width=\"71\">\u00dcLKE<\/td>\n<td width=\"101\">\u015eEH\u0130R<\/td>\n<td width=\"243\">F\u0130RMA<\/td>\n<td width=\"281\"><\/td>\n<\/tr>\n<tr>\n<td>1<\/td>\n<td>\u00c7ekya<\/td>\n<td>Prag<\/td>\n<td><a href=\"https:\/\/www.cka.cz\/cs\/svet-architektury\/seznam-architektu\/doc-ing-arch-stipek-jan\">00001 Jan \u0160t\u00edpek<\/a><\/td>\n<td>DOC. ING. ARCH. JAN \u0160T\u00cdPEK<\/td>\n<\/tr>\n<tr>\n<td>2<\/td>\n<td>\u00c7ekya<\/td>\n<td>Prag<\/td>\n<td><a href=\"https:\/\/www.cka.cz\/cs\/svet-architektury\/seznam-architektu\/ing-arch-aulicky-vaclav\">00002 V\u00e1clav Aulick\u00fd<\/a><\/td>\n<td>SPOJPROJEKT PRAHA<\/td>\n<\/tr>\n<tr>\n<td>3<\/td>\n<td>\u00c7ekya<\/td>\n<td>P\u0159erov<\/td>\n<td><a href=\"https:\/\/www.cka.cz\/cs\/svet-architektury\/seznam-architektu\/ing-arch-zalud-stanislav\">00003 Stanislav \u017dalud<\/a><\/td>\n<td>ING. ARCH. STANISLAV \u017dALUD<\/td>\n<\/tr>\n<tr>\n<td>4<\/td>\n<td>\u00c7ekya<\/td>\n<td>Prag<\/td>\n<td><a href=\"https:\/\/www.cka.cz\/cs\/svet-architektury\/seznam-architektu\/ing-arch-vrana-josef\">00004 Josef Vrana<\/a><\/td>\n<td>ING. ARCH. JOSEF VRANA<\/td>\n<\/tr>\n<tr>\n<td>5<\/td>\n<td>\u00c7ekya<\/td>\n<td>Liberec<\/td>\n<td><a href=\"https:\/\/www.cka.cz\/cs\/svet-architektury\/seznam-architektu\/ing-arch-kousal-radim\">00005 Radim Kousal<\/a><\/td>\n<td>ING. ARCH. RADIM KOUSAL<\/td>\n<\/tr>\n<tr>\n<td>6<\/td>\n<td>\u00c7ekya<\/td>\n<td>Kr\u00e1lov\u00e9<\/td>\n<td><a href=\"https:\/\/www.cka.cz\/cs\/svet-architektury\/seznam-architektu\/ing-arch-falta-bedrich\">00006 Bed\u0159ich Falta<\/a><\/td>\n<td>ING. ARCH. BED\u0158ICH FALTA<\/td>\n<\/tr>\n<tr>\n<td>7<\/td>\n<td>\u00c7ekya<\/td>\n<td>Pilsen<\/td>\n<td><a href=\"https:\/\/www.cka.cz\/cs\/svet-architektury\/seznam-architektu\/ing-arch-cihak-zdenek\">00007 Zden\u011bk \u010cih\u00e1k<\/a><\/td>\n<td>ING. ARCH. ZDEN\u011aK \u010cIH\u00c1K<\/td>\n<\/tr>\n<tr>\n<td>8<\/td>\n<td>\u00c7ekya<\/td>\n<td>Karlovy Vary<\/td>\n<td><a href=\"https:\/\/www.cka.cz\/cs\/svet-architektury\/seznam-architektu\/ing-arch-mraz-petr\">00008 Petr Mr\u00e1z<\/a><\/td>\n<td>ING. ARCH. PETR MR\u00c1Z<\/td>\n<\/tr>\n<tr>\n<td>9<\/td>\n<td>\u00c7ekya<\/td>\n<td>Prag<\/td>\n<td><a href=\"https:\/\/www.cka.cz\/cs\/svet-architektury\/seznam-architektu\/ing-arch-sebek-vaclav\">00009 V\u00e1clav \u0160ebek<\/a><\/td>\n<td>ING. ARCH. V\u00c1CLAV \u0160EBEK<\/td>\n<\/tr>\n<tr>\n<td>10<\/td>\n<td>\u00c7ekya<\/td>\n<td>Pardubice<\/td>\n<td><a href=\"https:\/\/www.cka.cz\/cs\/svet-architektury\/seznam-architektu\/ing-arch-kopecky-miroslav-csc\">00010 Miroslav Kopeck\u00fd<\/a><\/td>\n<td>ING. ARCH. MIROSLAV KOPECK\u00dd CSC.<\/td>\n<\/tr>\n<tr>\n<td>11<\/td>\n<td>\u00c7ekya<\/td>\n<td>Prag<\/td>\n<td><a href=\"https:\/\/www.cka.cz\/cs\/svet-architektury\/seznam-architektu\/ing-arch-lauermann-lev\">00011 Lev Lauermann<\/a><\/td>\n<td>ING. ARCH. LEV LAUERMANN<\/td>\n<\/tr>\n<tr>\n<td>12<\/td>\n<td>\u00c7ekya<\/td>\n<td>Hradec Kr\u00e1lov\u00e9<\/td>\n<td><a href=\"https:\/\/www.cka.cz\/cs\/svet-architektury\/seznam-architektu\/ing-arch-plocek-karel\">00012 Karel Plocek<\/a><\/td>\n<td>ING. ARCH. KAREL PLOCEK<\/td>\n<\/tr>\n<tr>\n<td>13<\/td>\n<td>\u00c7ekya<\/td>\n<td>Klentnice<\/td>\n<td><a href=\"https:\/\/www.cka.cz\/cs\/svet-architektury\/seznam-architektu\/ing-arch-borak-dalibor\">00013 Dalibor Bor\u00e1k<\/a><\/td>\n<td>ING. ARCH. DALIBOR BOR\u00c1K<\/td>\n<\/tr>\n<tr>\n<td>14<\/td>\n<td>\u00c7ekya<\/td>\n<td>Prag<\/td>\n<td><a href=\"https:\/\/www.cka.cz\/cs\/svet-architektury\/seznam-architektu\/ing-arch-pata-lubos\">00014 Lubo\u0161 Pata<\/a><\/td>\n<td>ING. ARCH. LUBO\u0160 PATA<\/td>\n<\/tr>\n<tr>\n<td>15<\/td>\n<td>\u00c7ekya<\/td>\n<td>\u00davaly<\/td>\n<td><a href=\"https:\/\/www.cka.cz\/cs\/svet-architektury\/seznam-architektu\/prof-ing-arch-masak-miroslav\">00015 Miroslav Mas\u00e1k<\/a><\/td>\n<td>PROF. ING. ARCH. MIROSLAV MAS\u00c1K<\/td>\n<\/tr>\n<tr>\n<td>16<\/td>\n<td>\u00c7ekya<\/td>\n<td>Bud\u011bjovice<\/td>\n<td><a href=\"https:\/\/www.cka.cz\/cs\/svet-architektury\/seznam-architektu\/ing-arch-krocak-jaromir\">00016 Jarom\u00edr Kro\u010d\u00e1k<\/a><\/td>\n<td>ING. ARCH. JAROM\u00cdR KRO\u010c\u00c1K<\/td>\n<\/tr>\n<tr>\n<td>17<\/td>\n<td>\u00c7ekya<\/td>\n<td>Podkrkono\u0161\u00ed<\/td>\n<td><a href=\"https:\/\/www.cka.cz\/cs\/svet-architektury\/seznam-architektu\/ing-arch-peterka-martin\">00017 Martin Peterka<\/a><\/td>\n<td>ING. ARCH. MARTIN PETERKA<\/td>\n<\/tr>\n<tr>\n<td>18<\/td>\n<td>\u00c7ekya<\/td>\n<td>Prag<\/td>\n<td><a href=\"https:\/\/www.cka.cz\/cs\/svet-architektury\/seznam-architektu\/ing-arch-linek-jan\">00018 Jan L\u00ednek<\/a><\/td>\n<td>ING. ARCH. JAN L\u00cdNEK<\/td>\n<\/tr>\n<tr>\n<td>19<\/td>\n<td>\u00c7ekya<\/td>\n<td>Prag<\/td>\n<td><a href=\"https:\/\/www.cka.cz\/cs\/svet-architektury\/seznam-architektu\/ing-arch-rothbauerova-vitezslava\">00019 V\u00edt\u011bzslava Rothbauerov\u00e1<\/a><\/td>\n<td>ING. ARCH. V\u00cdT\u011aZSLAVA ROTHBAUEROV\u00c1<\/td>\n<\/tr>\n<tr>\n<td>20<\/td>\n<td>\u00c7ekya<\/td>\n<td>Karlovy Vary<\/td>\n<td><a href=\"https:\/\/www.cka.cz\/cs\/svet-architektury\/seznam-architektu\/ing-arch-mundil-richard\">00020 Richard Mundil<\/a><\/td>\n<td>ING. ARCH. RICHARD MUNDIL<\/td>\n<\/tr>\n<tr>\n<td>21<\/td>\n<td>\u00c7ekya<\/td>\n<td>Prag<\/td>\n<td><a href=\"https:\/\/www.cka.cz\/cs\/svet-architektury\/seznam-architektu\/ing-arch-sedlak-jan\">00021 Jan Sedl\u00e1k<\/a><\/td>\n<td>ING. ARCH. JAN SEDL\u00c1K<\/td>\n<\/tr>\n<tr>\n<td>22<\/td>\n<td>\u00c7ekya<\/td>\n<td>Prag<\/td>\n<td><a href=\"https:\/\/www.cka.cz\/cs\/svet-architektury\/seznam-architektu\/ing-arch-spacek-jiri\">00022 Ji\u0159\u00ed \u0160pa\u010dek<\/a><\/td>\n<td>ING. ARCH. JI\u0158\u00cd \u0160PA\u010cEK<\/td>\n<\/tr>\n<tr>\n<td>23<\/td>\n<td>\u00c7ekya<\/td>\n<td>Liberec<\/td>\n<td><a href=\"https:\/\/www.cka.cz\/cs\/svet-architektury\/seznam-architektu\/ing-arch-patrny-josef-1\">00023 Josef Patrn\u00fd<\/a><\/td>\n<td>ING. ARCH. JOSEF PATRN\u00dd<\/td>\n<\/tr>\n<tr>\n<td>24<\/td>\n<td>\u00c7ekya<\/td>\n<td>Nerudova<\/td>\n<td><a href=\"https:\/\/www.cka.cz\/cs\/svet-architektury\/seznam-architektu\/ing-arch-erban-libor\">00024 Libor Erban<\/a><\/td>\n<td>ING. ARCH. LIBOR ERBAN<\/td>\n<\/tr>\n<tr>\n<td>25<\/td>\n<td>\u00c7ekya<\/td>\n<td>Hostivice<\/td>\n<td><a href=\"https:\/\/www.cka.cz\/cs\/svet-architektury\/seznam-architektu\/ing-arch-korner-milan\">00025 Milan K\u00f6rner<\/a><\/td>\n<td>ING. ARCH. MILAN K\u00d6RNER<\/td>\n<\/tr>\n<tr>\n<td>26<\/td>\n<td>\u00c7ekya<\/td>\n<td>Prag<\/td>\n<td><a href=\"https:\/\/www.cka.cz\/cs\/svet-architektury\/seznam-architektu\/ing-steflicek-jan\">00026 Jan \u0160tefl\u00ed\u010dek<\/a><\/td>\n<td>ING. JAN \u0160TEFL\u00cd\u010cEK<\/td>\n<\/tr>\n<tr>\n<td>27<\/td>\n<td>\u00c7ekya<\/td>\n<td>Labem<\/td>\n<td><a href=\"https:\/\/www.cka.cz\/cs\/svet-architektury\/seznam-architektu\/ing-akad-arch-gabriel-michal\">00027 Michal Gabriel<\/a><\/td>\n<td>ING. AKAD. ARCH. MICHAL GABRIEL<\/td>\n<\/tr>\n<tr>\n<td>28<\/td>\n<td>\u00c7ekya<\/td>\n<td>Prag<\/td>\n<td><a href=\"https:\/\/www.cka.cz\/cs\/svet-architektury\/seznam-architektu\/prof-ing-arch-rajnis-martin\">00028 Martin Rajni\u0161<\/a><\/td>\n<td>PROF. ING. ARCH. MARTIN RAJNI\u0160<\/td>\n<\/tr>\n<tr>\n<td>29<\/td>\n<td>\u00c7ekya<\/td>\n<td>Modrava<\/td>\n<td><a href=\"https:\/\/www.cka.cz\/cs\/svet-architektury\/seznam-architektu\/akad-arch-hodan-vaclav\">00029 V\u00e1clav Hodan<\/a><\/td>\n<td>AKAD. ARCH. V\u00c1CLAV HODAN<\/td>\n<\/tr>\n<tr>\n<td>30<\/td>\n<td>\u00c7ekya<\/td>\n<td>Usti<\/td>\n<td><a href=\"https:\/\/www.cka.cz\/cs\/svet-architektury\/seznam-architektu\/ing-arch-kubricht-martin\">00030 Martin Kubricht<\/a><\/td>\n<td>ING. ARCH. MARTIN KUBRICHT<\/td>\n<\/tr>\n<tr>\n<td>31<\/td>\n<td>\u00c7ekya<\/td>\n<td>Brno<\/td>\n<td><a href=\"https:\/\/www.cka.cz\/cs\/svet-architektury\/seznam-architektu\/doc-ing-arch-hrusa-petr\">00031 Petr Hr\u016f\u0161a<\/a><\/td>\n<td>PROF. ING. ARCH. PETR HR\u016e\u0160A<\/td>\n<\/tr>\n<tr>\n<td>32<\/td>\n<td>\u00c7ekya<\/td>\n<td>Brno<\/td>\n<td><a href=\"https:\/\/www.cka.cz\/cs\/svet-architektury\/seznam-architektu\/prof-ing-otruba-ivar-csc\">00032 Ivar Otruba<\/a><\/td>\n<td>PROF. ING. IVAR OTRUBA CSC.<\/td>\n<\/tr>\n<tr>\n<td>33<\/td>\n<td>\u00c7ekya<\/td>\n<td>Hav\u00ed\u0159ov<\/td>\n<td><a href=\"https:\/\/www.cka.cz\/cs\/svet-architektury\/seznam-architektu\/ing-arch-kiszka-josef\">00033 Josef Kiszka<\/a><\/td>\n<td>ING. ARCH. JOSEF KISZKA<\/td>\n<\/tr>\n<tr>\n<td>34<\/td>\n<td>\u00c7ekya<\/td>\n<td>Brno<\/td>\n<td><a href=\"https:\/\/www.cka.cz\/cs\/svet-architektury\/seznam-architektu\/ing-arch-miksik-jiri\">00034 Ji\u0159\u00ed Mik\u0161\u00edk<\/a><\/td>\n<td>ING. ARCH. JI\u0158\u00cd MIK\u0160\u00cdK<\/td>\n<\/tr>\n<tr>\n<td>35<\/td>\n<td>\u00c7ekya<\/td>\n<td>Ostrova\u010dice<\/td>\n<td><a href=\"https:\/\/www.cka.cz\/cs\/svet-architektury\/seznam-architektu\/ing-subr-jaroslav\">00035 Jaroslav \u0160ubr<\/a><\/td>\n<td>ING. JAROSLAV \u0160UBR<\/td>\n<\/tr>\n<tr>\n<td>36<\/td>\n<td>\u00c7ekya<\/td>\n<td>Brno<\/td>\n<td><a href=\"https:\/\/www.cka.cz\/cs\/svet-architektury\/seznam-architektu\/doc-ing-arch-low-jiri\">00036 Ji\u0159\u00ed L\u00f6w<\/a><\/td>\n<td>DOC. ING. ARCH. JI\u0158\u00cd L\u00d6W<\/td>\n<\/tr>\n<tr>\n<td>37<\/td>\n<td>\u00c7ekya<\/td>\n<td>Brno<\/td>\n<td><a href=\"https:\/\/www.cka.cz\/cs\/svet-architektury\/seznam-architektu\/ing-arch-zlamal-tomas\">00037 Tom\u00e1\u0161 Zl\u00e1mal<\/a><\/td>\n<td>ING. ARCH. TOM\u00c1\u0160 ZL\u00c1MAL<\/td>\n<\/tr>\n<tr>\n<td>38<\/td>\n<td>\u00c7ekya<\/td>\n<td>Prag<\/td>\n<td><a href=\"https:\/\/www.cka.cz\/cs\/svet-architektury\/seznam-architektu\/doc-ing-horky-jaroslav\">00038 Jaroslav Hork\u00fd<\/a><\/td>\n<td>DOC. ING. JAROSLAV HORKY<\/td>\n<\/tr>\n<tr>\n<td>39<\/td>\n<td>\u00c7ekya<\/td>\n<td>Prag<\/td>\n<td><a href=\"https:\/\/www.cka.cz\/cs\/svet-architektury\/seznam-architektu\/prof-akad-arch-fiser-jan\">00039 Jan Fi\u0161er<\/a><\/td>\n<td>PROF. AKAD. ARCH. JAN FI\u0160ER<\/td>\n<\/tr>\n<tr>\n<td>40<\/td>\n<td>\u00c7ekya<\/td>\n<td>Prag<\/td>\n<td><a href=\"https:\/\/www.cka.cz\/cs\/svet-architektury\/seznam-architektu\/akad-arch-klima-milan\">00040 Milan Kl\u00edma<\/a><\/td>\n<td>AKAD. ARCH. MILAN KL\u00cdMA<\/td>\n<\/tr>\n<tr>\n<td>41<\/td>\n<td>\u00c7ekya<\/td>\n<td>Prag<\/td>\n<td><a href=\"https:\/\/www.cka.cz\/cs\/svet-architektury\/seznam-architektu\/akad-arch-ing-arch-vrana-jan\">00041 Jan Vrana<\/a><\/td>\n<td>AKAD. ARCH. ING. ARCH. JAN VRANA<\/td>\n<\/tr>\n<tr>\n<td>42<\/td>\n<td>\u00c7ekya<\/td>\n<td>Karlovy Vary<\/td>\n<td><a href=\"https:\/\/www.cka.cz\/cs\/svet-architektury\/seznam-architektu\/ing-arch-kosek-lubomir\">00042 Lubom\u00edr Ko\u0161ek<\/a><\/td>\n<td>ING. ARCH. LUBOM\u00cdR KO\u0160EK<\/td>\n<\/tr>\n<tr>\n<td>43<\/td>\n<td>\u00c7ekya<\/td>\n<td>Prag<\/td>\n<td><a href=\"https:\/\/www.cka.cz\/cs\/svet-architektury\/seznam-architektu\/ing-arch-sborwitz-michal\">00043 Michal Sborwitz<\/a><\/td>\n<td>ING. ARCH. MICHAL SBORWITZ<\/td>\n<\/tr>\n<tr>\n<td>44<\/td>\n<td>\u00c7ekya<\/td>\n<td>Prag<\/td>\n<td><a href=\"https:\/\/www.cka.cz\/cs\/svet-architektury\/seznam-architektu\/akad-arch-smolik-frantisek\">00044 Franti\u0161ek \u0160mol\u00edk<\/a><\/td>\n<td>AKAD. ARCH. FRANTI\u0160EK \u0160MOL\u00cdK<\/td>\n<\/tr>\n<tr>\n<td>45<\/td>\n<td>\u00c7ekya<\/td>\n<td>Prag<\/td>\n<td><a href=\"https:\/\/www.cka.cz\/cs\/svet-architektury\/seznam-architektu\/ing-arch-kanturek-jiri\">00045 Ji\u0159\u00ed Kant\u016frek<\/a><\/td>\n<td>ING. ARCH. JI\u0158\u00cd KANT\u016eREK<\/td>\n<\/tr>\n<tr>\n<td>46<\/td>\n<td>\u00c7ekya<\/td>\n<td>Trmice<\/td>\n<td><a href=\"https:\/\/www.cka.cz\/cs\/svet-architektury\/seznam-architektu\/ing-arch-novak-vladimir-1\">00046 Vladim\u00edr Nov\u00e1k<\/a><\/td>\n<td>ING. ARCH. VLADIM\u00cdR NOV\u00c1K<\/td>\n<\/tr>\n<tr>\n<td>47<\/td>\n<td>\u00c7ekya<\/td>\n<td>Prag<\/td>\n<td><a href=\"https:\/\/www.cka.cz\/cs\/svet-architektury\/seznam-architektu\/prof-akad-arch-keil-petr\">00047 Petr Keil<\/a><\/td>\n<td>PROF. AKAD. ARCH. PETR KEIL<\/td>\n<\/tr>\n<tr>\n<td>48<\/td>\n<td>\u00c7ekya<\/td>\n<td>Prag<\/td>\n<td><a href=\"https:\/\/www.cka.cz\/cs\/svet-architektury\/seznam-architektu\/ing-arch-kratky-vladimir\">00048 Vladim\u00edr Kr\u00e1tk\u00fd<\/a><\/td>\n<td>ING. ARCH. VLADIM\u00cdR KR\u00c1TK\u00dd<\/td>\n<\/tr>\n<tr>\n<td>49<\/td>\n<td>\u00c7ekya<\/td>\n<td>Pr\u016fhonice<\/td>\n<td><a href=\"https:\/\/www.cka.cz\/cs\/svet-architektury\/seznam-architektu\/ing-sonsky-drahoslav-csc\">00049 Drahoslav \u0160onsk\u00fd<\/a><\/td>\n<td>ING. DRAHOSLAV SONSKY CSC.<\/td>\n<\/tr>\n<tr>\n<td>50<\/td>\n<td>\u00c7ekya<\/td>\n<td>Ku\u0159im<\/td>\n<td><a href=\"https:\/\/www.cka.cz\/cs\/svet-architektury\/seznam-architektu\/ing-arch-burian-ales\">00050 Ale\u0161 Burian<\/a><\/td>\n<td>ING. ARCH. ALE\u0160 BURIAN<\/td>\n<\/tr>\n<tr>\n<td>51<\/td>\n<td>\u00c7ekya<\/td>\n<td>Brno<\/td>\n<td><a href=\"https:\/\/www.cka.cz\/cs\/svet-architektury\/seznam-architektu\/akad-arch-sapak-jan\">00051 Jan Sap\u00e1k<\/a><\/td>\n<td>AKAD. ARCH. JAN SAP\u00c1K<\/td>\n<\/tr>\n<tr>\n<td>52<\/td>\n<td>\u00c7ekya<\/td>\n<td>P\u0159erov<\/td>\n<td><a href=\"https:\/\/www.cka.cz\/cs\/svet-architektury\/seznam-architektu\/ing-arch-brauner-petr\">00052 Petr Brauner<\/a><\/td>\n<td>ING. ARCH. PETR BRAUNER<\/td>\n<\/tr>\n<tr>\n<td>53<\/td>\n<td>\u00c7ekya<\/td>\n<td>Brno<\/td>\n<td><a href=\"https:\/\/www.cka.cz\/cs\/svet-architektury\/seznam-architektu\/akad-arch-vrana-frantisek\">00053 Franti\u0161ek Vr\u00e1na<\/a><\/td>\n<td>AKAD. ARCH. FRANTI\u0160EK VR\u00c1NA<\/td>\n<\/tr>\n<tr>\n<td>54<\/td>\n<td>\u00c7ekya<\/td>\n<td>Brno<\/td>\n<td><a href=\"https:\/\/www.cka.cz\/cs\/svet-architektury\/seznam-architektu\/ing-arch-josifek-jaroslav\">00054 Jaroslav Jos\u00edfek<\/a><\/td>\n<td>ING. ARCH. JAROSLAV JOS\u00cdFEK<\/td>\n<\/tr>\n<tr>\n<td>55<\/td>\n<td>\u00c7ekya<\/td>\n<td>Brno<\/td>\n<td><a href=\"https:\/\/www.cka.cz\/cs\/svet-architektury\/seznam-architektu\/ing-arch-rudis-viktor\">00055 Viktor Rudi\u0161<\/a><\/td>\n<td>ING. ARCH. VIKTOR RUDI\u0160<\/td>\n<\/tr>\n<tr>\n<td>56<\/td>\n<td>\u00c7ekya<\/td>\n<td>Brno<\/td>\n<td><a href=\"https:\/\/www.cka.cz\/cs\/svet-architektury\/seznam-architektu\/ing-arch-cuhel-vladimir\">00056 Vladim\u00edr \u010cuhel<\/a><\/td>\n<td>ING. ARCH. VLADIM\u00cdR \u010cUHEL<\/td>\n<\/tr>\n<tr>\n<td>57<\/td>\n<td>\u00c7ekya<\/td>\n<td>Olomuk<\/td>\n<td><a href=\"https:\/\/www.cka.cz\/cs\/svet-architektury\/seznam-architektu\/ing-arch-janu-alois\">00057 Alois Jan\u016f<\/a><\/td>\n<td>ING. ARCH. ALOIS JAN\u016e<\/td>\n<\/tr>\n<tr>\n<td>58<\/td>\n<td>\u00c7ekya<\/td>\n<td>Brno<\/td>\n<td><a href=\"https:\/\/www.cka.cz\/cs\/svet-architektury\/seznam-architektu\/ing-arch-simecek-pavel\">00058 Pavel \u0160ime\u010dek<\/a><\/td>\n<td>ING. ARCH. PAVEL \u0160IME\u010cEK<\/td>\n<\/tr>\n<tr>\n<td>59<\/td>\n<td>\u00c7ekya<\/td>\n<td>Ostrava<\/td>\n<td><a href=\"https:\/\/www.cka.cz\/cs\/svet-architektury\/seznam-architektu\/ing-arch-sedlecky-jaroslav\">00059 Jaroslav Sedleck\u00fd<\/a><\/td>\n<td>ING. ARCH. JAROSLAV SEDLECK\u00dd<\/td>\n<\/tr>\n<tr>\n<td>60<\/td>\n<td>\u00c7ekya<\/td>\n<td>Prag<\/td>\n<td><a href=\"https:\/\/www.cka.cz\/cs\/svet-architektury\/seznam-architektu\/ing-arch-koukol-ivo\">00060 Ivo Koukol<\/a><\/td>\n<td>ING. ARCH. IVO KOUKOL<\/td>\n<\/tr>\n<tr>\n<td>61<\/td>\n<td>\u00c7ekya<\/td>\n<td>Prag<\/td>\n<td><a href=\"https:\/\/www.cka.cz\/cs\/svet-architektury\/seznam-architektu\/ing-nettwall-karel\">00061 Karel Nettwall<\/a><\/td>\n<td>ING. KAREL NETTWALL<\/td>\n<\/tr>\n<tr>\n<td>62<\/td>\n<td>\u00c7ekya<\/td>\n<td>Prag<\/td>\n<td><a href=\"https:\/\/www.cka.cz\/cs\/svet-architektury\/seznam-architektu\/ing-arch-tuma-miroslav\">00062 Miroslav T\u016fma<\/a><\/td>\n<td>ING. ARCH. MIROSLAV T\u016eMA<\/td>\n<\/tr>\n<tr>\n<td>63<\/td>\n<td>\u00c7ekya<\/td>\n<td>Prag<\/td>\n<td><a href=\"https:\/\/www.cka.cz\/cs\/svet-architektury\/seznam-architektu\/ing-novotny-tomas\">00063 Tom\u00e1\u0161 Novotn\u00fd<\/a><\/td>\n<td>ING. TOM\u00c1\u0160 NOVOTN\u00dd<\/td>\n<\/tr>\n<tr>\n<td>64<\/td>\n<td>\u00c7ekya<\/td>\n<td>Prag<\/td>\n<td><a href=\"https:\/\/www.cka.cz\/cs\/svet-architektury\/seznam-architektu\/akad-arch-kerel-jan\">00064 Jan Kerel<\/a><\/td>\n<td>AKAD. ARCH. JAN KEREL<\/td>\n<\/tr>\n<tr>\n<td>65<\/td>\n<td>\u00c7ekya<\/td>\n<td>Prag<\/td>\n<td><a href=\"https:\/\/www.cka.cz\/cs\/svet-architektury\/seznam-architektu\/akad-arch-vratnik-ladislav\">00065 Ladislav Vr\u00e1tn\u00edk<\/a><\/td>\n<td>AKAD. ARCH. LADISLAV VR\u00c1TN\u00cdK<\/td>\n<\/tr>\n<tr>\n<td>66<\/td>\n<td>\u00c7ekya<\/td>\n<td>Prag<\/td>\n<td><a href=\"https:\/\/www.cka.cz\/cs\/svet-architektury\/seznam-architektu\/doc-ing-arch-schleger-eduard\">00066 Eduard Schleger<\/a><\/td>\n<td>DOC. ING. ARCH. EDUARD SCHLEGER<\/td>\n<\/tr>\n<tr>\n<td>67<\/td>\n<td>\u00c7ekya<\/td>\n<td>Prag<\/td>\n<td><a href=\"https:\/\/www.cka.cz\/cs\/svet-architektury\/seznam-architektu\/ing-arch-kotik-martin\">00067 Martin Kot\u00edk<\/a><\/td>\n<td>ING. ARCH. MARTIN KOT\u00cdK<\/td>\n<\/tr>\n<tr>\n<td>68<\/td>\n<td>\u00c7ekya<\/td>\n<td>Prag<\/td>\n<td><a href=\"https:\/\/www.cka.cz\/cs\/svet-architektury\/seznam-architektu\/akad-arch-alda-vaclav\">00068 V\u00e1clav Alda<\/a><\/td>\n<td>AKAD. ARCH. V\u00c1CLAV ALDA<\/td>\n<\/tr>\n<tr>\n<td>69<\/td>\n<td>\u00c7ekya<\/td>\n<td>Prag<\/td>\n<td><a href=\"https:\/\/www.cka.cz\/cs\/svet-architektury\/seznam-architektu\/ing-akad-arch-stulc-vladimir\">00069 Vladim\u00edr \u0160tulc<\/a><\/td>\n<td>ING. AKAD. ARCH. VLADIM\u00cdR \u0160TULC<\/td>\n<\/tr>\n<tr>\n<td>70<\/td>\n<td>\u00c7ekya<\/td>\n<td>Prag<\/td>\n<td><a href=\"https:\/\/www.cka.cz\/cs\/svet-architektury\/seznam-architektu\/akad-arch-belohlavek-ludek\">00070 Lud\u011bk B\u011blohl\u00e1vek<\/a><\/td>\n<td>AKAD. ARCH. LUD\u011aK B\u011aLOHL\u00c1VEK<\/td>\n<\/tr>\n<tr>\n<td>71<\/td>\n<td>\u00c7ekya<\/td>\n<td>Prag<\/td>\n<td><a href=\"https:\/\/www.cka.cz\/cs\/svet-architektury\/seznam-architektu\/dr-ing-arch-kuca-otakar\">00071 Otakar Ku\u010da<\/a><\/td>\n<td>DR. ING. ARCH. OTAKAR KU\u010cA<\/td>\n<\/tr>\n<tr>\n<td>72<\/td>\n<td>\u00c7ekya<\/td>\n<td>Prag<\/td>\n<td><a href=\"https:\/\/www.cka.cz\/cs\/svet-architektury\/seznam-architektu\/ing-arch-lang-ales\">00072 Ale\u0161 Lang<\/a><\/td>\n<td>ING. ARCH. ALE\u0160 LANG<\/td>\n<\/tr>\n<tr>\n<td>73<\/td>\n<td>\u00c7ekya<\/td>\n<td>Labem<\/td>\n<td><a href=\"https:\/\/www.cka.cz\/cs\/svet-architektury\/seznam-architektu\/ing-arch-havlik-zdenek\">00073 Zden\u011bk Havl\u00edk<\/a><\/td>\n<td>ING. ARCH. ZDEN\u011aK HAVL\u00cdK<\/td>\n<\/tr>\n<tr>\n<td>74<\/td>\n<td>\u00c7ekya<\/td>\n<td>Prag<\/td>\n<td><a href=\"https:\/\/www.cka.cz\/cs\/svet-architektury\/seznam-architektu\/akad-arch-polacek-jaroslav\">00074 Jaroslav Pol\u00e1\u010dek<\/a><\/td>\n<td>AKAD. ARCH. JAROSLAV POL\u00c1\u010cEK<\/td>\n<\/tr>\n<tr>\n<td>75<\/td>\n<td>\u00c7ekya<\/td>\n<td>Prag<\/td>\n<td><a href=\"https:\/\/www.cka.cz\/cs\/svet-architektury\/seznam-architektu\/ing-arch-koucky-roman\">00075 Roman Kouck\u00fd<\/a><\/td>\n<td>ING. ARCH. ROMAN KOUCK\u00dd<\/td>\n<\/tr>\n<tr>\n<td>76<\/td>\n<td>\u00c7ekya<\/td>\n<td>Teplice<\/td>\n<td><a href=\"https:\/\/www.cka.cz\/cs\/svet-architektury\/seznam-architektu\/ing-arch-misek-milan\">00076 Milan M\u00ed\u0161ek<\/a><\/td>\n<td>ING. ARCH. MILAN M\u00cd\u0160EK<\/td>\n<\/tr>\n<tr>\n<td>77<\/td>\n<td>\u00c7ekya<\/td>\n<td>Prag<\/td>\n<td><a href=\"https:\/\/www.cka.cz\/cs\/svet-architektury\/seznam-architektu\/ing-arch-vavra-zdenek\">00077 Zden\u011bk V\u00e1vra<\/a><\/td>\n<td>ING. ARCH. ZDEN\u011aK<\/td>\n<\/tr>\n<tr>\n<td>78<\/td>\n<td>\u00c7ekya<\/td>\n<td>Prag<\/td>\n<td><a href=\"https:\/\/www.cka.cz\/cs\/svet-architektury\/seznam-architektu\/ing-arch-doubner-karel\">00078 Karel Doubner<\/a><\/td>\n<td>ING. ARCH. KAREL DOUBNER<\/td>\n<\/tr>\n<tr>\n<td>79<\/td>\n<td>\u00c7ekya<\/td>\n<td>Prag<\/td>\n<td><a href=\"https:\/\/www.cka.cz\/cs\/svet-architektury\/seznam-architektu\/ing-arch-santavy-tomas\">00079 Tom\u00e1\u0161 \u0160antav\u00fd<\/a><\/td>\n<td>ING. ARCH. TOM\u00c1\u0160 \u0160ANTAV\u00dd<\/td>\n<\/tr>\n<tr>\n<td>80<\/td>\n<td>\u00c7ekya<\/td>\n<td>Brno<\/td>\n<td><a href=\"https:\/\/www.cka.cz\/cs\/svet-architektury\/seznam-architektu\/ing-arch-zertova-ruzena\">00080 R\u016f\u017eena \u017dertov\u00e1<\/a><\/td>\n<td>ING. ARCH. R\u016e\u017dENA \u017dERTOV\u00c1<\/td>\n<\/tr>\n<tr>\n<td>81<\/td>\n<td>\u00c7ekya<\/td>\n<td>Ostrava<\/td>\n<td><a href=\"https:\/\/www.cka.cz\/cs\/svet-architektury\/seznam-architektu\/ing-arch-klimes-ivo\">00081 Ivo Klime\u0161<\/a><\/td>\n<td>ING. ARCH. IVO KLIME\u0160<\/td>\n<\/tr>\n<tr>\n<td>82<\/td>\n<td>\u00c7ekya<\/td>\n<td>Brno<\/td>\n<td><a href=\"https:\/\/www.cka.cz\/cs\/svet-architektury\/seznam-architektu\/ing-damec-jiri\">00082 Ji\u0159\u00ed Damec<\/a><\/td>\n<td>ING. JI\u0158\u00cd DAMEC<\/td>\n<\/tr>\n<tr>\n<td>83<\/td>\n<td>\u00c7ekya<\/td>\n<td>Brno<\/td>\n<td><a href=\"https:\/\/www.cka.cz\/cs\/svet-architektury\/seznam-architektu\/ing-arch-grym-ludvik\">00083 Ludv\u00edk Grym<\/a><\/td>\n<td>ING. ARCH. LUDV\u00cdK GRYM<\/td>\n<\/tr>\n<tr>\n<td>84<\/td>\n<td>\u00c7ekya<\/td>\n<td>Zl\u00edn<\/td>\n<td><a href=\"https:\/\/www.cka.cz\/cs\/svet-architektury\/seznam-architektu\/ing-arch-habarta-jaroslav\">00084 Jaroslav Habarta<\/a><\/td>\n<td>ING. ARCH. JAROSLAV HABARTA<\/td>\n<\/tr>\n<tr>\n<td>85<\/td>\n<td>\u00c7ekya<\/td>\n<td>Ostrava<\/td>\n<td><a href=\"https:\/\/www.cka.cz\/cs\/svet-architektury\/seznam-architektu\/ing-arch-nemec-ladislav\">00085 Ladislav N\u011bmec<\/a><\/td>\n<td>ING. ARCH. LADISLAV<\/td>\n<\/tr>\n<tr>\n<td>86<\/td>\n<td>\u00c7ekya<\/td>\n<td>Brno<\/td>\n<td><a href=\"https:\/\/www.cka.cz\/cs\/svet-architektury\/seznam-architektu\/ing-arch-dohnal-viktor\">00086 Viktor Dohnal<\/a><\/td>\n<td>ING. ARCH. VIKTOR<\/td>\n<\/tr>\n<tr>\n<td>87<\/td>\n<td>\u00c7ekya<\/td>\n<td>Brno<\/td>\n<td><a href=\"https:\/\/www.cka.cz\/cs\/svet-architektury\/seznam-architektu\/ing-arch-mencl-vaclav\">00087 V\u00e1clav Mencl<\/a><\/td>\n<td>ING. ARCH. V\u00c1CLAV MENCL<\/td>\n<\/tr>\n<tr>\n<td>88<\/td>\n<td>\u00c7ekya<\/td>\n<td>Brno<\/td>\n<td><a href=\"https:\/\/www.cka.cz\/cs\/svet-architektury\/seznam-architektu\/ing-arch-kovarik-martin-ph-d\">00088 Martin Kova\u0159\u00edk<\/a><\/td>\n<td>ING. ARCH. MARTIN KOVA\u0158\u00cdK PH.D.<\/td>\n<\/tr>\n<tr>\n<td>89<\/td>\n<td>\u00c7ekya<\/td>\n<td>Brno<\/td>\n<td><a href=\"https:\/\/www.cka.cz\/cs\/svet-architektury\/seznam-architektu\/ing-tupa-jana\">00089 Jana Tup\u00e1<\/a><\/td>\n<td>ING. JANA TUP\u00c1<\/td>\n<\/tr>\n<tr>\n<td>90<\/td>\n<td>\u00c7ekya<\/td>\n<td>Prag<\/td>\n<td><a href=\"https:\/\/www.cka.cz\/cs\/svet-architektury\/seznam-architektu\/ing-arch-bocan-jan\">00090 Jan Bo\u010dan<\/a><\/td>\n<td>ING. ARCH. JAN BO\u010cAN<\/td>\n<\/tr>\n<tr>\n<td>91<\/td>\n<td>\u00c7ekya<\/td>\n<td>Prag<\/td>\n<td><a href=\"https:\/\/www.cka.cz\/cs\/svet-architektury\/seznam-architektu\/doc-ing-arch-brix-tomas\">00091 Tom\u00e1\u0161 Brix<\/a><\/td>\n<td>DOC. ING. ARCH. TOM\u00c1\u0160 BRIX<\/td>\n<\/tr>\n<tr>\n<td>92<\/td>\n<td>\u00c7ekya<\/td>\n<td>Prag<\/td>\n<td><a href=\"https:\/\/www.cka.cz\/cs\/svet-architektury\/seznam-architektu\/ing-arch-hurka-jiri\">00092 Ji\u0159\u00ed H\u016frka<\/a><\/td>\n<td>ING. ARCH. JI\u0158\u00cd H\u016eRKA<\/td>\n<\/tr>\n<tr>\n<td>93<\/td>\n<td>\u00c7ekya<\/td>\n<td>Prag<\/td>\n<td><a href=\"https:\/\/www.cka.cz\/cs\/svet-architektury\/seznam-architektu\/ing-arch-pribyl-kvetoslav\">00093 Kv\u011btoslav P\u0159ibyl<\/a><\/td>\n<td>ING. ARCH. KV\u011aTOSLAV P\u0158IBYL<\/td>\n<\/tr>\n<tr>\n<td>94<\/td>\n<td>\u00c7ekya<\/td>\n<td>Prag<\/td>\n<td><a href=\"https:\/\/www.cka.cz\/cs\/svet-architektury\/seznam-architektu\/ing-arch-brzobohaty-petr\">00094 Petr Brzobohat\u00fd<\/a><\/td>\n<td>ING. ARCH. PETR BRZOBOHAT\u00dd<\/td>\n<\/tr>\n<tr>\n<td>95<\/td>\n<td>\u00c7ekya<\/td>\n<td>Prag<\/td>\n<td><a href=\"https:\/\/www.cka.cz\/cs\/svet-architektury\/seznam-architektu\/ing-arch-kordovska-pavla\">00095 Pavla Kordovsk\u00e1<\/a><\/td>\n<td>ING. ARCH. PAVLA KORDOVSK\u00c1<\/td>\n<\/tr>\n<tr>\n<td>96<\/td>\n<td>\u00c7ekya<\/td>\n<td>Prag<\/td>\n<td><a href=\"https:\/\/www.cka.cz\/cs\/svet-architektury\/seznam-architektu\/ing-arch-novotna-jana\">00096 Jana Novotn\u00e1<\/a><\/td>\n<td>ING. ARCH. JANA NOVOTN\u00c1<\/td>\n<\/tr>\n<tr>\n<td>97<\/td>\n<td>\u00c7ekya<\/td>\n<td>Prag<\/td>\n<td><a href=\"https:\/\/www.cka.cz\/cs\/svet-architektury\/seznam-architektu\/ing-arch-gjuric-alexander\">00097 Alexander Gjuri\u010d<\/a><\/td>\n<td>ING. ARCH. ALEXANDER GJURI\u010c<\/td>\n<\/tr>\n<tr>\n<td>98<\/td>\n<td>\u00c7ekya<\/td>\n<td>Karlovy Vary<\/td>\n<td><a href=\"https:\/\/www.cka.cz\/cs\/svet-architektury\/seznam-architektu\/ing-arch-karas-michal\">00098 Michal Karas<\/a><\/td>\n<td>ING. ARCH. MICHAL KARAS<\/td>\n<\/tr>\n<tr>\n<td>99<\/td>\n<td>\u00c7ekya<\/td>\n<td>Lu\u017enic\u00ed<\/td>\n<td><a href=\"https:\/\/www.cka.cz\/cs\/svet-architektury\/seznam-architektu\/ing-arch-konopka-ladislav\">00099 Ladislav Konopka<\/a><\/td>\n<td>ING. ARCH. LADISLAV KONOPKA<\/td>\n<\/tr>\n<tr>\n<td>100<\/td>\n<td>\u00c7ekya<\/td>\n<td>Liberec<\/td>\n<td><a href=\"https:\/\/www.cka.cz\/cs\/svet-architektury\/seznam-architektu\/prof-ing-arch-akad-arch-suchomel-jiri\">00100 Ji\u0159\u00ed Suchomel<\/a><\/td>\n<td>PROF. ING. ARCH. AKAD.ARCH. JI\u0158\u00cd SUCHOMEL<\/td>\n<\/tr>\n<tr>\n<td>101<\/td>\n<td>\u00c7ekya<\/td>\n<td>Liberec<\/td>\n<td><a href=\"https:\/\/www.cka.cz\/cs\/svet-architektury\/seznam-architektu\/ing-arch-vanecek-pavel\">00101 Pavel Van\u011b\u010dek<\/a><\/td>\n<td>ING. ARCH. PAVEL VAN\u011a\u010cEK<\/td>\n<\/tr>\n<tr>\n<td>102<\/td>\n<td>\u00c7ekya<\/td>\n<td>\u010cesk\u00e9 Bud\u011bjovice<\/td>\n<td><a href=\"https:\/\/www.cka.cz\/cs\/svet-architektury\/seznam-architektu\/ing-arch-polcarova-dagmar\">00102 Dagmar Polcarov\u00e1<\/a><\/td>\n<td>ING. ARCH. DAGMAR POLCAROV\u00c1<\/td>\n<\/tr>\n<tr>\n<td>103<\/td>\n<td>\u00c7ekya<\/td>\n<td>\u010cesk\u00e9 Bud\u011bjovice<\/td>\n<td><a href=\"https:\/\/www.cka.cz\/cs\/svet-architektury\/seznam-architektu\/ing-arch-bruha-jiri\">00103 Ji\u0159\u00ed Br\u016fha<\/a><\/td>\n<td>ING. ARCH. JI\u0158\u00cd BR\u016eHA<\/td>\n<\/tr>\n<tr>\n<td>104<\/td>\n<td>\u00c7ekya<\/td>\n<td>Prag<\/td>\n<td><a href=\"https:\/\/www.cka.cz\/cs\/svet-architektury\/seznam-architektu\/akad-arch-lasovsky-jiri-1\">00104 Ji\u0159\u00ed Lasovsk\u00fd<\/a><\/td>\n<td>AKAD. ARCH. JI\u0158\u00cd LASOVSK\u00dd<\/td>\n<\/tr>\n<tr>\n<td>105<\/td>\n<td>\u00c7ekya<\/td>\n<td>\u010cesk\u00e9 Bud\u011bjovice<\/td>\n<td><a href=\"https:\/\/www.cka.cz\/cs\/svet-architektury\/seznam-architektu\/ing-arch-cepek-boris\">00105 Boris \u010cepek<\/a><\/td>\n<td>ING. ARCH. BORIS \u010cEPEK<\/td>\n<\/tr>\n<tr>\n<td>106<\/td>\n<td>\u00c7ekya<\/td>\n<td>Pardubice<\/td>\n<td><a href=\"https:\/\/www.cka.cz\/cs\/svet-architektury\/seznam-architektu\/ing-arch-ziegler-ladislav\">00106 Ladislav Ziegler<\/a><\/td>\n<td>ING. ARCH. LADISLAV ZIEGLER<\/td>\n<\/tr>\n<tr>\n<td>107<\/td>\n<td>\u00c7ekya<\/td>\n<td>Prag<\/td>\n<td><a href=\"https:\/\/www.cka.cz\/cs\/svet-architektury\/seznam-architektu\/ing-arch-fortl-karel\">00107 Karel Fo\u0159tl<\/a><\/td>\n<td>ING. ARCH. KAREL FO\u0158TL<\/td>\n<\/tr>\n<tr>\n<td>108<\/td>\n<td>\u00c7ekya<\/td>\n<td>Bene\u0161ov<\/td>\n<td><a href=\"https:\/\/www.cka.cz\/cs\/svet-architektury\/seznam-architektu\/ing-arch-spacek-jan\">00108 Jan \u0160pa\u010dek<\/a><\/td>\n<td>ING. ARCH. JAN \u0160PA\u010cEK<\/td>\n<\/tr>\n<tr>\n<td>109<\/td>\n<td>\u00c7ekya<\/td>\n<td>Liberec<\/td>\n<td><a href=\"https:\/\/www.cka.cz\/cs\/svet-architektury\/seznam-architektu\/ing-arch-macek-vaclav\">00109 V\u00e1clav Macek<\/a><\/td>\n<td>ING. ARCH. V\u00c1CLAV MACEK<\/td>\n<\/tr>\n<tr>\n<td>110<\/td>\n<td>\u00c7ekya<\/td>\n<td>Mnichovice<\/td>\n<td><a href=\"https:\/\/www.cka.cz\/cs\/svet-architektury\/seznam-architektu\/ing-arch-bezpalec-tomas\">00110 Tom\u00e1\u0161 Bezpalec<\/a><\/td>\n<td>ING. ARCH. TOM\u00c1\u0160 BEZPALEC<\/td>\n<\/tr>\n<tr>\n<td>111<\/td>\n<td>\u00c7ekya<\/td>\n<td>Prag<\/td>\n<td><a href=\"https:\/\/www.cka.cz\/cs\/svet-architektury\/seznam-architektu\/akad-arch-novacek-jaroslav\">00111 Jaroslav Nov\u00e1\u010dek<\/a><\/td>\n<td>AKAD. ARCH. JAROSLAV NOV\u00c1\u010cEK<\/td>\n<\/tr>\n<tr>\n<td>112<\/td>\n<td>\u00c7ekya<\/td>\n<td>Karlovy Vary<\/td>\n<td><a href=\"https:\/\/www.cka.cz\/cs\/svet-architektury\/seznam-architektu\/ing-arch-sejvl-jiri\">00112 Ji\u0159\u00ed \u0160ejvl<\/a><\/td>\n<td>ING. ARCH. JI\u0158\u00cd \u0160EJVL<\/td>\n<\/tr>\n<tr>\n<td>113<\/td>\n<td>\u00c7ekya<\/td>\n<td>Prag<\/td>\n<td><a href=\"https:\/\/www.cka.cz\/cs\/svet-architektury\/seznam-architektu\/ing-arch-vavrik-ivan\">00113 Ivan Vav\u0159\u00edk<\/a><\/td>\n<td>ING. ARCH. IVAN VAV\u0158\u00cdK<\/td>\n<\/tr>\n<tr>\n<td>114<\/td>\n<td>\u00c7ekya<\/td>\n<td>Cheb<\/td>\n<td><a href=\"https:\/\/www.cka.cz\/cs\/svet-architektury\/seznam-architektu\/ing-arch-vystyd-ludek\">00114 Lud\u011bk Vystyd<\/a><\/td>\n<td>ING. ARCH. LUD\u011aK VYSTYD<\/td>\n<\/tr>\n<tr>\n<td>115<\/td>\n<td>\u00c7ekya<\/td>\n<td>Prag<\/td>\n<td><a href=\"https:\/\/www.cka.cz\/cs\/svet-architektury\/seznam-architektu\/ing-arch-svoboda-petr-1\">00115 Petr Svoboda<\/a><\/td>\n<td>ING. ARCH. PETR SVOBODA<\/td>\n<\/tr>\n<tr>\n<td>116<\/td>\n<td>\u00c7ekya<\/td>\n<td>Nov\u00fd Kn\u00edn<\/td>\n<td><a href=\"https:\/\/www.cka.cz\/cs\/svet-architektury\/seznam-architektu\/ing-arch-rothbauer-zdenek\">00116 Zden\u011bk Rothbauer<\/a><\/td>\n<td>ING. ARCH. ZDEN\u011aK ROTHBAUER<\/td>\n<\/tr>\n<tr>\n<td>117<\/td>\n<td>\u00c7ekya<\/td>\n<td>Prag<\/td>\n<td><a href=\"https:\/\/www.cka.cz\/cs\/svet-architektury\/seznam-architektu\/ing-arch-safer-jaroslav\">00117 Jaroslav \u0160afer<\/a><\/td>\n<td>PROF. ING. ARCH. JAROSLAV \u0160AFER<\/td>\n<\/tr>\n<tr>\n<td>118<\/td>\n<td>\u00c7ekya<\/td>\n<td>Prag<\/td>\n<td><a href=\"https:\/\/www.cka.cz\/cs\/svet-architektury\/seznam-architektu\/ing-arch-pleskot-josef\">00118 Josef Pleskot<\/a><\/td>\n<td>ING. ARCH. JOSEF PLESKOT<\/td>\n<\/tr>\n<tr>\n<td>119<\/td>\n<td>\u00c7ekya<\/td>\n<td>Prag<\/td>\n<td><a href=\"https:\/\/www.cka.cz\/cs\/svet-architektury\/seznam-architektu\/prof-ing-arch-hlavacek-emil-drsc\">00119 Emil Hlav\u00e1\u010dek<\/a><\/td>\n<td>PROF. ING. ARCH. EMIL HLAV\u00c1\u010cEK DRSC.<\/td>\n<\/tr>\n<tr>\n<td>120<\/td>\n<td>\u00c7ekya<\/td>\n<td>Prag<\/td>\n<td><a href=\"https:\/\/www.cka.cz\/cs\/svet-architektury\/seznam-architektu\/ing-arch-prager-karel\">00120 Karel Prager<\/a><\/td>\n<td>ING. ARCH. KAREL PRAGER<\/td>\n<\/tr>\n<tr>\n<td>121<\/td>\n<td>\u00c7ekya<\/td>\n<td>Rudolfov<\/td>\n<td><a href=\"https:\/\/www.cka.cz\/cs\/svet-architektury\/seznam-architektu\/ing-arch-kovar-stanislav-csc\">00121 Stanislav Kov\u00e1\u0159<\/a><\/td>\n<td>ING. ARCH. STANISLAV KOV\u00c1\u0158 CSC.<\/td>\n<\/tr>\n<tr>\n<td>122<\/td>\n<td>\u00c7ekya<\/td>\n<td>Jesenice<\/td>\n<td><a href=\"https:\/\/www.cka.cz\/cs\/svet-architektury\/seznam-architektu\/ing-arch-eisenreich-jiri\">00122 Ji\u0159\u00ed Eisenreich<\/a><\/td>\n<td>ING. ARCH. JI\u0158\u00cd EISENREICH<\/td>\n<\/tr>\n<tr>\n<td>123<\/td>\n<td>\u00c7ekya<\/td>\n<td>Plze\u0148<\/td>\n<td><a href=\"https:\/\/www.cka.cz\/cs\/svet-architektury\/seznam-architektu\/ing-arch-mastny-vaclav\">00123 V\u00e1clav Mastn\u00fd<\/a><\/td>\n<td>ING. ARCH. V\u00c1CLAV<\/td>\n<\/tr>\n<tr>\n<td>124<\/td>\n<td>\u00c7ekya<\/td>\n<td>Prag<\/td>\n<td><a href=\"https:\/\/www.cka.cz\/cs\/svet-architektury\/seznam-architektu\/akad-arch-cejka-miloslav\">00124 Miloslav \u010cejka<\/a><\/td>\n<td>AKAD. ARCH. MILOSLAV \u010cEJKA<\/td>\n<\/tr>\n<tr>\n<td>125<\/td>\n<td>\u00c7ekya<\/td>\n<td>Prag<\/td>\n<td><a href=\"https:\/\/www.cka.cz\/cs\/svet-architektury\/seznam-architektu\/ing-arch-rokosova-eva\">00125 Eva Rokosov\u00e1<\/a><\/td>\n<td>ING. ARCH. EVA ROKOSOV\u00c1<\/td>\n<\/tr>\n<tr>\n<td>126<\/td>\n<td>\u00c7ekya<\/td>\n<td>Dob\u0159ichovice<\/td>\n<td><a href=\"https:\/\/www.cka.cz\/cs\/svet-architektury\/seznam-architektu\/ing-arch-tunka-martin-csc\">00126 Martin Tunka<\/a><\/td>\n<td>ING. ARCH. MARTIN TUNKA CSC.<\/td>\n<\/tr>\n<tr>\n<td>127<\/td>\n<td>\u00c7ekya<\/td>\n<td>Prag<\/td>\n<td><a href=\"https:\/\/www.cka.cz\/cs\/svet-architektury\/seznam-architektu\/ing-arch-akad-arch-liesler-lukas\">00127 Luk\u00e1\u0161 Liesler<\/a><\/td>\n<td>ING. ARCH. AKAD.ARCH. LUK\u00c1\u0160 LIESLER<\/td>\n<\/tr>\n<tr>\n<td>128<\/td>\n<td>\u00c7ekya<\/td>\n<td>Hradec Kr\u00e1lov\u00e9<\/td>\n<td><a href=\"https:\/\/www.cka.cz\/cs\/svet-architektury\/seznam-architektu\/ing-arch-horsku-miroslav\">00128 Miroslav Horsk\u00fd<\/a><\/td>\n<td>ING. ARCH. MIROSLAV HORSK\u00dd<\/td>\n<\/tr>\n<tr>\n<td>129<\/td>\n<td>\u00c7ekya<\/td>\n<td>Prag<\/td>\n<td><a href=\"https:\/\/www.cka.cz\/cs\/svet-architektury\/seznam-architektu\/prof-ing-arch-slapeta-vladimir-drsc\">00129 Vladim\u00edr \u0160lapeta<\/a><\/td>\n<td>PROF. ING. ARCH. VLADIM\u00cdR \u0160LAPETA DRSC.<\/td>\n<\/tr>\n<tr>\n<td>130<\/td>\n<td>\u00c7ekya<\/td>\n<td>Plze\u0148<\/td>\n<td><a href=\"https:\/\/www.cka.cz\/cs\/svet-architektury\/seznam-architektu\/ing-arch-soukup-jan\">00130 Jan Soukup<\/a><\/td>\n<td>ING. ARCH. JAN SOUKUP<\/td>\n<\/tr>\n<tr>\n<td>131<\/td>\n<td>\u00c7ekya<\/td>\n<td>Liberec<\/td>\n<td><a href=\"https:\/\/www.cka.cz\/cs\/svet-architektury\/seznam-architektu\/ing-arch-janousek-pavel\">00131 Pavel Janou\u0161ek<\/a><\/td>\n<td>ING. ARCH. PAVEL JANOU\u0160EK<\/td>\n<\/tr>\n<tr>\n<td>132<\/td>\n<td>\u00c7ekya<\/td>\n<td>Pardubice<\/td>\n<td><a href=\"https:\/\/www.cka.cz\/cs\/svet-architektury\/seznam-architektu\/ing-arch-macas-sobeslav\">00132 Sob\u011bslav Macas<\/a><\/td>\n<td>ING. ARCH. SOB\u011aSLAV MACAS<\/td>\n<\/tr>\n<tr>\n<td>133<\/td>\n<td>\u00c7ekya<\/td>\n<td>Pardubice<\/td>\n<td><a href=\"https:\/\/www.cka.cz\/cs\/svet-architektury\/seznam-architektu\/ing-arch-driml-lubomir\">00133 Lubom\u00edr Driml<\/a><\/td>\n<td>ING. ARCH. LUBOM\u00cdR DRIML<\/td>\n<\/tr>\n<tr>\n<td>134<\/td>\n<td>\u00c7ekya<\/td>\n<td>Liberec<\/td>\n<td><a href=\"https:\/\/www.cka.cz\/cs\/svet-architektury\/seznam-architektu\/ing-arch-patrny-josef\">00134 Josef Patrn\u00fd<\/a><\/td>\n<td>ING. ARCH. JOSEF PATRN\u00dd<\/td>\n<\/tr>\n<tr>\n<td>135<\/td>\n<td>\u00c7ekya<\/td>\n<td>Prag<\/td>\n<td><a href=\"https:\/\/www.cka.cz\/cs\/svet-architektury\/seznam-architektu\/prof-ing-akad-arch-sramkova-alena\">00135 Alena \u0160r\u00e1mkov\u00e1<\/a><\/td>\n<td>PROF. ING. AKAD. ARCH. ALENA \u0160R\u00c1MKOV\u00c1<\/td>\n<\/tr>\n<tr>\n<td>136<\/td>\n<td>\u00c7ekya<\/td>\n<td>Orlick\u00fdch Hor\u00e1ch<\/td>\n<td><a href=\"https:\/\/www.cka.cz\/cs\/svet-architektury\/seznam-architektu\/ing-arch-suda-petr\">00136 Petr \u0160uda<\/a><\/td>\n<td>ING. ARCH. PETR \u0160UDA<\/td>\n<\/tr>\n<tr>\n<td>137<\/td>\n<td>\u00c7ekya<\/td>\n<td>Prag<\/td>\n<td><a href=\"https:\/\/www.cka.cz\/cs\/svet-architektury\/seznam-architektu\/ing-arch-kozel-jan\">00137 Jan Kozel<\/a><\/td>\n<td>ING. ARCH. JAN KOZEL<\/td>\n<\/tr>\n<tr>\n<td>138<\/td>\n<td>\u00c7ekya<\/td>\n<td>Prag<\/td>\n<td><a href=\"https:\/\/www.cka.cz\/cs\/svet-architektury\/seznam-architektu\/akad-arch-susta-jaroslav\">00138 Jaroslav \u0160usta<\/a><\/td>\n<td>AKAD. ARCH. JAROSLAV \u0160USTA<\/td>\n<\/tr>\n<tr>\n<td>139<\/td>\n<td>\u00c7ekya<\/td>\n<td>Prag<\/td>\n<td><a href=\"https:\/\/www.cka.cz\/cs\/svet-architektury\/seznam-architektu\/prof-ing-arch-kuna-zdenek\">00139 Zden\u011bk Kuna<\/a><\/td>\n<td>PROF. ING. ARCH. ZDEN\u011aK KUNA<\/td>\n<\/tr>\n<tr>\n<td>140<\/td>\n<td>\u00c7ekya<\/td>\n<td>\u010cesk\u00e9 Bud\u011bjovice<\/td>\n<td><a href=\"https:\/\/www.cka.cz\/cs\/svet-architektury\/seznam-architektu\/ing-arch-stritecky-jiri\">00140 Ji\u0159\u00ed St\u0159\u00edteck\u00fd<\/a><\/td>\n<td>ING. ARCH. JI\u0158\u00cd ST\u0158\u00cdTECK\u00dd<\/td>\n<\/tr>\n<tr>\n<td>141<\/td>\n<td>\u00c7ekya<\/td>\n<td>\u010cesk\u00e9 Bud\u011bjovice<\/td>\n<td><a href=\"https:\/\/www.cka.cz\/cs\/svet-architektury\/seznam-architektu\/ing-arch-sova-bohdan\">00141 Bohdan Sova<\/a><\/td>\n<td>ING. ARCH. BOHDAN SOVA<\/td>\n<\/tr>\n<tr>\n<td>142<\/td>\n<td>\u00c7ekya<\/td>\n<td>Prag<\/td>\n<td><a href=\"https:\/\/www.cka.cz\/cs\/svet-architektury\/seznam-architektu\/ing-arch-stefek-ludek\">00142 Lud\u011bk \u0160tefek<\/a><\/td>\n<td>ING. ARCH. LUD\u011aK \u0160TEFEK<\/td>\n<\/tr>\n<tr>\n<td>143<\/td>\n<td>\u00c7ekya<\/td>\n<td>Liberec<\/td>\n<td><a href=\"https:\/\/www.cka.cz\/cs\/svet-architektury\/seznam-architektu\/ing-arch-hubacek-karel\">00143 Karel Hub\u00e1\u010dek<\/a><\/td>\n<td>ING. ARCH. KAREL HUB\u00c1\u010cEK<\/td>\n<\/tr>\n<tr>\n<td>144<\/td>\n<td>\u00c7ekya<\/td>\n<td>Prag<\/td>\n<td><a href=\"https:\/\/www.cka.cz\/cs\/svet-architektury\/seznam-architektu\/ing-arch-machoninova-vera\">00144 V\u011bra Machoninov\u00e1<\/a><\/td>\n<td>ING. ARCH. V\u011aRA MACHONINOV\u00c1<\/td>\n<\/tr>\n<tr>\n<td>145<\/td>\n<td>\u00c7ekya<\/td>\n<td>Prag<\/td>\n<td><a href=\"https:\/\/www.cka.cz\/cs\/svet-architektury\/seznam-architektu\/ing-akad-arch-prikryl-emil\">00145 Emil P\u0159ikryl<\/a><\/td>\n<td>ING. AKAD. ARCH. EMIL P\u0158IKRYL<\/td>\n<\/tr>\n<tr>\n<td>146<\/td>\n<td>\u00c7ekya<\/td>\n<td>Rokycany<\/td>\n<td><a href=\"https:\/\/www.cka.cz\/cs\/svet-architektury\/seznam-architektu\/ing-arch-drchal-vaclav\">00146 V\u00e1clav Drchal<\/a><\/td>\n<td>ING. ARCH. V\u00c1CLAV DRCHAL<\/td>\n<\/tr>\n<tr>\n<td>147<\/td>\n<td>\u00c7ekya<\/td>\n<td>Prag<\/td>\n<td><a href=\"https:\/\/www.cka.cz\/cs\/svet-architektury\/seznam-architektu\/akad-arch-capkova-ivana\">00147 Ivana \u010capkov\u00e1<\/a><\/td>\n<td>AKAD. ARCH. IVANA \u010cAPKOV\u00c1<\/td>\n<\/tr>\n<tr>\n<td>148<\/td>\n<td>\u00c7ekya<\/td>\n<td>Doma\u017elice<\/td>\n<td><a href=\"https:\/\/www.cka.cz\/cs\/svet-architektury\/seznam-architektu\/ing-arch-batelka-josef\">00148 Josef Batelka<\/a><\/td>\n<td>ING. ARCH. JOSEF BATELKA<\/td>\n<\/tr>\n<tr>\n<td>149<\/td>\n<td>\u00c7ekya<\/td>\n<td>Olomouc<\/td>\n<td><a href=\"https:\/\/www.cka.cz\/cs\/svet-architektury\/seznam-architektu\/ing-arch-novacek-jaroslav\">00149 Jaroslav Nov\u00e1\u010dek<\/a><\/td>\n<td>ING. ARCH. JAROSLAV NOV\u00c1\u010cEK<\/td>\n<\/tr>\n<tr>\n<td>150<\/td>\n<td>\u00c7ekya<\/td>\n<td>Plze\u0148<\/td>\n<td><a href=\"https:\/\/www.cka.cz\/cs\/svet-architektury\/seznam-architektu\/ing-arch-salat-karel\">00150 Karel Sal\u00e1t<\/a><\/td>\n<td>ING. ARCH. KAREL SAL\u00c1T<\/td>\n<\/tr>\n<tr>\n<td>151<\/td>\n<td>\u00c7ekya<\/td>\n<td>Prag<\/td>\n<td><a href=\"https:\/\/www.cka.cz\/cs\/svet-architektury\/seznam-architektu\/ing-arch-kadlec-karel\">00151 Karel Kadlec<\/a><\/td>\n<td>ING. ARCH. KAREL KADLEC<\/td>\n<\/tr>\n<tr>\n<td>152<\/td>\n<td>\u00c7ekya<\/td>\n<td>Hradec Kr\u00e1lov\u00e9<\/td>\n<td><a href=\"https:\/\/www.cka.cz\/cs\/svet-architektury\/seznam-architektu\/ing-arch-kadecka-miroslav\">00152 Miroslav Kade\u010dka<\/a><\/td>\n<td>ING. ARCH. MIROSLAV KADE\u010cKA<\/td>\n<\/tr>\n<tr>\n<td>153<\/td>\n<td>\u00c7ekya<\/td>\n<td>Most<\/td>\n<td><a href=\"https:\/\/www.cka.cz\/cs\/svet-architektury\/seznam-architektu\/ing-arch-hasik-jan\">00153 Jan Has\u00edk<\/a><\/td>\n<td>ING. ARCH. JAN HAS\u00cdK<\/td>\n<\/tr>\n<tr>\n<td>154<\/td>\n<td>\u00c7ekya<\/td>\n<td>Liberec<\/td>\n<td><a href=\"https:\/\/www.cka.cz\/cs\/svet-architektury\/seznam-architektu\/ing-arch-ulmann-miroslav\">00154 Miroslav Ulmann<\/a><\/td>\n<td>ING. ARCH. MIROSLAV ULMANN<\/td>\n<\/tr>\n<tr>\n<td>155<\/td>\n<td>\u00c7ekya<\/td>\n<td>Zl\u00edn<\/td>\n<td><a href=\"https:\/\/www.cka.cz\/cs\/svet-architektury\/seznam-architektu\/ing-tuzarova-katerina\">00155 Kate\u0159ina Tuzarov\u00e1<\/a><\/td>\n<td>ING. KATE\u0158INA TUZAROV\u00c1<\/td>\n<\/tr>\n<tr>\n<td>156<\/td>\n<td>\u00c7ekya<\/td>\n<td>Fr\u00fddek M\u00edstek<\/td>\n<td><a href=\"https:\/\/www.cka.cz\/cs\/svet-architektury\/seznam-architektu\/ing-arch-bichler-vlastimil\">00156 Vlastimil Bichler<\/a><\/td>\n<td>ING. ARCH. VLASTIMIL BICHLER<\/td>\n<\/tr>\n<tr>\n<td>157<\/td>\n<td>\u00c7ekya<\/td>\n<td>Hav\u00ed\u0159ov<\/td>\n<td><a href=\"https:\/\/www.cka.cz\/cs\/svet-architektury\/seznam-architektu\/ing-arch-chmiel-oskar\">00157 Oskar Chmiel<\/a><\/td>\n<td>ING. ARCH. OSKAR CHMIEL<\/td>\n<\/tr>\n<tr>\n<td>158<\/td>\n<td>\u00c7ekya<\/td>\n<td>Lednice<\/td>\n<td><a href=\"https:\/\/www.cka.cz\/cs\/svet-architektury\/seznam-architektu\/dr-ing-nepomucku-petr\">00158 Petr Nepomuck\u00fd<\/a><\/td>\n<td>DR.ING. PETR NEPOMUCK\u00dd<\/td>\n<\/tr>\n<tr>\n<td>159<\/td>\n<td>\u00c7ekya<\/td>\n<td>Brno<\/td>\n<td><a href=\"https:\/\/www.cka.cz\/cs\/svet-architektury\/seznam-architektu\/ing-damcova-eva\">00159 Eva Damcov\u00e1<\/a><\/td>\n<td>ING. EVA DAMCOV\u00c1<\/td>\n<\/tr>\n<tr>\n<td>160<\/td>\n<td>\u00c7ekya<\/td>\n<td>Zl\u00edn<\/td>\n<td><a href=\"https:\/\/www.cka.cz\/cs\/svet-architektury\/seznam-architektu\/ing-arch-pribyl-zdenek\">00160 Zden\u011bk P\u0159ibyl<\/a><\/td>\n<td>ING. ARCH. ZDEN\u011aK P\u0158IBYL<\/td>\n<\/tr>\n<tr>\n<td>161<\/td>\n<td>\u00c7ekya<\/td>\n<td>Brno<\/td>\n<td><a href=\"https:\/\/www.cka.cz\/cs\/svet-architektury\/seznam-architektu\/ing-arch-pech-zbynek\">00161 Zbyn\u011bk Pech<\/a><\/td>\n<td>ING. ARCH. ZBYN\u011aK PECH<\/td>\n<\/tr>\n<tr>\n<td>162<\/td>\n<td>\u00c7ekya<\/td>\n<td>Beclav<\/td>\n<td><a href=\"https:\/\/www.cka.cz\/cs\/svet-architektury\/seznam-architektu\/ing-arch-bozek-karel\">00162 Karel Bo\u017eek<\/a><\/td>\n<td>ING. ARCH. KAREL BO\u017dEK<\/td>\n<\/tr>\n<tr>\n<td>163<\/td>\n<td>\u00c7ekya<\/td>\n<td>Ostrava<\/td>\n<td><a href=\"https:\/\/www.cka.cz\/cs\/svet-architektury\/seznam-architektu\/ing-arch-havlicek-josef\">00163 Josef Havl\u00ed\u010dek<\/a><\/td>\n<td>ING. ARCH. JOSEF HAVL\u00cd\u010cEK<\/td>\n<\/tr>\n<tr>\n<td>164<\/td>\n<td>\u00c7ekya<\/td>\n<td>Ostrava<\/td>\n<td><a href=\"https:\/\/www.cka.cz\/cs\/svet-architektury\/seznam-architektu\/ing-arch-vitoul-ladislav\">00164 Ladislav Vitoul<\/a><\/td>\n<td>ING. ARCH. LADISLAV VITOUL<\/td>\n<\/tr>\n<tr>\n<td>165<\/td>\n<td>\u00c7ekya<\/td>\n<td>Moravsk\u00e9 Kn\u00ednice<\/td>\n<td><a href=\"https:\/\/www.cka.cz\/cs\/svet-architektury\/seznam-architektu\/ing-vlcek-kvetoslav\">00165 Kv\u011btoslav Vl\u010dek<\/a><\/td>\n<td>ING. KV\u011aTOSLAV VL\u010cEK<\/td>\n<\/tr>\n<tr>\n<td>166<\/td>\n<td>\u00c7ekya<\/td>\n<td>Prag<\/td>\n<td><a href=\"https:\/\/www.cka.cz\/cs\/svet-architektury\/seznam-architektu\/ing-arch-klen-jiri\">00166 Ji\u0159\u00ed Klen<\/a><\/td>\n<td>ING. ARCH. JI\u0158\u00cd KLEN<\/td>\n<\/tr>\n<tr>\n<td>167<\/td>\n<td>\u00c7ekya<\/td>\n<td>Brno<\/td>\n<td><a href=\"https:\/\/www.cka.cz\/cs\/svet-architektury\/seznam-architektu\/ing-arch-srubar-pavel\">00167 Pavel \u0160ruba\u0159<\/a><\/td>\n<td>ING. ARCH. PAVEL \u0160RUBA\u0158<\/td>\n<\/tr>\n<tr>\n<td>168<\/td>\n<td>\u00c7ekya<\/td>\n<td>Ostrava<\/td>\n<td><a href=\"https:\/\/www.cka.cz\/cs\/svet-architektury\/seznam-architektu\/ing-arch-svoboda-milan\">00168 Milan Svoboda<\/a><\/td>\n<td>ING. ARCH. MILAN SVOBODA<\/td>\n<\/tr>\n<tr>\n<td>169<\/td>\n<td>\u00c7ekya<\/td>\n<td>Zl\u00edn<\/td>\n<td><a href=\"https:\/\/www.cka.cz\/cs\/svet-architektury\/seznam-architektu\/ing-arch-bergmann-ivan\">00169 Ivan Bergmann<\/a><\/td>\n<td>ING. ARCH. IVAN BERGMANN<\/td>\n<\/tr>\n<tr>\n<td>170<\/td>\n<td>\u00c7ekya<\/td>\n<td>Brno<\/td>\n<td><a href=\"https:\/\/www.cka.cz\/cs\/svet-architektury\/seznam-architektu\/prof-ing-arch-kyselka-mojmir-csc\">00170 Mojm\u00edr Kyselka<\/a><\/td>\n<td>PROF. ING. ARCH. MOJM\u00cdR KYSELKA CSC.<\/td>\n<\/tr>\n<tr>\n<td>171<\/td>\n<td>\u00c7ekya<\/td>\n<td>Prag<\/td>\n<td><a href=\"https:\/\/www.cka.cz\/cs\/svet-architektury\/seznam-architektu\/ing-arch-vrabel-jan\">00171 Jan Vrabel<\/a><\/td>\n<td>ING. ARCH. JAN VRABEL<\/td>\n<\/tr>\n<tr>\n<td>172<\/td>\n<td>\u00c7ekya<\/td>\n<td>Brno<\/td>\n<td><a href=\"https:\/\/www.cka.cz\/cs\/svet-architektury\/seznam-architektu\/prof-ing-arch-pelcak-petr\">00172 Petr Pel\u010d\u00e1k<\/a><\/td>\n<td>PROF. ING. ARCH. PETR PEL\u010c\u00c1K<\/td>\n<\/tr>\n<tr>\n<td>173<\/td>\n<td>\u00c7ekya<\/td>\n<td>Majetin<\/td>\n<td><a href=\"https:\/\/www.cka.cz\/cs\/svet-architektury\/seznam-architektu\/ing-arch-pluskal-radim\">00173 Radim Pluskal<\/a><\/td>\n<td>ING. ARCH. RADIM PLUSKAL<\/td>\n<\/tr>\n<tr>\n<td>174<\/td>\n<td>\u00c7ekya<\/td>\n<td>Brno<\/td>\n<td><a href=\"https:\/\/www.cka.cz\/cs\/svet-architektury\/seznam-architektu\/ing-arch-michal-zdenek\">00174 Zden\u011bk Michal<\/a><\/td>\n<td>ING. ARCH. ZDEN\u011aK MICHAL<\/td>\n<\/tr>\n<tr>\n<td>175<\/td>\n<td>\u00c7ekya<\/td>\n<td>Prost\u011bjov<\/td>\n<td><a href=\"https:\/\/www.cka.cz\/cs\/svet-architektury\/seznam-architektu\/ing-arch-prikryl-jan\">00175 Jan P\u0159ikryl<\/a><\/td>\n<td>ING. ARCH. JAN P\u0158IKRYL<\/td>\n<\/tr>\n<tr>\n<td>176<\/td>\n<td>\u00c7ekya<\/td>\n<td>Brno<\/td>\n<td><a href=\"https:\/\/www.cka.cz\/cs\/svet-architektury\/seznam-architektu\/ing-arch-klajmon-vladimir\">00176 Vladim\u00edr Klajmon<\/a><\/td>\n<td>ING. ARCH. VLADIM\u00cdR KLAJMON<\/td>\n<\/tr>\n<tr>\n<td>177<\/td>\n<td>\u00c7ekya<\/td>\n<td>Prag<\/td>\n<td><a href=\"https:\/\/www.cka.cz\/cs\/svet-architektury\/seznam-architektu\/arch-novacek-jan\">00177 Jan Nov\u00e1\u010dek<\/a><\/td>\n<td>ARCH. JAN NOV\u00c1\u010cEK<\/td>\n<\/tr>\n<tr>\n<td>178<\/td>\n<td>\u00c7ekya<\/td>\n<td>Troubsko Veselka<\/td>\n<td><a href=\"https:\/\/www.cka.cz\/cs\/svet-architektury\/seznam-architektu\/ing-wagnerova-eva\">00178 Eva Wagnerov\u00e1<\/a><\/td>\n<td>ING. EVA WAGNEROV\u00c1<\/td>\n<\/tr>\n<tr>\n<td>179<\/td>\n<td>\u00c7ekya<\/td>\n<td>Brno<\/td>\n<td><a href=\"https:\/\/www.cka.cz\/cs\/svet-architektury\/seznam-architektu\/ing-finstrlova-helena\">00179 Helena Finstrlov\u00e1<\/a><\/td>\n<td>ING. HELENA FINSTRLOV\u00c1<\/td>\n<\/tr>\n<tr>\n<td>180<\/td>\n<td>\u00c7ekya<\/td>\n<td>Plze\u0148<\/td>\n<td><a href=\"https:\/\/www.cka.cz\/cs\/svet-architektury\/seznam-architektu\/ing-arch-hysek-oldrich\">00180 Old\u0159ich Hysek<\/a><\/td>\n<td>ING. ARCH. OLD\u0158ICH HYSEK<\/td>\n<\/tr>\n<tr>\n<td>181<\/td>\n<td>\u00c7ekya<\/td>\n<td>Prag<\/td>\n<td><a href=\"https:\/\/www.cka.cz\/cs\/svet-architektury\/seznam-architektu\/ing-arch-riha-martin\">00181 Martin \u0158\u00edha<\/a><\/td>\n<td>ING. ARCH. MARTIN \u0158\u00cdHA<\/td>\n<\/tr>\n<tr>\n<td>182<\/td>\n<td>\u00c7ekya<\/td>\n<td>Opava<\/td>\n<td><a href=\"https:\/\/www.cka.cz\/cs\/svet-architektury\/seznam-architektu\/ing-arch-kovar-jan\">00182 Jan Kov\u00e1\u0159<\/a><\/td>\n<td>ING. ARCH. JAN KOV\u00c1\u0158<\/td>\n<\/tr>\n<tr>\n<td>183<\/td>\n<td>\u00c7ekya<\/td>\n<td>Liberec<\/td>\n<td><a href=\"https:\/\/www.cka.cz\/cs\/svet-architektury\/seznam-architektu\/rndr-postolka-vaclav\">00183 V\u00e1clav Po\u0161tolka<\/a><\/td>\n<td>RNDR. V\u00c1CLAV PO\u0160TOLKA<\/td>\n<\/tr>\n<tr>\n<td>184<\/td>\n<td>\u00c7ekya<\/td>\n<td>Prag<\/td>\n<td><a href=\"https:\/\/www.cka.cz\/cs\/svet-architektury\/seznam-architektu\/doc-ing-arch-oberstein-ivo-csc\">00184 Ivo Oberstein<\/a><\/td>\n<td>DOC. ING. ARCH. IVO OBERSTEIN CSC.<\/td>\n<\/tr>\n<tr>\n<td>185<\/td>\n<td>\u00c7ekya<\/td>\n<td>Prag<\/td>\n<td><a href=\"https:\/\/www.cka.cz\/cs\/svet-architektury\/seznam-architektu\/akad-arch-spacek-jaromir\">00185 Jarom\u00edr \u0160pa\u010dek<\/a><\/td>\n<td>AKAD. ARCH. JAROM\u00cdR \u0160PA\u010cEK<\/td>\n<\/tr>\n<tr>\n<td>186<\/td>\n<td>\u00c7ekya<\/td>\n<td>Plze\u0148<\/td>\n<td><a href=\"https:\/\/www.cka.cz\/cs\/svet-architektury\/seznam-architektu\/ing-valtr-pavel\">00186 Pavel Valtr<\/a><\/td>\n<td>ING. PAVEL VALTR<\/td>\n<\/tr>\n<tr>\n<td>187<\/td>\n<td>\u00c7ekya<\/td>\n<td>Prag<\/td>\n<td><a href=\"https:\/\/www.cka.cz\/cs\/svet-architektury\/seznam-architektu\/ing-arch-holzel-zdenek\">00187 Zden\u011bk H\u00f6lzel<\/a><\/td>\n<td>ING. ARCH. ZDEN\u011aK H\u00d6LZEL<\/td>\n<\/tr>\n<tr>\n<td>188<\/td>\n<td>\u00c7ekya<\/td>\n<td>Prag<\/td>\n<td><a href=\"https:\/\/www.cka.cz\/cs\/svet-architektury\/seznam-architektu\/ing-arch-matejka-vaclav\">00188 V\u00e1clav Mat\u011bjka<\/a><\/td>\n<td>ING. ARCH. V\u00c1CLAV MAT\u011aJKA<\/td>\n<\/tr>\n<tr>\n<td>189<\/td>\n<td>\u00c7ekya<\/td>\n<td>Prag<\/td>\n<td><a href=\"https:\/\/www.cka.cz\/cs\/svet-architektury\/seznam-architektu\/ing-arch-seho-hana\">00189 Hana Seho<\/a><\/td>\n<td>ING. ARCH. HANA SEHO<\/td>\n<\/tr>\n<tr>\n<td>190<\/td>\n<td>\u00c7ekya<\/td>\n<td>Prag<\/td>\n<td><a href=\"https:\/\/www.cka.cz\/cs\/svet-architektury\/seznam-architektu\/ing-arch-base-miroslav\">00190 Miroslav Ba\u0161e<\/a><\/td>\n<td>ING. ARCH. MIROSLAV BA\u0160E<\/td>\n<\/tr>\n<tr>\n<td>191<\/td>\n<td>\u00c7ekya<\/td>\n<td>Prag<\/td>\n<td><a href=\"https:\/\/www.cka.cz\/cs\/svet-architektury\/seznam-architektu\/ing-akad-arch-kralicek-vaclav\">00191 V\u00e1clav Kr\u00e1l\u00ed\u010dek<\/a><\/td>\n<td>ING. AKAD. ARCH. V\u00c1CLAV KR\u00c1L\u00cd\u010cEK<\/td>\n<\/tr>\n<tr>\n<td>192<\/td>\n<td>\u00c7ekya<\/td>\n<td>Karlovy Vary<\/td>\n<td><a href=\"https:\/\/www.cka.cz\/cs\/svet-architektury\/seznam-architektu\/ing-arch-mundilova-marie\">00192 Marie Mundilov\u00e1<\/a><\/td>\n<td>ING. ARCH. MARIE MUNDILOV\u00c1<\/td>\n<\/tr>\n<tr>\n<td>193<\/td>\n<td>\u00c7ekya<\/td>\n<td>Prag<\/td>\n<td><a href=\"https:\/\/www.cka.cz\/cs\/svet-architektury\/seznam-architektu\/ing-arch-zima-jaroslav\">00193 Jaroslav Zima<\/a><\/td>\n<td>ING. ARCH. JAROSLAV ZIMA<\/td>\n<\/tr>\n<tr>\n<td>194<\/td>\n<td>\u00c7ekya<\/td>\n<td>Plze\u0148<\/td>\n<td><a href=\"https:\/\/www.cka.cz\/cs\/svet-architektury\/seznam-architektu\/ing-arch-baxa-jan\">00194 Jan Baxa<\/a><\/td>\n<td>ING. ARCH. JAN BAXA<\/td>\n<\/tr>\n<tr>\n<td>195<\/td>\n<td>\u00c7ekya<\/td>\n<td>Prag<\/td>\n<td><a href=\"https:\/\/www.cka.cz\/cs\/svet-architektury\/seznam-architektu\/doc-ing-arch-cigler-jakub\">00195 Jakub Cigler<\/a><\/td>\n<td>DOC. ING. ARCH. JAKUB CIGLER<\/td>\n<\/tr>\n<tr>\n<td>196<\/td>\n<td>\u00c7ekya<\/td>\n<td>Prag<\/td>\n<td><a href=\"https:\/\/www.cka.cz\/cs\/svet-architektury\/seznam-architektu\/ing-arch-martinkova-alena\">00196 Alena Mart\u00ednkov\u00e1<\/a><\/td>\n<td>ING. ARCH. ALENA MART\u00cdNKOV\u00c1<\/td>\n<\/tr>\n<tr>\n<td>197<\/td>\n<td>\u00c7ekya<\/td>\n<td>Prag<\/td>\n<td><a href=\"https:\/\/www.cka.cz\/cs\/svet-architektury\/seznam-architektu\/ing-arch-prouza-tomas\">00197 Tom\u00e1\u0161 Prouza<\/a><\/td>\n<td>ING. ARCH. TOM\u00c1\u0160 PROUZA<\/td>\n<\/tr>\n<tr>\n<td>198<\/td>\n<td>\u00c7ekya<\/td>\n<td>Prag<\/td>\n<td><a href=\"https:\/\/www.cka.cz\/cs\/svet-architektury\/seznam-architektu\/ing-arch-fiala-stanislav\">00198 Stanislav Fiala<\/a><\/td>\n<td>ING. ARCH. STANISLAV FIALA<\/td>\n<\/tr>\n<tr>\n<td>199<\/td>\n<td>\u00c7ekya<\/td>\n<td>Prag<\/td>\n<td><a href=\"https:\/\/www.cka.cz\/cs\/svet-architektury\/seznam-architektu\/ing-arch-fiala-milan\">00199 Milan Fiala<\/a><\/td>\n<td>ING. ARCH. MILAN FIALA<\/td>\n<\/tr>\n<tr>\n<td>200<\/td>\n<td>\u00c7ekya<\/td>\n<td>Prag<\/td>\n<td><a href=\"https:\/\/www.cka.cz\/cs\/svet-architektury\/seznam-architektu\/akad-arch-nemec-martin\">00200 Martin N\u011bmec<\/a><\/td>\n<td>AKAD. ARCH. MARTIN N\u011aMEC<\/td>\n<\/tr>\n<tr>\n<td>201<\/td>\n<td>\u00c7ekya<\/td>\n<td>Prag<\/td>\n<td><a href=\"https:\/\/www.cka.cz\/cs\/svet-architektury\/seznam-architektu\/ing-arch-filsak-karel\">00201 Karel Filsak<\/a><\/td>\n<td>ING. ARCH. KAREL FILSAK<\/td>\n<\/tr>\n<tr>\n<td>202<\/td>\n<td>\u00c7ekya<\/td>\n<td>Pardubice<\/td>\n<td><a href=\"https:\/\/www.cka.cz\/cs\/svet-architektury\/seznam-architektu\/ing-arch-petran-miroslav\">00202 Miroslav Petr\u00e1\u0148<\/a><\/td>\n<td>ING. ARCH. MIROSLAV PETR\u00c1\u0147<\/td>\n<\/tr>\n<tr>\n<td>203<\/td>\n<td>\u00c7ekya<\/td>\n<td>Litomy\u0161le<\/td>\n<td><a href=\"https:\/\/www.cka.cz\/cs\/svet-architektury\/seznam-architektu\/ing-arch-barta-radim\">00203 Radim B\u00e1rta<\/a><\/td>\n<td>ING. ARCH. RADIM B\u00c1RTA<\/td>\n<\/tr>\n<tr>\n<td>204<\/td>\n<td>\u00c7ekya<\/td>\n<td>Prag<\/td>\n<td><a href=\"https:\/\/www.cka.cz\/cs\/svet-architektury\/seznam-architektu\/ing-arch-dohnal-tomas\">00204 Tom\u00e1\u0161 Dohnal<\/a><\/td>\n<td>ING. ARCH. TOM\u00c1\u0160 DOHNAL<\/td>\n<\/tr>\n<tr>\n<td>205<\/td>\n<td>\u00c7ekya<\/td>\n<td>\u010cesk\u00e9 Bud\u011bjovice<\/td>\n<td><a href=\"https:\/\/www.cka.cz\/cs\/svet-architektury\/seznam-architektu\/ing-arch-skalicku-jiri\">00205 Ji\u0159\u00ed Skalick\u00fd<\/a><\/td>\n<td>ING. ARCH. JI\u0158\u00cd SKALICK\u00dd<\/td>\n<\/tr>\n<tr>\n<td>206<\/td>\n<td>\u00c7ekya<\/td>\n<td>Prag<\/td>\n<td><a href=\"https:\/\/www.cka.cz\/cs\/svet-architektury\/seznam-architektu\/ing-arch-spackova-ladislava\">00206 Ladislava \u0160pa\u010dkov\u00e1<\/a><\/td>\n<td>ING. ARCH. LADISLAVA \u0160PA\u010cKOV\u00c1<\/td>\n<\/tr>\n<tr>\n<td>207<\/td>\n<td>\u00c7ekya<\/td>\n<td>Prag<\/td>\n<td><a href=\"https:\/\/www.cka.cz\/cs\/svet-architektury\/seznam-architektu\/ing-arch-machova-ludmila\">00207 Ludmila Machov\u00e1<\/a><\/td>\n<td>ING. ARCH. LUDMILA MACHOV\u00c1<\/td>\n<\/tr>\n<tr>\n<td>208<\/td>\n<td>\u00c7ekya<\/td>\n<td>Prag<\/td>\n<td><a href=\"https:\/\/www.cka.cz\/cs\/svet-architektury\/seznam-architektu\/akad-arch-lasovsky-jiri\">00208 Ji\u0159\u00ed Lasovsk\u00fd<\/a><\/td>\n<td>AKAD. ARCH. JI\u0158\u00cd LASOVSK\u00dd<\/td>\n<\/tr>\n<tr>\n<td>209<\/td>\n<td>\u00c7ekya<\/td>\n<td>Prag<\/td>\n<td><a href=\"https:\/\/www.cka.cz\/cs\/svet-architektury\/seznam-architektu\/ing-arch-akad-arch-vanickova-nadezda\">00209 Nad\u011b\u017eda Van\u00ed\u010dkov\u00e1<\/a><\/td>\n<td>ING. ARCH. AKAD. ARCH. NAD\u011a\u017dDA VAN\u00cd\u010cKOV\u00c1<\/td>\n<\/tr>\n<tr>\n<td>210<\/td>\n<td>\u00c7ekya<\/td>\n<td>Prag<\/td>\n<td><a href=\"https:\/\/www.cka.cz\/cs\/svet-architektury\/seznam-architektu\/ing-arch-prada-david\">00210 David P\u0159\u00e1da<\/a><\/td>\n<td>ING. ARCH. DAVID P\u0158\u00c1DA<\/td>\n<\/tr>\n<tr>\n<td>211<\/td>\n<td>\u00c7ekya<\/td>\n<td>Brno<\/td>\n<td><a href=\"https:\/\/www.cka.cz\/cs\/svet-architektury\/seznam-architektu\/ing-arch-gregorcik-jiri\">00211 Ji\u0159\u00ed G\u0159egor\u010d\u00edk<\/a><\/td>\n<td>ING. ARCH. JI\u0158\u00cd G\u0158EGOR\u010c\u00cdK<\/td>\n<\/tr>\n<tr>\n<td>212<\/td>\n<td>\u00c7ekya<\/td>\n<td>Prag<\/td>\n<td><a href=\"https:\/\/www.cka.cz\/cs\/svet-architektury\/seznam-architektu\/ing-arch-vysinova-jarmila\">00212 Jarmila Vy\u0161\u00ednov\u00e1<\/a><\/td>\n<td>ING. ARCH. JARMILA VY\u0160\u00cdNOV\u00c1<\/td>\n<\/tr>\n<tr>\n<td>213<\/td>\n<td>\u00c7ekya<\/td>\n<td>Prag<\/td>\n<td><a href=\"https:\/\/www.cka.cz\/cs\/svet-architektury\/seznam-architektu\/ing-arch-frydecky-vaclav\">00213 V\u00e1clav Frydeck\u00fd<\/a><\/td>\n<td>ING. ARCH. V\u00c1CLAV FRYDECK\u00dd<\/td>\n<\/tr>\n<tr>\n<td>214<\/td>\n<td>\u00c7ekya<\/td>\n<td>\u00dast\u00ed nad Labem<\/td>\n<td><a href=\"https:\/\/www.cka.cz\/cs\/svet-architektury\/seznam-architektu\/ing-arch-johanovsku-miroslav\">00214 Miroslav Johanovsk\u00fd<\/a><\/td>\n<td>ING. ARCH. MIROSLAV JOHANOVSK\u00dd<\/td>\n<\/tr>\n<tr>\n<td>215<\/td>\n<td>\u00c7ekya<\/td>\n<td>Labem<\/td>\n<td><a href=\"https:\/\/www.cka.cz\/cs\/svet-architektury\/seznam-architektu\/ing-arch-zeman-jan\">00215 Jan Zeman<\/a><\/td>\n<td>ING. ARCH. JAN ZEMAN<\/td>\n<\/tr>\n<tr>\n<td>216<\/td>\n<td>\u00c7ekya<\/td>\n<td>Nov\u00fd Bor<\/td>\n<td><a href=\"https:\/\/www.cka.cz\/cs\/svet-architektury\/seznam-architektu\/ing-arch-hejduk-mita\">00216 M\u00ed\u0165a Hejduk<\/a><\/td>\n<td>ING. ARCH. M\u00cd\u0164A HEJDUK<\/td>\n<\/tr>\n<tr>\n<td>217<\/td>\n<td>\u00c7ekya<\/td>\n<td>Prag<\/td>\n<td><a href=\"https:\/\/www.cka.cz\/cs\/svet-architektury\/seznam-architektu\/ing-arch-firbas-karel-csc\">00217 Karel Firbas<\/a><\/td>\n<td>ING. ARCH. KAREL FIRBAS CSC.<\/td>\n<\/tr>\n<tr>\n<td>218<\/td>\n<td>\u00c7ekya<\/td>\n<td>Karlovy Vary<\/td>\n<td><a href=\"https:\/\/www.cka.cz\/cs\/svet-architektury\/seznam-architektu\/akad-arch-polony-antonin\">00218 Anton\u00edn Polony<\/a><\/td>\n<td>AKAD. ARCH. ANTON\u00cdN POLONY<\/td>\n<\/tr>\n<tr>\n<td>219<\/td>\n<td>\u00c7ekya<\/td>\n<td>Dagmar Nov\u00e1<\/td>\n<td><a href=\"https:\/\/www.cka.cz\/cs\/svet-architektury\/seznam-architektu\/ing-arch-nova-dagmar\">00219 Dagmar Nov\u00e1<\/a><\/td>\n<td>ING. ARCH. DAGMAR NOV\u00c1<\/td>\n<\/tr>\n<tr>\n<td>220<\/td>\n<td>\u00c7ekya<\/td>\n<td>Host\u00fdnem<\/td>\n<td><a href=\"https:\/\/www.cka.cz\/cs\/svet-architektury\/seznam-architektu\/ing-arch-belik-vit\">00220 V\u00edt B\u011bl\u00edk<\/a><\/td>\n<td>ING. ARCH. V\u00cdT B\u011aL\u00cdK<\/td>\n<\/tr>\n<tr>\n<td>221<\/td>\n<td>\u00c7ekya<\/td>\n<td>Olomouc<\/td>\n<td><a href=\"https:\/\/www.cka.cz\/cs\/svet-architektury\/seznam-architektu\/ing-fingerova-radmila\">00221 Radmila Fingerov\u00e1<\/a><\/td>\n<td>ING. RADMILA FINGEROV\u00c1<\/td>\n<\/tr>\n<tr>\n<td>222<\/td>\n<td>\u00c7ekya<\/td>\n<td>Brno<\/td>\n<td><a href=\"https:\/\/www.cka.cz\/cs\/svet-architektury\/seznam-architektu\/ing-arch-zima-vaclav-csc\">00222 V\u00e1clav Zima<\/a><\/td>\n<td>ING. ARCH. V\u00c1CLAV ZIMA CSC.<\/td>\n<\/tr>\n<tr>\n<td>223<\/td>\n<td>\u00c7ekya<\/td>\n<td>Brno<\/td>\n<td><a href=\"https:\/\/www.cka.cz\/cs\/svet-architektury\/seznam-architektu\/ing-arch-zabrodska-zdena\">00223 Zdena Z\u00e1brodsk\u00e1<\/a><\/td>\n<td>ING. ARCH. ZDENA Z\u00c1BRODSK\u00c1<\/td>\n<\/tr>\n<tr>\n<td>224<\/td>\n<td>\u00c7ekya<\/td>\n<td>Vala\u0161sk\u00e9 Mezi\u0159\u00ed\u010d\u00ed<\/td>\n<td><a href=\"https:\/\/www.cka.cz\/cs\/svet-architektury\/seznam-architektu\/ing-arch-zert-petr\">00224 Petr \u017dert<\/a><\/td>\n<td>ING. ARCH. PETR \u017dERT<\/td>\n<\/tr>\n<tr>\n<td>225<\/td>\n<td>\u00c7ekya<\/td>\n<td>Olomouc<\/td>\n<td><a href=\"https:\/\/www.cka.cz\/cs\/svet-architektury\/seznam-architektu\/ing-arch-smoldas-jan\">00225 Jan \u0160moldas<\/a><\/td>\n<td>ING. ARCH. JAN \u0160MOLDAS<\/td>\n<\/tr>\n<tr>\n<td>226<\/td>\n<td>\u00c7ekya<\/td>\n<td>Brno<\/td>\n<td><a href=\"https:\/\/www.cka.cz\/cs\/svet-architektury\/seznam-architektu\/ing-arch-dokoupil-jaroslav\">00226 Jaroslav Dokoupil<\/a><\/td>\n<td>ING. ARCH. JAROSLAV DOKOUPIL<\/td>\n<\/tr>\n<tr>\n<td>227<\/td>\n<td>\u00c7ekya<\/td>\n<td>Z\u00e1b\u0159eh<\/td>\n<td><a href=\"https:\/\/www.cka.cz\/cs\/svet-architektury\/seznam-architektu\/ing-akad-arch-svoboda-ondrej\">00227 Ond\u0159ej Svoboda<\/a><\/td>\n<td>ING. AKAD. ARCH. OND\u0158EJ SVOBODA<\/td>\n<\/tr>\n<tr>\n<td>228<\/td>\n<td>\u00c7ekya<\/td>\n<td>Opava<\/td>\n<td><a href=\"https:\/\/www.cka.cz\/cs\/svet-architektury\/seznam-architektu\/ing-arch-horak-jiri-2\">00228 Ji\u0159\u00ed Hor\u00e1k<\/a><\/td>\n<td>ING. ARCH. JI\u0158\u00cd HOR\u00c1K<\/td>\n<\/tr>\n<tr>\n<td>229<\/td>\n<td>\u00c7ekya<\/td>\n<td>Brno<\/td>\n<td><a href=\"https:\/\/www.cka.cz\/cs\/svet-architektury\/seznam-architektu\/ing-arch-velehradsku-miroslav\">00229 Miroslav Velehradsk\u00fd<\/a><\/td>\n<td>ING. ARCH. MIROSLAV VELEHRADSK\u00dd<\/td>\n<\/tr>\n<tr>\n<td>230<\/td>\n<td>\u00c7ekya<\/td>\n<td>Ro\u017enov pod Radho\u0161t\u011bm<\/td>\n<td><a href=\"https:\/\/www.cka.cz\/cs\/svet-architektury\/seznam-architektu\/ing-kovarik-jiri\">00230 Ji\u0159\u00ed Kova\u0159\u00edk<\/a><\/td>\n<td>ING. JI\u0158\u00cd KOVA\u0158\u00cdK<\/td>\n<\/tr>\n<tr>\n<td>231<\/td>\n<td>\u00c7ekya<\/td>\n<td>Olomouc<\/td>\n<td><a href=\"https:\/\/www.cka.cz\/cs\/svet-architektury\/seznam-architektu\/ing-arch-polach-jan\">00231 Jan Pol\u00e1ch<\/a><\/td>\n<td>ING. ARCH. JAN POL\u00c1CH<\/td>\n<\/tr>\n<tr>\n<td>232<\/td>\n<td>\u00c7ekya<\/td>\n<td>Ro\u017enov pod Radho\u0161t\u011bm<\/td>\n<td><a href=\"https:\/\/www.cka.cz\/cs\/svet-architektury\/seznam-architektu\/ing-arch-hromadka-libor\">00232 Libor Hrom\u00e1dka<\/a><\/td>\n<td>ING. ARCH. LIBOR HROM\u00c1DKA<\/td>\n<\/tr>\n<tr>\n<td>233<\/td>\n<td>\u00c7ekya<\/td>\n<td>Ku\u0159im<\/td>\n<td><a href=\"https:\/\/www.cka.cz\/cs\/svet-architektury\/seznam-architektu\/ing-arch-kren-bronislav\">00233 Bronislav K\u0159en<\/a><\/td>\n<td>ING. ARCH. BRONISLAV K\u0158EN<\/td>\n<\/tr>\n<tr>\n<td>234<\/td>\n<td>\u00c7ekya<\/td>\n<td>Brno<\/td>\n<td><a href=\"https:\/\/www.cka.cz\/cs\/svet-architektury\/seznam-architektu\/ing-arch-drncova-sarka\">00234 \u0160\u00e1rka Drncov\u00e1<\/a><\/td>\n<td>ING. ARCH. \u0160\u00c1RKA DRNCOV\u00c1<\/td>\n<\/tr>\n<tr>\n<td>235<\/td>\n<td>\u00c7ekya<\/td>\n<td>Brno<\/td>\n<td><a href=\"https:\/\/www.cka.cz\/cs\/svet-architektury\/seznam-architektu\/ing-arch-drapal-emil\">00235 Emil Dr\u00e1pal<\/a><\/td>\n<td>ING. ARCH. EMIL DR\u00c1PAL<\/td>\n<\/tr>\n<tr>\n<td>236<\/td>\n<td>\u00c7ekya<\/td>\n<td>Brno<\/td>\n<td><a href=\"https:\/\/www.cka.cz\/cs\/svet-architektury\/seznam-architektu\/ing-arch-velek-jiri\">00236 Ji\u0159\u00ed Velek<\/a><\/td>\n<td>ING. ARCH. JI\u0158\u00cd VELEK<\/td>\n<\/tr>\n<tr>\n<td>237<\/td>\n<td>\u00c7ekya<\/td>\n<td>Olomouc<\/td>\n<td><a href=\"https:\/\/www.cka.cz\/cs\/svet-architektury\/seznam-architektu\/ing-arch-bendova-jana\">00237 Jana Bendov\u00e1<\/a><\/td>\n<td>ING. ARCH. JANA BENDOV\u00c1<\/td>\n<\/tr>\n<tr>\n<td>238<\/td>\n<td>\u00c7ekya<\/td>\n<td>Olomouc<\/td>\n<td><a href=\"https:\/\/www.cka.cz\/cs\/svet-architektury\/seznam-architektu\/ing-arch-polesnu-vladimir\">00238 Vladim\u00edr Polesn\u00fd<\/a><\/td>\n<td>ING. ARCH. VLADIM\u00cdR POLESN\u00dd<\/td>\n<\/tr>\n<tr>\n<td>239<\/td>\n<td>\u00c7ekya<\/td>\n<td>Olomouc<\/td>\n<td><a href=\"https:\/\/www.cka.cz\/cs\/svet-architektury\/seznam-architektu\/ing-arch-cernousek-tomas\">00239 Tom\u00e1\u0161 \u010cernou\u0161ek<\/a><\/td>\n<td>ING. ARCH. TOM\u00c1\u0160 \u010cERNOU\u0160EK<\/td>\n<\/tr>\n<tr>\n<td>240<\/td>\n<td>\u00c7ekya<\/td>\n<td>Solanec<\/td>\n<td><a href=\"https:\/\/www.cka.cz\/cs\/svet-architektury\/seznam-architektu\/ing-arch-fiedler-vladimir\">00240 Vladim\u00edr Fiedler<\/a><\/td>\n<td>ING. ARCH. VLADIM\u00cdR FIEDLER<\/td>\n<\/tr>\n<tr>\n<td>241<\/td>\n<td>\u00c7ekya<\/td>\n<td>Zlin<\/td>\n<td><a href=\"https:\/\/www.cka.cz\/cs\/svet-architektury\/seznam-architektu\/ing-arch-zahorak-jiri\">00241 Ji\u0159\u00ed Z\u00e1ho\u0159\u00e1k<\/a><\/td>\n<td>ING. ARCH. JI\u0158\u00cd Z\u00c1HO\u0158\u00c1K<\/td>\n<\/tr>\n<tr>\n<td>242<\/td>\n<td>\u00c7ekya<\/td>\n<td>Brno<\/td>\n<td><a href=\"https:\/\/www.cka.cz\/cs\/svet-architektury\/seznam-architektu\/ing-arch-mlejnek-milan\">00242 Milan Mlejnek<\/a><\/td>\n<td>ING. ARCH. MILAN MLEJNEK<\/td>\n<\/tr>\n<tr>\n<td>243<\/td>\n<td>\u00c7ekya<\/td>\n<td>Brno<\/td>\n<td><a href=\"https:\/\/www.cka.cz\/cs\/svet-architektury\/seznam-architektu\/ing-arch-mackerle-pavel\">00243 Pavel Mackerle<\/a><\/td>\n<td>ING. ARCH. PAVEL MACKERLE<\/td>\n<\/tr>\n<tr>\n<td>244<\/td>\n<td>\u00c7ekya<\/td>\n<td>Brno<\/td>\n<td><a href=\"https:\/\/www.cka.cz\/cs\/svet-architektury\/seznam-architektu\/ing-arch-zabrodsky-jakub\">00244 Jakub Z\u00e1brodsk\u00fd<\/a><\/td>\n<td>ING. ARCH. JAKUB Z\u00c1BRODSK\u00dd<\/td>\n<\/tr>\n<tr>\n<td>245<\/td>\n<td>\u00c7ekya<\/td>\n<td>Hradec Kr\u00e1lov\u00e9<\/td>\n<td><a href=\"https:\/\/www.cka.cz\/cs\/svet-architektury\/seznam-architektu\/ing-arch-zidka-jiri\">00245 Ji\u0159\u00ed Z\u00eddka<\/a><\/td>\n<td>ING. ARCH. JI\u0158\u00cd Z\u00cdDKA<\/td>\n<\/tr>\n<tr>\n<td>246<\/td>\n<td>\u00c7ekya<\/td>\n<td>Prag<\/td>\n<td><a href=\"https:\/\/www.cka.cz\/cs\/svet-architektury\/seznam-architektu\/prof-ing-arch-labus-ladislav\">00246 Ladislav L\u00e1bus<\/a><\/td>\n<td>PROF. ING. ARCH. LADISLAV L\u00c1BUS<\/td>\n<\/tr>\n<tr>\n<td>247<\/td>\n<td>\u00c7ekya<\/td>\n<td>Prag<\/td>\n<td><a href=\"https:\/\/www.cka.cz\/cs\/svet-architektury\/seznam-architektu\/ing-arch-salda-vojtech\">00247 Vojt\u011bch \u0160alda<\/a><\/td>\n<td>ING. ARCH. VOJT\u011aCH \u0160ALDA<\/td>\n<\/tr>\n<tr>\n<td>248<\/td>\n<td>\u00c7ekya<\/td>\n<td>Karlovy Vary<\/td>\n<td><a href=\"https:\/\/www.cka.cz\/cs\/svet-architektury\/seznam-architektu\/ing-arch-tuma-vitezslav\">00248 V\u00edt\u011bzslav T\u016fma<\/a><\/td>\n<td>ING. ARCH. V\u00cdT\u011aZSLAV T\u016eMA<\/td>\n<\/tr>\n<tr>\n<td>249<\/td>\n<td>\u00c7ekya<\/td>\n<td>Prag<\/td>\n<td><a href=\"https:\/\/www.cka.cz\/cs\/svet-architektury\/seznam-architektu\/ing-arch-frolik-petr\">00249 Petr Frol\u00edk<\/a><\/td>\n<td>ING. ARCH. PETR FROL\u00cdK<\/td>\n<\/tr>\n<tr>\n<td>250<\/td>\n<td>\u00c7ekya<\/td>\n<td>Prag<\/td>\n<td><a href=\"https:\/\/www.cka.cz\/cs\/svet-architektury\/seznam-architektu\/ing-arch-kubista-jiri\">00250 Ji\u0159\u00ed Kubi\u0161ta<\/a><\/td>\n<td>ING. ARCH. JI\u0158\u00cd KUBI\u0160TA<\/td>\n<\/tr>\n<tr>\n<td>251<\/td>\n<td>\u00c7ekya<\/td>\n<td>Prag<\/td>\n<td><a href=\"https:\/\/www.cka.cz\/cs\/svet-architektury\/seznam-architektu\/ing-arch-gopfert-miroslav\">00251 Miroslav Gopfert<\/a><\/td>\n<td>ING. ARCH. MIROSLAV GOPFERT<\/td>\n<\/tr>\n<tr>\n<td>252<\/td>\n<td>\u00c7ekya<\/td>\n<td>Vltavou<\/td>\n<td><a href=\"https:\/\/www.cka.cz\/cs\/svet-architektury\/seznam-architektu\/ing-arch-louda-jan\">00252 Jan Louda<\/a><\/td>\n<td>ING. ARCH. JAN LOUDA<\/td>\n<\/tr>\n<tr>\n<td>253<\/td>\n<td>\u00c7ekya<\/td>\n<td>\u0160estajovice<\/td>\n<td><a href=\"https:\/\/www.cka.cz\/cs\/svet-architektury\/seznam-architektu\/ing-arch-pirout-bohumil\">00253 Bohumil Pirout<\/a><\/td>\n<td>ING. ARCH. BOHUMIL PIROUT<\/td>\n<\/tr>\n<tr>\n<td>254<\/td>\n<td>\u00c7ekya<\/td>\n<td>Prag<\/td>\n<td><a href=\"https:\/\/www.cka.cz\/cs\/svet-architektury\/seznam-architektu\/ing-arch-kordovsku-petr\">00254 Petr Kordovsk\u00fd<\/a><\/td>\n<td>ING. ARCH. PETR KORDOVSK\u00dd<\/td>\n<\/tr>\n<tr>\n<td>255<\/td>\n<td>\u00c7ekya<\/td>\n<td>Prag<\/td>\n<td><a href=\"https:\/\/www.cka.cz\/cs\/svet-architektury\/seznam-architektu\/doc-ing-arch-jiran-zdenek\">00255 Zden\u011bk Jiran<\/a><\/td>\n<td>PROF. ING. ARCH. ZDEN\u011aK JIRAN<\/td>\n<\/tr>\n<tr>\n<td>256<\/td>\n<td>\u00c7ekya<\/td>\n<td>Prag<\/td>\n<td><a href=\"https:\/\/www.cka.cz\/cs\/svet-architektury\/seznam-architektu\/ing-arch-plicka-ivan\">00256 Ivan Plicka<\/a><\/td>\n<td>ING. ARCH. IVAN PLICKA<\/td>\n<\/tr>\n<tr>\n<td>257<\/td>\n<td>\u00c7ekya<\/td>\n<td>Kosmonosy<\/td>\n<td><a href=\"https:\/\/www.cka.cz\/cs\/svet-architektury\/seznam-architektu\/ing-arch-kadlec-zdenek\">00257 Zden\u011bk Kadlec<\/a><\/td>\n<td>ING. ARCH. ZDEN\u011aK KADLEC<\/td>\n<\/tr>\n<tr>\n<td>258<\/td>\n<td>\u00c7ekya<\/td>\n<td>Fry\u0161t\u00e1t<\/td>\n<td><a href=\"https:\/\/www.cka.cz\/cs\/svet-architektury\/seznam-architektu\/ing-galuszka-edvard\">00258 Edvard Galuszka<\/a><\/td>\n<td>ING. EDVARD GALUSZKA<\/td>\n<\/tr>\n<tr>\n<td>259<\/td>\n<td>\u00c7ekya<\/td>\n<td>T\u00e1bor<\/td>\n<td><a href=\"https:\/\/www.cka.cz\/cs\/svet-architektury\/seznam-architektu\/ing-arch-stach-jan\">00259 Jan Stach<\/a><\/td>\n<td>ING. ARCH. JAN STACH<\/td>\n<\/tr>\n<tr>\n<td>260<\/td>\n<td>\u00c7ekya<\/td>\n<td>Hradec Kr\u00e1lov\u00e9<\/td>\n<td><a href=\"https:\/\/www.cka.cz\/cs\/svet-architektury\/seznam-architektu\/ing-arch-pur-alexander\">00260 Alexander Pur<\/a><\/td>\n<td>ING. ARCH. ALEXANDER PUR<\/td>\n<\/tr>\n<tr>\n<td>261<\/td>\n<td>\u00c7ekya<\/td>\n<td>Prag<\/td>\n<td><a href=\"https:\/\/www.cka.cz\/cs\/svet-architektury\/seznam-architektu\/ing-kubovy-miroslav\">00261 Miroslav Kubov\u00fd<\/a><\/td>\n<td>ING. MIROSLAV KUBOV\u00dd<\/td>\n<\/tr>\n<tr>\n<td>262<\/td>\n<td>\u00c7ekya<\/td>\n<td>Lednice na Morav\u011b<\/td>\n<td><a href=\"https:\/\/www.cka.cz\/cs\/svet-architektury\/seznam-architektu\/dr-ing-wilhelmova-dana\">00262 Dana Wilhelmov\u00e1<\/a><\/td>\n<td>DR.ING. DANA WILHELMOV\u00c1<\/td>\n<\/tr>\n<tr>\n<td>263<\/td>\n<td>\u00c7ekya<\/td>\n<td>\u010cesk\u00e9 Bud\u011bjovice<\/td>\n<td><a href=\"https:\/\/www.cka.cz\/cs\/svet-architektury\/seznam-architektu\/ing-arch-timr-martin\">00263 Martin Timr<\/a><\/td>\n<td>ING. ARCH. MARTIN TIMR<\/td>\n<\/tr>\n<tr>\n<td>264<\/td>\n<td>\u00c7ekya<\/td>\n<td>\u010cesk\u00e9 Bud\u011bjovice<\/td>\n<td><a href=\"https:\/\/www.cka.cz\/cs\/svet-architektury\/seznam-architektu\/ing-arch-dvorak-antonin\">00264 Anton\u00edn Dvo\u0159\u00e1k<\/a><\/td>\n<td>ING. ARCH. ANTON\u00cdN DVO\u0158\u00c1K<\/td>\n<\/tr>\n<tr>\n<td>265<\/td>\n<td>\u00c7ekya<\/td>\n<td>Pardubice<\/td>\n<td><a href=\"https:\/\/www.cka.cz\/cs\/svet-architektury\/seznam-architektu\/ing-arch-kosar-milan\">00265 Milan Ko\u0161a\u0159<\/a><\/td>\n<td>ING. ARCH. MILAN KO\u0160A\u0158<\/td>\n<\/tr>\n<tr>\n<td>266<\/td>\n<td>\u00c7ekya<\/td>\n<td>Sezimovo \u00dast\u00ed<\/td>\n<td><a href=\"https:\/\/www.cka.cz\/cs\/svet-architektury\/seznam-architektu\/ing-arch-storch-bohuslav\">00266 Bohuslav \u0160torch<\/a><\/td>\n<td>ING. ARCH. BOHUSLAV \u0160TORCH<\/td>\n<\/tr>\n<tr>\n<td>267<\/td>\n<td>\u00c7ekya<\/td>\n<td>Prag<\/td>\n<td><a href=\"https:\/\/www.cka.cz\/cs\/svet-architektury\/seznam-architektu\/ing-arch-haase-milos\">00267 Milo\u0161 Haase<\/a><\/td>\n<td>ING. ARCH. MILO\u0160 HAASE<\/td>\n<\/tr>\n<tr>\n<td>268<\/td>\n<td>\u00c7ekya<\/td>\n<td>Prag<\/td>\n<td><a href=\"https:\/\/www.cka.cz\/cs\/svet-architektury\/seznam-architektu\/doc-ing-akad-arch-psenicka-frantisek-csc\">00268 Franti\u0161ek P\u0161eni\u010dka<\/a><\/td>\n<td>DOC. AKAD. ARCH. ING. FRANTI\u0160EK P\u0160ENI\u010cKA CSC.<\/td>\n<\/tr>\n<tr>\n<td>269<\/td>\n<td>\u00c7ekya<\/td>\n<td>Kozlovice<\/td>\n<td><a href=\"https:\/\/www.cka.cz\/cs\/svet-architektury\/seznam-architektu\/ing-arch-cvicek-vaclav\">00269 V\u00e1clav Cvi\u010dek<\/a><\/td>\n<td>ING. ARCH. V\u00c1CLAV CVI\u010cEK<\/td>\n<\/tr>\n<tr>\n<td>270<\/td>\n<td>\u00c7ekya<\/td>\n<td>Prag<\/td>\n<td><a href=\"https:\/\/www.cka.cz\/cs\/svet-architektury\/seznam-architektu\/akad-arch-matyas-josef\">00270 Josef Maty\u00e1\u0161<\/a><\/td>\n<td>AKAD. ARCH. JOSEF MATY\u00c1\u0160<\/td>\n<\/tr>\n<tr>\n<td>271<\/td>\n<td>\u00c7ekya<\/td>\n<td>Plze\u0148<\/td>\n<td><a href=\"https:\/\/www.cka.cz\/cs\/svet-architektury\/seznam-architektu\/ing-arch-ulc-vaclav\">00271 V\u00e1clav Ul\u010d<\/a><\/td>\n<td>ING. ARCH. V\u00c1CLAV UL\u010c<\/td>\n<\/tr>\n<tr>\n<td>272<\/td>\n<td>\u00c7ekya<\/td>\n<td>Prag<\/td>\n<td><a href=\"https:\/\/www.cka.cz\/cs\/svet-architektury\/seznam-architektu\/ing-arch-doutlik-lubos\">00272 Lubo\u0161 Doutl\u00edk<\/a><\/td>\n<td>ING. ARCH. LUBO\u0160 DOUTL\u00cdK<\/td>\n<\/tr>\n<tr>\n<td>273<\/td>\n<td>\u00c7ekya<\/td>\n<td>Jesenice u Prahy<\/td>\n<td><a href=\"https:\/\/www.cka.cz\/cs\/svet-architektury\/seznam-architektu\/ing-arch-buchar-jan\">00273 Jan Buchar<\/a><\/td>\n<td>ING. ARCH. JAN BUCHAR<\/td>\n<\/tr>\n<tr>\n<td>274<\/td>\n<td>\u00c7ekya<\/td>\n<td>Prag<\/td>\n<td><a href=\"https:\/\/www.cka.cz\/cs\/svet-architektury\/seznam-architektu\/akad-arch-veselu-jiri\">00274 Ji\u0159\u00ed Vesel\u00fd<\/a><\/td>\n<td>AKAD. ARCH. JI\u0158\u00cd VESEL\u00dd<\/td>\n<\/tr>\n<tr>\n<td>275<\/td>\n<td>\u00c7ekya<\/td>\n<td>Prag<\/td>\n<td><a href=\"https:\/\/www.cka.cz\/cs\/svet-architektury\/seznam-architektu\/ing-akad-arch-suchy-miroslav\">00275 Miroslav Such\u00fd<\/a><\/td>\n<td>ING. AKAD. ARCH. MIROSLAV SUCH\u00dd<\/td>\n<\/tr>\n<tr>\n<td>276<\/td>\n<td>\u00c7ekya<\/td>\n<td>Prag<\/td>\n<td><a href=\"https:\/\/www.cka.cz\/cs\/svet-architektury\/seznam-architektu\/ing-arch-drexler-petr\">00276 Petr Drexler<\/a><\/td>\n<td>ING. ARCH. PETR DREXLER<\/td>\n<\/tr>\n<tr>\n<td>277<\/td>\n<td>\u00c7ekya<\/td>\n<td>Vele\u0161\u00edn<\/td>\n<td><a href=\"https:\/\/www.cka.cz\/cs\/svet-architektury\/seznam-architektu\/ing-arch-marik-vaclav\">00277 V\u00e1clav Ma\u0159\u00edk<\/a><\/td>\n<td>ING. ARCH. V\u00c1CLAV MA\u0158\u00cdK<\/td>\n<\/tr>\n<tr>\n<td>278<\/td>\n<td>\u00c7ekya<\/td>\n<td>Prag<\/td>\n<td><a href=\"https:\/\/www.cka.cz\/cs\/svet-architektury\/seznam-architektu\/ing-arch-svec-stanislav\">00278 Stanislav \u0160vec<\/a><\/td>\n<td>ING. ARCH. STANISLAV \u0160VEC<\/td>\n<\/tr>\n<tr>\n<td>279<\/td>\n<td>\u00c7ekya<\/td>\n<td>\u010cesk\u00e9 Bud\u011bjovice<\/td>\n<td><a href=\"https:\/\/www.cka.cz\/cs\/svet-architektury\/seznam-architektu\/ing-arch-danek-jaroslav\">00279 Jaroslav Dan\u011bk<\/a><\/td>\n<td>ING. ARCH. JAROSLAV DAN\u011aK<\/td>\n<\/tr>\n<tr>\n<td>280<\/td>\n<td>\u00c7ekya<\/td>\n<td>Opava<\/td>\n<td><a href=\"https:\/\/www.cka.cz\/cs\/svet-architektury\/seznam-architektu\/ing-arch-bendik-zdenek\">00280 Zden\u011bk Bend\u00edk<\/a><\/td>\n<td>ING. ARCH. ZDEN\u011aK BEND\u00cdK<\/td>\n<\/tr>\n<tr>\n<td>281<\/td>\n<td>\u00c7ekya<\/td>\n<td>Brno<\/td>\n<td><a href=\"https:\/\/www.cka.cz\/cs\/svet-architektury\/seznam-architektu\/ing-arch-vagner-silvestr\">00281 Silvestr V\u00e1gner<\/a><\/td>\n<td>PROF. ING. ARCH. SILVESTR V\u00c1GNER CSC.<\/td>\n<\/tr>\n<tr>\n<td>282<\/td>\n<td>\u00c7ekya<\/td>\n<td>Brno<\/td>\n<td><a href=\"https:\/\/www.cka.cz\/cs\/svet-architektury\/seznam-architektu\/ing-arch-dolezel-karel\">00282 Karel Dole\u017eel<\/a><\/td>\n<td>ING. ARCH. KAREL DOLE\u017dEL<\/td>\n<\/tr>\n<tr>\n<td>283<\/td>\n<td>\u00c7ekya<\/td>\n<td>Brno<\/td>\n<td><a href=\"https:\/\/www.cka.cz\/cs\/svet-architektury\/seznam-architektu\/ing-arch-miksik-martin\">00283 Martin Mik\u0161\u00edk<\/a><\/td>\n<td>ING. ARCH. MARTIN MIK\u0160\u00cdK<\/td>\n<\/tr>\n<tr>\n<td>284<\/td>\n<td>\u00c7ekya<\/td>\n<td>Lelekovice<\/td>\n<td><a href=\"https:\/\/www.cka.cz\/cs\/svet-architektury\/seznam-architektu\/ing-arch-krivinka-gustav\">00284 Gustav K\u0159ivinka<\/a><\/td>\n<td>ING. ARCH. GUSTAV K\u0158IVINKA<\/td>\n<\/tr>\n<tr>\n<td>285<\/td>\n<td>\u00c7ekya<\/td>\n<td>Brno<\/td>\n<td><a href=\"https:\/\/www.cka.cz\/cs\/svet-architektury\/seznam-architektu\/ing-arch-sugl-jan\">00285 Jan \u0160ugl<\/a><\/td>\n<td>ING. ARCH. JAN \u0160UGL<\/td>\n<\/tr>\n<tr>\n<td>286<\/td>\n<td>\u00c7ekya<\/td>\n<td>Brno<\/td>\n<td><a href=\"https:\/\/www.cka.cz\/cs\/svet-architektury\/seznam-architektu\/ing-arch-silhava-vlasta\">00286 Vlasta \u0160ilhav\u00e1<\/a><\/td>\n<td>ING. ARCH. VLASTA \u0160ILHAV\u00c1<\/td>\n<\/tr>\n<tr>\n<td>287<\/td>\n<td>\u00c7ekya<\/td>\n<td>Ostrava<\/td>\n<td><a href=\"https:\/\/www.cka.cz\/cs\/svet-architektury\/seznam-architektu\/ing-arch-sonovsky-tomas\">00287 Tom\u00e1\u0161 \u0160onovsk\u00fd<\/a><\/td>\n<td>ING. ARCH. TOM\u00c1\u0160 \u0160ONOVSK\u00dd<\/td>\n<\/tr>\n<tr>\n<td>288<\/td>\n<td>\u00c7ekya<\/td>\n<td>Opava<\/td>\n<td><a href=\"https:\/\/www.cka.cz\/cs\/svet-architektury\/seznam-architektu\/ing-arch-horak-jiri\">00288 Ji\u0159\u00ed Hor\u00e1k<\/a><\/td>\n<td>ING. ARCH. JI\u0158\u00cd HOR\u00c1K<\/td>\n<\/tr>\n<tr>\n<td>289<\/td>\n<td>\u00c7ekya<\/td>\n<td>Brno<\/td>\n<td><a href=\"https:\/\/www.cka.cz\/cs\/svet-architektury\/seznam-architektu\/ing-arch-rudis-martin\">00289 Martin Rudi\u0161<\/a><\/td>\n<td>ING. ARCH. MARTIN RUDI\u0160<\/td>\n<\/tr>\n<tr>\n<td>290<\/td>\n<td>\u00c7ekya<\/td>\n<td>Brno<\/td>\n<td><a href=\"https:\/\/www.cka.cz\/cs\/svet-architektury\/seznam-architektu\/ing-arch-havlik-vaclav-m\">00290 V\u00e1clav Martin Havl\u00edk<\/a><\/td>\n<td>ING. ARCH. V\u00c1CLAV MARTIN HAVL\u00cdK<\/td>\n<\/tr>\n<tr>\n<td>291<\/td>\n<td>\u00c7ekya<\/td>\n<td>Olomouc<\/td>\n<td><a href=\"https:\/\/www.cka.cz\/cs\/svet-architektury\/seznam-architektu\/ing-arch-kucirek-ivo\">00291 Ivo Ku\u010d\u00edrek<\/a><\/td>\n<td>ING. ARCH. IVO KU\u010c\u00cdREK<\/td>\n<\/tr>\n<tr>\n<td>292<\/td>\n<td>\u00c7ekya<\/td>\n<td>Brno<\/td>\n<td><a href=\"https:\/\/www.cka.cz\/cs\/svet-architektury\/seznam-architektu\/ing-arch-vaculikova-marta\">00292 Marta Vacul\u00edkov\u00e1<\/a><\/td>\n<td>ING. ARCH. MARTA VACUL\u00cdKOV\u00c1<\/td>\n<\/tr>\n<tr>\n<td>293<\/td>\n<td>\u00c7ekya<\/td>\n<td>Brno<\/td>\n<td><a href=\"https:\/\/www.cka.cz\/cs\/svet-architektury\/seznam-architektu\/doc-ing-arch-wahla-ivan\">00293 Ivan Wahla<\/a><\/td>\n<td>DOC. ING. ARCH. IVAN WAHLA<\/td>\n<\/tr>\n<tr>\n<td>294<\/td>\n<td>\u00c7ekya<\/td>\n<td>Brno<\/td>\n<td><a href=\"https:\/\/www.cka.cz\/cs\/svet-architektury\/seznam-architektu\/ing-arch-kartous-josef\">00294 Josef Kartous<\/a><\/td>\n<td>ING. ARCH. JOSEF KARTOUS<\/td>\n<\/tr>\n<tr>\n<td>295<\/td>\n<td>\u00c7ekya<\/td>\n<td>Olomouc<\/td>\n<td><a href=\"https:\/\/www.cka.cz\/cs\/svet-architektury\/seznam-architektu\/ing-arch-janda-josef\">00295 Josef Janda<\/a><\/td>\n<td>ING. ARCH. JOSEF JANDA<\/td>\n<\/tr>\n<tr>\n<td>296<\/td>\n<td>\u00c7ekya<\/td>\n<td>Brno<\/td>\n<td><a href=\"https:\/\/www.cka.cz\/cs\/svet-architektury\/seznam-architektu\/ing-arch-hros-ivan\">00296 Ivan Hro\u0161<\/a><\/td>\n<td>ING. ARCH. IVAN HRO\u0160<\/td>\n<\/tr>\n<tr>\n<td>297<\/td>\n<td>\u00c7ekya<\/td>\n<td>Ostrava<\/td>\n<td><a href=\"https:\/\/www.cka.cz\/cs\/svet-architektury\/seznam-architektu\/ing-arch-zemanova-magdalena\">00297 Magdal\u00e9na Zemanov\u00e1<\/a><\/td>\n<td>ING. ARCH. MAGDAL\u00c9NA ZEMANOV\u00c1<\/td>\n<\/tr>\n<tr>\n<td>298<\/td>\n<td>\u00c7ekya<\/td>\n<td>Brno<\/td>\n<td><a href=\"https:\/\/www.cka.cz\/cs\/svet-architektury\/seznam-architektu\/ing-arch-kucera-premysl\">00298 P\u0159emysl Ku\u010dera<\/a><\/td>\n<td>ING. ARCH. P\u0158EMYSL KU\u010cERA<\/td>\n<\/tr>\n<tr>\n<td>299<\/td>\n<td>\u00c7ekya<\/td>\n<td>Brno<\/td>\n<td><a href=\"https:\/\/www.cka.cz\/cs\/svet-architektury\/seznam-architektu\/ing-arch-plachy-bretislav\">00299 B\u0159etislav Plach\u00fd<\/a><\/td>\n<td>ING. ARCH. B\u0158ETISLAV PLACH\u00dd<\/td>\n<\/tr>\n<tr>\n<td>300<\/td>\n<td>\u00c7ekya<\/td>\n<td>Brno<\/td>\n<td><a href=\"https:\/\/www.cka.cz\/cs\/svet-architektury\/seznam-architektu\/ing-arch-coufal-ilja\">00300 Ilja Coufal<\/a><\/td>\n<td>ING. ARCH. ILJA COUFAL<\/td>\n<\/tr>\n<tr>\n<td>301<\/td>\n<td>\u00c7ekya<\/td>\n<td>Brno<\/td>\n<td><a href=\"https:\/\/www.cka.cz\/cs\/svet-architektury\/seznam-architektu\/ing-arch-vlcek-libor\">00301 Libor Vl\u010dek<\/a><\/td>\n<td>ING. ARCH. LIBOR VL\u010cEK<\/td>\n<\/tr>\n<tr>\n<td>302<\/td>\n<td>\u00c7ekya<\/td>\n<td>Ok\u0159\u00ed\u0161ky<\/td>\n<td><a href=\"https:\/\/www.cka.cz\/cs\/svet-architektury\/seznam-architektu\/ing-arch-hasek-jiri\">00302 Ji\u0159\u00ed Ha\u0161ek<\/a><\/td>\n<td>ING. ARCH. JI\u0158\u00cd HA\u0160EK<\/td>\n<\/tr>\n<tr>\n<td>303<\/td>\n<td>\u00c7ekya<\/td>\n<td>Brno<\/td>\n<td><a href=\"https:\/\/www.cka.cz\/cs\/svet-architektury\/seznam-architektu\/ing-akad-arch-velek-jan\">00303 Jan Velek<\/a><\/td>\n<td>ING. AKAD. ARCH. JAN VELEK<\/td>\n<\/tr>\n<tr>\n<td>304<\/td>\n<td>\u00c7ekya<\/td>\n<td>Zl\u00edn<\/td>\n<td><a href=\"https:\/\/www.cka.cz\/cs\/svet-architektury\/seznam-architektu\/ing-arch-chladek-zdenek\">00304 Zden\u011bk Chl\u00e1dek<\/a><\/td>\n<td>ING. ARCH. ZDEN\u011aK CHL\u00c1DEK<\/td>\n<\/tr>\n<tr>\n<td>305<\/td>\n<td>\u00c7ekya<\/td>\n<td>Brno<\/td>\n<td><a href=\"https:\/\/www.cka.cz\/cs\/svet-architektury\/seznam-architektu\/doc-ing-arch-rusin-tomas\">00305 Tom\u00e1\u0161 Rus\u00edn<\/a><\/td>\n<td>DOC. ING. ARCH. TOM\u00c1\u0160 RUS\u00cdN<\/td>\n<\/tr>\n<tr>\n<td>306<\/td>\n<td>\u00c7ekya<\/td>\n<td>Brno<\/td>\n<td><a href=\"https:\/\/www.cka.cz\/cs\/svet-architektury\/seznam-architektu\/ing-arch-vacha-jiri-1\">00306 Ji\u0159\u00ed V\u00e1cha<\/a><\/td>\n<td>ING. ARCH. JI\u0158\u00cd V\u00c1CHA<\/td>\n<\/tr>\n<tr>\n<td>307<\/td>\n<td>\u00c7ekya<\/td>\n<td>Brno<\/td>\n<td><a href=\"https:\/\/www.cka.cz\/cs\/svet-architektury\/seznam-architektu\/ing-arch-rihak-zdenek\">00307 Zden\u011bk \u0158ih\u00e1k<\/a><\/td>\n<td>ING. ARCH. ZDEN\u011aK \u0158IH\u00c1K<\/td>\n<\/tr>\n<tr>\n<td>308<\/td>\n<td>\u00c7ekya<\/td>\n<td>B\u0159ezina<\/td>\n<td><a href=\"https:\/\/www.cka.cz\/cs\/svet-architektury\/seznam-architektu\/ing-arch-kramolisova-ludmila\">00308 Ludmila Kramoli\u0161ov\u00e1<\/a><\/td>\n<td>ING. ARCH. LUDMILA KRAMOLI\u0160OV\u00c1<\/td>\n<\/tr>\n<tr>\n<td>309<\/td>\n<td>\u00c7ekya<\/td>\n<td>Brno<\/td>\n<td><a href=\"https:\/\/www.cka.cz\/cs\/svet-architektury\/seznam-architektu\/rndr-stransku-karel\">00309 Karel Str\u00e1nsk\u00fd<\/a><\/td>\n<td>RNDR. KAREL STR\u00c1NSK\u00dd<\/td>\n<\/tr>\n<tr>\n<td>310<\/td>\n<td>\u00c7ekya<\/td>\n<td>Brno<\/td>\n<td><a href=\"https:\/\/www.cka.cz\/cs\/svet-architektury\/seznam-architektu\/ing-arch-fixel-jiri\">00310 Ji\u0159\u00ed Fixel<\/a><\/td>\n<td>ING. ARCH. JI\u0158\u00cd FIXEL<\/td>\n<\/tr>\n<tr>\n<td>311<\/td>\n<td>\u00c7ekya<\/td>\n<td>Brno<\/td>\n<td><a href=\"https:\/\/www.cka.cz\/cs\/svet-architektury\/seznam-architektu\/ing-arch-matonoha-michal\">00311 Michal Matonoha<\/a><\/td>\n<td>ING. ARCH. MICHAL MATONOHA<\/td>\n<\/tr>\n<tr>\n<td>312<\/td>\n<td>\u00c7ekya<\/td>\n<td>Lipov<\/td>\n<td><a href=\"https:\/\/www.cka.cz\/cs\/svet-architektury\/seznam-architektu\/ing-arch-machalek-frantisek\">00312 Franti\u0161ek Mach\u00e1lek<\/a><\/td>\n<td>ING. ARCH. FRANTI\u0160EK MACH\u00c1LEK<\/td>\n<\/tr>\n<tr>\n<td>313<\/td>\n<td>\u00c7ekya<\/td>\n<td>Veli\u010dkou<\/td>\n<td><a href=\"https:\/\/www.cka.cz\/cs\/svet-architektury\/seznam-architektu\/ing-arch-vajcner-petr\">00313 Petr Vaj\u010dner<\/a><\/td>\n<td>ING. ARCH. PETR VAJ\u010cNER<\/td>\n<\/tr>\n<tr>\n<td>314<\/td>\n<td>\u00c7ekya<\/td>\n<td>Prag<\/td>\n<td><a href=\"https:\/\/www.cka.cz\/cs\/svet-architektury\/seznam-architektu\/ing-arch-dudek-oldrich-csc\">00314 Old\u0159ich Dudek<\/a><\/td>\n<td>ING. ARCH. OLD\u0158ICH DUDEK CSC.<\/td>\n<\/tr>\n<tr>\n<td>315<\/td>\n<td>\u00c7ekya<\/td>\n<td>Prag<\/td>\n<td><a href=\"https:\/\/www.cka.cz\/cs\/svet-architektury\/seznam-architektu\/ing-arch-stradal-borek\">00315 Borek Str\u00e1dal<\/a><\/td>\n<td>ING. ARCH. BOREK STR\u00c1DAL<\/td>\n<\/tr>\n<tr>\n<td>316<\/td>\n<td>\u00c7ekya<\/td>\n<td>Prag<\/td>\n<td><a href=\"https:\/\/www.cka.cz\/cs\/svet-architektury\/seznam-architektu\/ing-arch-krivohlavkova-zuzana\">00316 Zuzana K\u0159ivohl\u00e1vkov\u00e1<\/a><\/td>\n<td>ING. ARCH. ZUZANA K\u0158IVOHL\u00c1VKOV\u00c1<\/td>\n<\/tr>\n<tr>\n<td>317<\/td>\n<td>\u00c7ekya<\/td>\n<td>Prag<\/td>\n<td><a href=\"https:\/\/www.cka.cz\/cs\/svet-architektury\/seznam-architektu\/ing-arch-jarnik-josef\">00317 Josef Jarn\u00edk<\/a><\/td>\n<td>ING. ARCH. JOSEF JARN\u00cdK<\/td>\n<\/tr>\n<tr>\n<td>318<\/td>\n<td>\u00c7ekya<\/td>\n<td>Prag<\/td>\n<td><a href=\"https:\/\/www.cka.cz\/cs\/svet-architektury\/seznam-architektu\/ing-akad-arch-lalak-ivan\">00318 Ivan Lal\u00e1k<\/a><\/td>\n<td>ING. AKAD. ARCH. IVAN LAL\u00c1K<\/td>\n<\/tr>\n<tr>\n<td>319<\/td>\n<td>\u00c7ekya<\/td>\n<td>Prag<\/td>\n<td><a href=\"https:\/\/www.cka.cz\/cs\/svet-architektury\/seznam-architektu\/ing-arch-labonek-petr-csc\">00319 Petr Labonek<\/a><\/td>\n<td>ING. ARCH. PETR LABONEK CSC.<\/td>\n<\/tr>\n<tr>\n<td>320<\/td>\n<td>\u00c7ekya<\/td>\n<td>Mlad\u00e1 Boleslav<\/td>\n<td><a href=\"https:\/\/www.cka.cz\/cs\/svet-architektury\/seznam-architektu\/ing-arch-kukral-ondrej\">00320 Ond\u0159ej Kukral<\/a><\/td>\n<td>ING. ARCH. OND\u0158EJ KUKRAL<\/td>\n<\/tr>\n<tr>\n<td>321<\/td>\n<td>\u00c7ekya<\/td>\n<td>Prag<\/td>\n<td><a href=\"https:\/\/www.cka.cz\/cs\/svet-architektury\/seznam-architektu\/ing-arch-steiner-jaroslav\">00321 Jaroslav Steiner<\/a><\/td>\n<td>ING. ARCH. JAROSLAV STEINER<\/td>\n<\/tr>\n<tr>\n<td>322<\/td>\n<td>\u00c7ekya<\/td>\n<td>Chrudim<\/td>\n<td><a href=\"https:\/\/www.cka.cz\/cs\/svet-architektury\/seznam-architektu\/ing-arch-kohler-ivan\">00322 Ivan Kohler<\/a><\/td>\n<td>ING. ARCH. IVAN KOHLER<\/td>\n<\/tr>\n<tr>\n<td>323<\/td>\n<td>\u00c7ekya<\/td>\n<td>Prag<\/td>\n<td><a href=\"https:\/\/www.cka.cz\/cs\/svet-architektury\/seznam-architektu\/ing-arch-parma-milos-grigorij\">00323 Milo\u0161 Grigorij Parma<\/a><\/td>\n<td>ING. ARCH. MILO\u0160 GRIGORIJ PARMA<\/td>\n<\/tr>\n<tr>\n<td>324<\/td>\n<td>\u00c7ekya<\/td>\n<td>Prag<\/td>\n<td><a href=\"https:\/\/www.cka.cz\/cs\/svet-architektury\/seznam-architektu\/doc-ing-arch-tichu-ladislav-csc\">00324 Ladislav Tich\u00fd<\/a><\/td>\n<td>DOC. ING. ARCH. LADISLAV TICH\u00dd CSC.<\/td>\n<\/tr>\n<tr>\n<td>325<\/td>\n<td>\u00c7ekya<\/td>\n<td>Prag<\/td>\n<td><a href=\"https:\/\/www.cka.cz\/cs\/svet-architektury\/seznam-architektu\/doc-ing-arch-dvorak-vaclav-csc\">00325 V\u00e1clav Dvo\u0159\u00e1k<\/a><\/td>\n<td>DOC. ING. ARCH. V\u00c1CLAV DVO\u0158\u00c1K CSC.<\/td>\n<\/tr>\n<tr>\n<td>326<\/td>\n<td>\u00c7ekya<\/td>\n<td>Prag<\/td>\n<td><a href=\"https:\/\/www.cka.cz\/cs\/svet-architektury\/seznam-architektu\/ing-arch-kabelik-zbynek\">00326 Zbyn\u011bk Kabel\u00edk<\/a><\/td>\n<td>ING. ARCH. ZBYN\u011aK KABEL\u00cdK<\/td>\n<\/tr>\n<tr>\n<td>327<\/td>\n<td>\u00c7ekya<\/td>\n<td>Litom\u011b\u0159ice<\/td>\n<td><a href=\"https:\/\/www.cka.cz\/cs\/svet-architektury\/seznam-architektu\/ing-arch-antosova-jarmila\">00327 Jarmila Anto\u0161ov\u00e1<\/a><\/td>\n<td>ING. ARCH. JARMILA ANTO\u0160OV\u00c1<\/td>\n<\/tr>\n<tr>\n<td>328<\/td>\n<td>\u00c7ekya<\/td>\n<td>Prag<\/td>\n<td><a href=\"https:\/\/www.cka.cz\/cs\/svet-architektury\/seznam-architektu\/ing-arch-fehrer-viktor\">00328 Viktor Fehrer<\/a><\/td>\n<td>ING. ARCH. VIKTOR FEHRER<\/td>\n<\/tr>\n<tr>\n<td>329<\/td>\n<td>\u00c7ekya<\/td>\n<td>Prag<\/td>\n<td><a href=\"https:\/\/www.cka.cz\/cs\/svet-architektury\/seznam-architektu\/ing-arch-pesek-dalibor\">00329 Dalibor Pe\u0161ek<\/a><\/td>\n<td>ING. ARCH. DALIBOR PE\u0160EK<\/td>\n<\/tr>\n<tr>\n<td>330<\/td>\n<td>\u00c7ekya<\/td>\n<td>Prag<\/td>\n<td><a href=\"https:\/\/www.cka.cz\/cs\/svet-architektury\/seznam-architektu\/ing-arch-pec-frantisek\">00330 Franti\u0161ek P\u00e9\u010d<\/a><\/td>\n<td>ING. ARCH. FRANTI\u0160EK P\u00c9\u010c<\/td>\n<\/tr>\n<tr>\n<td>331<\/td>\n<td>\u00c7ekya<\/td>\n<td>Prag<\/td>\n<td><a href=\"https:\/\/www.cka.cz\/cs\/svet-architektury\/seznam-architektu\/ing-arch-marek-jan\">00331 Jan Marek<\/a><\/td>\n<td>ING. ARCH. JAN MAREK<\/td>\n<\/tr>\n<tr>\n<td>332<\/td>\n<td>\u00c7ekya<\/td>\n<td>Prag<\/td>\n<td><a href=\"https:\/\/www.cka.cz\/cs\/svet-architektury\/seznam-architektu\/ing-arch-dusek-jiri\">00332 Ji\u0159\u00ed Du\u0161ek<\/a><\/td>\n<td>ING. ARCH. JI\u0158\u00cd DU\u0160EK<\/td>\n<\/tr>\n<tr>\n<td>333<\/td>\n<td>\u00c7ekya<\/td>\n<td>Prag<\/td>\n<td><a href=\"https:\/\/www.cka.cz\/cs\/svet-architektury\/seznam-architektu\/ing-arch-srom-ivan\">00333 Ivan \u0160rom<\/a><\/td>\n<td>ING. ARCH. IVAN \u0160ROM<\/td>\n<\/tr>\n<tr>\n<td>334<\/td>\n<td>\u00c7ekya<\/td>\n<td>Brno<\/td>\n<td><a href=\"https:\/\/www.cka.cz\/cs\/svet-architektury\/seznam-architektu\/ing-arch-drapalova-olga\">00334 Olga Dr\u00e1palov\u00e1<\/a><\/td>\n<td>ING. ARCH. OLGA DR\u00c1PALOV\u00c1<\/td>\n<\/tr>\n<tr>\n<td>335<\/td>\n<td>\u00c7ekya<\/td>\n<td>Prag<\/td>\n<td><a href=\"https:\/\/www.cka.cz\/cs\/svet-architektury\/seznam-architektu\/ing-arch-sarapatka-milan\">00335 Milan \u0160arapatka<\/a><\/td>\n<td>ING. ARCH. MILAN \u0160ARAPATKA<\/td>\n<\/tr>\n<tr>\n<td>336<\/td>\n<td>\u00c7ekya<\/td>\n<td>Labem<\/td>\n<td><a href=\"https:\/\/www.cka.cz\/cs\/svet-architektury\/seznam-architektu\/ing-arch-krejci-vaclav\">00336 V\u00e1clav Krej\u010d\u00ed<\/a><\/td>\n<td>ING. ARCH. V\u00c1CLAV KREJ\u010c\u00cd<\/td>\n<\/tr>\n<tr>\n<td>337<\/td>\n<td>\u00c7ekya<\/td>\n<td>Prag<\/td>\n<td><a href=\"https:\/\/www.cka.cz\/cs\/svet-architektury\/seznam-architektu\/ing-arch-todl-marek\">00337 Marek Todl<\/a><\/td>\n<td>ING. ARCH. MAREK TODL<\/td>\n<\/tr>\n<tr>\n<td>338<\/td>\n<td>\u00c7ekya<\/td>\n<td>Prag<\/td>\n<td><a href=\"https:\/\/www.cka.cz\/cs\/svet-architektury\/seznam-architektu\/ing-arch-storch-martin\">00338 Martin Storch<\/a><\/td>\n<td>ING. ARCH. MARTIN STORCH<\/td>\n<\/tr>\n<tr>\n<td>339<\/td>\n<td>\u00c7ekya<\/td>\n<td>Prag<\/td>\n<td><a href=\"https:\/\/www.cka.cz\/cs\/svet-architektury\/seznam-architektu\/ing-arch-hubschmannova-anna\">00339 Anna Hubschmannov\u00e1<\/a><\/td>\n<td>ING. ARCH. ANNA HUBSCHMANNOV\u00c1<\/td>\n<\/tr>\n<tr>\n<td>340<\/td>\n<td>\u00c7ekya<\/td>\n<td>Prag<\/td>\n<td><a href=\"https:\/\/www.cka.cz\/cs\/svet-architektury\/seznam-architektu\/ing-arch-flasar-michal-csc\">00340 Michal Fla\u0161ar<\/a><\/td>\n<td>ING. ARCH. MICHAL FLA\u0160AR CSC.<\/td>\n<\/tr>\n<tr>\n<td>341<\/td>\n<td>\u00c7ekya<\/td>\n<td>Prag<\/td>\n<td><a href=\"https:\/\/www.cka.cz\/cs\/svet-architektury\/seznam-architektu\/ing-arch-kovar-karel\">00341 Karel Kov\u00e1\u0159<\/a><\/td>\n<td>ING. ARCH. KAREL KOV\u00c1\u0158<\/td>\n<\/tr>\n<tr>\n<td>342<\/td>\n<td>\u00c7ekya<\/td>\n<td>Prag<\/td>\n<td><a href=\"https:\/\/www.cka.cz\/cs\/svet-architektury\/seznam-architektu\/ing-arch-korecek-tomas\">00342 Tom\u00e1\u0161 Kore\u010dek<\/a><\/td>\n<td>ING. ARCH. TOM\u00c1\u0160 KORE\u010cEK<\/td>\n<\/tr>\n<tr>\n<td>343<\/td>\n<td>\u00c7ekya<\/td>\n<td>Prag<\/td>\n<td><a href=\"https:\/\/www.cka.cz\/cs\/svet-architektury\/seznam-architektu\/ing-arch-urbanova-hana\">00343 Hana Urbanov\u00e1<\/a><\/td>\n<td>ING. ARCH. HANA URBANOV\u00c1<\/td>\n<\/tr>\n<tr>\n<td>344<\/td>\n<td>\u00c7ekya<\/td>\n<td>Prag<\/td>\n<td><a href=\"https:\/\/www.cka.cz\/cs\/svet-architektury\/seznam-architektu\/ing-arch-nemec-jiri\">00344 Ji\u0159\u00ed N\u011bmec<\/a><\/td>\n<td>ING. ARCH. JI\u0158\u00cd N\u011aMEC<\/td>\n<\/tr>\n<tr>\n<td>345<\/td>\n<td>\u00c7ekya<\/td>\n<td>Prag<\/td>\n<td><a href=\"https:\/\/www.cka.cz\/cs\/svet-architektury\/seznam-architektu\/ing-arch-blazek-bohumil\">00345 Bohumil Bla\u017eek<\/a><\/td>\n<td>ING. ARCH. BOHUMIL BLA\u017dEK<\/td>\n<\/tr>\n<tr>\n<td>346<\/td>\n<td>\u00c7ekya<\/td>\n<td>Louny<\/td>\n<td><a href=\"https:\/\/www.cka.cz\/cs\/svet-architektury\/seznam-architektu\/ing-arch-cermak-pavel\">00346 Pavel \u010cerm\u00e1k<\/a><\/td>\n<td>ING. ARCH. PAVEL \u010cERM\u00c1K<\/td>\n<\/tr>\n<tr>\n<td>347<\/td>\n<td>\u00c7ekya<\/td>\n<td>Prag<\/td>\n<td><a href=\"https:\/\/www.cka.cz\/cs\/svet-architektury\/seznam-architektu\/ing-arch-nevole-milan\">00347 Milan Nevole<\/a><\/td>\n<td>ING. ARCH. MILAN NEVOLE<\/td>\n<\/tr>\n<tr>\n<td>348<\/td>\n<td>\u00c7ekya<\/td>\n<td>Prag<\/td>\n<td><a href=\"https:\/\/www.cka.cz\/cs\/svet-architektury\/seznam-architektu\/ing-arch-reichova-jana\">00348 Jana Reichov\u00e1<\/a><\/td>\n<td>ING. ARCH. JANA REICHOV\u00c1<\/td>\n<\/tr>\n<tr>\n<td>349<\/td>\n<td>\u00c7ekya<\/td>\n<td>Prag<\/td>\n<td><a href=\"https:\/\/www.cka.cz\/cs\/svet-architektury\/seznam-architektu\/ing-arch-dvorak-ladislav\">00349 Ladislav Dvo\u0159\u00e1k<\/a><\/td>\n<td>ING. ARCH. LADISLAV DVO\u0158\u00c1K<\/td>\n<\/tr>\n<tr>\n<td>350<\/td>\n<td>\u00c7ekya<\/td>\n<td>Prag<\/td>\n<td><a href=\"https:\/\/www.cka.cz\/cs\/svet-architektury\/seznam-architektu\/ing-arch-hemer-jan\">00350 Jan Hemer<\/a><\/td>\n<td>ING. ARCH. JAN HEMER<\/td>\n<\/tr>\n<tr>\n<td>351<\/td>\n<td>\u00c7ekya<\/td>\n<td>Prag<\/td>\n<td><a href=\"https:\/\/www.cka.cz\/cs\/svet-architektury\/seznam-architektu\/ing-arch-malenovsku-oldrich\">00351 Oldi\u0159ch Malenovsk\u00fd<\/a><\/td>\n<td>ING. ARCH. OLDI\u0158CH MALENOVSK\u00dd<\/td>\n<\/tr>\n<tr>\n<td>352<\/td>\n<td>\u00c7ekya<\/td>\n<td>Prag<\/td>\n<td><a href=\"https:\/\/www.cka.cz\/cs\/svet-architektury\/seznam-architektu\/ing-arch-brezina-ivan\">00352 Ivan B\u0159ezina<\/a><\/td>\n<td>ING. ARCH. IVAN B\u0158EZINA<\/td>\n<\/tr>\n<tr>\n<td>353<\/td>\n<td>\u00c7ekya<\/td>\n<td>Prag<\/td>\n<td><a href=\"https:\/\/www.cka.cz\/cs\/svet-architektury\/seznam-architektu\/ing-arch-mulac-vlastimil\">00353 Vlastimil Mula\u010d<\/a><\/td>\n<td>ING. ARCH. VLASTIMIL MULA\u010c<\/td>\n<\/tr>\n<tr>\n<td>354<\/td>\n<td>\u00c7ekya<\/td>\n<td>Prag<\/td>\n<td><a href=\"https:\/\/www.cka.cz\/cs\/svet-architektury\/seznam-architektu\/ing-arch-lenicek-petr\">00354 Petr Len\u00ed\u010dek<\/a><\/td>\n<td>ING. ARCH. PETR LEN\u00cd\u010cEK<\/td>\n<\/tr>\n<tr>\n<td>355<\/td>\n<td>\u00c7ekya<\/td>\n<td>\u00davaly<\/td>\n<td><a href=\"https:\/\/www.cka.cz\/cs\/svet-architektury\/seznam-architektu\/ing-arch-kruntorad-jaroslav\">00355 Jaroslav Kruntor\u00e1d<\/a><\/td>\n<td>ING. ARCH. JAROSLAV KRUNTOR\u00c1D<\/td>\n<\/tr>\n<tr>\n<td>356<\/td>\n<td>\u00c7ekya<\/td>\n<td>\u0160estajovice<\/td>\n<td><a href=\"https:\/\/www.cka.cz\/cs\/svet-architektury\/seznam-architektu\/ing-arch-nikel-leopold\">00356 Leopold Nikel<\/a><\/td>\n<td>ING. ARCH. LEOPOLD NIKEL<\/td>\n<\/tr>\n<tr>\n<td>357<\/td>\n<td>\u00c7ekya<\/td>\n<td>\u0160estajovice<\/td>\n<td><a href=\"https:\/\/www.cka.cz\/cs\/svet-architektury\/seznam-architektu\/ing-arch-niklova-radmila\">00357 Radmila Niklov\u00e1<\/a><\/td>\n<td>ING. ARCH. RADMILA NIKLOV\u00c1<\/td>\n<\/tr>\n<tr>\n<td>358<\/td>\n<td>\u00c7ekya<\/td>\n<td>Prag<\/td>\n<td><a href=\"https:\/\/www.cka.cz\/cs\/svet-architektury\/seznam-architektu\/ing-arch-faturikova-lenka\">00358 Lenka Fatur\u00edkov\u00e1<\/a><\/td>\n<td>ING. ARCH. LENKA FATUR\u00cdKOV\u00c1<\/td>\n<\/tr>\n<tr>\n<td>359<\/td>\n<td>\u00c7ekya<\/td>\n<td>Brno<\/td>\n<td><a href=\"https:\/\/www.cka.cz\/cs\/svet-architektury\/seznam-architektu\/ing-arch-smejkal-vladimir\">00359 Vladim\u00edr Smejkal<\/a><\/td>\n<td>ING. ARCH. VLADIM\u00cdR SMEJKAL<\/td>\n<\/tr>\n<tr>\n<td>360<\/td>\n<td>\u00c7ekya<\/td>\n<td>Brno<\/td>\n<td><a href=\"https:\/\/www.cka.cz\/cs\/svet-architektury\/seznam-architektu\/ing-arch-braunerova-pavla\">00360 Pavla Zaviska Brauner<\/a><\/td>\n<td>ING. ARCH. PAVLA ZAVISKA BRAUNER<\/td>\n<\/tr>\n<tr>\n<td>361<\/td>\n<td>\u00c7ekya<\/td>\n<td>Prag<\/td>\n<td><a href=\"https:\/\/www.cka.cz\/cs\/svet-architektury\/seznam-architektu\/ing-arch-stribrnu-miloslav-jiri\">00361 Miloslav Ji\u0159\u00ed St\u0159\u00edbrn\u00fd<\/a><\/td>\n<td>ING. ARCH. MILOSLAV JI\u0158\u00cd ST\u0158\u00cdBRN\u00dd<\/td>\n<\/tr>\n<tr>\n<td>362<\/td>\n<td>\u00c7ekya<\/td>\n<td>Prag<\/td>\n<td><a href=\"https:\/\/www.cka.cz\/cs\/svet-architektury\/seznam-architektu\/ing-arch-nebesky-jaroslav\">00362 Jaroslav Nebesk\u00fd<\/a><\/td>\n<td>ING. ARCH. JAROSLAV NEBESK\u00dd<\/td>\n<\/tr>\n<tr>\n<td>363<\/td>\n<td>\u00c7ekya<\/td>\n<td>Prag<\/td>\n<td><a href=\"https:\/\/www.cka.cz\/cs\/svet-architektury\/seznam-architektu\/ing-arch-slavicek-jaroslav\">00363 Jaroslav Slav\u00ed\u010dek<\/a><\/td>\n<td>ING. ARCH. JAROSLAV SLAV\u00cd\u010cEK<\/td>\n<\/tr>\n<tr>\n<td>364<\/td>\n<td>\u00c7ekya<\/td>\n<td>Labem<\/td>\n<td><a href=\"https:\/\/www.cka.cz\/cs\/svet-architektury\/seznam-architektu\/ing-arch-prenosil-ludek\">00364 Lud\u011bk P\u0159enosil<\/a><\/td>\n<td>ING. ARCH. LUD\u011aK P\u0158ENOSIL<\/td>\n<\/tr>\n<tr>\n<td>365<\/td>\n<td>\u00c7ekya<\/td>\n<td>Labem<\/td>\n<td><a href=\"https:\/\/www.cka.cz\/cs\/svet-architektury\/seznam-architektu\/ing-arch-stelzig-vratislav\">00365 Vratislav \u0160telzig<\/a><\/td>\n<td>ING. ARCH. VRATISLAV \u0160TELZIG<\/td>\n<\/tr>\n<tr>\n<td>366<\/td>\n<td>\u00c7ekya<\/td>\n<td>Prag<\/td>\n<td><a href=\"https:\/\/www.cka.cz\/cs\/svet-architektury\/seznam-architektu\/ing-arch-franc-stanislav\">00366 Stanislav Franc<\/a><\/td>\n<td>ING. ARCH. STANISLAV FRANC<\/td>\n<\/tr>\n<tr>\n<td>367<\/td>\n<td>\u00c7ekya<\/td>\n<td>Prag<\/td>\n<td><a href=\"https:\/\/www.cka.cz\/cs\/svet-architektury\/seznam-architektu\/ing-arch-sima-pavel\">00367 Pavel \u0160\u00edma<\/a><\/td>\n<td>ING. ARCH. PAVEL \u0160\u00cdMA<\/td>\n<\/tr>\n<tr>\n<td>368<\/td>\n<td>\u00c7ekya<\/td>\n<td>Prag<\/td>\n<td><a href=\"https:\/\/www.cka.cz\/cs\/svet-architektury\/seznam-architektu\/ing-arch-nemec-jan\">00368 Jan N\u011bmec<\/a><\/td>\n<td>ING. ARCH. JAN N\u011aMEC<\/td>\n<\/tr>\n<tr>\n<td>369<\/td>\n<td>\u00c7ekya<\/td>\n<td>Prag<\/td>\n<td><a href=\"https:\/\/www.cka.cz\/cs\/svet-architektury\/seznam-architektu\/ing-arch-ibl-michal\">00369 Michal Ibl<\/a><\/td>\n<td>ING. ARCH. MICHAL IBL<\/td>\n<\/tr>\n<tr>\n<td>370<\/td>\n<td>\u00c7ekya<\/td>\n<td>Brno<\/td>\n<td><a href=\"https:\/\/www.cka.cz\/cs\/svet-architektury\/seznam-architektu\/doc-ing-arch-drapal-jaroslav-csc\">00370 Jaroslav Dr\u00e1pal<\/a><\/td>\n<td>DOC. ING. ARCH. JAROSLAV DR\u00c1PAL CSC.<\/td>\n<\/tr>\n<tr>\n<td>371<\/td>\n<td>\u00c7ekya<\/td>\n<td>Fr\u00fddek-M\u00edstek<\/td>\n<td><a href=\"https:\/\/www.cka.cz\/cs\/svet-architektury\/seznam-architektu\/ing-arch-rybka-tomas\">00371 Tom\u00e1\u0161 Rybka<\/a><\/td>\n<td>ING. ARCH. TOM\u00c1\u0160 RYBKA<\/td>\n<\/tr>\n<tr>\n<td>372<\/td>\n<td>\u00c7ekya<\/td>\n<td>Fr\u00fddek-M\u00edstek<\/td>\n<td><a href=\"https:\/\/www.cka.cz\/cs\/svet-architektury\/seznam-architektu\/ing-arch-kucera-ladislav\">00372 Ladislav Ku\u010dera<\/a><\/td>\n<td>ING. ARCH. LADISLAV KU\u010cERA<\/td>\n<\/tr>\n<tr>\n<td>373<\/td>\n<td>\u00c7ekya<\/td>\n<td>Brno<\/td>\n<td><a href=\"https:\/\/www.cka.cz\/cs\/svet-architektury\/seznam-architektu\/ing-arch-kadlec-juraj\">00373 Juraj Kadlec<\/a><\/td>\n<td>ING. ARCH. JURAJ KADLEC<\/td>\n<\/tr>\n<tr>\n<td>374<\/td>\n<td>\u00c7ekya<\/td>\n<td>Kyjov<\/td>\n<td><a href=\"https:\/\/www.cka.cz\/cs\/svet-architektury\/seznam-architektu\/ing-arch-vasicek-vladimir\">00374 Vladim\u00edr Va\u0161\u00ed\u010dek<\/a><\/td>\n<td>ING. ARCH. VLADIM\u00cdR VA\u0160\u00cd\u010cEK<\/td>\n<\/tr>\n<tr>\n<td>375<\/td>\n<td>\u00c7ekya<\/td>\n<td>Otrokovice<\/td>\n<td><a href=\"https:\/\/www.cka.cz\/cs\/svet-architektury\/seznam-architektu\/ing-arch-pavlacky-radko\">00375 Radko Pavlack\u00fd<\/a><\/td>\n<td>ING. ARCH. RADKO PAVLACK\u00dd<\/td>\n<\/tr>\n<tr>\n<td>376<\/td>\n<td>\u00c7ekya<\/td>\n<td>Hav\u00ed\u0159ov<\/td>\n<td><a href=\"https:\/\/www.cka.cz\/cs\/svet-architektury\/seznam-architektu\/ing-arch-hartl-milan\">00376 Milan Hartl<\/a><\/td>\n<td>ING. ARCH. MILAN HARTL<\/td>\n<\/tr>\n<tr>\n<td>377<\/td>\n<td>\u00c7ekya<\/td>\n<td>Ostrava<\/td>\n<td><a href=\"https:\/\/www.cka.cz\/cs\/svet-architektury\/seznam-architektu\/ing-arch-kobersky-jiri\">00377 Ji\u0159\u00ed Kob\u011brsk\u00fd<\/a><\/td>\n<td>ING. ARCH. JI\u0158\u00cd KOB\u011aRSK\u00dd<\/td>\n<\/tr>\n<tr>\n<td>378<\/td>\n<td>\u00c7ekya<\/td>\n<td>Ostrava<\/td>\n<td><a href=\"https:\/\/www.cka.cz\/cs\/svet-architektury\/seznam-architektu\/ing-arch-saktor-igor\">00378 Igor Saktor<\/a><\/td>\n<td>ING. ARCH. IGOR SAKTOR<\/td>\n<\/tr>\n<tr>\n<td>379<\/td>\n<td>\u00c7ekya<\/td>\n<td>Metylovice<\/td>\n<td><a href=\"https:\/\/www.cka.cz\/cs\/svet-architektury\/seznam-architektu\/ing-arch-bilek-ales\">00379 Ale\u0161 B\u00edlek<\/a><\/td>\n<td>ING. ARCH. ALE\u0160 B\u00cdLEK<\/td>\n<\/tr>\n<tr>\n<td>380<\/td>\n<td>\u00c7ekya<\/td>\n<td>Brno<\/td>\n<td><a href=\"https:\/\/www.cka.cz\/cs\/svet-architektury\/seznam-architektu\/ing-arch-rosendorf-ales\">00380 Ale\u0161 Rosendorf<\/a><\/td>\n<td>ING. ARCH. ALE\u0160 ROSENDORF<\/td>\n<\/tr>\n<tr>\n<td>381<\/td>\n<td>\u00c7ekya<\/td>\n<td>Horn\u00ed Such\u00e1<\/td>\n<td><a href=\"https:\/\/www.cka.cz\/cs\/svet-architektury\/seznam-architektu\/ing-arch-adamcik-miroslav\">00381 Miroslav Adam\u010d\u00edk<\/a><\/td>\n<td>ING. ARCH. MIROSLAV ADAM\u010c\u00cdK<\/td>\n<\/tr>\n<tr>\n<td>382<\/td>\n<td>\u00c7ekya<\/td>\n<td>Ostrava<\/td>\n<td><a href=\"https:\/\/www.cka.cz\/cs\/svet-architektury\/seznam-architektu\/ing-arch-svoboda-stanislav\">00382 Stanislav Svoboda<\/a><\/td>\n<td>ING. ARCH. STANISLAV SVOBODA<\/td>\n<\/tr>\n<tr>\n<td>383<\/td>\n<td>\u00c7ekya<\/td>\n<td>Brno<\/td>\n<td><a href=\"https:\/\/www.cka.cz\/cs\/svet-architektury\/seznam-architektu\/ing-arch-psikal-vladimir\">00383 Vladim\u00edr P\u0161ikal<\/a><\/td>\n<td>ING. ARCH. VLADIM\u00cdR P\u0160IKAL<\/td>\n<\/tr>\n<tr>\n<td>384<\/td>\n<td>\u00c7ekya<\/td>\n<td>Brno<\/td>\n<td><a href=\"https:\/\/www.cka.cz\/cs\/svet-architektury\/seznam-architektu\/ing-arch-melichar-jan\">00384 Jan Melichar<\/a><\/td>\n<td>ING. ARCH. JAN MELICHAR<\/td>\n<\/tr>\n<tr>\n<td>385<\/td>\n<td>\u00c7ekya<\/td>\n<td>Brno<\/td>\n<td><a href=\"https:\/\/www.cka.cz\/cs\/svet-architektury\/seznam-architektu\/ing-arch-horakova-mariana\">00385 Mariana Hor\u00e1kov\u00e1<\/a><\/td>\n<td>ING. ARCH. MARIANA HOR\u00c1KOV\u00c1<\/td>\n<\/tr>\n<tr>\n<td>386<\/td>\n<td>\u00c7ekya<\/td>\n<td>Ostrava<\/td>\n<td><a href=\"https:\/\/www.cka.cz\/cs\/svet-architektury\/seznam-architektu\/ing-arch-fiser-jaromir\">00386 Jarom\u00edr Fi\u0161er<\/a><\/td>\n<td>ING. ARCH. JAROM\u00cdR FI\u0160ER<\/td>\n<\/tr>\n<tr>\n<td>387<\/td>\n<td>\u00c7ekya<\/td>\n<td>Brno<\/td>\n<td><a href=\"https:\/\/www.cka.cz\/cs\/svet-architektury\/seznam-architektu\/ing-arch-davidek-petr\">00387 Petr Dav\u00eddek<\/a><\/td>\n<td>ING. ARCH. PETR DAV\u00cdDEK<\/td>\n<\/tr>\n<tr>\n<td>388<\/td>\n<td>\u00c7ekya<\/td>\n<td>Velk\u00e9 B\u00edlovice<\/td>\n<td><a href=\"https:\/\/www.cka.cz\/cs\/svet-architektury\/seznam-architektu\/ing-arch-sindelarova-jarmila\">00388 Jarmila \u0160indel\u00e1\u0159ov\u00e1<\/a><\/td>\n<td>ING. ARCH. JARMILA \u0160INDEL\u00c1\u0158OV\u00c1<\/td>\n<\/tr>\n<tr>\n<td>389<\/td>\n<td>\u00c7ekya<\/td>\n<td>Brann\u00e1<\/td>\n<td><a href=\"https:\/\/www.cka.cz\/cs\/svet-architektury\/seznam-architektu\/ing-arch-mutnansky-lubos\">00389 Lubo\u0161 Mut\u0148ansk\u00fd<\/a><\/td>\n<td>ING. ARCH. LUBO\u0160 MUT\u0147ANSK\u00dd<\/td>\n<\/tr>\n<tr>\n<td>390<\/td>\n<td>\u00c7ekya<\/td>\n<td>Ostrava<\/td>\n<td><a href=\"https:\/\/www.cka.cz\/cs\/svet-architektury\/seznam-architektu\/ing-arch-sedlecku-pavel\">00390 Pavel Sedleck\u00fd<\/a><\/td>\n<td>ING. ARCH. PAVEL SEDLECK\u00dd<\/td>\n<\/tr>\n<tr>\n<td>391<\/td>\n<td>\u00c7ekya<\/td>\n<td>Ostrava<\/td>\n<td><a href=\"https:\/\/www.cka.cz\/cs\/svet-architektury\/seznam-architektu\/ing-arch-zeman-karel\">00391 Karel Zeman<\/a><\/td>\n<td>ING. ARCH. KAREL ZEMAN<\/td>\n<\/tr>\n<tr>\n<td>392<\/td>\n<td>\u00c7ekya<\/td>\n<td>Brno<\/td>\n<td><a href=\"https:\/\/www.cka.cz\/cs\/svet-architektury\/seznam-architektu\/ing-arch-valenta-petr\">00392 Petr Valenta<\/a><\/td>\n<td>ING. ARCH. PETR VALENTA<\/td>\n<\/tr>\n<tr>\n<td>393<\/td>\n<td>\u00c7ekya<\/td>\n<td>Brno<\/td>\n<td><a href=\"https:\/\/www.cka.cz\/cs\/svet-architektury\/seznam-architektu\/ing-arch-zelena-zora\">00393 Zora Zelen\u00e1<\/a><\/td>\n<td>ING. ARCH. ZORA ZELEN\u00c1<\/td>\n<\/tr>\n<tr>\n<td>394<\/td>\n<td>\u00c7ekya<\/td>\n<td>Prag<\/td>\n<td><a href=\"https:\/\/www.cka.cz\/cs\/svet-architektury\/seznam-architektu\/ing-arch-velisek-lukas\">00394 Luk\u00e1\u0161 Vel\u00ed\u0161ek<\/a><\/td>\n<td>ING. ARCH. LUK\u00c1\u0160 VEL\u00cd\u0160EK<\/td>\n<\/tr>\n<tr>\n<td>395<\/td>\n<td>\u00c7ekya<\/td>\n<td>Prag<\/td>\n<td><a href=\"https:\/\/www.cka.cz\/cs\/svet-architektury\/seznam-architektu\/ing-arch-dolezalova-emilie\">00395 Emilie Dole\u017ealov\u00e1<\/a><\/td>\n<td>ING. ARCH. EMILIE DOLE\u017dALOV\u00c1<\/td>\n<\/tr>\n<tr>\n<td>396<\/td>\n<td>\u00c7ekya<\/td>\n<td>Prag<\/td>\n<td><a href=\"https:\/\/www.cka.cz\/cs\/svet-architektury\/seznam-architektu\/akad-arch-simunkova-helena\">00396 Helena \u0160im\u016fnkov\u00e1<\/a><\/td>\n<td>AKAD. ARCH. HELENA \u0160IM\u016eNKOV\u00c1<\/td>\n<\/tr>\n<tr>\n<td>397<\/td>\n<td>\u00c7ekya<\/td>\n<td>Doksy<\/td>\n<td><a href=\"https:\/\/www.cka.cz\/cs\/svet-architektury\/seznam-architektu\/ing-arch-uchytil-jan\">00397 Jan Uchytil<\/a><\/td>\n<td>ING. ARCH. JAN UCHYTIL<\/td>\n<\/tr>\n<tr>\n<td>398<\/td>\n<td>\u00c7ekya<\/td>\n<td>Prag<\/td>\n<td><a href=\"https:\/\/www.cka.cz\/cs\/svet-architektury\/seznam-architektu\/ing-arch-holnova-zdenka\">00398 Zde\u0148ka Holnov\u00e1<\/a><\/td>\n<td>ING. ARCH. ZDE\u0147KA HOLNOV\u00c1<\/td>\n<\/tr>\n<tr>\n<td>399<\/td>\n<td>\u00c7ekya<\/td>\n<td>Prag<\/td>\n<td><a href=\"https:\/\/www.cka.cz\/cs\/svet-architektury\/seznam-architektu\/ing-arch-horava-tomas-csc\">00399 Tom\u00e1\u0161 Ho\u0159ava<\/a><\/td>\n<td>ING. ARCH. TOM\u00c1\u0160 HO\u0158AVA CSC.<\/td>\n<\/tr>\n<tr>\n<td>400<\/td>\n<td>\u00c7ekya<\/td>\n<td>Prag<\/td>\n<td><a href=\"https:\/\/www.cka.cz\/cs\/svet-architektury\/seznam-architektu\/ing-arch-voldrich-jaroslav\">00400 Jaroslav Vold\u0159ich<\/a><\/td>\n<td>ING. ARCH. JAROSLAV VOLD\u0158ICH<\/td>\n<\/tr>\n<tr>\n<td>401<\/td>\n<td>\u00c7ekya<\/td>\n<td>Prag<\/td>\n<td><a href=\"https:\/\/www.cka.cz\/cs\/svet-architektury\/seznam-architektu\/ing-arch-maryska-milic\">00401 Mili\u010d Mary\u0161ka<\/a><\/td>\n<td>ING. ARCH. MILI\u010c MARY\u0160KA<\/td>\n<\/tr>\n<tr>\n<td>402<\/td>\n<td>\u00c7ekya<\/td>\n<td>Prag<\/td>\n<td><a href=\"https:\/\/www.cka.cz\/cs\/svet-architektury\/seznam-architektu\/ing-arch-machac-milos\">00402 Milo\u0161 Macha\u010d<\/a><\/td>\n<td>ING. ARCH. MILO\u0160 MACHA\u010c<\/td>\n<\/tr>\n<tr>\n<td>403<\/td>\n<td>\u00c7ekya<\/td>\n<td>Prag<\/td>\n<td><a href=\"https:\/\/www.cka.cz\/cs\/svet-architektury\/seznam-architektu\/ing-arch-gudev-asen\">00403 Asen Gudev<\/a><\/td>\n<td>ING. ARCH. ASEN GUDEV<\/td>\n<\/tr>\n<tr>\n<td>404<\/td>\n<td>\u00c7ekya<\/td>\n<td>Prag<\/td>\n<td><a href=\"https:\/\/www.cka.cz\/cs\/svet-architektury\/seznam-architektu\/ing-arch-pilar-jiri\">00404 Ji\u0159\u00ed Pila\u0159<\/a><\/td>\n<td>ING. ARCH. JI\u0158\u00cd PILA\u0158<\/td>\n<\/tr>\n<tr>\n<td>405<\/td>\n<td>\u00c7ekya<\/td>\n<td>\u010cerno\u0161ice<\/td>\n<td><a href=\"https:\/\/www.cka.cz\/cs\/svet-architektury\/seznam-architektu\/ing-arch-liska-milan\">00405 Milan Li\u0161ka<\/a><\/td>\n<td>ING. ARCH. MILAN LI\u0160KA<\/td>\n<\/tr>\n<tr>\n<td>406<\/td>\n<td>\u00c7ekya<\/td>\n<td>Prag<\/td>\n<td><a href=\"https:\/\/www.cka.cz\/cs\/svet-architektury\/seznam-architektu\/ing-arch-valek-vladimir\">00406 Vladim\u00edr Valek<\/a><\/td>\n<td>ING. ARCH. VLADIM\u00cdR VALEK<\/td>\n<\/tr>\n<tr>\n<td>407<\/td>\n<td>\u00c7ekya<\/td>\n<td>Prag<\/td>\n<td><a href=\"https:\/\/www.cka.cz\/cs\/svet-architektury\/seznam-architektu\/ing-arch-merger-jiri\">00407 Ji\u0159\u00ed Merger<\/a><\/td>\n<td>ING. ARCH. ET. ING. JI\u0158\u00cd MERGER<\/td>\n<\/tr>\n<tr>\n<td>408<\/td>\n<td>\u00c7ekya<\/td>\n<td>Prag<\/td>\n<td><a href=\"https:\/\/www.cka.cz\/cs\/svet-architektury\/seznam-architektu\/ing-arch-studenu-antonin\">00408 Anton\u00edn Studen\u00fd<\/a><\/td>\n<td>ING. ARCH. ANTON\u00cdN STUDEN\u00dd<\/td>\n<\/tr>\n<tr>\n<td>409<\/td>\n<td>\u00c7ekya<\/td>\n<td>Prag<\/td>\n<td><a href=\"https:\/\/www.cka.cz\/cs\/svet-architektury\/seznam-architektu\/ing-arch-styblo-zbysek\">00409 Zby\u0161ek St\u00fdblo<\/a><\/td>\n<td>ING. ARCH. ZBY\u0160EK ST\u00ddBLO<\/td>\n<\/tr>\n<tr>\n<td>410<\/td>\n<td>\u00c7ekya<\/td>\n<td>Prag<\/td>\n<td><a href=\"https:\/\/www.cka.cz\/cs\/svet-architektury\/seznam-architektu\/ing-akad-arch-mojzis-jiri\">00410 Ji\u0159\u00ed Moj\u017e\u00ed\u0161<\/a><\/td>\n<td>ING. AKAD. ARCH. JI\u0158\u00cd MOJ\u017d\u00cd\u0160<\/td>\n<\/tr>\n<tr>\n<td>411<\/td>\n<td>\u00c7ekya<\/td>\n<td>Prag<\/td>\n<td><a href=\"https:\/\/www.cka.cz\/cs\/svet-architektury\/seznam-architektu\/ing-arch-stuchly-ivan-csc\">00411 Ivan Stuchl\u00fd<\/a><\/td>\n<td>ING. ARCH. IVAN STUCHL\u00dd CSC.<\/td>\n<\/tr>\n<tr>\n<td>412<\/td>\n<td>\u00c7ekya<\/td>\n<td>Labem<\/td>\n<td><a href=\"https:\/\/www.cka.cz\/cs\/svet-architektury\/seznam-architektu\/ing-arch-kucera-jiri-2\">00412 Ji\u0159\u00ed Ku\u010dera<\/a><\/td>\n<td>ING. ARCH. JI\u0158\u00cd KU\u010cERA<\/td>\n<\/tr>\n<tr>\n<td>413<\/td>\n<td>\u00c7ekya<\/td>\n<td>Prag<\/td>\n<td><a href=\"https:\/\/www.cka.cz\/cs\/svet-architektury\/seznam-architektu\/ing-arch-sladek-ivan\">00413 Ivan Sl\u00e1dek<\/a><\/td>\n<td>ING. ARCH. IVAN SL\u00c1DEK<\/td>\n<\/tr>\n<tr>\n<td>414<\/td>\n<td>\u00c7ekya<\/td>\n<td>Prag<\/td>\n<td><a href=\"https:\/\/www.cka.cz\/cs\/svet-architektury\/seznam-architektu\/ing-arch-ourecku-jaroslav\">00414 Jaroslav Ou\u0159eck\u00fd<\/a><\/td>\n<td>ING. ARCH. JAROSLAV OU\u0158ECK\u00dd<\/td>\n<\/tr>\n<tr>\n<td>415<\/td>\n<td>\u00c7ekya<\/td>\n<td>Prag<\/td>\n<td><a href=\"https:\/\/www.cka.cz\/cs\/svet-architektury\/seznam-architektu\/ing-arch-kuthan-milos\">00415 Milo\u0161 Kuthan<\/a><\/td>\n<td>ING. ARCH. MILO\u0160 KUTHAN<\/td>\n<\/tr>\n<tr>\n<td>416<\/td>\n<td>\u00c7ekya<\/td>\n<td>Prag<\/td>\n<td><a href=\"https:\/\/www.cka.cz\/cs\/svet-architektury\/seznam-architektu\/ing-arch-mach-rudolf\">00416 Rudolf Mach<\/a><\/td>\n<td>ING. ARCH. RUDOLF MACH<\/td>\n<\/tr>\n<tr>\n<td>417<\/td>\n<td>\u00c7ekya<\/td>\n<td>Prag<\/td>\n<td><a href=\"https:\/\/www.cka.cz\/cs\/svet-architektury\/seznam-architektu\/ing-arch-danda-vratislav\">00417 Vratislav Danda<\/a><\/td>\n<td>ING. ARCH. VRATISLAV DANDA<\/td>\n<\/tr>\n<tr>\n<td>418<\/td>\n<td>\u00c7ekya<\/td>\n<td>Prag<\/td>\n<td><a href=\"https:\/\/www.cka.cz\/cs\/svet-architektury\/seznam-architektu\/ing-arch-trojan-jiri\">00418 Ji\u0159\u00ed Trojan<\/a><\/td>\n<td>ING. ARCH. JI\u0158\u00cd TROJAN<\/td>\n<\/tr>\n<tr>\n<td>419<\/td>\n<td>\u00c7ekya<\/td>\n<td>Prag<\/td>\n<td><a href=\"https:\/\/www.cka.cz\/cs\/svet-architektury\/seznam-architektu\/ing-arch-pasek-karel\">00419 Karel Pa\u0161ek<\/a><\/td>\n<td>ING. ARCH. KAREL PA\u0160EK<\/td>\n<\/tr>\n<tr>\n<td>420<\/td>\n<td>\u00c7ekya<\/td>\n<td>Prag<\/td>\n<td><a href=\"https:\/\/www.cka.cz\/cs\/svet-architektury\/seznam-architektu\/akad-arch-kozeluhova-hana\">00420 Hana Ko\u017eeluhov\u00e1<\/a><\/td>\n<td>AKAD. ARCH. HANA KO\u017dELUHOV\u00c1<\/td>\n<\/tr>\n<tr>\n<td>421<\/td>\n<td>\u00c7ekya<\/td>\n<td>Prag<\/td>\n<td><a href=\"https:\/\/www.cka.cz\/cs\/svet-architektury\/seznam-architektu\/ing-arch-nemecek-vaclav\">00421 V\u00e1clav N\u011bme\u010dek<\/a><\/td>\n<td>ING. ARCH. V\u00c1CLAV N\u011aME\u010cEK<\/td>\n<\/tr>\n<tr>\n<td>422<\/td>\n<td>\u00c7ekya<\/td>\n<td>Jarmila M\u00fcllerov\u00e1<\/td>\n<td><a href=\"https:\/\/www.cka.cz\/cs\/svet-architektury\/seznam-architektu\/ing-mullerova-jarmila\">00422 Jarmila M\u00fcllerov\u00e1<\/a><\/td>\n<td>ING. JARMILA M\u00dcLLEROV\u00c1<\/td>\n<\/tr>\n<tr>\n<td>423<\/td>\n<td>\u00c7ekya<\/td>\n<td>Jind\u0159ich\u016fv Hradec<\/td>\n<td><a href=\"https:\/\/www.cka.cz\/cs\/svet-architektury\/seznam-architektu\/ing-arch-hudcova-zuzana\">00423 Zuzana Hudcov\u00e1<\/a><\/td>\n<td>ING. ARCH. ZUZANA HUDCOV\u00c1<\/td>\n<\/tr>\n<tr>\n<td>424<\/td>\n<td>\u00c7ekya<\/td>\n<td>Jind\u0159ich\u016fv Hradec<\/td>\n<td><a href=\"https:\/\/www.cka.cz\/cs\/svet-architektury\/seznam-architektu\/ing-arch-gantnerova-ivana\">00424 Ivana Gantnerov\u00e1<\/a><\/td>\n<td>ING. ARCH. IVANA GANTNEROV\u00c1<\/td>\n<\/tr>\n<tr>\n<td>425<\/td>\n<td>\u00c7ekya<\/td>\n<td>Spo\u0159ice<\/td>\n<td><a href=\"https:\/\/www.cka.cz\/cs\/svet-architektury\/seznam-architektu\/ing-arch-pachner-jaroslav\">00425 Jaroslav Pachner<\/a><\/td>\n<td>ING. ARCH. JAROSLAV PACHNER<\/td>\n<\/tr>\n<tr>\n<td>426<\/td>\n<td>\u00c7ekya<\/td>\n<td>Prag<\/td>\n<td><a href=\"https:\/\/www.cka.cz\/cs\/svet-architektury\/seznam-architektu\/ing-arch-gogela-karel\">00426 Karel Gogela<\/a><\/td>\n<td>ING. ARCH. KAREL GOGELA<\/td>\n<\/tr>\n<tr>\n<td>427<\/td>\n<td>\u00c7ekya<\/td>\n<td>Da\u010dice<\/td>\n<td><a href=\"https:\/\/www.cka.cz\/cs\/svet-architektury\/seznam-architektu\/ing-arch-dvorak-miroslav\">00427 Miroslav Dvo\u0159\u00e1k<\/a><\/td>\n<td>ING. ARCH. MIROSLAV DVO\u0158\u00c1K<\/td>\n<\/tr>\n<tr>\n<td>428<\/td>\n<td>\u00c7ekya<\/td>\n<td>Da\u010dice<\/td>\n<td><a href=\"https:\/\/www.cka.cz\/cs\/svet-architektury\/seznam-architektu\/ing-arch-kucera-pavel\">00428 Pavel Ku\u010dera<\/a><\/td>\n<td>ING. ARCH. PAVEL KU\u010cERA<\/td>\n<\/tr>\n<tr>\n<td>429<\/td>\n<td>\u00c7ekya<\/td>\n<td>Prag<\/td>\n<td><a href=\"https:\/\/www.cka.cz\/cs\/svet-architektury\/seznam-architektu\/ing-arch-cerny-zdenek\">00429 Zden\u011bk \u010cern\u00fd<\/a><\/td>\n<td>ING. ARCH. ZDEN\u011aK \u010cERN\u00dd<\/td>\n<\/tr>\n<tr>\n<td>430<\/td>\n<td>\u00c7ekya<\/td>\n<td>Prag<\/td>\n<td><a href=\"https:\/\/www.cka.cz\/cs\/svet-architektury\/seznam-architektu\/ing-arch-ruso-milan\">00430 Milan Ruso<\/a><\/td>\n<td>ING. ARCH. MILAN RUSO<\/td>\n<\/tr>\n<tr>\n<td>431<\/td>\n<td>\u00c7ekya<\/td>\n<td>Prag<\/td>\n<td><a href=\"https:\/\/www.cka.cz\/cs\/svet-architektury\/seznam-architektu\/ing-arch-sestakova-irena\">00431 Irena \u0160est\u00e1kov\u00e1<\/a><\/td>\n<td>PROF. ING. ARCH. IRENA \u0160EST\u00c1KOV\u00c1<\/td>\n<\/tr>\n<tr>\n<td>432<\/td>\n<td>\u00c7ekya<\/td>\n<td>Prag<\/td>\n<td><a href=\"https:\/\/www.cka.cz\/cs\/svet-architektury\/seznam-architektu\/ing-arch-sestak-jiri\">00432 Ji\u0159\u00ed \u0160est\u00e1k<\/a><\/td>\n<td>ING. ARCH. JI\u0158\u00cd \u0160EST\u00c1K<\/td>\n<\/tr>\n<tr>\n<td>433<\/td>\n<td>\u00c7ekya<\/td>\n<td>Roztoky<\/td>\n<td><a href=\"https:\/\/www.cka.cz\/cs\/svet-architektury\/seznam-architektu\/ing-arch-svabova-marie\">00433 Marie \u0160v\u00e1bov\u00e1<\/a><\/td>\n<td>ING. ARCH. MARIE \u0160V\u00c1BOV\u00c1<\/td>\n<\/tr>\n<tr>\n<td>434<\/td>\n<td>\u00c7ekya<\/td>\n<td>Prag<\/td>\n<td><a href=\"https:\/\/www.cka.cz\/cs\/svet-architektury\/seznam-architektu\/ing-akad-arch-zachova-hana\">00434 Hana Zachov\u00e1<\/a><\/td>\n<td>ING. AKAD. ARCH. HANA ZACHOV\u00c1<\/td>\n<\/tr>\n<tr>\n<td>435<\/td>\n<td>\u00c7ekya<\/td>\n<td>Zdice<\/td>\n<td><a href=\"https:\/\/www.cka.cz\/cs\/svet-architektury\/seznam-architektu\/ing-arch-koubek-pavel\">00435 Pavel Koubek<\/a><\/td>\n<td>ING. ARCH. PAVEL KOUBEK<\/td>\n<\/tr>\n<tr>\n<td>436<\/td>\n<td>\u00c7ekya<\/td>\n<td>Prag<\/td>\n<td><a href=\"https:\/\/www.cka.cz\/cs\/svet-architektury\/seznam-architektu\/ing-arch-dubsky-zbynek\">00436 Zbyn\u011bk Dubsk\u00fd<\/a><\/td>\n<td>ING. ARCH. ZBYN\u011aK DUBSK\u00dd<\/td>\n<\/tr>\n<tr>\n<td>437<\/td>\n<td>\u00c7ekya<\/td>\n<td>Prag<\/td>\n<td><a href=\"https:\/\/www.cka.cz\/cs\/svet-architektury\/seznam-architektu\/ing-arch-ciglin-ivan\">00437 Ivan Cigl\u00edn<\/a><\/td>\n<td>ING. ARCH. IVAN CIGL\u00cdN<\/td>\n<\/tr>\n<tr>\n<td>438<\/td>\n<td>\u00c7ekya<\/td>\n<td>Prag<\/td>\n<td><a href=\"https:\/\/www.cka.cz\/cs\/svet-architektury\/seznam-architektu\/ing-arch-novak-jiri-1\">00438 Ji\u0159\u00ed Nov\u00e1k<\/a><\/td>\n<td>ING. ARCH. JI\u0158\u00cd NOV\u00c1K<\/td>\n<\/tr>\n<tr>\n<td>439<\/td>\n<td>\u00c7ekya<\/td>\n<td>Prag<\/td>\n<td><a href=\"https:\/\/www.cka.cz\/cs\/svet-architektury\/seznam-architektu\/ing-arch-hajek-oldrich\">00439 Old\u0159ich H\u00e1jek<\/a><\/td>\n<td>ING. ARCH. OLD\u0158ICH H\u00c1JEK<\/td>\n<\/tr>\n<tr>\n<td>440<\/td>\n<td>\u00c7ekya<\/td>\n<td>Prag<\/td>\n<td><a href=\"https:\/\/www.cka.cz\/cs\/svet-architektury\/seznam-architektu\/ing-arch-makovec-jiri\">00440 Ji\u0159\u00ed Makovec<\/a><\/td>\n<td>ING. ARCH. JI\u0158\u00cd MAKOVEC<\/td>\n<\/tr>\n<tr>\n<td>441<\/td>\n<td>\u00c7ekya<\/td>\n<td>Chr\u00e1st<\/td>\n<td><a href=\"https:\/\/www.cka.cz\/cs\/svet-architektury\/seznam-architektu\/ing-arch-hrouda-vlastimil\">00441 Vlastimil Hrouda<\/a><\/td>\n<td>ING. ARCH. VLASTIMIL HROUDA<\/td>\n<\/tr>\n<tr>\n<td>442<\/td>\n<td>\u00c7ekya<\/td>\n<td>Jihlava<\/td>\n<td><a href=\"https:\/\/www.cka.cz\/cs\/svet-architektury\/seznam-architektu\/ing-arch-novak-tomas-1\">00442 Tom\u00e1\u0161 Nov\u00e1k<\/a><\/td>\n<td>ING. ARCH. TOM\u00c1\u0160 NOV\u00c1K<\/td>\n<\/tr>\n<tr>\n<td>443<\/td>\n<td>\u00c7ekya<\/td>\n<td>Brno<\/td>\n<td><a href=\"https:\/\/www.cka.cz\/cs\/svet-architektury\/seznam-architektu\/ing-arch-zezulka-bretislav\">00443 B\u0159etislav Zezulka<\/a><\/td>\n<td>ING. ARCH. B\u0158ETISLAV ZEZULKA<\/td>\n<\/tr>\n<tr>\n<td>444<\/td>\n<td>\u00c7ekya<\/td>\n<td>Brann\u00e1<\/td>\n<td><a href=\"https:\/\/www.cka.cz\/cs\/svet-architektury\/seznam-architektu\/ing-arch-hurnik-petr\">00444 Petr Hurn\u00edk<\/a><\/td>\n<td>ING. ARCH. PETR HURN\u00cdK<\/td>\n<\/tr>\n<tr>\n<td>445<\/td>\n<td>\u00c7ekya<\/td>\n<td>Zlin<\/td>\n<td><a href=\"https:\/\/www.cka.cz\/cs\/svet-architektury\/seznam-architektu\/ing-arch-baleja-miroslav\">00445 Miroslav Baleja<\/a><\/td>\n<td>ING. ARCH. MIROSLAV BALEJA<\/td>\n<\/tr>\n<tr>\n<td>446<\/td>\n<td>\u00c7ekya<\/td>\n<td>Olomouc<\/td>\n<td><a href=\"https:\/\/www.cka.cz\/cs\/svet-architektury\/seznam-architektu\/ing-arch-hotovu-karel\">00446 Karel Hotov\u00fd<\/a><\/td>\n<td>ING. ARCH. KAREL HOTOV\u00dd<\/td>\n<\/tr>\n<tr>\n<td>447<\/td>\n<td>\u00c7ekya<\/td>\n<td>Z\u00e1b\u0159eh<\/td>\n<td><a href=\"https:\/\/www.cka.cz\/cs\/svet-architektury\/seznam-architektu\/ing-arch-fabian-petr\">00447 Petr Fabi\u00e1n<\/a><\/td>\n<td>ING. ARCH. PETR FABI\u00c1N<\/td>\n<\/tr>\n<tr>\n<td>448<\/td>\n<td>\u00c7ekya<\/td>\n<td>Ostrava<\/td>\n<td><a href=\"https:\/\/www.cka.cz\/cs\/svet-architektury\/seznam-architektu\/ing-arch-kuba-roman\">00448 Roman Kuba<\/a><\/td>\n<td>ING. ARCH. ROMAN KUBA<\/td>\n<\/tr>\n<tr>\n<td>449<\/td>\n<td>\u00c7ekya<\/td>\n<td>Jesen\u00edk<\/td>\n<td><a href=\"https:\/\/www.cka.cz\/cs\/svet-architektury\/seznam-architektu\/ing-arch-solar-jiri\">00449 Ji\u0159\u00ed \u0160olar<\/a><\/td>\n<td>ING. ARCH. JI\u0158\u00cd \u0160OLAR<\/td>\n<\/tr>\n<tr>\n<td>450<\/td>\n<td>\u00c7ekya<\/td>\n<td>Prag<\/td>\n<td><a href=\"https:\/\/www.cka.cz\/cs\/svet-architektury\/seznam-architektu\/ing-arch-pipla-j-otto\">00450 J. Otto P\u00edpla<\/a><\/td>\n<td>ING. ARCH. J. OTTO P\u00cdPLA<\/td>\n<\/tr>\n<tr>\n<td>451<\/td>\n<td>\u00c7ekya<\/td>\n<td>Prag<\/td>\n<td><a href=\"https:\/\/www.cka.cz\/cs\/svet-architektury\/seznam-architektu\/ing-arch-cihal-jiri\">00451 Ji\u0159\u00ed \u010c\u00edhal<\/a><\/td>\n<td>ING. ARCH. JI\u0158\u00cd \u010c\u00cdHAL<\/td>\n<\/tr>\n<tr>\n<td>452<\/td>\n<td>\u00c7ekya<\/td>\n<td>Prag<\/td>\n<td><a href=\"https:\/\/www.cka.cz\/cs\/svet-architektury\/seznam-architektu\/ing-arch-cach-jan\">00452 Jan Cach<\/a><\/td>\n<td>ING. ARCH. JAN CACH<\/td>\n<\/tr>\n<tr>\n<td>453<\/td>\n<td>\u00c7ekya<\/td>\n<td>Pardubice<\/td>\n<td><a href=\"https:\/\/www.cka.cz\/cs\/svet-architektury\/seznam-architektu\/ing-arch-maler-pavel\">00453 Pavel Male\u0159<\/a><\/td>\n<td>ING. ARCH. PAVEL MALE\u0158<\/td>\n<\/tr>\n<tr>\n<td>454<\/td>\n<td>\u00c7ekya<\/td>\n<td>Prag<\/td>\n<td><a href=\"https:\/\/www.cka.cz\/cs\/svet-architektury\/seznam-architektu\/ing-arch-sourek-michal\">00454 Michal \u0160ourek<\/a><\/td>\n<td>ING. ARCH. MICHAL \u0160OUREK<\/td>\n<\/tr>\n<tr>\n<td>455<\/td>\n<td>\u00c7ekya<\/td>\n<td>Ch\u00fdn\u011b<\/td>\n<td><a href=\"https:\/\/www.cka.cz\/cs\/svet-architektury\/seznam-architektu\/akad-arch-kovar-petr\">00455 Petr Kov\u00e1\u0159<\/a><\/td>\n<td>AKAD. ARCH. PETR KOV\u00c1\u0158<\/td>\n<\/tr>\n<tr>\n<td>456<\/td>\n<td>\u00c7ekya<\/td>\n<td>Da\u010dice<\/td>\n<td><a href=\"https:\/\/www.cka.cz\/cs\/svet-architektury\/seznam-architektu\/ing-arch-lojka-jiri\">00456 Ji\u0159\u00ed Lojka<\/a><\/td>\n<td>ING. ARCH. JI\u0158\u00cd LOJKA<\/td>\n<\/tr>\n<tr>\n<td>457<\/td>\n<td>\u00c7ekya<\/td>\n<td>Prag<\/td>\n<td><a href=\"https:\/\/www.cka.cz\/cs\/svet-architektury\/seznam-architektu\/ing-arch-svatkova-bozena\">00457 Bo\u017eena Sv\u00e1tkov\u00e1<\/a><\/td>\n<td>ING. ARCH. BO\u017dENA SV\u00c1TKOV\u00c1<\/td>\n<\/tr>\n<tr>\n<td>458<\/td>\n<td>\u00c7ekya<\/td>\n<td>Chot\u011bbo\u0159<\/td>\n<td><a href=\"https:\/\/www.cka.cz\/cs\/svet-architektury\/seznam-architektu\/ing-arch-marek-jiri-1\">00458 Ji\u0159\u00ed Marek<\/a><\/td>\n<td>ING. ARCH. JI\u0158\u00cd MAREK<\/td>\n<\/tr>\n<tr>\n<td>459<\/td>\n<td>\u00c7ekya<\/td>\n<td>Plze\u0148<\/td>\n<td><a href=\"https:\/\/www.cka.cz\/cs\/svet-architektury\/seznam-architektu\/ing-arch-fara-oldrich\">00459 Old\u0159ich F\u00e1ra<\/a><\/td>\n<td>ING. ARCH. OLD\u0158ICH F\u00c1RA<\/td>\n<\/tr>\n<tr>\n<td>460<\/td>\n<td>\u00c7ekya<\/td>\n<td>Prag<\/td>\n<td><a href=\"https:\/\/www.cka.cz\/cs\/svet-architektury\/seznam-architektu\/ing-arch-girsa-vaclav\">00460 V\u00e1clav Girsa<\/a><\/td>\n<td>ING. ARCH. V\u00c1CLAV GIRSA<\/td>\n<\/tr>\n<tr>\n<td>461<\/td>\n<td>\u00c7ekya<\/td>\n<td>Vyso\u010dina<\/td>\n<td><a href=\"https:\/\/www.cka.cz\/cs\/svet-architektury\/seznam-architektu\/ing-arch-laub-frantisek\">00461 Franti\u0161ek Laub<\/a><\/td>\n<td>ING. ARCH. FRANTI\u0160EK LAUB<\/td>\n<\/tr>\n<tr>\n<td>462<\/td>\n<td>\u00c7ekya<\/td>\n<td>Prag<\/td>\n<td><a href=\"https:\/\/www.cka.cz\/cs\/svet-architektury\/seznam-architektu\/ing-arch-zeleny-jan\">00462 Jan Zelen\u00fd<\/a><\/td>\n<td>ING. ARCH. JAN ZELEN\u00dd<\/td>\n<\/tr>\n<tr>\n<td>463<\/td>\n<td>\u00c7ekya<\/td>\n<td>Prag<\/td>\n<td><a href=\"https:\/\/www.cka.cz\/cs\/svet-architektury\/seznam-architektu\/akad-arch-pucha-vladimir\">00463 Vladim\u00edr P\u00fdcha<\/a><\/td>\n<td>AKAD. ARCH. VLADIM\u00cdR P\u00ddCHA<\/td>\n<\/tr>\n<tr>\n<td>464<\/td>\n<td>\u00c7ekya<\/td>\n<td>Prag<\/td>\n<td><a href=\"https:\/\/www.cka.cz\/cs\/svet-architektury\/seznam-architektu\/ing-arch-klika-josef\">00464 Josef Klika<\/a><\/td>\n<td>ING. ARCH. JOSEF KLIKA<\/td>\n<\/tr>\n<tr>\n<td>465<\/td>\n<td>\u00c7ekya<\/td>\n<td>Prag<\/td>\n<td><a href=\"https:\/\/www.cka.cz\/cs\/svet-architektury\/seznam-architektu\/ing-arch-kantova-olga\">00465 Olga Kantov\u00e1<\/a><\/td>\n<td>ING. ARCH. OLGA KANTOV\u00c1<\/td>\n<\/tr>\n<tr>\n<td>466<\/td>\n<td>\u00c7ekya<\/td>\n<td>Brno<\/td>\n<td><a href=\"https:\/\/www.cka.cz\/cs\/svet-architektury\/seznam-architektu\/ing-arch-tihelka-zdenek\">00466 Zden\u011bk Tihelka<\/a><\/td>\n<td>ING. ARCH. ZDEN\u011aK TIHELKA<\/td>\n<\/tr>\n<tr>\n<td>467<\/td>\n<td>\u00c7ekya<\/td>\n<td>Brno<\/td>\n<td><a href=\"https:\/\/www.cka.cz\/cs\/svet-architektury\/seznam-architektu\/ing-arch-stolfa-jaromir\">00467 Jarom\u00edr \u0160tolfa<\/a><\/td>\n<td>ING. ARCH. JAROM\u00cdR \u0160TOLFA<\/td>\n<\/tr>\n<tr>\n<td>468<\/td>\n<td>\u00c7ekya<\/td>\n<td>Zl\u00edn<\/td>\n<td><a href=\"https:\/\/www.cka.cz\/cs\/svet-architektury\/seznam-architektu\/ing-arch-jungwirthova-daniela\">00468 Daniela Jungwirthov\u00e1<\/a><\/td>\n<td>ING. ARCH. DANIELA JUNGWIRTHOV\u00c1<\/td>\n<\/tr>\n<tr>\n<td>469<\/td>\n<td>\u00c7ekya<\/td>\n<td>Vyso\u010dina<\/td>\n<td><a href=\"https:\/\/www.cka.cz\/cs\/svet-architektury\/seznam-architektu\/ing-arch-sedlak-jan-1\">00469 Jan Sedl\u00e1k<\/a><\/td>\n<td>ING. ARCH. JAN SEDL\u00c1K<\/td>\n<\/tr>\n<tr>\n<td>470<\/td>\n<td>\u00c7ekya<\/td>\n<td>Zl\u00edn<\/td>\n<td><a href=\"https:\/\/www.cka.cz\/cs\/svet-architektury\/seznam-architektu\/ing-arch-jungwirth-ludvik\">00470 Ludv\u00edk Jungwirth<\/a><\/td>\n<td>ING. ARCH. LUDV\u00cdK JUNGWIRTH<\/td>\n<\/tr>\n<tr>\n<td>471<\/td>\n<td>\u00c7ekya<\/td>\n<td>Brno<\/td>\n<td><a href=\"https:\/\/www.cka.cz\/cs\/svet-architektury\/seznam-architektu\/ing-arch-sevcik-jiri\">00471 Ji\u0159\u00ed \u0160ev\u010d\u00edk<\/a><\/td>\n<td>ING. ARCH. JI\u0158\u00cd \u0160EV\u010c\u00cdK<\/td>\n<\/tr>\n<tr>\n<td>472<\/td>\n<td>\u00c7ekya<\/td>\n<td>Fr\u00fddek M\u00edstek<\/td>\n<td><a href=\"https:\/\/www.cka.cz\/cs\/svet-architektury\/seznam-architektu\/ing-akad-arch-friedl-jan\">00472 Jan Friedl<\/a><\/td>\n<td>ING. AKAD. ARCH. JAN FRIEDL<\/td>\n<\/tr>\n<tr>\n<td>473<\/td>\n<td>\u00c7ekya<\/td>\n<td>Ostrava<\/td>\n<td><a href=\"https:\/\/www.cka.cz\/cs\/svet-architektury\/seznam-architektu\/ing-arch-cablik-martin\">00473 Martin \u010cabl\u00edk<\/a><\/td>\n<td>ING. ARCH. MARTIN \u010cABL\u00cdK<\/td>\n<\/tr>\n<tr>\n<td>474<\/td>\n<td>\u00c7ekya<\/td>\n<td>Prag<\/td>\n<td><a href=\"https:\/\/www.cka.cz\/cs\/svet-architektury\/seznam-architektu\/ing-arch-hacmac-vaclav\">00474 V\u00e1clav Hacmac<\/a><\/td>\n<td>ING. ARCH. V\u00c1CLAV HACMAC<\/td>\n<\/tr>\n<tr>\n<td>475<\/td>\n<td>\u00c7ekya<\/td>\n<td>Prag<\/td>\n<td><a href=\"https:\/\/www.cka.cz\/cs\/svet-architektury\/seznam-architektu\/akad-arch-axmannova-vladimira\">00475 Vladim\u00edra Axmannova<\/a><\/td>\n<td>AKAD. ARCH. VLADIM\u00cdRA AXMANNOVA<\/td>\n<\/tr>\n<tr>\n<td>476<\/td>\n<td>\u00c7ekya<\/td>\n<td>Prag<\/td>\n<td><a href=\"https:\/\/www.cka.cz\/cs\/svet-architektury\/seznam-architektu\/ing-arch-panuscik-michal\">00476 Michal Panu\u0161\u010d\u00edk<\/a><\/td>\n<td>ING. ARCH. MICHAL PANU\u0160\u010c\u00cdK<\/td>\n<\/tr>\n<tr>\n<td>477<\/td>\n<td>\u00c7ekya<\/td>\n<td>Prag<\/td>\n<td><a href=\"https:\/\/www.cka.cz\/cs\/svet-architektury\/seznam-architektu\/ing-arch-hnizdil-ivan\">00477 Ivan Hn\u00edzdil<\/a><\/td>\n<td>ING. ARCH. IVAN HN\u00cdZDIL<\/td>\n<\/tr>\n<tr>\n<td>478<\/td>\n<td>\u00c7ekya<\/td>\n<td>Prag<\/td>\n<td><a href=\"https:\/\/www.cka.cz\/cs\/svet-architektury\/seznam-architektu\/ing-arch-teply-bohumil\">00478 Bohumil Tepl\u00fd<\/a><\/td>\n<td>ING. ARCH. BOHUMIL TEPL\u00dd<\/td>\n<\/tr>\n<tr>\n<td>479<\/td>\n<td>\u00c7ekya<\/td>\n<td>Prag<\/td>\n<td><a href=\"https:\/\/www.cka.cz\/cs\/svet-architektury\/seznam-architektu\/ing-arch-novak-jaroslav-csc\">00479 Jaroslav Nov\u00e1k<\/a><\/td>\n<td>ING. ARCH. JAROSLAV NOV\u00c1K CSC.<\/td>\n<\/tr>\n<tr>\n<td>480<\/td>\n<td>\u00c7ekya<\/td>\n<td>Prag<\/td>\n<td><a href=\"https:\/\/www.cka.cz\/cs\/svet-architektury\/seznam-architektu\/ing-arch-weisser-jiri\">00480 Ji\u0159\u00ed Weisser<\/a><\/td>\n<td>ING. ARCH. JI\u0158\u00cd WEISSER<\/td>\n<\/tr>\n<tr>\n<td>481<\/td>\n<td>\u00c7ekya<\/td>\n<td>Prag<\/td>\n<td><a href=\"https:\/\/www.cka.cz\/cs\/svet-architektury\/seznam-architektu\/ing-arch-soukup-miroslav\">00481 Miroslav Soukup<\/a><\/td>\n<td>ING. ARCH. MIROSLAV SOUKUP<\/td>\n<\/tr>\n<tr>\n<td>482<\/td>\n<td>\u00c7ekya<\/td>\n<td>Prag<\/td>\n<td><a href=\"https:\/\/www.cka.cz\/cs\/svet-architektury\/seznam-architektu\/ing-arch-vasko-jaroslav\">00482 Jaroslav Va\u0161ko<\/a><\/td>\n<td>ING. ARCH. JAROSLAV VA\u0160KO<\/td>\n<\/tr>\n<tr>\n<td>483<\/td>\n<td>\u00c7ekya<\/td>\n<td>Prag<\/td>\n<td><a href=\"https:\/\/www.cka.cz\/cs\/svet-architektury\/seznam-architektu\/ing-akad-arch-simonik-ivo\">00483 Ivo \u0160imon\u00edk<\/a><\/td>\n<td>ING. AKAD. ARCH. IVO \u0160IMON\u00cdK<\/td>\n<\/tr>\n<tr>\n<td>484<\/td>\n<td>\u00c7ekya<\/td>\n<td>Prag<\/td>\n<td><a href=\"https:\/\/www.cka.cz\/cs\/svet-architektury\/seznam-architektu\/ing-arch-kocian-bohuslav\">00484 Bohuslav Koci\u00e1n<\/a><\/td>\n<td>ING. ARCH. BOHUSLAV KOCI\u00c1N<\/td>\n<\/tr>\n<tr>\n<td>485<\/td>\n<td>\u00c7ekya<\/td>\n<td>Prag<\/td>\n<td><a href=\"https:\/\/www.cka.cz\/cs\/svet-architektury\/seznam-architektu\/ing-arch-honzatkova-zdenka\">00485 Zde\u0148ka Honz\u00e1tkov\u00e1<\/a><\/td>\n<td>ING. ARCH. ZDE\u0147KA HONZ\u00c1TKOV\u00c1<\/td>\n<\/tr>\n<tr>\n<td>486<\/td>\n<td>\u00c7ekya<\/td>\n<td>Plze\u0148<\/td>\n<td><a href=\"https:\/\/www.cka.cz\/cs\/svet-architektury\/seznam-architektu\/ing-arch-kodeda-oldrich\">00486 Old\u0159ich Kodeda<\/a><\/td>\n<td>ING. ARCH. OLD\u0158ICH KODEDA<\/td>\n<\/tr>\n<tr>\n<td>487<\/td>\n<td>\u00c7ekya<\/td>\n<td>Prag<\/td>\n<td><a href=\"https:\/\/www.cka.cz\/cs\/svet-architektury\/seznam-architektu\/ing-arch-monikova-olga\">00487 Olga Mon\u00edkov\u00e1<\/a><\/td>\n<td>ING. ARCH. OLGA MON\u00cdKOV\u00c1<\/td>\n<\/tr>\n<tr>\n<td>488<\/td>\n<td>\u00c7ekya<\/td>\n<td>Prag<\/td>\n<td><a href=\"https:\/\/www.cka.cz\/cs\/svet-architektury\/seznam-architektu\/ing-arch-paloch-vit\">00488 V\u00edt Paloch<\/a><\/td>\n<td>ING. ARCH. V\u00cdT PALOCH<\/td>\n<\/tr>\n<tr>\n<td>489<\/td>\n<td>\u00c7ekya<\/td>\n<td>Prag<\/td>\n<td><a href=\"https:\/\/www.cka.cz\/cs\/svet-architektury\/seznam-architektu\/ing-arch-dvorak-petr\">00489 Petr Dvo\u0159\u00e1k<\/a><\/td>\n<td>ING. ARCH. PETR DVO\u0158\u00c1K<\/td>\n<\/tr>\n<tr>\n<td>490<\/td>\n<td>\u00c7ekya<\/td>\n<td>\u010cesk\u00e1 L\u00edpa<\/td>\n<td><a href=\"https:\/\/www.cka.cz\/cs\/svet-architektury\/seznam-architektu\/ing-arch-pavljuk-miroslav\">00490 MIroslav Pavljuk<\/a><\/td>\n<td>ING. ARCH. MIROSLAV PAVLJUK<\/td>\n<\/tr>\n<tr>\n<td>491<\/td>\n<td>\u00c7ekya<\/td>\n<td>St\u0159edo\u010desk\u00fd kraj<\/td>\n<td><a href=\"https:\/\/www.cka.cz\/cs\/svet-architektury\/seznam-architektu\/akad-arch-horejsi-miroslav\">00491 Miroslav Ho\u0159ej\u0161\u00ed<\/a><\/td>\n<td>AKAD. ARCH. MIROSLAV HO\u0158EJ\u0160\u00cd<\/td>\n<\/tr>\n<tr>\n<td>492<\/td>\n<td>\u00c7ekya<\/td>\n<td>Prag<\/td>\n<td><a href=\"https:\/\/www.cka.cz\/cs\/svet-architektury\/seznam-architektu\/ing-arch-otevrel-lubos\">00492 Lubo\u0161 Otev\u0159el<\/a><\/td>\n<td>ING. ARCH. LUBO\u0160 OTEV\u0158EL<\/td>\n<\/tr>\n<tr>\n<td>493<\/td>\n<td>\u00c7ekya<\/td>\n<td>Labem<\/td>\n<td><a href=\"https:\/\/www.cka.cz\/cs\/svet-architektury\/seznam-architektu\/ing-arch-bima-pavel\">00493 Pavel B\u00edma<\/a><\/td>\n<td>ING. ARCH. PAVEL B\u00cdMA<\/td>\n<\/tr>\n<tr>\n<td>494<\/td>\n<td>\u00c7ekya<\/td>\n<td>Prag<\/td>\n<td><a href=\"https:\/\/www.cka.cz\/cs\/svet-architektury\/seznam-architektu\/ing-arch-dvorackova-vera\">00494 V\u011bra Dvo\u0159\u00e1\u010dkov\u00e1<\/a><\/td>\n<td>ING. ARCH. V\u011aRA DVO\u0158\u00c1\u010cKOV\u00c1<\/td>\n<\/tr>\n<tr>\n<td>495<\/td>\n<td>\u00c7ekya<\/td>\n<td>Prag<\/td>\n<td><a href=\"https:\/\/www.cka.cz\/cs\/svet-architektury\/seznam-architektu\/doc-ing-arch-welz-tomas-csc\">00495 Tom\u00e1\u0161 Welz<\/a><\/td>\n<td>DOC. ING. ARCH. TOM\u00c1\u0160 WELZ CSC.<\/td>\n<\/tr>\n<tr>\n<td>496<\/td>\n<td>\u00c7ekya<\/td>\n<td>Prag<\/td>\n<td><a href=\"https:\/\/www.cka.cz\/cs\/svet-architektury\/seznam-architektu\/ing-arch-houska-cestmir\">00496 \u010cestm\u00edr Houska<\/a><\/td>\n<td>ING. ARCH. \u010cESTM\u00cdR HOUSKA<\/td>\n<\/tr>\n<tr>\n<td>497<\/td>\n<td>\u00c7ekya<\/td>\n<td>Prag<\/td>\n<td><a href=\"https:\/\/www.cka.cz\/cs\/svet-architektury\/seznam-architektu\/ing-arch-justik-antonin\">00497 Anton\u00edn Ju\u0161t\u00edk<\/a><\/td>\n<td>ING. ARCH. ANTON\u00cdN JU\u0160T\u00cdK<\/td>\n<\/tr>\n<tr>\n<td>498<\/td>\n<td>\u00c7ekya<\/td>\n<td>Karlovy Vary<\/td>\n<td><a href=\"https:\/\/www.cka.cz\/cs\/svet-architektury\/seznam-architektu\/ing-arch-syrovy-vlastimil\">00498 Vlastimil Syrov\u00fd<\/a><\/td>\n<td>ING. ARCH. VLASTIMIL SYROV\u00dd<\/td>\n<\/tr>\n<tr>\n<td>499<\/td>\n<td>\u00c7ekya<\/td>\n<td>Drahovice<\/td>\n<td><a href=\"https:\/\/www.cka.cz\/cs\/svet-architektury\/seznam-architektu\/ing-arch-martinek-petr\">00499 Petr Mart\u00ednek<\/a><\/td>\n<td>ING. ARCH. PETR MART\u00cdNEK<\/td>\n<\/tr>\n<tr>\n<td>500<\/td>\n<td>\u00c7ekya<\/td>\n<td>Prag<\/td>\n<td><a href=\"https:\/\/www.cka.cz\/cs\/svet-architektury\/seznam-architektu\/ing-arch-kovarik-pavel\">00500 Pavel Kova\u0159\u00edk<\/a><\/td>\n<td>ING. ARCH. PAVEL KOVA\u0158\u00cdK<\/td>\n<\/tr>\n<tr>\n<td>501<\/td>\n<td>\u00c7ekya<\/td>\n<td>Trutnov<\/td>\n<td><a href=\"https:\/\/www.cka.cz\/cs\/svet-architektury\/seznam-architektu\/ing-arch-tomek-pavel\">00501 Pavel Tomek<\/a><\/td>\n<td>ING. ARCH. PAVEL TOMEK<\/td>\n<\/tr>\n<tr>\n<td>502<\/td>\n<td>\u00c7ekya<\/td>\n<td>Prag<\/td>\n<td><a href=\"https:\/\/www.cka.cz\/cs\/svet-architektury\/seznam-architektu\/ing-arch-sojka-miloslav\">00502 Miloslav Sojka<\/a><\/td>\n<td>AKAD. ARCH. MILOSLAV SOJKA<\/td>\n<\/tr>\n<tr>\n<td>503<\/td>\n<td>\u00c7ekya<\/td>\n<td>Ttrutnov<\/td>\n<td><a href=\"https:\/\/www.cka.cz\/cs\/svet-architektury\/seznam-architektu\/ing-arch-smilnicku-vladimir\">00503 Vladim\u00edr Smilnick\u00fd<\/a><\/td>\n<td>ING. ARCH. VLADIM\u00cdR SMILNICK\u00dd<\/td>\n<\/tr>\n<tr>\n<td>504<\/td>\n<td>\u00c7ekya<\/td>\n<td>Prag<\/td>\n<td><a href=\"https:\/\/www.cka.cz\/cs\/svet-architektury\/seznam-architektu\/ing-arch-smejkalova-dana\">00504 Dana \u0160mejkalov\u00e1<\/a><\/td>\n<td>ING. ARCH. DANA \u0160MEJKALOV\u00c1<\/td>\n<\/tr>\n<tr>\n<td>505<\/td>\n<td>\u00c7ekya<\/td>\n<td>Prag<\/td>\n<td><a href=\"https:\/\/www.cka.cz\/cs\/svet-architektury\/seznam-architektu\/ing-arch-gavlas-michal\">00505 Michal Gavlas<\/a><\/td>\n<td>ING. ARCH. MICHAL GAVLAS<\/td>\n<\/tr>\n<tr>\n<td>506<\/td>\n<td>\u00c7ekya<\/td>\n<td>Prag<\/td>\n<td><a href=\"https:\/\/www.cka.cz\/cs\/svet-architektury\/seznam-architektu\/ing-arch-holub-alexandr\">00506 Alexandr Holub<\/a><\/td>\n<td>ING. ARCH. ALEXANDR HOLUB<\/td>\n<\/tr>\n<tr>\n<td>507<\/td>\n<td>\u00c7ekya<\/td>\n<td>Unterbach<\/td>\n<td><a href=\"https:\/\/www.cka.cz\/cs\/svet-architektury\/seznam-architektu\/ing-arch-sacha-jan\">00507 Jan \u0160\u00e1cha<\/a><\/td>\n<td>ING. ARCH. JAN \u0160\u00c1CHA<\/td>\n<\/tr>\n<tr>\n<td>508<\/td>\n<td>\u00c7ekya<\/td>\n<td>Hradec Kr\u00e1lov\u00e9<\/td>\n<td><a href=\"https:\/\/www.cka.cz\/cs\/svet-architektury\/seznam-architektu\/ing-arch-hanus-zdenek\">00508 Zden\u011bk Hanu\u0161<\/a><\/td>\n<td>ING. ARCH. ZDEN\u011aK HANU\u0160<\/td>\n<\/tr>\n<tr>\n<td>509<\/td>\n<td>\u00c7ekya<\/td>\n<td>\u010cesk\u00e9 Bud\u011bjovice<\/td>\n<td><a href=\"https:\/\/www.cka.cz\/cs\/svet-architektury\/seznam-architektu\/ing-arch-hon-pavel\">00509 Pavel Hon<\/a><\/td>\n<td>ING. ARCH. PAVEL HON<\/td>\n<\/tr>\n<tr>\n<td>510<\/td>\n<td>\u00c7ekya<\/td>\n<td>Prag<\/td>\n<td><a href=\"https:\/\/www.cka.cz\/cs\/svet-architektury\/seznam-architektu\/ing-arch-kandl-vit\">00510 V\u00edt K\u00e1ndl<\/a><\/td>\n<td>ING. ARCH. V\u00cdT K\u00c1NDL<\/td>\n<\/tr>\n<tr>\n<td>511<\/td>\n<td>\u00c7ekya<\/td>\n<td>Hradec Kr\u00e1lov\u00e9<\/td>\n<td><a href=\"https:\/\/www.cka.cz\/cs\/svet-architektury\/seznam-architektu\/ing-arch-krejcik-jiri\">00511 Ji\u0159\u00ed Krej\u010d\u00edk<\/a><\/td>\n<td>ING. ARCH. JI\u0158\u00cd KREJ\u010c\u00cdK<\/td>\n<\/tr>\n<tr>\n<td>512<\/td>\n<td>\u00c7ekya<\/td>\n<td>Hradec Kr\u00e1lov\u00e9<\/td>\n<td><a href=\"https:\/\/www.cka.cz\/cs\/svet-architektury\/seznam-architektu\/ing-arch-semrad-oldrich\">00512 Old\u0159ich Semr\u00e1d<\/a><\/td>\n<td>ING. ARCH. OLD\u0158ICH SEMR\u00c1D<\/td>\n<\/tr>\n<tr>\n<td>513<\/td>\n<td>\u00c7ekya<\/td>\n<td>J\u00e1chymov<\/td>\n<td><a href=\"https:\/\/www.cka.cz\/cs\/svet-architektury\/seznam-architektu\/ing-arch-egert-jaroslav\">00513 Jaroslav Egert<\/a><\/td>\n<td>ING. ARCH. JAROSLAV EGERT<\/td>\n<\/tr>\n<tr>\n<td>514<\/td>\n<td>\u00c7ekya<\/td>\n<td>Prag<\/td>\n<td><a href=\"https:\/\/www.cka.cz\/cs\/svet-architektury\/seznam-architektu\/ing-arch-gattermayer-ondrej\">00514 Ond\u0159ej Gattermayer<\/a><\/td>\n<td>ING. ARCH. OND\u0158EJ GATTERMAYER<\/td>\n<\/tr>\n<tr>\n<td>515<\/td>\n<td>\u00c7ekya<\/td>\n<td>Prag<\/td>\n<td><a href=\"https:\/\/www.cka.cz\/cs\/svet-architektury\/seznam-architektu\/akad-arch-langr-adam\">00515 Adam Langr<\/a><\/td>\n<td>AKAD. ARCH. ADAM LANGR<\/td>\n<\/tr>\n<tr>\n<td>516<\/td>\n<td>\u00c7ekya<\/td>\n<td>Prag<\/td>\n<td><a href=\"https:\/\/www.cka.cz\/cs\/svet-architektury\/seznam-architektu\/ing-arch-jiroutek-jiri\">00516 Ji\u0159\u00ed Jiroutek<\/a><\/td>\n<td>ING. ARCH. JI\u0158\u00cd JIROUTEK<\/td>\n<\/tr>\n<tr>\n<td>517<\/td>\n<td>\u00c7ekya<\/td>\n<td>Prag<\/td>\n<td><a href=\"https:\/\/www.cka.cz\/cs\/svet-architektury\/seznam-architektu\/doc-ing-arch-kolarik-radek\">00517 Radek Kola\u0159\u00edk<\/a><\/td>\n<td>DOC. ING. ARCH. RADEK KOLA\u0158\u00cdK<\/td>\n<\/tr>\n<tr>\n<td>518<\/td>\n<td>\u00c7ekya<\/td>\n<td>Prag<\/td>\n<td><a href=\"https:\/\/www.cka.cz\/cs\/svet-architektury\/seznam-architektu\/ing-arch-haman-oleg\">00518 Oleg Haman<\/a><\/td>\n<td>ING. ARCH. OLEG HAMAN<\/td>\n<\/tr>\n<tr>\n<td>519<\/td>\n<td>\u00c7ekya<\/td>\n<td>Prag<\/td>\n<td><a href=\"https:\/\/www.cka.cz\/cs\/svet-architektury\/seznam-architektu\/ing-arch-maier-karel\">00519 Karel Maier<\/a><\/td>\n<td>ING. ARCH. KAREL MAIER<\/td>\n<\/tr>\n<tr>\n<td>520<\/td>\n<td>\u00c7ekya<\/td>\n<td>Zl\u00edn<\/td>\n<td><a href=\"https:\/\/www.cka.cz\/cs\/svet-architektury\/seznam-architektu\/ing-arch-simordova-jitka\">00520 Jitka \u0160imordov\u00e1<\/a><\/td>\n<td>ING. ARCH. JITKA \u0160IMORDOV\u00c1<\/td>\n<\/tr>\n<tr>\n<td>521<\/td>\n<td>\u00c7ekya<\/td>\n<td>Brno<\/td>\n<td><a href=\"https:\/\/www.cka.cz\/cs\/svet-architektury\/seznam-architektu\/ing-arch-povusilova-bohunka\">00521 Bohunka Pov\u00fd\u0161ilov\u00e1<\/a><\/td>\n<td>ING. ARCH. BOHUNKA POV\u00dd\u0160ILOV\u00c1<\/td>\n<\/tr>\n<tr>\n<td>522<\/td>\n<td>\u00c7ekya<\/td>\n<td>Ostrava<\/td>\n<td><a href=\"https:\/\/www.cka.cz\/cs\/svet-architektury\/seznam-architektu\/ing-arch-vitoulova-milena\">00522 Milena Vitoulov\u00e1<\/a><\/td>\n<td>ING. ARCH. MILENA VITOULOV\u00c1<\/td>\n<\/tr>\n<tr>\n<td>523<\/td>\n<td>\u00c7ekya<\/td>\n<td>Ostrava<\/td>\n<td><a href=\"https:\/\/www.cka.cz\/cs\/svet-architektury\/seznam-architektu\/ing-arch-haluza-jaroslav\">00523 Jaroslav Haluza<\/a><\/td>\n<td>ING. ARCH. JAROSLAV HALUZA<\/td>\n<\/tr>\n<tr>\n<td>524<\/td>\n<td>\u00c7ekya<\/td>\n<td>Opava<\/td>\n<td><a href=\"https:\/\/www.cka.cz\/cs\/svet-architektury\/seznam-architektu\/ing-arch-smarda-petr\">00524 Petr \u0160marda<\/a><\/td>\n<td>ING. ARCH. PETR \u0160MARDA<\/td>\n<\/tr>\n<tr>\n<td>525<\/td>\n<td>\u00c7ekya<\/td>\n<td>Opava<\/td>\n<td><a href=\"https:\/\/www.cka.cz\/cs\/svet-architektury\/seznam-architektu\/ing-arch-jancik-jaromir\">00525 Jarom\u00edr Jan\u010d\u00edk<\/a><\/td>\n<td>ING. ARCH. JAROM\u00cdR JAN\u010c\u00cdK<\/td>\n<\/tr>\n<tr>\n<td>526<\/td>\n<td>\u00c7ekya<\/td>\n<td>Lelekovice<\/td>\n<td><a href=\"https:\/\/www.cka.cz\/cs\/svet-architektury\/seznam-architektu\/ing-arch-stavinohova-magdalena\">00526 Magdalena Stavinohov\u00e1<\/a><\/td>\n<td>ING. ARCH. MAGDALENA STAVINOHOV\u00c1<\/td>\n<\/tr>\n<tr>\n<td>527<\/td>\n<td>\u00c7ekya<\/td>\n<td>Brno<\/td>\n<td><a href=\"https:\/\/www.cka.cz\/cs\/svet-architektury\/seznam-architektu\/ing-arch-cihelkova-jarmila\">00527 Jarmila Cihelkov\u00e1<\/a><\/td>\n<td>ING. ARCH. JARMILA CIHELKOV\u00c1<\/td>\n<\/tr>\n<tr>\n<td>528<\/td>\n<td>\u00c7ekya<\/td>\n<td>Olomouc<\/td>\n<td><a href=\"https:\/\/www.cka.cz\/cs\/svet-architektury\/seznam-architektu\/ing-arch-benda-david\">00528 David Benda<\/a><\/td>\n<td>ING. ARCH. DAVID BENDA<\/td>\n<\/tr>\n<tr>\n<td>529<\/td>\n<td>\u00c7ekya<\/td>\n<td>M\u00edstek<\/td>\n<td><a href=\"https:\/\/www.cka.cz\/cs\/svet-architektury\/seznam-architektu\/ing-arch-zezula-kamil\">00529 Kamil Zezula<\/a><\/td>\n<td>ING. ARCH. KAMIL ZEZULA<\/td>\n<\/tr>\n<tr>\n<td>530<\/td>\n<td>\u00c7ekya<\/td>\n<td>Mari\u00e1nsk\u00e9 L\u00e1zn\u011b<\/td>\n<td><a href=\"https:\/\/www.cka.cz\/cs\/svet-architektury\/seznam-architektu\/ing-arch-urbanec-dalibor\">00530 Dalibor Urbanec<\/a><\/td>\n<td>ING. ARCH. DALIBOR URBANEC<\/td>\n<\/tr>\n<tr>\n<td>531<\/td>\n<td>\u00c7ekya<\/td>\n<td>Hradec Kr\u00e1lov\u00e9<\/td>\n<td><a href=\"https:\/\/www.cka.cz\/cs\/svet-architektury\/seznam-architektu\/ing-arch-toman-libor\">00531 Libor Toman<\/a><\/td>\n<td>ING. ARCH. LIBOR TOMAN<\/td>\n<\/tr>\n<tr>\n<td>532<\/td>\n<td>\u00c7ekya<\/td>\n<td>Dob\u0159\u00ed\u0161<\/td>\n<td><a href=\"https:\/\/www.cka.cz\/cs\/svet-architektury\/seznam-architektu\/ing-arch-cvrcek-karel\">00532 Karel Cvr\u010dek<\/a><\/td>\n<td>ING. ARCH. KAREL CVR\u010cEK<\/td>\n<\/tr>\n<tr>\n<td>533<\/td>\n<td>\u00c7ekya<\/td>\n<td>Prag<\/td>\n<td><a href=\"https:\/\/www.cka.cz\/cs\/svet-architektury\/seznam-architektu\/ing-arch-malinsky-petr\">00533 Petr Malinsk\u00fd<\/a><\/td>\n<td>ING. ARCH. PETR MALINSK\u00dd<\/td>\n<\/tr>\n<tr>\n<td>534<\/td>\n<td>\u00c7ekya<\/td>\n<td>Prag<\/td>\n<td><a href=\"https:\/\/www.cka.cz\/cs\/svet-architektury\/seznam-architektu\/ing-arch-korenu-petr\">00534 Petr Ko\u0159en\u00fd<\/a><\/td>\n<td>ING. ARCH. PETR KO\u0158EN\u00dd<\/td>\n<\/tr>\n<tr>\n<td>535<\/td>\n<td>\u00c7ekya<\/td>\n<td>Prag<\/td>\n<td><a href=\"https:\/\/www.cka.cz\/cs\/svet-architektury\/seznam-architektu\/ing-arch-netscher-jan\">00535 Jan Netscher<\/a><\/td>\n<td>ING. ARCH. JAN NETSCHER<\/td>\n<\/tr>\n<tr>\n<td>536<\/td>\n<td>\u00c7ekya<\/td>\n<td>Prag<\/td>\n<td><a href=\"https:\/\/www.cka.cz\/cs\/svet-architektury\/seznam-architektu\/ing-arch-houba-matous\">00536 Matou\u0161 Houba<\/a><\/td>\n<td>ING. ARCH. MATOU\u0160 HOUBA<\/td>\n<\/tr>\n<tr>\n<td>537<\/td>\n<td>\u00c7ekya<\/td>\n<td>Prag<\/td>\n<td><a href=\"https:\/\/www.cka.cz\/cs\/svet-architektury\/seznam-architektu\/ing-arch-pesek-miroslav\">00537 Miroslav Pe\u0161ek<\/a><\/td>\n<td>ING. ARCH. MIROSLAV PE\u0160EK<\/td>\n<\/tr>\n<tr>\n<td>538<\/td>\n<td>\u00c7ekya<\/td>\n<td>Prag<\/td>\n<td><a href=\"https:\/\/www.cka.cz\/cs\/svet-architektury\/seznam-architektu\/doc-ing-arch-vanek-jan-csc\">00538 Jan Van\u011bk<\/a><\/td>\n<td>DOC. ING. ARCH. JAN VAN\u011aK CSC.<\/td>\n<\/tr>\n<tr>\n<td>539<\/td>\n<td>\u00c7ekya<\/td>\n<td>Prag<\/td>\n<td><a href=\"https:\/\/www.cka.cz\/cs\/svet-architektury\/seznam-architektu\/ing-arch-kocka-ivan\">00539 Ivan Kocka<\/a><\/td>\n<td>ING. ARCH. IVAN KOCKA<\/td>\n<\/tr>\n<tr>\n<td>540<\/td>\n<td>\u00c7ekya<\/td>\n<td>Prag<\/td>\n<td><a href=\"https:\/\/www.cka.cz\/cs\/svet-architektury\/seznam-architektu\/ing-arch-smolik-michal\">00540 Michal \u0160mol\u00edk<\/a><\/td>\n<td>ING. ARCH. MICHAL \u0160MOL\u00cdK<\/td>\n<\/tr>\n<tr>\n<td>541<\/td>\n<td>\u00c7ekya<\/td>\n<td>Prag<\/td>\n<td><a href=\"https:\/\/www.cka.cz\/cs\/svet-architektury\/seznam-architektu\/ing-arch-baroch-vaclav\">00541 V\u00e1clav Baroch<\/a><\/td>\n<td>ING. ARCH. V\u00c1CLAV BAROCH<\/td>\n<\/tr>\n<tr>\n<td>542<\/td>\n<td>\u00c7ekya<\/td>\n<td>Prag<\/td>\n<td><a href=\"https:\/\/www.cka.cz\/cs\/svet-architektury\/seznam-architektu\/ing-arch-houda-ales\">00542 Ale\u0161 Houda<\/a><\/td>\n<td>ING. ARCH. ALE\u0160 HOUDA<\/td>\n<\/tr>\n<tr>\n<td>543<\/td>\n<td>\u00c7ekya<\/td>\n<td>Prag<\/td>\n<td><a href=\"https:\/\/www.cka.cz\/cs\/svet-architektury\/seznam-architektu\/ing-arch-horejsi-ivan\">00543 Ivan Ho\u0159ej\u0161\u00ed<\/a><\/td>\n<td>ING. ARCH. IVAN HO\u0158EJ\u0160\u00cd<\/td>\n<\/tr>\n<tr>\n<td>544<\/td>\n<td>\u00c7ekya<\/td>\n<td>Prag<\/td>\n<td><a href=\"https:\/\/www.cka.cz\/cs\/svet-architektury\/seznam-architektu\/ing-arch-psenicka-zbynek\">00544 Zbyn\u011bk P\u0161eni\u010dka<\/a><\/td>\n<td>ING. ARCH. ZBYN\u011aK P\u0160ENI\u010cKA<\/td>\n<\/tr>\n<tr>\n<td>545<\/td>\n<td>\u00c7ekya<\/td>\n<td>Prag<\/td>\n<td><a href=\"https:\/\/www.cka.cz\/cs\/svet-architektury\/seznam-architektu\/ing-arch-fruhauf-alois\">00545 Alois Fr\u00fchauf<\/a><\/td>\n<td>ING. ARCH. ALOIS FR\u00dcHAUF<\/td>\n<\/tr>\n<tr>\n<td>546<\/td>\n<td>\u00c7ekya<\/td>\n<td>L\u00ed\u0161\u0165any<\/td>\n<td><a href=\"https:\/\/www.cka.cz\/cs\/svet-architektury\/seznam-architektu\/ing-arch-lanyova-alena\">00546 Alena L\u00e1nyov\u00e1<\/a><\/td>\n<td>ING. ARCH. ALENA L\u00c1NYOV\u00c1<\/td>\n<\/tr>\n<tr>\n<td>547<\/td>\n<td>\u00c7ekya<\/td>\n<td>\u010cesk\u00e9 Bud\u011bjovice<\/td>\n<td><a href=\"https:\/\/www.cka.cz\/cs\/svet-architektury\/seznam-architektu\/ing-arch-vubornu-pavel\">00547 Pavel V\u00fdborn\u00fd<\/a><\/td>\n<td>ING. ARCH. PAVEL V\u00ddBORN\u00dd<\/td>\n<\/tr>\n<tr>\n<td>548<\/td>\n<td>\u00c7ekya<\/td>\n<td>Zl\u00edn<\/td>\n<td><a href=\"https:\/\/www.cka.cz\/cs\/svet-architektury\/seznam-architektu\/ing-arch-dujka-vladimir\">00548 Vladim\u00edr Dujka<\/a><\/td>\n<td>ING. ARCH. VLADIM\u00cdR DUJKA<\/td>\n<\/tr>\n<tr>\n<td>549<\/td>\n<td>\u00c7ekya<\/td>\n<td>Ostrava<\/td>\n<td><a href=\"https:\/\/www.cka.cz\/cs\/svet-architektury\/seznam-architektu\/ing-arch-cvanda-petr\">00549 Petr \u010cvanda<\/a><\/td>\n<td>ING. ARCH. PETR \u010cVANDA<\/td>\n<\/tr>\n<tr>\n<td>550<\/td>\n<td>\u00c7ekya<\/td>\n<td>Jihlava<\/td>\n<td><a href=\"https:\/\/www.cka.cz\/cs\/svet-architektury\/seznam-architektu\/ing-arch-fousek-pavel\">00550 Pavel Fousek<\/a><\/td>\n<td>ING. ARCH. PAVEL FOUSEK<\/td>\n<\/tr>\n<tr>\n<td>551<\/td>\n<td>\u00c7ekya<\/td>\n<td>Jihlava<\/td>\n<td><a href=\"https:\/\/www.cka.cz\/cs\/svet-architektury\/seznam-architektu\/ing-arch-vonavka-petr\">00551 Petr Vo\u0148avka<\/a><\/td>\n<td>ING. ARCH. PETR VO\u0147AVKA<\/td>\n<\/tr>\n<tr>\n<td>552<\/td>\n<td>\u00c7ekya<\/td>\n<td>Brno<\/td>\n<td><a href=\"https:\/\/www.cka.cz\/cs\/svet-architektury\/seznam-architektu\/ing-arch-seibert-emil\">00552 Emil Seibert<\/a><\/td>\n<td>ING. ARCH. EMIL SEIBERT<\/td>\n<\/tr>\n<tr>\n<td>553<\/td>\n<td>\u00c7ekya<\/td>\n<td>Pardubice<\/td>\n<td><a href=\"https:\/\/www.cka.cz\/cs\/svet-architektury\/seznam-architektu\/ing-arch-kamenicka-michaela\">00553 Michaela Kamenick\u00e1<\/a><\/td>\n<td>ING. ARCH. MICHAELA KAMENICK\u00c1<\/td>\n<\/tr>\n<tr>\n<td>554<\/td>\n<td>\u00c7ekya<\/td>\n<td>Znojmo<\/td>\n<td><a href=\"https:\/\/www.cka.cz\/cs\/svet-architektury\/seznam-architektu\/ing-arch-orsiniova-natasa\">00554 Nata\u0161a Orsinov\u00e1<\/a><\/td>\n<td>ING. ARCH. NATA\u0160A ORSINOV\u00c1<\/td>\n<\/tr>\n<tr>\n<td>555<\/td>\n<td>\u00c7ekya<\/td>\n<td>Horom\u011b\u0159ice<\/td>\n<td><a href=\"https:\/\/www.cka.cz\/cs\/svet-architektury\/seznam-architektu\/akad-arch-hruschka-jan\">00555 Jan Hruschka<\/a><\/td>\n<td>AKAD. ARCH. JAN HRUSCHKA<\/td>\n<\/tr>\n<tr>\n<td>556<\/td>\n<td>\u00c7ekya<\/td>\n<td>Prag<\/td>\n<td><a href=\"https:\/\/www.cka.cz\/cs\/svet-architektury\/seznam-architektu\/akad-arch-jansa-milan\">00556 Milan Jansa<\/a><\/td>\n<td>AKAD. ARCH. MILAN JANSA<\/td>\n<\/tr>\n<tr>\n<td>557<\/td>\n<td>\u00c7ekya<\/td>\n<td>Prag<\/td>\n<td><a href=\"https:\/\/www.cka.cz\/cs\/svet-architektury\/seznam-architektu\/ing-arch-synovec-milos\">00557 Milo\u0161 Synovec<\/a><\/td>\n<td>ING. ARCH. MILO\u0160 SYNOVEC<\/td>\n<\/tr>\n<tr>\n<td>558<\/td>\n<td>\u00c7ekya<\/td>\n<td>Prag<\/td>\n<td><a href=\"https:\/\/www.cka.cz\/cs\/svet-architektury\/seznam-architektu\/ing-arch-hronova-hedvika\">00558 Hedvika Hronov\u00e1<\/a><\/td>\n<td>ING. ARCH. HEDVIKA HRONOV\u00c1<\/td>\n<\/tr>\n<tr>\n<td>559<\/td>\n<td>\u00c7ekya<\/td>\n<td>Prag<\/td>\n<td><a href=\"https:\/\/www.cka.cz\/cs\/svet-architektury\/seznam-architektu\/ing-arch-koutsku-karel\">00559 Karel Koutsk\u00fd<\/a><\/td>\n<td>ING. ARCH. KAREL KOUTSK\u00dd<\/td>\n<\/tr>\n<tr>\n<td>560<\/td>\n<td>\u00c7ekya<\/td>\n<td>Prag<\/td>\n<td><a href=\"https:\/\/www.cka.cz\/cs\/svet-architektury\/seznam-architektu\/doc-ing-arch-kotas-patrik\">00560 Patrik Kotas<\/a><\/td>\n<td>DOC. ING. ARCH. PATRIK KOTAS<\/td>\n<\/tr>\n<tr>\n<td>561<\/td>\n<td>\u00c7ekya<\/td>\n<td>Prag<\/td>\n<td><a href=\"https:\/\/www.cka.cz\/cs\/svet-architektury\/seznam-architektu\/ing-arch-dlabal-david\">00561 David Dlabal<\/a><\/td>\n<td>ING. ARCH. DAVID DLABAL<\/td>\n<\/tr>\n<tr>\n<td>562<\/td>\n<td>\u00c7ekya<\/td>\n<td>\u0158\u00ed\u010dany<\/td>\n<td><a href=\"https:\/\/www.cka.cz\/cs\/svet-architektury\/seznam-architektu\/ing-arch-podhajsky-tomas\">00562 Tom\u00e1\u0161 Podhajsk\u00fd<\/a><\/td>\n<td>ING. ARCH. TOM\u00c1\u0160 PODHAJSK\u00dd<\/td>\n<\/tr>\n<tr>\n<td>563<\/td>\n<td>\u00c7ekya<\/td>\n<td>Prag<\/td>\n<td><a href=\"https:\/\/www.cka.cz\/cs\/svet-architektury\/seznam-architektu\/ing-arch-nigrinova-milena\">00563 Milena Nigrinov\u00e1<\/a><\/td>\n<td>ING. ARCH. MILENA NIGRINOV\u00c1<\/td>\n<\/tr>\n<tr>\n<td>564<\/td>\n<td>\u00c7ekya<\/td>\n<td>Prag<\/td>\n<td><a href=\"https:\/\/www.cka.cz\/cs\/svet-architektury\/seznam-architektu\/ing-arch-matejovsky-lukas\">00564 Luk\u00e1\u0161 Mat\u011bjovsk\u00fd<\/a><\/td>\n<td>ING. ARCH. LUK\u00c1\u0160 MAT\u011aJOVSK\u00dd<\/td>\n<\/tr>\n<tr>\n<td>565<\/td>\n<td>\u00c7ekya<\/td>\n<td>Prag<\/td>\n<td><a href=\"https:\/\/www.cka.cz\/cs\/svet-architektury\/seznam-architektu\/ing-arch-cerny-radko\">00565 Radko \u010cern\u00fd<\/a><\/td>\n<td>ING. ARCH. RADKO \u010cERN\u00dd<\/td>\n<\/tr>\n<tr>\n<td>566<\/td>\n<td>\u00c7ekya<\/td>\n<td>Prag<\/td>\n<td><a href=\"https:\/\/www.cka.cz\/cs\/svet-architektury\/seznam-architektu\/ing-arch-sedlon-josef\">00566 Josef Sedlo\u0148<\/a><\/td>\n<td>ING. ARCH. JOSEF SEDLO\u0147<\/td>\n<\/tr>\n<tr>\n<td>567<\/td>\n<td>\u00c7ekya<\/td>\n<td>Prag<\/td>\n<td><a href=\"https:\/\/www.cka.cz\/cs\/svet-architektury\/seznam-architektu\/ing-arch-masek-petr\">00567 Petr Ma\u0161ek<\/a><\/td>\n<td>ING. ARCH. PETR MA\u0160EK<\/td>\n<\/tr>\n<tr>\n<td>568<\/td>\n<td>\u00c7ekya<\/td>\n<td>Prag<\/td>\n<td><a href=\"https:\/\/www.cka.cz\/cs\/svet-architektury\/seznam-architektu\/ing-arch-gotz-jiri\">00568 Ji\u0159\u00ed Gotz<\/a><\/td>\n<td>ING. ARCH. JI\u0158\u00cd GOTZ<\/td>\n<\/tr>\n<tr>\n<td>569<\/td>\n<td>\u00c7ekya<\/td>\n<td>Prag<\/td>\n<td><a href=\"https:\/\/www.cka.cz\/cs\/svet-architektury\/seznam-architektu\/ing-arch-gotzova-dagmar\">00569 Dagmar G\u00f6tzov\u00e1<\/a><\/td>\n<td>ING. ARCH. DAGMAR G\u00d6TZOV\u00c1<\/td>\n<\/tr>\n<tr>\n<td>570<\/td>\n<td>\u00c7ekya<\/td>\n<td>Prag<\/td>\n<td><a href=\"https:\/\/www.cka.cz\/cs\/svet-architektury\/seznam-architektu\/ing-arch-pribyl-lubomir\">00570 Lubom\u00edr P\u0159ibyl<\/a><\/td>\n<td>ING. ARCH. LUBOM\u00cdR P\u0158IBYL<\/td>\n<\/tr>\n<tr>\n<td>571<\/td>\n<td>\u00c7ekya<\/td>\n<td>Prag<\/td>\n<td><a href=\"https:\/\/www.cka.cz\/cs\/svet-architektury\/seznam-architektu\/ing-arch-kasparova-marie\">00571 Marie Ka\u0161parov\u00e1<\/a><\/td>\n<td>ING. ARCH. MARIE KA\u0160PAROV\u00c1<\/td>\n<\/tr>\n<tr>\n<td>572<\/td>\n<td>\u00c7ekya<\/td>\n<td>Kralovice<\/td>\n<td><a href=\"https:\/\/www.cka.cz\/cs\/svet-architektury\/seznam-architektu\/ing-arch-hammerschmied-jan\">00572 Jan Hammerschmied<\/a><\/td>\n<td>ING. ARCH. JAN HAMMERSCHMIED<\/td>\n<\/tr>\n<tr>\n<td>573<\/td>\n<td>\u00c7ekya<\/td>\n<td>Prag<\/td>\n<td><a href=\"https:\/\/www.cka.cz\/cs\/svet-architektury\/seznam-architektu\/prof-ing-arch-navratil-arnost-csc\">00573 Arno\u0161t Navr\u00e1til<\/a><\/td>\n<td>PROF. ING. ARCH. ARNO\u0160T NAVR\u00c1TIL CSC.<\/td>\n<\/tr>\n<tr>\n<td>574<\/td>\n<td>\u00c7ekya<\/td>\n<td>Prag<\/td>\n<td><a href=\"https:\/\/www.cka.cz\/cs\/svet-architektury\/seznam-architektu\/doc-ing-arch-kopriva-milos\">00574 Milo\u0161 Kop\u0159iva<\/a><\/td>\n<td>PROF. ING. ARCH. MILO\u0160 KOP\u0158IVA<\/td>\n<\/tr>\n<tr>\n<td>575<\/td>\n<td>\u00c7ekya<\/td>\n<td>Prag<\/td>\n<td><a href=\"https:\/\/www.cka.cz\/cs\/svet-architektury\/seznam-architektu\/ing-arch-kaplanova-jarmila\">00575 Jarmila Kaplanov\u00e1<\/a><\/td>\n<td>ING. ARCH. JARMILA KAPLANOV\u00c1<\/td>\n<\/tr>\n<tr>\n<td>576<\/td>\n<td>\u00c7ekya<\/td>\n<td>Prag<\/td>\n<td><a href=\"https:\/\/www.cka.cz\/cs\/svet-architektury\/seznam-architektu\/ing-arch-kaplan-ivan\">00576 Ivan Kaplan<\/a><\/td>\n<td>ING. ARCH. IVAN KAPLAN<\/td>\n<\/tr>\n<tr>\n<td>577<\/td>\n<td>\u00c7ekya<\/td>\n<td>Prag<\/td>\n<td><a href=\"https:\/\/www.cka.cz\/cs\/svet-architektury\/seznam-architektu\/ing-arch-vrzal-jiri\">00577 Ji\u0159\u00ed Vrzal<\/a><\/td>\n<td>ING. ARCH. JI\u0158\u00cd VRZAL<\/td>\n<\/tr>\n<tr>\n<td>578<\/td>\n<td>\u00c7ekya<\/td>\n<td>Prag<\/td>\n<td><a href=\"https:\/\/www.cka.cz\/cs\/svet-architektury\/seznam-architektu\/ing-akad-arch-krejci-petr\">00578 Petr Krej\u010d\u00ed<\/a><\/td>\n<td>ING. AKAD. ARCH. PETR KREJ\u010c\u00cd<\/td>\n<\/tr>\n<tr>\n<td>579<\/td>\n<td>\u00c7ekya<\/td>\n<td>Velk\u00e9 P\u0159\u00edlepy<\/td>\n<td><a href=\"https:\/\/www.cka.cz\/cs\/svet-architektury\/seznam-architektu\/ing-arch-pivonka-ludvik\">00579 Ludv\u00edk Pivo\u0148ka<\/a><\/td>\n<td>ING. ARCH. LUDV\u00cdK PIVO\u0147KA<\/td>\n<\/tr>\n<tr>\n<td>580<\/td>\n<td>\u00c7ekya<\/td>\n<td>Prag<\/td>\n<td><a href=\"https:\/\/www.cka.cz\/cs\/svet-architektury\/seznam-architektu\/ing-arch-david-josef\">00580 Josef David<\/a><\/td>\n<td>ING. ARCH. JOSEF DAVID<\/td>\n<\/tr>\n<tr>\n<td>581<\/td>\n<td>\u00c7ekya<\/td>\n<td>Hradec Kr\u00e1lov\u00e9<\/td>\n<td><a href=\"https:\/\/www.cka.cz\/cs\/svet-architektury\/seznam-architektu\/ing-arch-vasata-zdenek\">00581 Zden\u011bk Va\u0161ata<\/a><\/td>\n<td>ING. ARCH. ZDEN\u011aK VA\u0160ATA<\/td>\n<\/tr>\n<tr>\n<td>582<\/td>\n<td>\u00c7ekya<\/td>\n<td>\u010cesk\u00e9 Bud\u011bjovice<\/td>\n<td><a href=\"https:\/\/www.cka.cz\/cs\/svet-architektury\/seznam-architektu\/ing-arch-malec-antonin-1\">00582 Anton\u00edn Malec<\/a><\/td>\n<td>ING. ARCH. ANTON\u00cdN MALEC<\/td>\n<\/tr>\n<tr>\n<td>583<\/td>\n<td>\u00c7ekya<\/td>\n<td>Prag<\/td>\n<td><a href=\"https:\/\/www.cka.cz\/cs\/svet-architektury\/seznam-architektu\/ing-arch-dvorak-danes\">00583 Dane\u0161 Dvo\u0159\u00e1k<\/a><\/td>\n<td>ING. ARCH. DANE\u0160 DVO\u0158\u00c1K<\/td>\n<\/tr>\n<tr>\n<td>584<\/td>\n<td>\u00c7ekya<\/td>\n<td>\u010cesk\u00e9 Bud\u011bjovice<\/td>\n<td><a href=\"https:\/\/www.cka.cz\/cs\/svet-architektury\/seznam-architektu\/ing-arch-malec-martin\">00584 Martin Malec<\/a><\/td>\n<td>ING. ARCH. MARTIN MALEC<\/td>\n<\/tr>\n<tr>\n<td>585<\/td>\n<td>\u00c7ekya<\/td>\n<td>Mlad\u00e1 Bolesla<\/td>\n<td><a href=\"https:\/\/www.cka.cz\/cs\/svet-architektury\/seznam-architektu\/ing-arch-kucera-vladimir\">00585 Vladim\u00edr Ku\u010dera<\/a><\/td>\n<td>ING. ARCH. VLADIM\u00cdR KU\u010cERA<\/td>\n<\/tr>\n<tr>\n<td>586<\/td>\n<td>\u00c7ekya<\/td>\n<td>Prag<\/td>\n<td><a href=\"https:\/\/www.cka.cz\/cs\/svet-architektury\/seznam-architektu\/ing-arch-vokrouhlecka-hana\">00586 Hana Vokrouhleck\u00e1<\/a><\/td>\n<td>ING. ARCH. HANA VOKROUHLECK\u00c1<\/td>\n<\/tr>\n<tr>\n<td>587<\/td>\n<td>\u00c7ekya<\/td>\n<td>Vyso\u010dina<\/td>\n<td><a href=\"https:\/\/www.cka.cz\/cs\/svet-architektury\/seznam-architektu\/ing-arch-kyncl-pavel\">00587 Pavel Kyncl<\/a><\/td>\n<td>ING. ARCH. PAVEL KYNCL<\/td>\n<\/tr>\n<tr>\n<td>588<\/td>\n<td>\u00c7ekya<\/td>\n<td>Prag<\/td>\n<td><a href=\"https:\/\/www.cka.cz\/cs\/svet-architektury\/seznam-architektu\/ing-arch-dandova-magdalena\">00588 Magdalena Dandov\u00e1<\/a><\/td>\n<td>ING. ARCH. MAGDALENA DANDOV\u00c1<\/td>\n<\/tr>\n<tr>\n<td>589<\/td>\n<td>\u00c7ekya<\/td>\n<td>Prag<\/td>\n<td><a href=\"https:\/\/www.cka.cz\/cs\/svet-architektury\/seznam-architektu\/ing-arch-knejp-jaromir\">00589 Jarom\u00edr Knejp<\/a><\/td>\n<td>ING. ARCH. JAROM\u00cdR KNEJP<\/td>\n<\/tr>\n<tr>\n<td>590<\/td>\n<td>\u00c7ekya<\/td>\n<td>\u010cesk\u00e9 Bud\u011bjovice<\/td>\n<td><a href=\"https:\/\/www.cka.cz\/cs\/svet-architektury\/seznam-architektu\/ing-arch-hlousek-alois\">00590 Alois Hlou\u0161ek<\/a><\/td>\n<td>ING. ARCH. ALOIS HLOU\u0160EK<\/td>\n<\/tr>\n<tr>\n<td>591<\/td>\n<td>\u00c7ekya<\/td>\n<td>Prag<\/td>\n<td><a href=\"https:\/\/www.cka.cz\/cs\/svet-architektury\/seznam-architektu\/akad-arch-uhlir-vladimir\">00591 Vladim\u00edr Uhl\u00ed\u0159<\/a><\/td>\n<td>AKAD. ARCH. VLADIM\u00cdR UHL\u00cd\u0158<\/td>\n<\/tr>\n<tr>\n<td>592<\/td>\n<td>\u00c7ekya<\/td>\n<td>\u017datec<\/td>\n<td><a href=\"https:\/\/www.cka.cz\/cs\/svet-architektury\/seznam-architektu\/ing-arch-vanicek-jiri\">00592 Ji\u0159\u00ed Van\u00ed\u010dek<\/a><\/td>\n<td>ING. ARCH. JI\u0158\u00cd VAN\u00cd\u010cEK<\/td>\n<\/tr>\n<tr>\n<td>593<\/td>\n<td>\u00c7ekya<\/td>\n<td>V\u0161estudy<\/td>\n<td><a href=\"https:\/\/www.cka.cz\/cs\/svet-architektury\/seznam-architektu\/ing-arch-hanl-jiri\">00593 Ji\u0159\u00ed H\u00e1nl<\/a><\/td>\n<td>ING. ARCH. JI\u0158\u00cd H\u00c1NL<\/td>\n<\/tr>\n<tr>\n<td>594<\/td>\n<td>\u00c7ekya<\/td>\n<td>Prag<\/td>\n<td><a href=\"https:\/\/www.cka.cz\/cs\/svet-architektury\/seznam-architektu\/ing-arch-ehl-jiri\">00594 Ji\u0159\u00ed Ehl<\/a><\/td>\n<td>ING. ARCH. JI\u0158\u00cd EHL<\/td>\n<\/tr>\n<tr>\n<td>595<\/td>\n<td>\u00c7ekya<\/td>\n<td>Nov\u00fd Bor<\/td>\n<td><a href=\"https:\/\/www.cka.cz\/cs\/svet-architektury\/seznam-architektu\/ing-arch-knakal-jiri\">00595 Ji\u0159\u00ed K\u0148\u00e1kal<\/a><\/td>\n<td>ING. ARCH. JI\u0158\u00cd K\u0147\u00c1KAL<\/td>\n<\/tr>\n<tr>\n<td>596<\/td>\n<td>\u00c7ekya<\/td>\n<td>Prag<\/td>\n<td><a href=\"https:\/\/www.cka.cz\/cs\/svet-architektury\/seznam-architektu\/ing-arch-valouch-klement\">00596 Klement Valouch<\/a><\/td>\n<td>ING. ARCH. KLEMENT VALOUCH<\/td>\n<\/tr>\n<tr>\n<td>597<\/td>\n<td>\u00c7ekya<\/td>\n<td>Rokycany<\/td>\n<td><a href=\"https:\/\/www.cka.cz\/cs\/svet-architektury\/seznam-architektu\/ing-arch-lukes-milan\">00597 Milan Luke\u0161<\/a><\/td>\n<td>ING. ARCH. MILAN LUKE\u0160<\/td>\n<\/tr>\n<tr>\n<td>598<\/td>\n<td>\u00c7ekya<\/td>\n<td>Prag<\/td>\n<td><a href=\"https:\/\/www.cka.cz\/cs\/svet-architektury\/seznam-architektu\/ing-arch-dohnalova-daniela\">00598 Daniela Dohnalov\u00e1<\/a><\/td>\n<td>ING. ARCH. DANIELA DOHNALOV\u00c1<\/td>\n<\/tr>\n<tr>\n<td>599<\/td>\n<td>\u00c7ekya<\/td>\n<td>Pardubice<\/td>\n<td><a href=\"https:\/\/www.cka.cz\/cs\/svet-architektury\/seznam-architektu\/ing-arch-mensik-jaroslav\">00599 Jaroslav Men\u0161\u00edk<\/a><\/td>\n<td>ING. ARCH. JAROSLAV MEN\u0160\u00cdK<\/td>\n<\/tr>\n<tr>\n<td>600<\/td>\n<td>\u00c7ekya<\/td>\n<td>Ok\u0159\u00ed\u0161ky<\/td>\n<td><a href=\"https:\/\/www.cka.cz\/cs\/svet-architektury\/seznam-architektu\/ing-arch-velc-milan\">00600 Milan Velc<\/a><\/td>\n<td>ING. ARCH. MILAN VELC<\/td>\n<\/tr>\n<tr>\n<td>601<\/td>\n<td>\u00c7ekya<\/td>\n<td>Zl\u00edn<\/td>\n<td><a href=\"https:\/\/www.cka.cz\/cs\/svet-architektury\/seznam-architektu\/ing-arch-haluzik-zdenek\">00601 Zden\u011bk Haluz\u00edk<\/a><\/td>\n<td>ING. ARCH. ZDEN\u011aK HALUZ\u00cdK<\/td>\n<\/tr>\n<tr>\n<td>602<\/td>\n<td>\u00c7ekya<\/td>\n<td>Prag<\/td>\n<td><a href=\"https:\/\/www.cka.cz\/cs\/svet-architektury\/seznam-architektu\/ing-arch-lhotak-zdenek\">00602 Zden\u011bk Lhot\u00e1k<\/a><\/td>\n<td>ING. ARCH. ZDEN\u011aK LHOT\u00c1K<\/td>\n<\/tr>\n<tr>\n<td>603<\/td>\n<td>\u00c7ekya<\/td>\n<td>Liberec<\/td>\n<td><a href=\"https:\/\/www.cka.cz\/cs\/svet-architektury\/seznam-architektu\/ing-arch-zrnik-milan\">00603 Milan Zrn\u00edk<\/a><\/td>\n<td>ING. ARCH. MILAN ZRN\u00cdK<\/td>\n<\/tr>\n<tr>\n<td>604<\/td>\n<td>\u00c7ekya<\/td>\n<td>Prag<\/td>\n<td><a href=\"https:\/\/www.cka.cz\/cs\/svet-architektury\/seznam-architektu\/ing-arch-pav-petr\">00604 Petr P\u00e1v<\/a><\/td>\n<td>ING. ARCH. PETR P\u00c1V<\/td>\n<\/tr>\n<tr>\n<td>605<\/td>\n<td>\u00c7ekya<\/td>\n<td>\u010cesk\u00e9 Bud\u011bjovice<\/td>\n<td><a href=\"https:\/\/www.cka.cz\/cs\/svet-architektury\/seznam-architektu\/ing-arch-petrlik-frantisek\">00605 Franti\u0161ek Petrl\u00edk<\/a><\/td>\n<td>ING. ARCH. FRANTI\u0160EK PETRL\u00cdK<\/td>\n<\/tr>\n<tr>\n<td>606<\/td>\n<td>\u00c7ekya<\/td>\n<td>Machov<\/td>\n<td><a href=\"https:\/\/www.cka.cz\/cs\/svet-architektury\/seznam-architektu\/ing-arch-jirasek-tomas\">00606 Tom\u00e1\u0161 Jir\u00e1sek<\/a><\/td>\n<td>ING. ARCH. TOM\u00c1\u0160 JIR\u00c1SEK<\/td>\n<\/tr>\n<tr>\n<td>607<\/td>\n<td>\u00c7ekya<\/td>\n<td>Prag<\/td>\n<td><a href=\"https:\/\/www.cka.cz\/cs\/svet-architektury\/seznam-architektu\/ing-arch-michalek-jiri-csc\">00607 Ji\u0159\u00ed Mich\u00e1lek<\/a><\/td>\n<td>ING. ARCH. JI\u0158\u00cd MICH\u00c1LEK CSC.<\/td>\n<\/tr>\n<tr>\n<td>608<\/td>\n<td>\u00c7ekya<\/td>\n<td>Prag<\/td>\n<td><a href=\"https:\/\/www.cka.cz\/cs\/svet-architektury\/seznam-architektu\/ing-arch-kasl-jan\">00608 Jan Kasl<\/a><\/td>\n<td>ING. ARCH. JAN KASL<\/td>\n<\/tr>\n<tr>\n<td>609<\/td>\n<td>\u00c7ekya<\/td>\n<td>Li\u0161ov<\/td>\n<td><a href=\"https:\/\/www.cka.cz\/cs\/svet-architektury\/seznam-architektu\/ing-arch-myslivecek-jiri\">00609 Ji\u0159\u00ed Myslive\u010dek<\/a><\/td>\n<td>ING. ARCH. JI\u0158\u00cd MYSLIVE\u010cEK<\/td>\n<\/tr>\n<tr>\n<td>610<\/td>\n<td>\u00c7ekya<\/td>\n<td>Prag<\/td>\n<td><a href=\"https:\/\/www.cka.cz\/cs\/svet-architektury\/seznam-architektu\/ing-arch-auer-zdenek\">00610 Zden\u011bk Auer<\/a><\/td>\n<td>ING. ARCH. ZDEN\u011aK AUER<\/td>\n<\/tr>\n<tr>\n<td>611<\/td>\n<td>\u00c7ekya<\/td>\n<td>Prag<\/td>\n<td><a href=\"https:\/\/www.cka.cz\/cs\/svet-architektury\/seznam-architektu\/ing-arch-blazek-zdenek\">00611 Zden\u011bk Bla\u017eek<\/a><\/td>\n<td>ING. ARCH. ZDEN\u011aK BLA\u017dEK<\/td>\n<\/tr>\n<tr>\n<td>612<\/td>\n<td>\u00c7ekya<\/td>\n<td>Ro\u010dov<\/td>\n<td><a href=\"https:\/\/www.cka.cz\/cs\/svet-architektury\/seznam-architektu\/ing-arch-chlouba-karel\">00612 Karel Chlouba<\/a><\/td>\n<td>ING. ARCH. KAREL CHLOUBA<\/td>\n<\/tr>\n<tr>\n<td>613<\/td>\n<td>\u00c7ekya<\/td>\n<td>Prag<\/td>\n<td><a href=\"https:\/\/www.cka.cz\/cs\/svet-architektury\/seznam-architektu\/ing-arch-durdik-petr\">00613 Petr Durd\u00edk<\/a><\/td>\n<td>ING. ARCH. PETR DURD\u00cdK<\/td>\n<\/tr>\n<tr>\n<td>614<\/td>\n<td>\u00c7ekya<\/td>\n<td>Hradec Kr\u00e1lov\u00e9<\/td>\n<td><a href=\"https:\/\/www.cka.cz\/cs\/svet-architektury\/seznam-architektu\/ing-arch-kralik-emil\">00614 Emil Kr\u00e1l\u00edk<\/a><\/td>\n<td>ING. ARCH. EMIL KR\u00c1L\u00cdK<\/td>\n<\/tr>\n<tr>\n<td>615<\/td>\n<td>\u00c7ekya<\/td>\n<td>Ostrava<\/td>\n<td><a href=\"https:\/\/www.cka.cz\/cs\/svet-architektury\/seznam-architektu\/ing-arch-luzarova-ludmila\">00615 Ludmila Luzarov\u00e1<\/a><\/td>\n<td>ING. ARCH. LUDMILA LUZAROV\u00c1<\/td>\n<\/tr>\n<tr>\n<td>616<\/td>\n<td>\u00c7ekya<\/td>\n<td>Prag<\/td>\n<td><a href=\"https:\/\/www.cka.cz\/cs\/svet-architektury\/seznam-architektu\/ing-arch-medova-blanka\">00616 Blanka Medov\u00e1<\/a><\/td>\n<td>ING. ARCH. BLANKA MEDOV\u00c1<\/td>\n<\/tr>\n<tr>\n<td>617<\/td>\n<td>\u00c7ekya<\/td>\n<td>Fr\u00fddek M\u00edstek<\/td>\n<td><a href=\"https:\/\/www.cka.cz\/cs\/svet-architektury\/seznam-architektu\/ing-arch-slosar-ivo\">00617 Ivo \u0160losar<\/a><\/td>\n<td>ING. ARCH. IVO \u0160LOSAR<\/td>\n<\/tr>\n<tr>\n<td>618<\/td>\n<td>\u00c7ekya<\/td>\n<td>Brno<\/td>\n<td><a href=\"https:\/\/www.cka.cz\/cs\/svet-architektury\/seznam-architektu\/ing-arch-kabelac-ivo\">00618 Ivo Kabel\u00e1\u010d<\/a><\/td>\n<td>ING. ARCH. IVO KABEL\u00c1\u010c<\/td>\n<\/tr>\n<tr>\n<td>619<\/td>\n<td>\u00c7ekya<\/td>\n<td>Brno<\/td>\n<td><a href=\"https:\/\/www.cka.cz\/cs\/svet-architektury\/seznam-architektu\/doc-ing-arch-vodickova-eva-csc\">00619 Eva Vodi\u010dkov\u00e1<\/a><\/td>\n<td>DOC. ING. ARCH. EVA VODI\u010cKOV\u00c1 CSC.<\/td>\n<\/tr>\n<tr>\n<td>620<\/td>\n<td>\u00c7ekya<\/td>\n<td>Libereck\u00fd kraj<\/td>\n<td><a href=\"https:\/\/www.cka.cz\/cs\/svet-architektury\/seznam-architektu\/ing-arch-tomesek-martin\">00620 Martin Tome\u0161ek<\/a><\/td>\n<td>ING. ARCH. MARTIN TOME\u0160EK<\/td>\n<\/tr>\n<tr>\n<td>621<\/td>\n<td>\u00c7ekya<\/td>\n<td>Ostrava<\/td>\n<td><a href=\"https:\/\/www.cka.cz\/cs\/svet-architektury\/seznam-architektu\/ing-arch-kupka-zdenek\">00621 Zden\u011bk Kupka<\/a><\/td>\n<td>ING. ARCH. ZDEN\u011aK KUPKA<\/td>\n<\/tr>\n<tr>\n<td>622<\/td>\n<td>\u00c7ekya<\/td>\n<td>Vyso\u010dina<\/td>\n<td><a href=\"https:\/\/www.cka.cz\/cs\/svet-architektury\/seznam-architektu\/ing-arch-nevole-jan\">00622 Jan Nevole<\/a><\/td>\n<td>ING. ARCH. JAN NEVOLE<\/td>\n<\/tr>\n<tr>\n<td>623<\/td>\n<td>\u00c7ekya<\/td>\n<td>Vyso\u010dina<\/td>\n<td><a href=\"https:\/\/www.cka.cz\/cs\/svet-architektury\/seznam-architektu\/ing-arch-vacha-jiri\">00623 Ji\u0159\u00ed V\u00e1cha<\/a><\/td>\n<td>ING. ARCH. JI\u0158\u00cd V\u00c1CHA<\/td>\n<\/tr>\n<tr>\n<td>624<\/td>\n<td>\u00c7ekya<\/td>\n<td>Prag<\/td>\n<td><a href=\"https:\/\/www.cka.cz\/cs\/svet-architektury\/seznam-architektu\/ing-arch-loos-ivo\">00624 Ivo Loos<\/a><\/td>\n<td>ING. ARCH. IVO LOOS<\/td>\n<\/tr>\n<tr>\n<td>625<\/td>\n<td>\u00c7ekya<\/td>\n<td>Prag<\/td>\n<td><a href=\"https:\/\/www.cka.cz\/cs\/svet-architektury\/seznam-architektu\/ing-rihosek-miroslav\">00625 Miroslav \u0158iho\u0161ek<\/a><\/td>\n<td>ING. MIROSLAV \u0158IHO\u0160EK<\/td>\n<\/tr>\n<tr>\n<td>626<\/td>\n<td>\u00c7ekya<\/td>\n<td>Picin<\/td>\n<td><a href=\"https:\/\/www.cka.cz\/cs\/svet-architektury\/seznam-architektu\/rndr-kupkova-lenka\">00626 Lenka Kupkov\u00e1<\/a><\/td>\n<td>RNDR. LENKA KUPKOV\u00c1<\/td>\n<\/tr>\n<tr>\n<td>627<\/td>\n<td>\u00c7ekya<\/td>\n<td>Pr\u016fhonice<\/td>\n<td><a href=\"https:\/\/www.cka.cz\/cs\/svet-architektury\/seznam-architektu\/ing-arch-schranil-rudolf\">00627 Rudolf Schr\u00e1nil<\/a><\/td>\n<td>ING. ARCH. RUDOLF SCHR\u00c1NIL<\/td>\n<\/tr>\n<tr>\n<td>628<\/td>\n<td>\u00c7ekya<\/td>\n<td>Brno<\/td>\n<td><a href=\"https:\/\/www.cka.cz\/cs\/svet-architektury\/seznam-architektu\/ing-arch-kostalova-alena\">00628 Alena Ko\u0161\u0165\u00e1lov\u00e1<\/a><\/td>\n<td>ING. ARCH. ALENA KO\u0160\u0164\u00c1LOV\u00c1<\/td>\n<\/tr>\n<tr>\n<td>629<\/td>\n<td>\u00c7ekya<\/td>\n<td>Prag<\/td>\n<td><a href=\"https:\/\/www.cka.cz\/cs\/svet-architektury\/seznam-architektu\/akad-arch-kulistak-jiri\">00629 Ji\u0159\u00ed Kuli\u0161\u0165\u00e1k<\/a><\/td>\n<td>AKAD. ARCH. JI\u0158\u00cd KULI\u0160\u0164\u00c1K<\/td>\n<\/tr>\n<tr>\n<td>630<\/td>\n<td>\u00c7ekya<\/td>\n<td>Ostrava<\/td>\n<td><a href=\"https:\/\/www.cka.cz\/cs\/svet-architektury\/seznam-architektu\/ing-arch-prazak-vladimir\">00630 Vladim\u00edr Pra\u017e\u00e1k<\/a><\/td>\n<td>ING. ARCH. VLADIM\u00cdR PRA\u017d\u00c1K<\/td>\n<\/tr>\n<tr>\n<td>631<\/td>\n<td>\u00c7ekya<\/td>\n<td>Ostrava<\/td>\n<td><a href=\"https:\/\/www.cka.cz\/cs\/svet-architektury\/seznam-architektu\/ing-arch-sikora-vitold\">00631 Vitold Sikora<\/a><\/td>\n<td>ING. ARCH. VITOLD SIKORA<\/td>\n<\/tr>\n<tr>\n<td>632<\/td>\n<td>\u00c7ekya<\/td>\n<td>Olomouc<\/td>\n<td><a href=\"https:\/\/www.cka.cz\/cs\/svet-architektury\/seznam-architektu\/ing-arch-kolar-ctirad\">00632 Ctirad Kol\u00e1\u0159<\/a><\/td>\n<td>ING. ARCH. CTIRAD KOL\u00c1\u0158<\/td>\n<\/tr>\n<tr>\n<td>633<\/td>\n<td>\u00c7ekya<\/td>\n<td>Brno<\/td>\n<td><a href=\"https:\/\/www.cka.cz\/cs\/svet-architektury\/seznam-architektu\/ing-arch-hanis-lubos\">00633 Lubo\u0161 Hani\u0161<\/a><\/td>\n<td>ING. ARCH. LUBO\u0160 HANI\u0160<\/td>\n<\/tr>\n<tr>\n<td>634<\/td>\n<td>\u00c7ekya<\/td>\n<td>Brno<\/td>\n<td><a href=\"https:\/\/www.cka.cz\/cs\/svet-architektury\/seznam-architektu\/ing-arch-myslivec-josef\">00634 Josef Myslivec<\/a><\/td>\n<td>ING. ARCH. JOSEF MYSLIVEC<\/td>\n<\/tr>\n<tr>\n<td>635<\/td>\n<td>\u00c7ekya<\/td>\n<td>Prag<\/td>\n<td><a href=\"https:\/\/www.cka.cz\/cs\/svet-architektury\/seznam-architektu\/ing-akad-arch-davidova-marie\">00635 Marie Davidov\u00e1<\/a><\/td>\n<td>ING. AKAD. ARCH. MARIE DAVIDOV\u00c1<\/td>\n<\/tr>\n<tr>\n<td>636<\/td>\n<td>\u00c7ekya<\/td>\n<td>Prost\u011bjov<\/td>\n<td><a href=\"https:\/\/www.cka.cz\/cs\/svet-architektury\/seznam-architektu\/ing-mlcoch-zdenek\">00636 Zden\u011bk Ml\u010doch<\/a><\/td>\n<td>ING. ZDEN\u011aK ML\u010cOCH<\/td>\n<\/tr>\n<tr>\n<td>637<\/td>\n<td>\u00c7ekya<\/td>\n<td>Prag<\/td>\n<td><a href=\"https:\/\/www.cka.cz\/cs\/svet-architektury\/seznam-architektu\/ing-arch-stransku-stanislav\">00637 Stanislav Str\u00e1nsk\u00fd<\/a><\/td>\n<td>ING. ARCH. STANISLAV STR\u00c1NSK\u00dd<\/td>\n<\/tr>\n<tr>\n<td>638<\/td>\n<td>\u00c7ekya<\/td>\n<td>Prag<\/td>\n<td><a href=\"https:\/\/www.cka.cz\/cs\/svet-architektury\/seznam-architektu\/wasserbauer-zdenek\">00638 Zden\u011bk Wasserbauer<\/a><\/td>\n<td>ZDEN\u011aK WASSERBAUER<\/td>\n<\/tr>\n<tr>\n<td>639<\/td>\n<td>\u00c7ekya<\/td>\n<td>\u00dasteck\u00fd kraj<\/td>\n<td><a href=\"https:\/\/www.cka.cz\/cs\/svet-architektury\/seznam-architektu\/ing-drtikol-jiri\">00639 Ji\u0159\u00ed Drtikol<\/a><\/td>\n<td>ING. JI\u0158\u00cd DRTIKOL<\/td>\n<\/tr>\n<tr>\n<td>640<\/td>\n<td>\u00c7ekya<\/td>\n<td>Prag<\/td>\n<td><a href=\"https:\/\/www.cka.cz\/cs\/svet-architektury\/seznam-architektu\/cisar-karel\">00640 Karel C\u00edsa\u0159<\/a><\/td>\n<td>KAREL C\u00cdSA\u0158<\/td>\n<\/tr>\n<tr>\n<td>641<\/td>\n<td>\u00c7ekya<\/td>\n<td>Moravskoslezsk\u00fd<\/td>\n<td><a href=\"https:\/\/www.cka.cz\/cs\/svet-architektury\/seznam-architektu\/ing-arch-hrna-radomir\">00641 Radom\u00edr Hr\u0148a<\/a><\/td>\n<td>ING. ARCH. RADOM\u00cdR HR\u0147A<\/td>\n<\/tr>\n<tr>\n<td>642<\/td>\n<td>\u00c7ekya<\/td>\n<td>Prag<\/td>\n<td><a href=\"https:\/\/www.cka.cz\/cs\/svet-architektury\/seznam-architektu\/ing-karasek-jan\">00642 Jan Kar\u00e1sek<\/a><\/td>\n<td>ING. JAN KAR\u00c1SEK<\/td>\n<\/tr>\n<tr>\n<td>643<\/td>\n<td>\u00c7ekya<\/td>\n<td>Jihomoravsk\u00fd<\/td>\n<td><a href=\"https:\/\/www.cka.cz\/cs\/svet-architektury\/seznam-architektu\/ing-gacov-ivan\">00643 Ivan Gacov<\/a><\/td>\n<td>ING. IVAN GACOV<\/td>\n<\/tr>\n<tr>\n<td>644<\/td>\n<td>\u00c7ekya<\/td>\n<td>ING. KAREL DRHOVSK\u00dd<\/td>\n<td><a href=\"https:\/\/www.cka.cz\/cs\/svet-architektury\/seznam-architektu\/ing-drhovsku-karel\">00644 Karel Drhovsk\u00fd<\/a><\/td>\n<td>ING. KAREL DRHOVSK\u00dd<\/td>\n<\/tr>\n<tr>\n<td>645<\/td>\n<td>\u00c7ekya<\/td>\n<td>Brno<\/td>\n<td><a href=\"https:\/\/www.cka.cz\/cs\/svet-architektury\/seznam-architektu\/ing-zimova-eliska\">00645 Eli\u0161ka Zimov\u00e1<\/a><\/td>\n<td>ING. ELI\u0160KA ZIMOV\u00c1<\/td>\n<\/tr>\n<tr>\n<td>646<\/td>\n<td>\u00c7ekya<\/td>\n<td>Prag<\/td>\n<td><a href=\"https:\/\/www.cka.cz\/cs\/svet-architektury\/seznam-architektu\/ing-arch-stempel-jan\">00646 J\u00e1n Stempel<\/a><\/td>\n<td>PROF. ING. ARCH. J\u00c1N STEMPEL<\/td>\n<\/tr>\n<tr>\n<td>647<\/td>\n<td>\u00c7ekya<\/td>\n<td>St\u0159edo\u010desk\u00fd kraj<\/td>\n<td><a href=\"https:\/\/www.cka.cz\/cs\/svet-architektury\/seznam-architektu\/ing-arch-vavrin-mikolas\">00647 Mikol\u00e1\u0161 Vav\u0159\u00edn<\/a><\/td>\n<td>ING. ARCH. MIKOL\u00c1\u0160 VAV\u0158\u00cdN<\/td>\n<\/tr>\n<tr>\n<td>648<\/td>\n<td>\u00c7ekya<\/td>\n<td>Prag<\/td>\n<td><a href=\"https:\/\/www.cka.cz\/cs\/svet-architektury\/seznam-architektu\/ing-arch-veselu-jiri\">00648 Ji\u0159\u00ed Vesel\u00fd<\/a><\/td>\n<td>ING. ARCH. JI\u0158\u00cd VESEL\u00dd<\/td>\n<\/tr>\n<tr>\n<td>649<\/td>\n<td>\u00c7ekya<\/td>\n<td>Pardubick\u00fd kraj<\/td>\n<td><a href=\"https:\/\/www.cka.cz\/cs\/svet-architektury\/seznam-architektu\/ing-arch-fila-libor\">00649 Libor F\u00edla<\/a><\/td>\n<td>ING. ARCH. LIBOR F\u00cdLA<\/td>\n<\/tr>\n<tr>\n<td>650<\/td>\n<td>\u00c7ekya<\/td>\n<td>Smolnice<\/td>\n<td><a href=\"https:\/\/www.cka.cz\/cs\/svet-architektury\/seznam-architektu\/ing-arch-vrchlavska-hana\">00650 Hana Vrchlavsk\u00e1<\/a><\/td>\n<td>ING. ARCH. HANA VRCHLAVSK\u00c1<\/td>\n<\/tr>\n<tr>\n<td>651<\/td>\n<td>\u00c7ekya<\/td>\n<td>Prag<\/td>\n<td><a href=\"https:\/\/www.cka.cz\/cs\/svet-architektury\/seznam-architektu\/akad-arch-sramek-michal\">00651 Michal \u0160r\u00e1mek<\/a><\/td>\n<td>AKAD. ARCH. MICHAL \u0160R\u00c1MEK<\/td>\n<\/tr>\n<tr>\n<td>652<\/td>\n<td>\u00c7ekya<\/td>\n<td>Prag<\/td>\n<td><a href=\"https:\/\/www.cka.cz\/cs\/svet-architektury\/seznam-architektu\/ing-mackovic-vladimir\">00652 Vladim\u00edr Mackovi\u010d<\/a><\/td>\n<td>ING. VLADIM\u00cdR MACKOVI\u010c<\/td>\n<\/tr>\n<tr>\n<td>653<\/td>\n<td>\u00c7ekya<\/td>\n<td>Labem<\/td>\n<td><a href=\"https:\/\/www.cka.cz\/cs\/svet-architektury\/seznam-architektu\/ing-arch-stanko-tomas\">00653 Tom\u00e1\u0161 Stanko<\/a><\/td>\n<td>ING. ARCH. TOM\u00c1\u0160 STANKO<\/td>\n<\/tr>\n<tr>\n<td>654<\/td>\n<td>\u00c7ekya<\/td>\n<td>Krom\u011b\u0159\u00ed\u017e<\/td>\n<td><a href=\"https:\/\/www.cka.cz\/cs\/svet-architektury\/seznam-architektu\/ing-arch-vrtal-josef\">00654 Josef Vrtal<\/a><\/td>\n<td>ING. ARCH. JOSEF VRTAL<\/td>\n<\/tr>\n<tr>\n<td>655<\/td>\n<td>\u00c7ekya<\/td>\n<td>Brno<\/td>\n<td><a href=\"https:\/\/www.cka.cz\/cs\/svet-architektury\/seznam-architektu\/ing-arch-skrabal-jindrich\">00655 Jind\u0159ich \u0160krabal<\/a><\/td>\n<td>ING. ARCH. JIND\u0158ICH \u0160KRABAL<\/td>\n<\/tr>\n<tr>\n<td>656<\/td>\n<td>\u00c7ekya<\/td>\n<td>Prag<\/td>\n<td><a href=\"https:\/\/www.cka.cz\/cs\/svet-architektury\/seznam-architektu\/ing-arch-hancl-jan\">00656 Jan Han\u010dl<\/a><\/td>\n<td>ING. ARCH. JAN HAN\u010cL<\/td>\n<\/tr>\n<tr>\n<td>657<\/td>\n<td>\u00c7ekya<\/td>\n<td>Prag<\/td>\n<td><a href=\"https:\/\/www.cka.cz\/cs\/svet-architektury\/seznam-architektu\/ing-arch-sejkora-lubos\">00657 Lubo\u0161 Sejkora<\/a><\/td>\n<td>ING. ARCH. LUBO\u0160 SEJKORA<\/td>\n<\/tr>\n<tr>\n<td>658<\/td>\n<td>\u00c7ekya<\/td>\n<td>Prag<\/td>\n<td><a href=\"https:\/\/www.cka.cz\/cs\/svet-architektury\/seznam-architektu\/ing-arch-kotacka-alexandr\">00658 Alexandr Kota\u010dka<\/a><\/td>\n<td>ING. ARCH. ALEXANDR KOTA\u010cKA<\/td>\n<\/tr>\n<tr>\n<td>659<\/td>\n<td>\u00c7ekya<\/td>\n<td>Prag<\/td>\n<td><a href=\"https:\/\/www.cka.cz\/cs\/svet-architektury\/seznam-architektu\/ing-akad-arch-filsak-karel\">00659 Karel Filsak<\/a><\/td>\n<td>ING. AKAD. ARCH. KAREL FILSAK<\/td>\n<\/tr>\n<tr>\n<td>660<\/td>\n<td>\u00c7ekya<\/td>\n<td>Prag<\/td>\n<td><a href=\"https:\/\/www.cka.cz\/cs\/svet-architektury\/seznam-architektu\/ing-arch-vala-jiri\">00660 Ji\u0159\u00ed V\u00e1la<\/a><\/td>\n<td>ING. ARCH. JI\u0158\u00cd V\u00c1LA<\/td>\n<\/tr>\n<tr>\n<td>661<\/td>\n<td>\u00c7ekya<\/td>\n<td>Prag<\/td>\n<td><a href=\"https:\/\/www.cka.cz\/cs\/svet-architektury\/seznam-architektu\/ing-arch-suhajik-ivan\">00661 Ivan \u0160uhaj\u00edk<\/a><\/td>\n<td>ING. ARCH. IVAN \u0160UHAJ\u00cdK<\/td>\n<\/tr>\n<tr>\n<td>662<\/td>\n<td>\u00c7ekya<\/td>\n<td>Prag<\/td>\n<td><a href=\"https:\/\/www.cka.cz\/cs\/svet-architektury\/seznam-architektu\/doc-ing-arch-horky-ivan-drsc\">00662 Ivan Hork\u00fd<\/a><\/td>\n<td>DOC. ING. ARCH. IVAN HORK\u00dd DRSC.<\/td>\n<\/tr>\n<tr>\n<td>663<\/td>\n<td>\u00c7ekya<\/td>\n<td>Prag<\/td>\n<td><a href=\"https:\/\/www.cka.cz\/cs\/svet-architektury\/seznam-architektu\/ing-arch-mrazek-karel\">00663 Karel Mr\u00e1zek<\/a><\/td>\n<td>ING. ARCH. KAREL MR\u00c1ZEK<\/td>\n<\/tr>\n<tr>\n<td>664<\/td>\n<td>\u00c7ekya<\/td>\n<td>Prag<\/td>\n<td><a href=\"https:\/\/www.cka.cz\/cs\/svet-architektury\/seznam-architektu\/ing-arch-sedlacek-jiri\">00664 Ji\u0159\u00ed Sedl\u00e1\u010dek<\/a><\/td>\n<td>ING. ARCH. JI\u0158\u00cd SEDL\u00c1\u010cEK<\/td>\n<\/tr>\n<tr>\n<td>665<\/td>\n<td>\u00c7ekya<\/td>\n<td>Prag<\/td>\n<td><a href=\"https:\/\/www.cka.cz\/cs\/svet-architektury\/seznam-architektu\/ing-arch-zentel-jiri\">00665 Ji\u0159\u00ed \u017dentel<\/a><\/td>\n<td>ING. ARCH. JI\u0158\u00cd \u017dENTEL<\/td>\n<\/tr>\n<tr>\n<td>666<\/td>\n<td>\u00c7ekya<\/td>\n<td>Prag<\/td>\n<td><a href=\"https:\/\/www.cka.cz\/cs\/svet-architektury\/seznam-architektu\/ing-arch-pospisil-josef\">00666 Josef Posp\u00ed\u0161il<\/a><\/td>\n<td>ING. ARCH. JOSEF POSP\u00cd\u0160IL<\/td>\n<\/tr>\n<tr>\n<td>667<\/td>\n<td>\u00c7ekya<\/td>\n<td>Prag<\/td>\n<td><a href=\"https:\/\/www.cka.cz\/cs\/svet-architektury\/seznam-architektu\/ing-havlik-frantisek\">00667 Franti\u0161ek Havl\u00edk<\/a><\/td>\n<td>ING. FRANTI\u0160EK HAVL\u00cdK<\/td>\n<\/tr>\n<tr>\n<td>668<\/td>\n<td>\u00c7ekya<\/td>\n<td>Prag<\/td>\n<td><a href=\"https:\/\/www.cka.cz\/cs\/svet-architektury\/seznam-architektu\/ing-arch-kroha-alexandr\">00668 Alexandr Kroha<\/a><\/td>\n<td>ING. ARCH. ALEXANDR KROHA<\/td>\n<\/tr>\n<tr>\n<td>669<\/td>\n<td>\u00c7ekya<\/td>\n<td>Prag<\/td>\n<td><a href=\"https:\/\/www.cka.cz\/cs\/svet-architektury\/seznam-architektu\/ing-arch-hrcek-pavel\">00669 Pavel Hr\u010dek<\/a><\/td>\n<td>ING. ARCH. PAVEL HR\u010cEK<\/td>\n<\/tr>\n<tr>\n<td>670<\/td>\n<td>\u00c7ekya<\/td>\n<td>Prag<\/td>\n<td><a href=\"https:\/\/www.cka.cz\/cs\/svet-architektury\/seznam-architektu\/ing-arch-cibulova-petra\">00670 Petra Cibulov\u00e1<\/a><\/td>\n<td>ING. ARCH. PETRA CIBULOV\u00c1<\/td>\n<\/tr>\n<tr>\n<td>671<\/td>\n<td>\u00c7ekya<\/td>\n<td>Prag<\/td>\n<td><a href=\"https:\/\/www.cka.cz\/cs\/svet-architektury\/seznam-architektu\/ing-arch-adamovsky-vaclav\">00671 V\u00e1clav Adamovsk\u00fd<\/a><\/td>\n<td>ING. ARCH. V\u00c1CLAV ADAMOVSK\u00dd<\/td>\n<\/tr>\n<tr>\n<td>672<\/td>\n<td>\u00c7ekya<\/td>\n<td>Prag<\/td>\n<td><a href=\"https:\/\/www.cka.cz\/cs\/svet-architektury\/seznam-architektu\/ing-arch-bocek-pavel\">00672 Pavel Bo\u010dek<\/a><\/td>\n<td>ING. ARCH. PAVEL BO\u010cEK<\/td>\n<\/tr>\n<tr>\n<td>673<\/td>\n<td>\u00c7ekya<\/td>\n<td>Prag<\/td>\n<td><a href=\"https:\/\/www.cka.cz\/cs\/svet-architektury\/seznam-architektu\/ing-arch-labonkova-hana\">00673 Hana Labonkov\u00e1<\/a><\/td>\n<td>ING. ARCH. HANA LABONKOV\u00c1<\/td>\n<\/tr>\n<tr>\n<td>674<\/td>\n<td>\u00c7ekya<\/td>\n<td>Kladno<\/td>\n<td><a href=\"https:\/\/www.cka.cz\/cs\/svet-architektury\/seznam-architektu\/ing-arch-krauskopf-jan\">00674 Jan Krauskopf<\/a><\/td>\n<td>ING. ARCH. JAN KRAUSKOPF<\/td>\n<\/tr>\n<tr>\n<td>675<\/td>\n<td>\u00c7ekya<\/td>\n<td>Prag<\/td>\n<td><a href=\"https:\/\/www.cka.cz\/cs\/svet-architektury\/seznam-architektu\/ing-arch-prenosil-petr\">00675 Petr P\u0159enosil<\/a><\/td>\n<td>ING. ARCH. PETR P\u0158ENOSIL<\/td>\n<\/tr>\n<tr>\n<td>676<\/td>\n<td>\u00c7ekya<\/td>\n<td>Prag<\/td>\n<td><a href=\"https:\/\/www.cka.cz\/cs\/svet-architektury\/seznam-architektu\/akad-arch-borl-jiri\">00676 Ji\u0159\u00ed Borl<\/a><\/td>\n<td>AKAD. ARCH. JI\u0158\u00cd BORL<\/td>\n<\/tr>\n<tr>\n<td>677<\/td>\n<td>\u00c7ekya<\/td>\n<td>Prag<\/td>\n<td><a href=\"https:\/\/www.cka.cz\/cs\/svet-architektury\/seznam-architektu\/ing-arch-veprek-karel\">00677 Karel Vep\u0159ek<\/a><\/td>\n<td>ING. ARCH. KAREL VEP\u0158EK<\/td>\n<\/tr>\n<tr>\n<td>678<\/td>\n<td>\u00c7ekya<\/td>\n<td>K\u0159enice<\/td>\n<td><a href=\"https:\/\/www.cka.cz\/cs\/svet-architektury\/seznam-architektu\/ing-arch-kratochvil-petr\">00678 Petr Kratochv\u00edl<\/a><\/td>\n<td>ING. ARCH. PETR KRATOCHV\u00cdL<\/td>\n<\/tr>\n<tr>\n<td>679<\/td>\n<td>\u00c7ekya<\/td>\n<td>Prag<\/td>\n<td><a href=\"https:\/\/www.cka.cz\/cs\/svet-architektury\/seznam-architektu\/ing-arch-vinterova-alena\">00679 Alena Vinterov\u00e1<\/a><\/td>\n<td>ING. ARCH. ALENA VINTEROV\u00c1<\/td>\n<\/tr>\n<tr>\n<td>680<\/td>\n<td>\u00c7ekya<\/td>\n<td>Labem<\/td>\n<td><a href=\"https:\/\/www.cka.cz\/cs\/svet-architektury\/seznam-architektu\/ing-arch-stastny-zdenek\">00680 Zden\u011bk \u0160\u0165astn\u00fd<\/a><\/td>\n<td>ING. ARCH. ZDEN\u011aK \u0160\u0164ASTN\u00dd<\/td>\n<\/tr>\n<tr>\n<td>681<\/td>\n<td>\u00c7ekya<\/td>\n<td>Prag<\/td>\n<td><a href=\"https:\/\/www.cka.cz\/cs\/svet-architektury\/seznam-architektu\/ing-arch-lacina-vladimir\">00681 Vladim\u00edr Lacina<\/a><\/td>\n<td>ING. ARCH. VLADIM\u00cdR LACINA<\/td>\n<\/tr>\n<tr>\n<td>682<\/td>\n<td>\u00c7ekya<\/td>\n<td>Prag<\/td>\n<td><a href=\"https:\/\/www.cka.cz\/cs\/svet-architektury\/seznam-architektu\/ing-arch-veselu-ladislav\">00682 Ladislav Vesel\u00fd<\/a><\/td>\n<td>ING. ARCH. LADISLAV VESEL\u00dd<\/td>\n<\/tr>\n<tr>\n<td>683<\/td>\n<td>\u00c7ekya<\/td>\n<td>Libereck\u00fd kraj<\/td>\n<td><a href=\"https:\/\/www.cka.cz\/cs\/svet-architektury\/seznam-architektu\/ing-arch-stepanek-miloslav\">00683 Miloslav \u0160t\u011bp\u00e1nek<\/a><\/td>\n<td>ING. ARCH. MILOSLAV \u0160T\u011aP\u00c1NEK<\/td>\n<\/tr>\n<tr>\n<td>684<\/td>\n<td>\u00c7ekya<\/td>\n<td>Libereck\u00fd kraj<\/td>\n<td><a href=\"https:\/\/www.cka.cz\/cs\/svet-architektury\/seznam-architektu\/ing-arch-beranova-jarmila\">00684 Jarmila Beranov\u00e1<\/a><\/td>\n<td>ING. ARCH. JARMILA BERANOV\u00c1<\/td>\n<\/tr>\n<tr>\n<td>685<\/td>\n<td>\u00c7ekya<\/td>\n<td>Vyso\u010dina<\/td>\n<td><a href=\"https:\/\/www.cka.cz\/cs\/svet-architektury\/seznam-architektu\/ing-hruzova-jarmila\">00685 Jarmila Hr\u016fzov\u00e1<\/a><\/td>\n<td>ING. JARMILA HR\u016eZOV\u00c1<\/td>\n<\/tr>\n<tr>\n<td>686<\/td>\n<td>\u00c7ekya<\/td>\n<td>Mari\u00e1nsk\u00e9 L\u00e1zn\u011b<\/td>\n<td><a href=\"https:\/\/www.cka.cz\/cs\/svet-architektury\/seznam-architektu\/ing-arch-kunert-pavel\">00686 Pavel Kunert<\/a><\/td>\n<td>ING. ARCH. PAVEL KUNERT<\/td>\n<\/tr>\n<tr>\n<td>687<\/td>\n<td>\u00c7ekya<\/td>\n<td>Mari\u00e1nsk\u00e9 L\u00e1zn\u011b<\/td>\n<td><a href=\"https:\/\/www.cka.cz\/cs\/svet-architektury\/seznam-architektu\/ing-arch-franta-zdenek\">00687 Zden\u011bk Franta<\/a><\/td>\n<td>ING. ARCH. ZDEN\u011aK FRANTA<\/td>\n<\/tr>\n<tr>\n<td>688<\/td>\n<td>\u00c7ekya<\/td>\n<td>St\u0159edo\u010desk\u00fd kraj<\/td>\n<td><a href=\"https:\/\/www.cka.cz\/cs\/svet-architektury\/seznam-architektu\/ing-stocesova-anna\">00688 Anna Sto\u010desov\u00e1<\/a><\/td>\n<td>ING. ANNA STO\u010cESOV\u00c1<\/td>\n<\/tr>\n<tr>\n<td>689<\/td>\n<td>\u00c7ekya<\/td>\n<td>\u010cesk\u00fd Krumlov<\/td>\n<td><a href=\"https:\/\/www.cka.cz\/cs\/svet-architektury\/seznam-architektu\/ing-bartak-petr\">00689 Petr Bart\u00e1k<\/a><\/td>\n<td>ING. PETR BART\u00c1K<\/td>\n<\/tr>\n<tr>\n<td>690<\/td>\n<td>\u00c7ekya<\/td>\n<td>St\u0159edo\u010desk\u00fd kraj<\/td>\n<td><a href=\"https:\/\/www.cka.cz\/cs\/svet-architektury\/seznam-architektu\/ing-arch-pasek-petr\">00690 Petr Pa\u0161ek<\/a><\/td>\n<td>ING. ARCH. PETR PA\u0160EK<\/td>\n<\/tr>\n<tr>\n<td>691<\/td>\n<td>\u00c7ekya<\/td>\n<td>Prag<\/td>\n<td><a href=\"https:\/\/www.cka.cz\/cs\/svet-architektury\/seznam-architektu\/ing-arch-dlabal-stanislav\">00691 Stanislav Dlabal<\/a><\/td>\n<td>ING. ARCH. STANISLAV DLABAL<\/td>\n<\/tr>\n<tr>\n<td>692<\/td>\n<td>\u00c7ekya<\/td>\n<td>St\u0159edo\u010desk\u00fd kraj<\/td>\n<td><a href=\"https:\/\/www.cka.cz\/cs\/svet-architektury\/seznam-architektu\/ing-arch-zelenka-josef\">00692 Josef Zelenka<\/a><\/td>\n<td>ING. ARCH. JOSEF ZELENKA<\/td>\n<\/tr>\n<tr>\n<td>693<\/td>\n<td>\u00c7ekya<\/td>\n<td>Prag<\/td>\n<td><a href=\"https:\/\/www.cka.cz\/cs\/svet-architektury\/seznam-architektu\/ing-arch-zikmund-jan\">00693 Jan Zikmund<\/a><\/td>\n<td>ING. ARCH. JAN ZIKMUND<\/td>\n<\/tr>\n<tr>\n<td>694<\/td>\n<td>\u00c7ekya<\/td>\n<td>Brno<\/td>\n<td><a href=\"https:\/\/www.cka.cz\/cs\/svet-architektury\/seznam-architektu\/ing-arch-manak-hynek\">00694 Hynek Ma\u0148\u00e1k<\/a><\/td>\n<td>ING. ARCH. HYNEK MA\u0147\u00c1K<\/td>\n<\/tr>\n<tr>\n<td>695<\/td>\n<td>\u00c7ekya<\/td>\n<td>Olomouc<\/td>\n<td><a href=\"https:\/\/www.cka.cz\/cs\/svet-architektury\/seznam-architektu\/ing-arch-dostal-josef\">00695 Josef Dost\u00e1l<\/a><\/td>\n<td>ING. ARCH. JOSEF DOST\u00c1L<\/td>\n<\/tr>\n<tr>\n<td>696<\/td>\n<td>\u00c7ekya<\/td>\n<td>Brno<\/td>\n<td><a href=\"https:\/\/www.cka.cz\/cs\/svet-architektury\/seznam-architektu\/ing-arch-vanek-jaroslav\">00696 Jaroslav Van\u011bk<\/a><\/td>\n<td>ING. ARCH. JAROSLAV VAN\u011aK<\/td>\n<\/tr>\n<tr>\n<td>697<\/td>\n<td>\u00c7ekya<\/td>\n<td>Brno<\/td>\n<td><a href=\"https:\/\/www.cka.cz\/cs\/svet-architektury\/seznam-architektu\/ing-janickova-vera\">00697 V\u011bra Jan\u00ed\u010dkov\u00e1<\/a><\/td>\n<td>ING. V\u011aRA JAN\u00cd\u010cKOV\u00c1<\/td>\n<\/tr>\n<tr>\n<td>698<\/td>\n<td>\u00c7ekya<\/td>\n<td>Moravskoslezsk\u00fd kraj<\/td>\n<td><a href=\"https:\/\/www.cka.cz\/cs\/svet-architektury\/seznam-architektu\/ing-arch-lichnovsku-petr\">00698 Petr Lichnovsk\u00fd<\/a><\/td>\n<td>ING. ARCH. PETR LICHNOVSK\u00dd<\/td>\n<\/tr>\n<tr>\n<td>699<\/td>\n<td>\u00c7ekya<\/td>\n<td>Kr\u00e1lov\u00e9hradeck\u00fd kraj<\/td>\n<td><a href=\"https:\/\/www.cka.cz\/cs\/svet-architektury\/seznam-architektu\/ing-arch-herbst-vladimir\">00699 Vladim\u00edr Herbst<\/a><\/td>\n<td>ING. ARCH. VLADIM\u00cdR HERBST<\/td>\n<\/tr>\n<tr>\n<td>700<\/td>\n<td>\u00c7ekya<\/td>\n<td>Kr\u00e1lov\u00e9hradeck\u00fd kraj<\/td>\n<td><a href=\"https:\/\/www.cka.cz\/cs\/svet-architektury\/seznam-architektu\/ing-arch-petrak-josef\">00700 Josef Petr\u00e1k<\/a><\/td>\n<td>ING. ARCH. JOSEF PETR\u00c1K<\/td>\n<\/tr>\n<tr>\n<td>701<\/td>\n<td>\u00c7ekya<\/td>\n<td>Pardubick\u00fd kraj<\/td>\n<td><a href=\"https:\/\/www.cka.cz\/cs\/svet-architektury\/seznam-architektu\/ing-arch-cihacek-jan\">00701 Jan \u010cih\u00e1\u010dek<\/a><\/td>\n<td>ING. ARCH. JAN \u010cIH\u00c1\u010cEK<\/td>\n<\/tr>\n<tr>\n<td>702<\/td>\n<td>\u00c7ekya<\/td>\n<td>Jihomoravsk\u00fd kraj<\/td>\n<td><a href=\"https:\/\/www.cka.cz\/cs\/svet-architektury\/seznam-architektu\/ing-arch-jasek-zdenek\">00702 Zden\u011bk Ja\u0161ek<\/a><\/td>\n<td>ING. ARCH. ZDEN\u011aK JA\u0160EK<\/td>\n<\/tr>\n<tr>\n<td>703<\/td>\n<td>\u00c7ekya<\/td>\n<td>Jihomoravsk\u00fd kraj<\/td>\n<td><a href=\"https:\/\/www.cka.cz\/cs\/svet-architektury\/seznam-architektu\/ing-arch-nemec-josef\">00703 Josef N\u011bmec<\/a><\/td>\n<td>ING. ARCH. JOSEF N\u011aMEC<\/td>\n<\/tr>\n<tr>\n<td>704<\/td>\n<td>\u00c7ekya<\/td>\n<td>Jihomoravsk\u00fd kraj<\/td>\n<td><a href=\"https:\/\/www.cka.cz\/cs\/svet-architektury\/seznam-architektu\/ing-arch-maskova-zora\">00704 Zora Ma\u0161kov\u00e1<\/a><\/td>\n<td>ING. ARCH. ZORA MA\u0160KOV\u00c1<\/td>\n<\/tr>\n<tr>\n<td>705<\/td>\n<td>\u00c7ekya<\/td>\n<td>Opava<\/td>\n<td><a href=\"https:\/\/www.cka.cz\/cs\/svet-architektury\/seznam-architektu\/ing-arch-stromsky-karel\">00705 Karel Stromsk\u00fd<\/a><\/td>\n<td>ING. ARCH. KAREL STROMSK\u00dd<\/td>\n<\/tr>\n<tr>\n<td>706<\/td>\n<td>\u00c7ekya<\/td>\n<td>Jihomoravsk\u00fd kraj<\/td>\n<td><a href=\"https:\/\/www.cka.cz\/cs\/svet-architektury\/seznam-architektu\/ing-arch-franek-zdenek\">00706 Zden\u011bk Fr\u00e1nek<\/a><\/td>\n<td>ING. ARCH. ZDEN\u011aK FR\u00c1NEK<\/td>\n<\/tr>\n<tr>\n<td>707<\/td>\n<td>\u00c7ekya<\/td>\n<td>Vyso\u010dina<\/td>\n<td><a href=\"https:\/\/www.cka.cz\/cs\/svet-architektury\/seznam-architektu\/ing-arch-juda-josef\">00707 Josef Juda<\/a><\/td>\n<td>ING. ARCH. JOSEF JUDA<\/td>\n<\/tr>\n<tr>\n<td>708<\/td>\n<td>\u00c7ekya<\/td>\n<td>Jihomoravsk\u00fd kraj<\/td>\n<td><a href=\"https:\/\/www.cka.cz\/cs\/svet-architektury\/seznam-architektu\/ing-arch-kropac-miroslav\">00708 Miroslav Krop\u00e1\u010d<\/a><\/td>\n<td>ING. ARCH. MIROSLAV KROP\u00c1\u010c<\/td>\n<\/tr>\n<tr>\n<td>709<\/td>\n<td>\u00c7ekya<\/td>\n<td>Moravskoslezsk\u00fd kraj<\/td>\n<td><a href=\"https:\/\/www.cka.cz\/cs\/svet-architektury\/seznam-architektu\/ing-arch-firla-bronislav\">00709 Bronislav Firla<\/a><\/td>\n<td>ING. ARCH. BRONISLAV FIRLA<\/td>\n<\/tr>\n<tr>\n<td>710<\/td>\n<td>\u00c7ekya<\/td>\n<td>Brno<\/td>\n<td><a href=\"https:\/\/www.cka.cz\/cs\/svet-architektury\/seznam-architektu\/ing-arch-rada-pavel\">00710 Pavel Rada<\/a><\/td>\n<td>ING. ARCH. PAVEL RADA<\/td>\n<\/tr>\n<tr>\n<td>711<\/td>\n<td>\u00c7ekya<\/td>\n<td>Ostrava<\/td>\n<td><a href=\"https:\/\/www.cka.cz\/cs\/svet-architektury\/seznam-architektu\/ing-arch-hoferek-jaroslav\">00711 Jaroslav Hoferek<\/a><\/td>\n<td>ING. ARCH. JAROSLAV HOFEREK<\/td>\n<\/tr>\n<tr>\n<td>712<\/td>\n<td>\u00c7ekya<\/td>\n<td>Brno<\/td>\n<td><a href=\"https:\/\/www.cka.cz\/cs\/svet-architektury\/seznam-architektu\/ing-arch-konicarova-eva\">00712 Eva Konicarov\u00e1<\/a><\/td>\n<td>ING. ARCH. EVA KONICAROV\u00c1<\/td>\n<\/tr>\n<tr>\n<td>713<\/td>\n<td>\u00c7ekya<\/td>\n<td>Brno<\/td>\n<td><a href=\"https:\/\/www.cka.cz\/cs\/svet-architektury\/seznam-architektu\/ing-arch-bublakova-eva\">00713 Eva Bubl\u00e1kov\u00e1<\/a><\/td>\n<td>ING. ARCH. EVA BUBL\u00c1KOV\u00c1<\/td>\n<\/tr>\n<tr>\n<td>714<\/td>\n<td>\u00c7ekya<\/td>\n<td>Brno<\/td>\n<td><a href=\"https:\/\/www.cka.cz\/cs\/svet-architektury\/seznam-architektu\/ing-arch-spurnu-miroslav\">00714 Miroslav Spurn\u00fd<\/a><\/td>\n<td>ING. ARCH. MIROSLAV SPURN\u00dd<\/td>\n<\/tr>\n<tr>\n<td>715<\/td>\n<td>\u00c7ekya<\/td>\n<td>Prag<\/td>\n<td><a href=\"https:\/\/www.cka.cz\/cs\/svet-architektury\/seznam-architektu\/ing-arch-pechar-zdenek\">00715 Zden\u011bk Pechar<\/a><\/td>\n<td>ING. ARCH. ZDEN\u011aK PECHAR<\/td>\n<\/tr>\n<tr>\n<td>716<\/td>\n<td>\u00c7ekya<\/td>\n<td>Prag<\/td>\n<td><a href=\"https:\/\/www.cka.cz\/cs\/svet-architektury\/seznam-architektu\/ing-arch-cajthaml-miloslav\">00716 Miloslav Cajthaml<\/a><\/td>\n<td>ING. ARCH. MILOSLAV CAJTHAML<\/td>\n<\/tr>\n<tr>\n<td>717<\/td>\n<td>\u00c7ekya<\/td>\n<td>Prag<\/td>\n<td><a href=\"https:\/\/www.cka.cz\/cs\/svet-architektury\/seznam-architektu\/ing-arch-cajthamlova-neda\">00717 Neda Cajthamlov\u00e1<\/a><\/td>\n<td>ING. ARCH. NEDA CAJTHAMLOV\u00c1<\/td>\n<\/tr>\n<tr>\n<td>718<\/td>\n<td>\u00c7ekya<\/td>\n<td>Vltavou<\/td>\n<td><a href=\"https:\/\/www.cka.cz\/cs\/svet-architektury\/seznam-architektu\/ing-arch-kobera-jiri\">00718 Ji\u0159\u00ed Kobera<\/a><\/td>\n<td>ING. ARCH. JI\u0158\u00cd KOBERA<\/td>\n<\/tr>\n<tr>\n<td>719<\/td>\n<td>\u00c7ekya<\/td>\n<td>Prag<\/td>\n<td><a href=\"https:\/\/www.cka.cz\/cs\/svet-architektury\/seznam-architektu\/ing-arch-kosek-jaroslav\">00719 Jaroslav Kosek<\/a><\/td>\n<td>ING. ARCH. JAROSLAV KOSEK<\/td>\n<\/tr>\n<tr>\n<td>720<\/td>\n<td>\u00c7ekya<\/td>\n<td>Prag<\/td>\n<td><a href=\"https:\/\/www.cka.cz\/cs\/svet-architektury\/seznam-architektu\/akad-arch-chmelova-jana\">00720 Jana Chmelov\u00e1<\/a><\/td>\n<td>AKAD. ARCH. JANA CHMELOV\u00c1<\/td>\n<\/tr>\n<tr>\n<td>721<\/td>\n<td>\u00c7ekya<\/td>\n<td>Prag<\/td>\n<td><a href=\"https:\/\/www.cka.cz\/cs\/svet-architektury\/seznam-architektu\/ing-arch-dvorak-jiri\">00721 \u200b\u200bJi\u0159\u00ed Dvo\u0159\u00e1k<\/a><\/td>\n<td>ING. ARCH. JI\u0158\u00cd DVO\u0158\u00c1K<\/td>\n<\/tr>\n<tr>\n<td>722<\/td>\n<td>\u00c7ekya<\/td>\n<td>Prag<\/td>\n<td><a href=\"https:\/\/www.cka.cz\/cs\/svet-architektury\/seznam-architektu\/ing-arch-muzik-jan\">00722 Jan Mu\u017e\u00edk<\/a><\/td>\n<td>ING. ARCH. JAN MU\u017d\u00cdK<\/td>\n<\/tr>\n<tr>\n<td>723<\/td>\n<td>\u00c7ekya<\/td>\n<td>Prag<\/td>\n<td><a href=\"https:\/\/www.cka.cz\/cs\/svet-architektury\/seznam-architektu\/ing-arch-habanec-libor\">00723 Libor Habanec<\/a><\/td>\n<td>ING. ARCH. LIBOR HABANEC<\/td>\n<\/tr>\n<tr>\n<td>724<\/td>\n<td>\u00c7ekya<\/td>\n<td>Prag<\/td>\n<td><a href=\"https:\/\/www.cka.cz\/cs\/svet-architektury\/seznam-architektu\/akad-arch-cajthaml-jakub\">00724 Jakub Cajthaml<\/a><\/td>\n<td>AKAD. ARCH. JAKUB CAJTHAML<\/td>\n<\/tr>\n<tr>\n<td>725<\/td>\n<td>\u00c7ekya<\/td>\n<td>Prag<\/td>\n<td><a href=\"https:\/\/www.cka.cz\/cs\/svet-architektury\/seznam-architektu\/ing-arch-dydovic-pavel\">00725 Pavel Dydovic<\/a><\/td>\n<td>ING. ARCH. PAVEL DYDOVI\u010c<\/td>\n<\/tr>\n<tr>\n<td>726<\/td>\n<td>\u00c7ekya<\/td>\n<td>Prag<\/td>\n<td><a href=\"https:\/\/www.cka.cz\/cs\/svet-architektury\/seznam-architektu\/ing-arch-cermak-karel\">00726 Karel \u010cerm\u00e1k<\/a><\/td>\n<td>ING. ARCH. KAREL \u010cERM\u00c1K<\/td>\n<\/tr>\n<tr>\n<td>727<\/td>\n<td>\u00c7ekya<\/td>\n<td>Prag<\/td>\n<td><a href=\"https:\/\/www.cka.cz\/cs\/svet-architektury\/seznam-architektu\/ing-arch-bajcurova-marie\">00727 Marie Bajcurov\u00e1<\/a><\/td>\n<td>ING. ARCH. MARIE BAJCUROV\u00c1<\/td>\n<\/tr>\n<tr>\n<td>728<\/td>\n<td>\u00c7ekya<\/td>\n<td>Prag<\/td>\n<td><a href=\"https:\/\/www.cka.cz\/cs\/svet-architektury\/seznam-architektu\/ing-arch-dostal-petr\">00728 Petr Dostal<\/a><\/td>\n<td>ING. ARCH. PETR DOST\u00c1L<\/td>\n<\/tr>\n<tr>\n<td>729<\/td>\n<td>\u00c7ekya<\/td>\n<td>Ostrava<\/td>\n<td><a href=\"https:\/\/www.cka.cz\/cs\/svet-architektury\/seznam-architektu\/ing-arch-pospisil-ivan\">00729 Ivan Posp\u00ed\u0161il<\/a><\/td>\n<td>ING. ARCH. IVAN POSP\u00cd\u0160IL<\/td>\n<\/tr>\n<tr>\n<td>730<\/td>\n<td>\u00c7ekya<\/td>\n<td>Prag<\/td>\n<td><a href=\"https:\/\/www.cka.cz\/cs\/svet-architektury\/seznam-architektu\/ing-arch-jadrnickova-jitka\">00730 Jitka Jadrn\u00ed\u010dkov\u00e1<\/a><\/td>\n<td>ING. ARCH. JITKA JADRN\u00cd\u010cKOV\u00c1<\/td>\n<\/tr>\n<tr>\n<td>731<\/td>\n<td>\u00c7ekya<\/td>\n<td>Prag<\/td>\n<td><a href=\"https:\/\/www.cka.cz\/cs\/svet-architektury\/seznam-architektu\/ing-akad-arch-krska-josef\">00731 Josef Kr\u0161ka<\/a><\/td>\n<td>ING. AKAD. ARCH. JOSEF KR\u0160KA<\/td>\n<\/tr>\n<tr>\n<td>732<\/td>\n<td>\u00c7ekya<\/td>\n<td>St\u0159edo\u010desk\u00fd kraj<\/td>\n<td><a href=\"https:\/\/www.cka.cz\/cs\/svet-architektury\/seznam-architektu\/ing-arch-svatonova-lenka\">00732 Lenka Svato\u0148ov\u00e1<\/a><\/td>\n<td>ING. ARCH. LENKA SVATO\u0147OV\u00c1<\/td>\n<\/tr>\n<tr>\n<td>733<\/td>\n<td>\u00c7ekya<\/td>\n<td>Prag<\/td>\n<td><a href=\"https:\/\/www.cka.cz\/cs\/svet-architektury\/seznam-architektu\/ing-arch-hubicka-stanislav\">00733 Stanislav Hubi\u010dka<\/a><\/td>\n<td>ING. ARCH. STANISLAV HUBI\u010cKA<\/td>\n<\/tr>\n<tr>\n<td>734<\/td>\n<td>\u00c7ekya<\/td>\n<td>Prag<\/td>\n<td><a href=\"https:\/\/www.cka.cz\/cs\/svet-architektury\/seznam-architektu\/ing-arch-pokojova-dana\">00734 Dana Pokojov\u00e1<\/a><\/td>\n<td>ING. ARCH. DANA POKOJOV\u00c1<\/td>\n<\/tr>\n<tr>\n<td>735<\/td>\n<td>\u00c7ekya<\/td>\n<td>Prag<\/td>\n<td><a href=\"https:\/\/www.cka.cz\/cs\/svet-architektury\/seznam-architektu\/ing-arch-tucek-viktor\">00735 Viktor Tu\u010dek<\/a><\/td>\n<td>ING. ARCH. VIKTOR TU\u010cEK<\/td>\n<\/tr>\n<tr>\n<td>736<\/td>\n<td>\u00c7ekya<\/td>\n<td>St\u0159edo\u010desk\u00fd kraj<\/td>\n<td><a href=\"https:\/\/www.cka.cz\/cs\/svet-architektury\/seznam-architektu\/ing-arch-buranova-jirina\">00736 Ji\u0159ina Burianov\u00e1<\/a><\/td>\n<td>ING. ARCH. JI\u0158INA BURIANOV\u00c1<\/td>\n<\/tr>\n<tr>\n<td>737<\/td>\n<td>\u00c7ekya<\/td>\n<td>Plzen<\/td>\n<td><a href=\"https:\/\/www.cka.cz\/cs\/svet-architektury\/seznam-architektu\/akad-arch-smolik-vaclav\">00737 Vaclav Smolik<\/a><\/td>\n<td>AKAD. ARCH. V\u00c1CLAV \u0160MOL\u00cdK<\/td>\n<\/tr>\n<tr>\n<td>738<\/td>\n<td>\u00c7ekya<\/td>\n<td>Jihomoravsk\u00fd kraj<\/td>\n<td><a href=\"https:\/\/www.cka.cz\/cs\/svet-architektury\/seznam-architektu\/ing-arch-rybak-jindrich\">00738 Jindrich Rybak<\/a><\/td>\n<td>ING. ARCH. JIND\u0158ICH<\/td>\n<\/tr>\n<tr>\n<td>739<\/td>\n<td>\u00c7ekya<\/td>\n<td>Plze\u0148sk\u00fd kraj<\/td>\n<td><a href=\"https:\/\/www.cka.cz\/cs\/svet-architektury\/seznam-architektu\/ing-arch-mauritz-milan\">00739 Milano Mauritz<\/a><\/td>\n<td>ING. ARCH. MILAN MAURITZ<\/td>\n<\/tr>\n<tr>\n<td>740<\/td>\n<td>\u00c7ekya<\/td>\n<td>St\u0159edo\u010desk\u00fd kraj<\/td>\n<td><a href=\"https:\/\/www.cka.cz\/cs\/svet-architektury\/seznam-architektu\/ing-weber-martin\">00740 Martin Weber<\/a><\/td>\n<td>ING. MARTIN WEBER<\/td>\n<\/tr>\n<tr>\n<td>741<\/td>\n<td>\u00c7ekya<\/td>\n<td>Prag<\/td>\n<td><a href=\"https:\/\/www.cka.cz\/cs\/svet-architektury\/seznam-architektu\/ing-arch-stasek-jan\">00741 Jan Sta\u0161ek<\/a><\/td>\n<td>ING. ARCH. JAN STA\u0160EK<\/td>\n<\/tr>\n<tr>\n<td>742<\/td>\n<td>\u00c7ekya<\/td>\n<td>Jihomoravsk\u00fd kraj<\/td>\n<td><a href=\"https:\/\/www.cka.cz\/cs\/svet-architektury\/seznam-architektu\/ing-arch-navratil-emil\">00742 Emil Navr\u00e1til<\/a><\/td>\n<td>ING. ARCH. EMIL NAVR\u00c1TIL<\/td>\n<\/tr>\n<tr>\n<td>743<\/td>\n<td>\u00c7ekya<\/td>\n<td>Olomouc<\/td>\n<td><a href=\"https:\/\/www.cka.cz\/cs\/svet-architektury\/seznam-architektu\/ing-arch-poulova-olga\">00743 Olga Poulov\u00e1<\/a><\/td>\n<td>ING. ARCH. OLGA POULOV\u00c1<\/td>\n<\/tr>\n<tr>\n<td>744<\/td>\n<td>\u00c7ekya<\/td>\n<td>Zlinj<\/td>\n<td><a href=\"https:\/\/www.cka.cz\/cs\/svet-architektury\/seznam-architektu\/ing-arch-bergmannova-tatjana\">00744 Tatjana Bergmannov\u00e1<\/a><\/td>\n<td>ING. ARCH. TATJANA BERGMANNOV\u00c1<\/td>\n<\/tr>\n<tr>\n<td>745<\/td>\n<td>\u00c7ekya<\/td>\n<td>Kr\u00e1lov\u00e9hradeck\u00fd kraj<\/td>\n<td><a href=\"https:\/\/www.cka.cz\/cs\/svet-architektury\/seznam-architektu\/ing-arch-krticka-ales\">00745 Ale\u0161 Krti\u010dka<\/a><\/td>\n<td>ING. ARCH. ALE\u0160 KRTI\u010cKA<\/td>\n<\/tr>\n<tr>\n<td>746<\/td>\n<td>\u00c7ekya<\/td>\n<td>Moravskoslezsk\u00fd kraj<\/td>\n<td><a href=\"https:\/\/www.cka.cz\/cs\/svet-architektury\/seznam-architektu\/ing-arch-simickova-jana\">00746 Jana Simickova<\/a><\/td>\n<td>ING. ARCH. JANA \u0160IM\u00cd\u010cKOV\u00c1<\/td>\n<\/tr>\n<tr>\n<td>747<\/td>\n<td>\u00c7ekya<\/td>\n<td>Olomouc<\/td>\n<td><a href=\"https:\/\/www.cka.cz\/cs\/svet-architektury\/seznam-architektu\/ing-arch-braunerova-jarmila\">00747 Jarmila Braunerov\u00e1<\/a><\/td>\n<td>ING. ARCH. JARMILA BRAUNEROV\u00c1<\/td>\n<\/tr>\n<tr>\n<td>748<\/td>\n<td>\u00c7ekya<\/td>\n<td>Zl\u00edn<\/td>\n<td><a href=\"https:\/\/www.cka.cz\/cs\/svet-architektury\/seznam-architektu\/ing-arch-melicharek-josef\">00748 Josef Melich\u00e1rek<\/a><\/td>\n<td>ING. ARCH. JOSEF MELICH\u00c1REK<\/td>\n<\/tr>\n<tr>\n<td>749<\/td>\n<td>\u00c7ekya<\/td>\n<td>Ostrava<\/td>\n<td><a href=\"https:\/\/www.cka.cz\/cs\/svet-architektury\/seznam-architektu\/ing-arch-kuba-evzen\">00749 Eugene K\u00fcba<\/a><\/td>\n<td>ING. ARCH. EV\u017dEN KUBA<\/td>\n<\/tr>\n<tr>\n<td>750<\/td>\n<td>\u00c7ekya<\/td>\n<td>Kr\u00e1lov\u00e9hradeck\u00fd kraj<\/td>\n<td><a href=\"https:\/\/www.cka.cz\/cs\/svet-architektury\/seznam-architektu\/ing-arch-koutova-alena\">00750 Alena Koutova<\/a><\/td>\n<td>ING. ARCH. ALENA KOUTOV\u00c1<\/td>\n<\/tr>\n<tr>\n<td>751<\/td>\n<td>\u00c7ekya<\/td>\n<td>Kr\u00e1lov\u00e9hradeck\u00fd kraj<\/td>\n<td><a href=\"https:\/\/www.cka.cz\/cs\/svet-architektury\/seznam-architektu\/ing-arch-vychodil-tomas\">00751 Tomas Vychodil<\/a><\/td>\n<td>ING. ARCH. TOM\u00c1\u0160 VYCHODIL<\/td>\n<\/tr>\n<tr>\n<td>752<\/td>\n<td>\u00c7ekya<\/td>\n<td>Moravskoslezsk\u00fd kraj<\/td>\n<td><a href=\"https:\/\/www.cka.cz\/cs\/svet-architektury\/seznam-architektu\/ing-arch-rosypal-dusan\">00752 Dusan Rosypal<\/a><\/td>\n<td>ING. ARCH. DU\u0160AN ROSYPAL<\/td>\n<\/tr>\n<tr>\n<td>753<\/td>\n<td>\u00c7ekya<\/td>\n<td>Brno<\/td>\n<td><a href=\"https:\/\/www.cka.cz\/cs\/svet-architektury\/seznam-architektu\/ing-arch-streit-evzen\">00753 Ev\u017een \u0160treit<\/a><\/td>\n<td>ING. ARCH. EV\u017dEN \u0160TREIT<\/td>\n<\/tr>\n<tr>\n<td>754<\/td>\n<td>\u00c7ekya<\/td>\n<td>Brno<\/td>\n<td><a href=\"https:\/\/www.cka.cz\/cs\/svet-architektury\/seznam-architektu\/ing-arch-mensik-karel\">00754 Karel Men\u0161\u00edk<\/a><\/td>\n<td>ING. ARCH. KAREL MEN\u0160\u00cdK<\/td>\n<\/tr>\n<tr>\n<td>755<\/td>\n<td>\u00c7ekya<\/td>\n<td>Kr\u00e1lov\u00e9hradeck\u00fd kraj<\/td>\n<td><a href=\"https:\/\/www.cka.cz\/cs\/svet-architektury\/seznam-architektu\/ing-arch-kout-vaclav\">00755 Vaclav Kout<\/a><\/td>\n<td>ING. ARCH. V\u00c1CLAV KOUT<\/td>\n<\/tr>\n<tr>\n<td>756<\/td>\n<td>\u00c7ekya<\/td>\n<td>Brno<\/td>\n<td><a href=\"https:\/\/www.cka.cz\/cs\/svet-architektury\/seznam-architektu\/ing-arch-jansku-zdenek\">00756 Zdenek Jansky<\/a><\/td>\n<td>ING. ARCH. ZDEN\u011aK JANSK\u00dd<\/td>\n<\/tr>\n<tr>\n<td>757<\/td>\n<td>\u00c7ekya<\/td>\n<td>Prag<\/td>\n<td><a href=\"https:\/\/www.cka.cz\/cs\/svet-architektury\/seznam-architektu\/ing-arch-staudner-ivo\">00757 Ivo Staudner<\/a><\/td>\n<td>ING. ARCH. IVO \u0160TAUDNER<\/td>\n<\/tr>\n<tr>\n<td>758<\/td>\n<td>\u00c7ekya<\/td>\n<td>Jihlava<\/td>\n<td><a href=\"https:\/\/www.cka.cz\/cs\/svet-architektury\/seznam-architektu\/ing-arch-pribova-marta\">00758 Marta P\u0159ibov\u00e1<\/a><\/td>\n<td>ING. ARCH. MARTA P\u0158IBOV\u00c1<\/td>\n<\/tr>\n<tr>\n<td>759<\/td>\n<td>\u00c7ekya<\/td>\n<td>Labem<\/td>\n<td><a href=\"https:\/\/www.cka.cz\/cs\/svet-architektury\/seznam-architektu\/ing-arch-kotis-lubos\">00759 Lubo\u0161 Koti\u0161<\/a><\/td>\n<td>ING. ARCH. LUBO\u0160 KOTI\u0160<\/td>\n<\/tr>\n<tr>\n<td>760<\/td>\n<td>\u00c7ekya<\/td>\n<td>Prag<\/td>\n<td><a href=\"https:\/\/www.cka.cz\/cs\/svet-architektury\/seznam-architektu\/ing-arch-janouskova-tamara\">00760 Tamara Janouskova<\/a><\/td>\n<td>ING. ARCH. TAMARA JANOU\u0160KOV\u00c1<\/td>\n<\/tr>\n<tr>\n<td>761<\/td>\n<td>\u00c7ekya<\/td>\n<td>St\u0159edo\u010desk\u00fd kraj<\/td>\n<td><a href=\"https:\/\/www.cka.cz\/cs\/svet-architektury\/seznam-architektu\/ing-arch-sterba-jiri\">00761 Ji\u0159\u00ed \u0160t\u011brba<\/a><\/td>\n<td>ING. ARCH. JI\u0158\u00cd \u0160T\u011aRBA<\/td>\n<\/tr>\n<tr>\n<td>762<\/td>\n<td>\u00c7ekya<\/td>\n<td>Kr\u00e1lov\u00e9hradeck\u00fd kraj<\/td>\n<td><a href=\"https:\/\/www.cka.cz\/cs\/svet-architektury\/seznam-architektu\/ing-arch-hochman-jan\">00762 Jan Hochman<\/a><\/td>\n<td>ING. ARCH. JAN HOCHMAN<\/td>\n<\/tr>\n<tr>\n<td>763<\/td>\n<td>\u00c7ekya<\/td>\n<td>P\u00edsek<\/td>\n<td><a href=\"https:\/\/www.cka.cz\/cs\/svet-architektury\/seznam-architektu\/ing-arch-monhart-libor\">00763 Libor Monhart<\/a><\/td>\n<td>ING. ARCH. LIBOR MONHART<\/td>\n<\/tr>\n<tr>\n<td>764<\/td>\n<td>\u00c7ekya<\/td>\n<td>Prag<\/td>\n<td><a href=\"https:\/\/www.cka.cz\/cs\/svet-architektury\/seznam-architektu\/akad-arch-sulc-rudolf\">00764 Rudolf \u0160ulc<\/a><\/td>\n<td>AKAD. ARCH. RUDOLF \u0160ULC<\/td>\n<\/tr>\n<tr>\n<td>765<\/td>\n<td>\u00c7ekya<\/td>\n<td>Prag<\/td>\n<td><a href=\"https:\/\/www.cka.cz\/cs\/svet-architektury\/seznam-architektu\/ing-arch-monzer-ladislav\">00765 Ladislav Monzer<\/a><\/td>\n<td>ING. ARCH. LADISLAV MONZER<\/td>\n<\/tr>\n<tr>\n<td>766<\/td>\n<td>\u00c7ekya<\/td>\n<td>Prag<\/td>\n<td><a href=\"https:\/\/www.cka.cz\/cs\/svet-architektury\/seznam-architektu\/ing-arch-slach-karel\">00766 Karel Slach<\/a><\/td>\n<td>ING. ARCH. KAREL SLACH<\/td>\n<\/tr>\n<tr>\n<td>767<\/td>\n<td>\u00c7ekya<\/td>\n<td>Kr\u00e1lov\u00e9hradeck\u00fd kraj<\/td>\n<td><a href=\"https:\/\/www.cka.cz\/cs\/svet-architektury\/seznam-architektu\/ing-arch-kaskova-alexandra\">00767 Alexandra Kaskov\u00e1<\/a><\/td>\n<td>ING. ARCH. ALEXANDRA KASKOV\u00c1<\/td>\n<\/tr>\n<tr>\n<td>768<\/td>\n<td>\u00c7ekya<\/td>\n<td>Prag<\/td>\n<td><a href=\"https:\/\/www.cka.cz\/cs\/svet-architektury\/seznam-architektu\/ing-arch-soukenikova-vera\">00768 V\u011bra Souken\u00edkov\u00e1<\/a><\/td>\n<td>ING. ARCH. V\u011aRA SOUKEN\u00cdKOV\u00c1<\/td>\n<\/tr>\n<tr>\n<td>769<\/td>\n<td>\u00c7ekya<\/td>\n<td>Prag<\/td>\n<td><a href=\"https:\/\/www.cka.cz\/cs\/svet-architektury\/seznam-architektu\/ing-arch-dankova-eva\">00769 Eva Dankova<\/a><\/td>\n<td>ING. ARCH. EVA DA\u0147KOV\u00c1<\/td>\n<\/tr>\n<tr>\n<td>770<\/td>\n<td>\u00c7ekya<\/td>\n<td>Prag<\/td>\n<td><a href=\"https:\/\/www.cka.cz\/cs\/svet-architektury\/seznam-architektu\/ing-arch-hubikova-marie\">00770 Marie Hub\u00edkov\u00e1<\/a><\/td>\n<td>ING. ARCH. MARIE HUB\u00cdKOV\u00c1<\/td>\n<\/tr>\n<tr>\n<td>771<\/td>\n<td>\u00c7ekya<\/td>\n<td>Prag<\/td>\n<td><a href=\"https:\/\/www.cka.cz\/cs\/svet-architektury\/seznam-architektu\/ing-arch-heidler-stanislav\">00771 Stanislav Heidler<\/a><\/td>\n<td>ING. ARCH. STANISLAV HEIDLER<\/td>\n<\/tr>\n<tr>\n<td>772<\/td>\n<td>\u00c7ekya<\/td>\n<td>Prag<\/td>\n<td><a href=\"https:\/\/www.cka.cz\/cs\/svet-architektury\/seznam-architektu\/ing-arch-kovalcik-vit\">00772 V\u00edt Koval\u010d\u00edk<\/a><\/td>\n<td>ING. ARCH. V\u00cdT KOVAL\u010c\u00cdK<\/td>\n<\/tr>\n<tr>\n<td>773<\/td>\n<td>\u00c7ekya<\/td>\n<td>Prag<\/td>\n<td><a href=\"https:\/\/www.cka.cz\/cs\/svet-architektury\/seznam-architektu\/ing-arch-hrochova-zuzana\">00773 Zuzana Hrochov\u00e1<\/a><\/td>\n<td>ING. ARCH. ZUZANA HROCHOV\u00c1<\/td>\n<\/tr>\n<tr>\n<td>774<\/td>\n<td>\u00c7ekya<\/td>\n<td>Prag<\/td>\n<td><a href=\"https:\/\/www.cka.cz\/cs\/svet-architektury\/seznam-architektu\/ing-arch-ilincev-orlin\">00774 Orlin Ilinchev<\/a><\/td>\n<td>ING. ARCH. ORLIN ILIN\u010cEV<\/td>\n<\/tr>\n<tr>\n<td>775<\/td>\n<td>\u00c7ekya<\/td>\n<td>Prag<\/td>\n<td><a href=\"https:\/\/www.cka.cz\/cs\/svet-architektury\/seznam-architektu\/ing-arch-feistner-martin\">00775 Martin Feistner<\/a><\/td>\n<td>ING. ARCH. MARTIN FEISTNER<\/td>\n<\/tr>\n<tr>\n<td>776<\/td>\n<td>\u00c7ekya<\/td>\n<td>Prag<\/td>\n<td><a href=\"https:\/\/www.cka.cz\/cs\/svet-architektury\/seznam-architektu\/ing-arch-hanzlik-jiri\">00776 Ji\u0159\u00ed Hanzl\u00edk<\/a><\/td>\n<td>ING. ARCH. JI\u0158\u00cd HANZL\u00cdK<\/td>\n<\/tr>\n<tr>\n<td>777<\/td>\n<td>\u00c7ekya<\/td>\n<td>Prag<\/td>\n<td><a href=\"https:\/\/www.cka.cz\/cs\/svet-architektury\/seznam-architektu\/ing-arch-neumann-petr\">00777 Petr Neumann<\/a><\/td>\n<td>ING. ARCH. PETR NEUMANN<\/td>\n<\/tr>\n<tr>\n<td>778<\/td>\n<td>\u00c7ekya<\/td>\n<td>Prag<\/td>\n<td><a href=\"https:\/\/www.cka.cz\/cs\/svet-architektury\/seznam-architektu\/ing-arch-ilincev-miroslav\">00778 Miroslav Ilinchev<\/a><\/td>\n<td>ING. ARCH. MIROSLAV ILIN\u010cEV<\/td>\n<\/tr>\n<tr>\n<td>779<\/td>\n<td>\u00c7ekya<\/td>\n<td>Prag<\/td>\n<td><a href=\"https:\/\/www.cka.cz\/cs\/svet-architektury\/seznam-architektu\/ing-arch-novotny-frantisek\">00779 Frantisek Novotny<\/a><\/td>\n<td>ING. ARCH. FRANTI\u0160EK NOVOTN\u00dd<\/td>\n<\/tr>\n<tr>\n<td>780<\/td>\n<td>\u00c7ekya<\/td>\n<td>Prag<\/td>\n<td><a href=\"https:\/\/www.cka.cz\/cs\/svet-architektury\/seznam-architektu\/ing-arch-kopp-jan\">00780 Jan Kopp<\/a><\/td>\n<td>ING. ARCH. JAN KOPP<\/td>\n<\/tr>\n<tr>\n<td>781<\/td>\n<td>\u00c7ekya<\/td>\n<td>Prag<\/td>\n<td><a href=\"https:\/\/www.cka.cz\/cs\/svet-architektury\/seznam-architektu\/ing-arch-krizova-lenka\">00781 Lenka K\u0159\u00ed\u017eov\u00e1<\/a><\/td>\n<td>ING. ARCH. LENKA K\u0158\u00cd\u017dOV\u00c1<\/td>\n<\/tr>\n<tr>\n<td>782<\/td>\n<td>\u00c7ekya<\/td>\n<td>Prag<\/td>\n<td><a href=\"https:\/\/www.cka.cz\/cs\/svet-architektury\/seznam-architektu\/ing-arch-kotrba-ales\">00782 Ale\u0161 Kotrba<\/a><\/td>\n<td>ING. ARCH. ALE\u0160 KOTRBA<\/td>\n<\/tr>\n<tr>\n<td>783<\/td>\n<td>\u00c7ekya<\/td>\n<td>Plze\u0148sk\u00fd kraj<\/td>\n<td><a href=\"https:\/\/www.cka.cz\/cs\/svet-architektury\/seznam-architektu\/ing-arch-drda-jaroslav\">00783 Jaroslav Drda<\/a><\/td>\n<td>ING. ARCH. JAROSLAV DRDA<\/td>\n<\/tr>\n<tr>\n<td>784<\/td>\n<td>\u00c7ekya<\/td>\n<td>Prag<\/td>\n<td><a href=\"https:\/\/www.cka.cz\/cs\/svet-architektury\/seznam-architektu\/ing-arch-zverina-pavel\">00784 Pavel Zv\u011b\u0159ina<\/a><\/td>\n<td>ING. ARCH. PAVEL ZV\u011a\u0158INA<\/td>\n<\/tr>\n<tr>\n<td>785<\/td>\n<td>\u00c7ekya<\/td>\n<td>Prag<\/td>\n<td><a href=\"https:\/\/www.cka.cz\/cs\/svet-architektury\/seznam-architektu\/ing-arch-kostal-jiri\">00785 Ji\u0159\u00ed Ko\u0161\u0165\u00e1l<\/a><\/td>\n<td>ING. ARCH. JI\u0158\u00cd KO\u0160\u0164\u00c1L<\/td>\n<\/tr>\n<tr>\n<td>786<\/td>\n<td>\u00c7ekya<\/td>\n<td>Prag<\/td>\n<td><a href=\"https:\/\/www.cka.cz\/cs\/svet-architektury\/seznam-architektu\/ing-arch-adamek-jan\">00786 Jan Adamek<\/a><\/td>\n<td>ING. ARCH. JAN AD\u00c1MEK<\/td>\n<\/tr>\n<tr>\n<td>787<\/td>\n<td>\u00c7ekya<\/td>\n<td>St\u0159edo\u010desk\u00fd kraj<\/td>\n<td><a href=\"https:\/\/www.cka.cz\/cs\/svet-architektury\/seznam-architektu\/ing-akad-arch-kafka-jiri\">00787 Ji\u0159\u00ed Kafka<\/a><\/td>\n<td>AKAD. ARCH. ING. JI\u0158\u00cd KAFKA<\/td>\n<\/tr>\n<tr>\n<td>788<\/td>\n<td>\u00c7ekya<\/td>\n<td>Prag<\/td>\n<td><a href=\"https:\/\/www.cka.cz\/cs\/svet-architektury\/seznam-architektu\/akad-arch-brix-michal\">00788 Michal Brix<\/a><\/td>\n<td>AKAD. ARCH. MICHAL BRIX<\/td>\n<\/tr>\n<tr>\n<td>789<\/td>\n<td>\u00c7ekya<\/td>\n<td>Prag<\/td>\n<td><a href=\"https:\/\/www.cka.cz\/cs\/svet-architektury\/seznam-architektu\/ing-arch-valtr-vaclav\">00789 Vaclav Valtr<\/a><\/td>\n<td>ING. ARCH. V\u00c1CLAV VALTR<\/td>\n<\/tr>\n<tr>\n<td>790<\/td>\n<td>\u00c7ekya<\/td>\n<td>Prag<\/td>\n<td><a href=\"https:\/\/www.cka.cz\/cs\/svet-architektury\/seznam-architektu\/ing-akad-arch-kovalcikova-dagmar\">00790 Dagmar Koval\u010d\u00edkov\u00e1<\/a><\/td>\n<td>ING. AKAD. ARCH. DAGMAR KOVAL\u010c\u00cdKOV\u00c1<\/td>\n<\/tr>\n<tr>\n<td>791<\/td>\n<td>\u00c7ekya<\/td>\n<td>Prag<\/td>\n<td><a href=\"https:\/\/www.cka.cz\/cs\/svet-architektury\/seznam-architektu\/akad-arch-toman-stanislav\">00791 Stanislav Toman<\/a><\/td>\n<td>AKAD. ARCH. STANISLAV TOMAN<\/td>\n<\/tr>\n<tr>\n<td>792<\/td>\n<td>\u00c7ekya<\/td>\n<td>Prag<\/td>\n<td><a href=\"https:\/\/www.cka.cz\/cs\/svet-architektury\/seznam-architektu\/ing-boucek-hynek\">00792 Hynek Bou\u010dek<\/a><\/td>\n<td>ING. HYNEK BOU\u010cEK<\/td>\n<\/tr>\n<tr>\n<td>793<\/td>\n<td>\u00c7ekya<\/td>\n<td>Labem<\/td>\n<td><a href=\"https:\/\/www.cka.cz\/cs\/svet-architektury\/seznam-architektu\/ing-arch-burda-josef\">00793 Josef Burda<\/a><\/td>\n<td>ING. ARCH. JOSEF BURDA<\/td>\n<\/tr>\n<tr>\n<td>794<\/td>\n<td>\u00c7ekya<\/td>\n<td>Prag<\/td>\n<td><a href=\"https:\/\/www.cka.cz\/cs\/svet-architektury\/seznam-architektu\/ing-arch-kolarova-eliska\">00794 Eli\u0161ka Kol\u00e1\u0159ov\u00e1<\/a><\/td>\n<td>ING. ARCH. ELI\u0160KA KOL\u00c1\u0158OV\u00c1<\/td>\n<\/tr>\n<tr>\n<td>795<\/td>\n<td>\u00c7ekya<\/td>\n<td>Prag<\/td>\n<td><a href=\"https:\/\/www.cka.cz\/cs\/svet-architektury\/seznam-architektu\/ing-arch-benesova-miroslava\">00795 Miroslava Bene\u0161ov\u00e1<\/a><\/td>\n<td>ING. ARCH. MIROSLAVA BENE\u0160OV\u00c1<\/td>\n<\/tr>\n<tr>\n<td>796<\/td>\n<td>\u00c7ekya<\/td>\n<td>Prag<\/td>\n<td><a href=\"https:\/\/www.cka.cz\/cs\/svet-architektury\/seznam-architektu\/ing-arch-novak-jiri\">00796 Ji\u0159\u00ed Nov\u00e1k<\/a><\/td>\n<td>ING. ARCH. JI\u0158\u00cd NOV\u00c1K<\/td>\n<\/tr>\n<tr>\n<td>797<\/td>\n<td>\u00c7ekya<\/td>\n<td>Prag<\/td>\n<td><a href=\"https:\/\/www.cka.cz\/cs\/svet-architektury\/seznam-architektu\/ing-arch-malina-pavel\">00797 Pavel Malina<\/a><\/td>\n<td>ING. ARCH. PAVEL MALINA<\/td>\n<\/tr>\n<tr>\n<td>798<\/td>\n<td>\u00c7ekya<\/td>\n<td>Prag<\/td>\n<td><a href=\"https:\/\/www.cka.cz\/cs\/svet-architektury\/seznam-architektu\/ing-arch-podpera-blahomir\">00798 Blahom\u00edr Podp\u011bra<\/a><\/td>\n<td>ING. ARCH. BLAHOM\u00cdR PODP\u011aRA<\/td>\n<\/tr>\n<tr>\n<td>799<\/td>\n<td>\u00c7ekya<\/td>\n<td>Prag<\/td>\n<td><a href=\"https:\/\/www.cka.cz\/cs\/svet-architektury\/seznam-architektu\/ing-arch-lasek-jiri\">00799 Ji\u0159\u00ed L\u00e1\u0161ek<\/a><\/td>\n<td>ING. ARCH. JI\u0158\u00cd L\u00c1\u0160EK<\/td>\n<\/tr>\n<tr>\n<td>800<\/td>\n<td>\u00c7ekya<\/td>\n<td>Prag<\/td>\n<td><a href=\"https:\/\/www.cka.cz\/cs\/svet-architektury\/seznam-architektu\/ing-akad-arch-fenclova-daniela\">00800 Daniela Fenclov\u00e1<\/a><\/td>\n<td>ING. AKAD. ARCH. DANIELA FENCLOV\u00c1<\/td>\n<\/tr>\n<tr>\n<td>801<\/td>\n<td>\u00c7ekya<\/td>\n<td>Jiho\u010desk\u00fd kraj<\/td>\n<td><a href=\"https:\/\/www.cka.cz\/cs\/svet-architektury\/seznam-architektu\/ing-arch-kalina-vaclav\">00801 Vaclav Kalina<\/a><\/td>\n<td>ING. ARCH. V\u00c1CLAV KALINA<\/td>\n<\/tr>\n<tr>\n<td>802<\/td>\n<td>\u00c7ekya<\/td>\n<td>Plze\u0148<\/td>\n<td><a href=\"https:\/\/www.cka.cz\/cs\/svet-architektury\/seznam-architektu\/ing-arch-kantner-jiri\">00802 Ji\u0159\u00ed Kantner<\/a><\/td>\n<td>ING. ARCH. JI\u0158\u00cd KANTNER<\/td>\n<\/tr>\n<tr>\n<td>803<\/td>\n<td>\u00c7ekya<\/td>\n<td>Prag<\/td>\n<td><a href=\"https:\/\/www.cka.cz\/cs\/svet-architektury\/seznam-architektu\/ing-arch-borovicka-jan\">00803 Jan Borovi\u010dka<\/a><\/td>\n<td>ING. ARCH. JAN BOROVI\u010cKA<\/td>\n<\/tr>\n<tr>\n<td>804<\/td>\n<td>\u00c7ekya<\/td>\n<td>Plze\u0148<\/td>\n<td><a href=\"https:\/\/www.cka.cz\/cs\/svet-architektury\/seznam-architektu\/ing-arch-tuckova-hana\">00804 Hana Tu\u010dkov\u00e1<\/a><\/td>\n<td>ING. ARCH. HANA TU\u010cKOV\u00c1<\/td>\n<\/tr>\n<tr>\n<td>805<\/td>\n<td>\u00c7ekya<\/td>\n<td>Prag<\/td>\n<td><a href=\"https:\/\/www.cka.cz\/cs\/svet-architektury\/seznam-architektu\/ing-arch-lejsek-pavel\">00805 Pavel Lejsek<\/a><\/td>\n<td>ING. ARCH. PAVEL LEJSEK<\/td>\n<\/tr>\n<tr>\n<td>806<\/td>\n<td>\u00c7ekya<\/td>\n<td>St\u0159edo\u010desk\u00fd kraj<\/td>\n<td><a href=\"https:\/\/www.cka.cz\/cs\/svet-architektury\/seznam-architektu\/ing-arch-bradac-josef\">00806 Josef Brad\u00e1\u010d<\/a><\/td>\n<td>ING. ARCH. JOSEF BRAD\u00c1\u010c<\/td>\n<\/tr>\n<tr>\n<td>807<\/td>\n<td>\u00c7ekya<\/td>\n<td>\u010cesk\u00e9 Bud\u011bjovice<\/td>\n<td><a href=\"https:\/\/www.cka.cz\/cs\/svet-architektury\/seznam-architektu\/ing-arch-urbanec-zdenek\">00807 Zdenek Urbanec<\/a><\/td>\n<td>ING. ARCH. ZDEN\u011aK URBANEC<\/td>\n<\/tr>\n<tr>\n<td>808<\/td>\n<td>\u00c7ekya<\/td>\n<td>Kr\u00e1lov\u00e9hradeck\u00fd kraj<\/td>\n<td><a href=\"https:\/\/www.cka.cz\/cs\/svet-architektury\/seznam-architektu\/ing-arch-skalicky-alexandr\">00808 Alexandr Skalick\u00fd<\/a><\/td>\n<td>ING. ARCH. ALEXANDR SKALICK\u00dd<\/td>\n<\/tr>\n<tr>\n<td>809<\/td>\n<td>\u00c7ekya<\/td>\n<td>Jiho\u010desk\u00fd kraj<\/td>\n<td><a href=\"https:\/\/www.cka.cz\/cs\/svet-architektury\/seznam-architektu\/ing-arch-homolka-milan\">00809 Milano Homolka<\/a><\/td>\n<td>ING. ARCH. MILAN HOMOLKA<\/td>\n<\/tr>\n<tr>\n<td>810<\/td>\n<td>\u00c7ekya<\/td>\n<td>Labem<\/td>\n<td><a href=\"https:\/\/www.cka.cz\/cs\/svet-architektury\/seznam-architektu\/ing-arch-fikarova-jitka\">00810 Jitka Fikarov\u00e1<\/a><\/td>\n<td>ING. ARCH. JITKA FIKAROV\u00c1<\/td>\n<\/tr>\n<tr>\n<td>811<\/td>\n<td>\u00c7ekya<\/td>\n<td>Prag<\/td>\n<td><a href=\"https:\/\/www.cka.cz\/cs\/svet-architektury\/seznam-architektu\/ing-arch-durdikova-helena\">00811 Helena Durd\u00edkov\u00e1<\/a><\/td>\n<td>ING. ARCH. HELENA DURD\u00cdKOV\u00c1<\/td>\n<\/tr>\n<tr>\n<td>812<\/td>\n<td>\u00c7ekya<\/td>\n<td>Brno<\/td>\n<td><a href=\"https:\/\/www.cka.cz\/cs\/svet-architektury\/seznam-architektu\/ing-arch-palacka-alena\">00812 Alena Palacka<\/a><\/td>\n<td>ING. ARCH. ALENA PALACK\u00c1<\/td>\n<\/tr>\n<tr>\n<td>813<\/td>\n<td>\u00c7ekya<\/td>\n<td>Zl\u00edn<\/td>\n<td><a href=\"https:\/\/www.cka.cz\/cs\/svet-architektury\/seznam-architektu\/ing-arch-psencik-leopold\">00813 Leopold P\u0161en\u010d\u00edk<\/a><\/td>\n<td>ING. ARCH. LEOPOLD P\u0160EN\u010c\u00cdK<\/td>\n<\/tr>\n<tr>\n<td>814<\/td>\n<td>\u00c7ekya<\/td>\n<td>Brno<\/td>\n<td><a href=\"https:\/\/www.cka.cz\/cs\/svet-architektury\/seznam-architektu\/ing-arch-sevcik-zdenek\">00814 Zdenek Sevcik<\/a><\/td>\n<td>ING. ARCH. ZDEN\u011aK \u0160EV\u010c\u00cdK<\/td>\n<\/tr>\n<tr>\n<td>815<\/td>\n<td>\u00c7ekya<\/td>\n<td>Pardubick\u00fd kraj<\/td>\n<td><a href=\"https:\/\/www.cka.cz\/cs\/svet-architektury\/seznam-architektu\/ing-arch-rerucha-jiri\">00815 Ji\u0159\u00ed \u0158e\u0159ucha<\/a><\/td>\n<td>ING. ARCH. JI\u0158\u00cd \u0158E\u0158UCHA<\/td>\n<\/tr>\n<tr>\n<td>816<\/td>\n<td>\u00c7ekya<\/td>\n<td>Jiho\u010desk\u00fd kraj<\/td>\n<td><a href=\"https:\/\/www.cka.cz\/cs\/svet-architektury\/seznam-architektu\/ing-arch-lang-zdenek\">00816 Zdenek Lang<\/a><\/td>\n<td>ING. ARCH. ZDEN\u011aK LANG<\/td>\n<\/tr>\n<tr>\n<td>817<\/td>\n<td>\u00c7ekya<\/td>\n<td>Jiho\u010desk\u00fd kraj<\/td>\n<td><a href=\"https:\/\/www.cka.cz\/cs\/svet-architektury\/seznam-architektu\/ing-arch-stee-petr\">00817 Petr St\u00e9e<\/a><\/td>\n<td>ING. ARCH. PETR ST\u00c9E<\/td>\n<\/tr>\n<tr>\n<td>818<\/td>\n<td>\u00c7ekya<\/td>\n<td>Jiho\u010desk\u00fd kraj<\/td>\n<td><a href=\"https:\/\/www.cka.cz\/cs\/svet-architektury\/seznam-architektu\/ing-arch-konicar-pavel\">00818 Pavel Konicar<\/a><\/td>\n<td>ING. ARCH. PAVEL KONICAR<\/td>\n<\/tr>\n<tr>\n<td>819<\/td>\n<td>\u00c7ekya<\/td>\n<td>Jiho\u010desk\u00fd kraj<\/td>\n<td><a href=\"https:\/\/www.cka.cz\/cs\/svet-architektury\/seznam-architektu\/ing-arch-dolezal-jan\">00819 Jan Dole\u017eal<\/a><\/td>\n<td>ING. ARCH. JAN DOLE\u017dAL<\/td>\n<\/tr>\n<tr>\n<td>820<\/td>\n<td>\u00c7ekya<\/td>\n<td>Ostrava<\/td>\n<td><a href=\"https:\/\/www.cka.cz\/cs\/svet-architektury\/seznam-architektu\/ing-arch-carbol-lubomir\">00820 Lubom\u00edr Carbol<\/a><\/td>\n<td>ING. ARCH. LUBOM\u00cdR CARBOL<\/td>\n<\/tr>\n<tr>\n<td>821<\/td>\n<td>\u00c7ekya<\/td>\n<td>Zl\u00ednsk\u00fd kraj<\/td>\n<td><a href=\"https:\/\/www.cka.cz\/cs\/svet-architektury\/seznam-architektu\/ing-arch-kalivoda-vladimir-1\">00821 Vladimir Kalivoda<\/a><\/td>\n<td>ING. ARCH. VLADIM\u00cdR KALIVODA<\/td>\n<\/tr>\n<tr>\n<td>822<\/td>\n<td>\u00c7ekya<\/td>\n<td>Jiho\u010desk\u00fd kraj<\/td>\n<td><a href=\"https:\/\/www.cka.cz\/cs\/svet-architektury\/seznam-architektu\/ing-arch-keith-jan\">00822 Jan Keith<\/a><\/td>\n<td>ING. ARCH. JAN KEITH<\/td>\n<\/tr>\n<tr>\n<td>823<\/td>\n<td>\u00c7ekya<\/td>\n<td>Kr\u00e1lov\u00e9hradeck\u00fd kraj<\/td>\n<td><a href=\"https:\/\/www.cka.cz\/cs\/svet-architektury\/seznam-architektu\/ing-arch-wagner-alexandr\">00823 Alexandr Wagner<\/a><\/td>\n<td>ING. ARCH. ALEXANDR WAGNER<\/td>\n<\/tr>\n<tr>\n<td>824<\/td>\n<td>\u00c7ekya<\/td>\n<td>Olomouc<\/td>\n<td><a href=\"https:\/\/www.cka.cz\/cs\/svet-architektury\/seznam-architektu\/akad-soch-lubic-martin\">00824 Martin Lubi\u010d<\/a><\/td>\n<td>AKAD. SOCH. MARTIN LUBI\u010c<\/td>\n<\/tr>\n<tr>\n<td>825<\/td>\n<td>\u00c7ekya<\/td>\n<td>Olomouc<\/td>\n<td><a href=\"https:\/\/www.cka.cz\/cs\/svet-architektury\/seznam-architektu\/ing-arch-opletal-ladislav\">00825 Ladislav Opletal<\/a><\/td>\n<td>ING. ARCH. LADISLAV OPLETAL<\/td>\n<\/tr>\n<tr>\n<td>826<\/td>\n<td>\u00c7ekya<\/td>\n<td>Zl\u00ednsk\u00fd kraj<\/td>\n<td><a href=\"https:\/\/www.cka.cz\/cs\/svet-architektury\/seznam-architektu\/ing-arch-hainc-pavel-csc\">00826 Pavel Hainc<\/a><\/td>\n<td>ING. ARCH. PAVEL HAINC CSC.<\/td>\n<\/tr>\n<tr>\n<td>SIRA<\/td>\n<td>\u00dcLKE<\/td>\n<td>\u015eEH\u0130R<\/td>\n<td>F\u0130RMA<\/td>\n<td><\/td>\n<\/tr>\n<tr>\n<td>827<\/td>\n<td>\u00c7ekya<\/td>\n<td>Prag<\/td>\n<td><a href=\"https:\/\/www.cka.cz\/cs\/svet-architektury\/seznam-architektu\/doc-ing-arch-stipek-jan\">2 Jan \u0160t\u00edpek<\/a><\/td>\n<td>DOC. ING. ARCH. JAN \u0160T\u00cdPEK<\/td>\n<\/tr>\n<tr>\n<td>828<\/td>\n<td>\u00c7ekya<\/td>\n<td>Prag<\/td>\n<td><a href=\"https:\/\/www.cka.cz\/cs\/svet-architektury\/seznam-architektu\/ing-arch-aulicky-vaclav\">3 V\u00e1clav Aulick\u00fd<\/a><\/td>\n<td>SPOJPROJEKT PRAHA<\/td>\n<\/tr>\n<tr>\n<td>829<\/td>\n<td>\u00c7ekya<\/td>\n<td>P\u0159erov<\/td>\n<td><a href=\"https:\/\/www.cka.cz\/cs\/svet-architektury\/seznam-architektu\/ing-arch-zalud-stanislav\">4 Stanislav \u017dalud<\/a><\/td>\n<td>ING. ARCH. STANISLAV \u017dALUD<\/td>\n<\/tr>\n<tr>\n<td>830<\/td>\n<td>\u00c7ekya<\/td>\n<td>Prag<\/td>\n<td><a href=\"https:\/\/www.cka.cz\/cs\/svet-architektury\/seznam-architektu\/ing-arch-vrana-josef\">5 Josef Vrana<\/a><\/td>\n<td>ING. ARCH. JOSEF VRANA<\/td>\n<\/tr>\n<tr>\n<td>831<\/td>\n<td>\u00c7ekya<\/td>\n<td>Liberec<\/td>\n<td><a href=\"https:\/\/www.cka.cz\/cs\/svet-architektury\/seznam-architektu\/ing-arch-kousal-radim\">6 Radim Kousal<\/a><\/td>\n<td>ING. ARCH. RADIM KOUSAL<\/td>\n<\/tr>\n<tr>\n<td>832<\/td>\n<td>\u00c7ekya<\/td>\n<td>Kr\u00e1lov\u00e9<\/td>\n<td><a href=\"https:\/\/www.cka.cz\/cs\/svet-architektury\/seznam-architektu\/ing-arch-falta-bedrich\">7 Bed\u0159ich Falta<\/a><\/td>\n<td>ING. ARCH. BED\u0158ICH FALTA<\/td>\n<\/tr>\n<tr>\n<td>833<\/td>\n<td>\u00c7ekya<\/td>\n<td>Pilsen<\/td>\n<td><a href=\"https:\/\/www.cka.cz\/cs\/svet-architektury\/seznam-architektu\/ing-arch-cihak-zdenek\">8 Zden\u011bk \u010cih\u00e1k<\/a><\/td>\n<td>ING. ARCH. ZDEN\u011aK \u010cIH\u00c1K<\/td>\n<\/tr>\n<tr>\n<td>834<\/td>\n<td>\u00c7ekya<\/td>\n<td>Karlovy Vary<\/td>\n<td><a href=\"https:\/\/www.cka.cz\/cs\/svet-architektury\/seznam-architektu\/ing-arch-mraz-petr\">9 Petr Mr\u00e1z<\/a><\/td>\n<td>ING. ARCH. PETR MR\u00c1Z<\/td>\n<\/tr>\n<tr>\n<td>835<\/td>\n<td>\u00c7ekya<\/td>\n<td>Prag<\/td>\n<td><a href=\"https:\/\/www.cka.cz\/cs\/svet-architektury\/seznam-architektu\/ing-arch-sebek-vaclav\">10 V\u00e1clav \u0160ebek<\/a><\/td>\n<td>ING. ARCH. V\u00c1CLAV \u0160EBEK<\/td>\n<\/tr>\n<tr>\n<td>836<\/td>\n<td>\u00c7ekya<\/td>\n<td>Pardubice<\/td>\n<td><a href=\"https:\/\/www.cka.cz\/cs\/svet-architektury\/seznam-architektu\/ing-arch-kopecky-miroslav-csc\">11 Miroslav Kopeck\u00fd<\/a><\/td>\n<td>ING. ARCH. MIROSLAV KOPECK\u00dd CSC.<\/td>\n<\/tr>\n<tr>\n<td>837<\/td>\n<td>\u00c7ekya<\/td>\n<td>Prag<\/td>\n<td><a href=\"https:\/\/www.cka.cz\/cs\/svet-architektury\/seznam-architektu\/ing-arch-lauermann-lev\">12 Lev Lauermann<\/a><\/td>\n<td>ING. ARCH. LEV LAUERMANN<\/td>\n<\/tr>\n<tr>\n<td>838<\/td>\n<td>\u00c7ekya<\/td>\n<td>Hradec Kr\u00e1lov\u00e9<\/td>\n<td><a href=\"https:\/\/www.cka.cz\/cs\/svet-architektury\/seznam-architektu\/ing-arch-plocek-karel\">13 Karel Plocek<\/a><\/td>\n<td>ING. ARCH. KAREL PLOCEK<\/td>\n<\/tr>\n<tr>\n<td>839<\/td>\n<td>\u00c7ekya<\/td>\n<td>Klentnice<\/td>\n<td><a href=\"https:\/\/www.cka.cz\/cs\/svet-architektury\/seznam-architektu\/ing-arch-borak-dalibor\">14 Dalibor Bor\u00e1k<\/a><\/td>\n<td>ING. ARCH. DALIBOR BOR\u00c1K<\/td>\n<\/tr>\n<tr>\n<td>840<\/td>\n<td>\u00c7ekya<\/td>\n<td>Prag<\/td>\n<td><a href=\"https:\/\/www.cka.cz\/cs\/svet-architektury\/seznam-architektu\/ing-arch-pata-lubos\">15 Lubo\u0161 Pata<\/a><\/td>\n<td>ING. ARCH. LUBO\u0160 PATA<\/td>\n<\/tr>\n<tr>\n<td>841<\/td>\n<td>\u00c7ekya<\/td>\n<td>\u00davaly<\/td>\n<td><a href=\"https:\/\/www.cka.cz\/cs\/svet-architektury\/seznam-architektu\/prof-ing-arch-masak-miroslav\">16 Miroslav Mas\u00e1k<\/a><\/td>\n<td>PROF. ING. ARCH. MIROSLAV MAS\u00c1K<\/td>\n<\/tr>\n<tr>\n<td>842<\/td>\n<td>\u00c7ekya<\/td>\n<td>Bud\u011bjovice<\/td>\n<td><a href=\"https:\/\/www.cka.cz\/cs\/svet-architektury\/seznam-architektu\/ing-arch-krocak-jaromir\">17 Jarom\u00edr Kro\u010d\u00e1k<\/a><\/td>\n<td>ING. ARCH. JAROM\u00cdR KRO\u010c\u00c1K<\/td>\n<\/tr>\n<tr>\n<td>843<\/td>\n<td>\u00c7ekya<\/td>\n<td>Podkrkono\u0161\u00ed<\/td>\n<td><a href=\"https:\/\/www.cka.cz\/cs\/svet-architektury\/seznam-architektu\/ing-arch-peterka-martin\">18 Martin Peterka<\/a><\/td>\n<td>ING. ARCH. MARTIN PETERKA<\/td>\n<\/tr>\n<tr>\n<td>844<\/td>\n<td>\u00c7ekya<\/td>\n<td>Prag<\/td>\n<td><a href=\"https:\/\/www.cka.cz\/cs\/svet-architektury\/seznam-architektu\/ing-arch-linek-jan\">19 Jan L\u00ednek<\/a><\/td>\n<td>ING. ARCH. JAN L\u00cdNEK<\/td>\n<\/tr>\n<tr>\n<td>845<\/td>\n<td>\u00c7ekya<\/td>\n<td>Prag<\/td>\n<td><a href=\"https:\/\/www.cka.cz\/cs\/svet-architektury\/seznam-architektu\/ing-arch-rothbauerova-vitezslava\">20 V\u00edt\u011bzslava Rothbauerov\u00e1<\/a><\/td>\n<td>ING. ARCH. V\u00cdT\u011aZSLAVA ROTHBAUEROV\u00c1<\/td>\n<\/tr>\n<tr>\n<td>846<\/td>\n<td>\u00c7ekya<\/td>\n<td>Karlovy Vary<\/td>\n<td><a href=\"https:\/\/www.cka.cz\/cs\/svet-architektury\/seznam-architektu\/ing-arch-mundil-richard\">21 Richard Mundil<\/a><\/td>\n<td>ING. ARCH. RICHARD MUNDIL<\/td>\n<\/tr>\n<tr>\n<td>847<\/td>\n<td>\u00c7ekya<\/td>\n<td>Prag<\/td>\n<td><a href=\"https:\/\/www.cka.cz\/cs\/svet-architektury\/seznam-architektu\/ing-arch-sedlak-jan\">22 Jan Sedl\u00e1k<\/a><\/td>\n<td>ING. ARCH. JAN SEDL\u00c1K<\/td>\n<\/tr>\n<tr>\n<td>848<\/td>\n<td>\u00c7ekya<\/td>\n<td>Prag<\/td>\n<td><a href=\"https:\/\/www.cka.cz\/cs\/svet-architektury\/seznam-architektu\/ing-arch-spacek-jiri\">23 Ji\u0159\u00ed \u0160pa\u010dek<\/a><\/td>\n<td>ING. ARCH. JI\u0158\u00cd \u0160PA\u010cEK<\/td>\n<\/tr>\n<tr>\n<td>849<\/td>\n<td>\u00c7ekya<\/td>\n<td>Liberec<\/td>\n<td><a href=\"https:\/\/www.cka.cz\/cs\/svet-architektury\/seznam-architektu\/ing-arch-patrny-josef-1\">24 Josef Patrn\u00fd<\/a><\/td>\n<td>ING. ARCH. JOSEF PATRN\u00dd<\/td>\n<\/tr>\n<tr>\n<td>850<\/td>\n<td>\u00c7ekya<\/td>\n<td>Nerudova<\/td>\n<td><a href=\"https:\/\/www.cka.cz\/cs\/svet-architektury\/seznam-architektu\/ing-arch-erban-libor\">25 Libor Erban<\/a><\/td>\n<td>ING. ARCH. LIBOR ERBAN<\/td>\n<\/tr>\n<tr>\n<td>851<\/td>\n<td>\u00c7ekya<\/td>\n<td>Hostivice<\/td>\n<td><a href=\"https:\/\/www.cka.cz\/cs\/svet-architektury\/seznam-architektu\/ing-arch-korner-milan\">26 Milan K\u00f6rner<\/a><\/td>\n<td>ING. ARCH. MILAN K\u00d6RNER<\/td>\n<\/tr>\n<tr>\n<td>852<\/td>\n<td>\u00c7ekya<\/td>\n<td>Prag<\/td>\n<td><a href=\"https:\/\/www.cka.cz\/cs\/svet-architektury\/seznam-architektu\/ing-steflicek-jan\">27 Jan \u0160tefl\u00ed\u010dek<\/a><\/td>\n<td>ING. JAN \u0160TEFL\u00cd\u010cEK<\/td>\n<\/tr>\n<tr>\n<td>853<\/td>\n<td>\u00c7ekya<\/td>\n<td>Labem<\/td>\n<td><a href=\"https:\/\/www.cka.cz\/cs\/svet-architektury\/seznam-architektu\/ing-akad-arch-gabriel-michal\">28 Michal Gabriel<\/a><\/td>\n<td>ING. AKAD. ARCH. MICHAL GABRIEL<\/td>\n<\/tr>\n<tr>\n<td>854<\/td>\n<td>\u00c7ekya<\/td>\n<td>Prag<\/td>\n<td><a href=\"https:\/\/www.cka.cz\/cs\/svet-architektury\/seznam-architektu\/prof-ing-arch-rajnis-martin\">29 Martin Rajni\u0161<\/a><\/td>\n<td>PROF. ING. ARCH. MARTIN RAJNI\u0160<\/td>\n<\/tr>\n<tr>\n<td>855<\/td>\n<td>\u00c7ekya<\/td>\n<td>Modrava<\/td>\n<td><a href=\"https:\/\/www.cka.cz\/cs\/svet-architektury\/seznam-architektu\/akad-arch-hodan-vaclav\">30 V\u00e1clav Hodan<\/a><\/td>\n<td>AKAD. ARCH. V\u00c1CLAV HODAN<\/td>\n<\/tr>\n<tr>\n<td>856<\/td>\n<td>\u00c7ekya<\/td>\n<td>Usti<\/td>\n<td><a href=\"https:\/\/www.cka.cz\/cs\/svet-architektury\/seznam-architektu\/ing-arch-kubricht-martin\">31 Martin Kubricht<\/a><\/td>\n<td>ING. ARCH. MARTIN KUBRICHT<\/td>\n<\/tr>\n<tr>\n<td>857<\/td>\n<td>\u00c7ekya<\/td>\n<td>Brno<\/td>\n<td><a href=\"https:\/\/www.cka.cz\/cs\/svet-architektury\/seznam-architektu\/doc-ing-arch-hrusa-petr\">32 Petr Hr\u016f\u0161a<\/a><\/td>\n<td>PROF. ING. ARCH. PETR HR\u016e\u0160A<\/td>\n<\/tr>\n<tr>\n<td>858<\/td>\n<td>\u00c7ekya<\/td>\n<td>Brno<\/td>\n<td><a href=\"https:\/\/www.cka.cz\/cs\/svet-architektury\/seznam-architektu\/prof-ing-otruba-ivar-csc\">33 Ivar Otruba<\/a><\/td>\n<td>PROF. ING. IVAR OTRUBA CSC.<\/td>\n<\/tr>\n<tr>\n<td>859<\/td>\n<td>\u00c7ekya<\/td>\n<td>Hav\u00ed\u0159ov<\/td>\n<td><a href=\"https:\/\/www.cka.cz\/cs\/svet-architektury\/seznam-architektu\/ing-arch-kiszka-josef\">34 Josef Kiszka<\/a><\/td>\n<td>ING. ARCH. JOSEF KISZKA<\/td>\n<\/tr>\n<tr>\n<td>860<\/td>\n<td>\u00c7ekya<\/td>\n<td>Brno<\/td>\n<td><a href=\"https:\/\/www.cka.cz\/cs\/svet-architektury\/seznam-architektu\/ing-arch-miksik-jiri\">35 Ji\u0159\u00ed Mik\u0161\u00edk<\/a><\/td>\n<td>ING. ARCH. JI\u0158\u00cd MIK\u0160\u00cdK<\/td>\n<\/tr>\n<tr>\n<td>861<\/td>\n<td>\u00c7ekya<\/td>\n<td>Ostrova\u010dice<\/td>\n<td><a href=\"https:\/\/www.cka.cz\/cs\/svet-architektury\/seznam-architektu\/ing-subr-jaroslav\">36 Jaroslav \u0160ubr<\/a><\/td>\n<td>ING. JAROSLAV \u0160UBR<\/td>\n<\/tr>\n<tr>\n<td>862<\/td>\n<td>\u00c7ekya<\/td>\n<td>Brno<\/td>\n<td><a href=\"https:\/\/www.cka.cz\/cs\/svet-architektury\/seznam-architektu\/doc-ing-arch-low-jiri\">37 Ji\u0159\u00ed L\u00f6w<\/a><\/td>\n<td>DOC. ING. ARCH. JI\u0158\u00cd L\u00d6W<\/td>\n<\/tr>\n<tr>\n<td>863<\/td>\n<td>\u00c7ekya<\/td>\n<td>Brno<\/td>\n<td><a href=\"https:\/\/www.cka.cz\/cs\/svet-architektury\/seznam-architektu\/ing-arch-zlamal-tomas\">38 Tom\u00e1\u0161 Zl\u00e1mal<\/a><\/td>\n<td>ING. ARCH. TOM\u00c1\u0160 ZL\u00c1MAL<\/td>\n<\/tr>\n<tr>\n<td>864<\/td>\n<td>\u00c7ekya<\/td>\n<td>Prag<\/td>\n<td><a href=\"https:\/\/www.cka.cz\/cs\/svet-architektury\/seznam-architektu\/doc-ing-horky-jaroslav\">39 Jaroslav Hork\u00fd<\/a><\/td>\n<td>DOC. ING. JAROSLAV HORKY<\/td>\n<\/tr>\n<tr>\n<td>865<\/td>\n<td>\u00c7ekya<\/td>\n<td>Prag<\/td>\n<td><a href=\"https:\/\/www.cka.cz\/cs\/svet-architektury\/seznam-architektu\/prof-akad-arch-fiser-jan\">40 Jan Fi\u0161er<\/a><\/td>\n<td>PROF. AKAD. ARCH. JAN FI\u0160ER<\/td>\n<\/tr>\n<tr>\n<td>866<\/td>\n<td>\u00c7ekya<\/td>\n<td>Prag<\/td>\n<td><a href=\"https:\/\/www.cka.cz\/cs\/svet-architektury\/seznam-architektu\/akad-arch-klima-milan\">41 Milan Kl\u00edma<\/a><\/td>\n<td>AKAD. ARCH. MILAN KL\u00cdMA<\/td>\n<\/tr>\n<tr>\n<td>867<\/td>\n<td>\u00c7ekya<\/td>\n<td>Prag<\/td>\n<td><a href=\"https:\/\/www.cka.cz\/cs\/svet-architektury\/seznam-architektu\/akad-arch-ing-arch-vrana-jan\">42 Jan Vrana<\/a><\/td>\n<td>AKAD. ARCH. ING. ARCH. JAN VRANA<\/td>\n<\/tr>\n<tr>\n<td>868<\/td>\n<td>\u00c7ekya<\/td>\n<td>Karlovy Vary<\/td>\n<td><a href=\"https:\/\/www.cka.cz\/cs\/svet-architektury\/seznam-architektu\/ing-arch-kosek-lubomir\">43 Lubom\u00edr Ko\u0161ek<\/a><\/td>\n<td>ING. ARCH. LUBOM\u00cdR KO\u0160EK<\/td>\n<\/tr>\n<tr>\n<td>869<\/td>\n<td>\u00c7ekya<\/td>\n<td>Prag<\/td>\n<td><a href=\"https:\/\/www.cka.cz\/cs\/svet-architektury\/seznam-architektu\/ing-arch-sborwitz-michal\">44 Michal Sborwitz<\/a><\/td>\n<td>ING. ARCH. MICHAL SBORWITZ<\/td>\n<\/tr>\n<tr>\n<td>870<\/td>\n<td>\u00c7ekya<\/td>\n<td>Prag<\/td>\n<td><a href=\"https:\/\/www.cka.cz\/cs\/svet-architektury\/seznam-architektu\/akad-arch-smolik-frantisek\">45 Franti\u0161ek \u0160mol\u00edk<\/a><\/td>\n<td>AKAD. ARCH. FRANTI\u0160EK \u0160MOL\u00cdK<\/td>\n<\/tr>\n<tr>\n<td>871<\/td>\n<td>\u00c7ekya<\/td>\n<td>Prag<\/td>\n<td><a href=\"https:\/\/www.cka.cz\/cs\/svet-architektury\/seznam-architektu\/ing-arch-kanturek-jiri\">46 Ji\u0159\u00ed Kant\u016frek<\/a><\/td>\n<td>ING. ARCH. JI\u0158\u00cd KANT\u016eREK<\/td>\n<\/tr>\n<tr>\n<td>872<\/td>\n<td>\u00c7ekya<\/td>\n<td>Trmice<\/td>\n<td><a href=\"https:\/\/www.cka.cz\/cs\/svet-architektury\/seznam-architektu\/ing-arch-novak-vladimir-1\">47 Vladim\u00edr Nov\u00e1k<\/a><\/td>\n<td>ING. ARCH. VLADIM\u00cdR NOV\u00c1K<\/td>\n<\/tr>\n<tr>\n<td>873<\/td>\n<td>\u00c7ekya<\/td>\n<td>Prag<\/td>\n<td><a href=\"https:\/\/www.cka.cz\/cs\/svet-architektury\/seznam-architektu\/prof-akad-arch-keil-petr\">48 Petr Keil<\/a><\/td>\n<td>PROF. AKAD. ARCH. PETR KEIL<\/td>\n<\/tr>\n<tr>\n<td>874<\/td>\n<td>\u00c7ekya<\/td>\n<td>Prag<\/td>\n<td><a href=\"https:\/\/www.cka.cz\/cs\/svet-architektury\/seznam-architektu\/ing-arch-kratky-vladimir\">49 Vladim\u00edr Kr\u00e1tk\u00fd<\/a><\/td>\n<td>ING. ARCH. VLADIM\u00cdR KR\u00c1TK\u00dd<\/td>\n<\/tr>\n<tr>\n<td>875<\/td>\n<td>\u00c7ekya<\/td>\n<td>Pr\u016fhonice<\/td>\n<td><a href=\"https:\/\/www.cka.cz\/cs\/svet-architektury\/seznam-architektu\/ing-sonsky-drahoslav-csc\">50 Drahoslav \u0160onsk\u00fd<\/a><\/td>\n<td>ING. DRAHOSLAV SONSKY CSC.<\/td>\n<\/tr>\n<tr>\n<td>876<\/td>\n<td>\u00c7ekya<\/td>\n<td>Ku\u0159im<\/td>\n<td><a href=\"https:\/\/www.cka.cz\/cs\/svet-architektury\/seznam-architektu\/ing-arch-burian-ales\">51 Ale\u0161 Burian<\/a><\/td>\n<td>ING. ARCH. ALE\u0160 BURIAN<\/td>\n<\/tr>\n<tr>\n<td>877<\/td>\n<td>\u00c7ekya<\/td>\n<td>Brno<\/td>\n<td><a href=\"https:\/\/www.cka.cz\/cs\/svet-architektury\/seznam-architektu\/akad-arch-sapak-jan\">52 Jan Sap\u00e1k<\/a><\/td>\n<td>AKAD. ARCH. JAN SAP\u00c1K<\/td>\n<\/tr>\n<tr>\n<td>878<\/td>\n<td>\u00c7ekya<\/td>\n<td>P\u0159erov<\/td>\n<td><a href=\"https:\/\/www.cka.cz\/cs\/svet-architektury\/seznam-architektu\/ing-arch-brauner-petr\">53 Petr Brauner<\/a><\/td>\n<td>ING. ARCH. PETR BRAUNER<\/td>\n<\/tr>\n<tr>\n<td>879<\/td>\n<td>\u00c7ekya<\/td>\n<td>Brno<\/td>\n<td><a href=\"https:\/\/www.cka.cz\/cs\/svet-architektury\/seznam-architektu\/akad-arch-vrana-frantisek\">54 Franti\u0161ek Vr\u00e1na<\/a><\/td>\n<td>AKAD. ARCH. FRANTI\u0160EK VR\u00c1NA<\/td>\n<\/tr>\n<tr>\n<td>880<\/td>\n<td>\u00c7ekya<\/td>\n<td>Brno<\/td>\n<td><a href=\"https:\/\/www.cka.cz\/cs\/svet-architektury\/seznam-architektu\/ing-arch-josifek-jaroslav\">55 Jaroslav Jos\u00edfek<\/a><\/td>\n<td>ING. ARCH. JAROSLAV JOS\u00cdFEK<\/td>\n<\/tr>\n<tr>\n<td>881<\/td>\n<td>\u00c7ekya<\/td>\n<td>Brno<\/td>\n<td><a href=\"https:\/\/www.cka.cz\/cs\/svet-architektury\/seznam-architektu\/ing-arch-rudis-viktor\">56 Viktor Rudi\u0161<\/a><\/td>\n<td>ING. ARCH. VIKTOR RUDI\u0160<\/td>\n<\/tr>\n<tr>\n<td>882<\/td>\n<td>\u00c7ekya<\/td>\n<td>Brno<\/td>\n<td><a href=\"https:\/\/www.cka.cz\/cs\/svet-architektury\/seznam-architektu\/ing-arch-cuhel-vladimir\">57 Vladim\u00edr \u010cuhel<\/a><\/td>\n<td>ING. ARCH. VLADIM\u00cdR \u010cUHEL<\/td>\n<\/tr>\n<tr>\n<td>883<\/td>\n<td>\u00c7ekya<\/td>\n<td>Olomuk<\/td>\n<td><a href=\"https:\/\/www.cka.cz\/cs\/svet-architektury\/seznam-architektu\/ing-arch-janu-alois\">58 Alois Jan\u016f<\/a><\/td>\n<td>ING. ARCH. ALOIS JAN\u016e<\/td>\n<\/tr>\n<tr>\n<td>884<\/td>\n<td>\u00c7ekya<\/td>\n<td>Brno<\/td>\n<td><a href=\"https:\/\/www.cka.cz\/cs\/svet-architektury\/seznam-architektu\/ing-arch-simecek-pavel\">59 Pavel \u0160ime\u010dek<\/a><\/td>\n<td>ING. ARCH. PAVEL \u0160IME\u010cEK<\/td>\n<\/tr>\n<tr>\n<td>885<\/td>\n<td>\u00c7ekya<\/td>\n<td>Ostrava<\/td>\n<td><a href=\"https:\/\/www.cka.cz\/cs\/svet-architektury\/seznam-architektu\/ing-arch-sedlecky-jaroslav\">60 Jaroslav Sedleck\u00fd<\/a><\/td>\n<td>ING. ARCH. JAROSLAV SEDLECK\u00dd<\/td>\n<\/tr>\n<tr>\n<td>886<\/td>\n<td>\u00c7ekya<\/td>\n<td>Prag<\/td>\n<td><a href=\"https:\/\/www.cka.cz\/cs\/svet-architektury\/seznam-architektu\/ing-arch-koukol-ivo\">61 Ivo Koukol<\/a><\/td>\n<td>ING. ARCH. IVO KOUKOL<\/td>\n<\/tr>\n<tr>\n<td>887<\/td>\n<td>\u00c7ekya<\/td>\n<td>Prag<\/td>\n<td><a href=\"https:\/\/www.cka.cz\/cs\/svet-architektury\/seznam-architektu\/ing-nettwall-karel\">62 Karel Nettwall<\/a><\/td>\n<td>ING. KAREL NETTWALL<\/td>\n<\/tr>\n<tr>\n<td>888<\/td>\n<td>\u00c7ekya<\/td>\n<td>Prag<\/td>\n<td><a href=\"https:\/\/www.cka.cz\/cs\/svet-architektury\/seznam-architektu\/ing-arch-tuma-miroslav\">63 Miroslav T\u016fma<\/a><\/td>\n<td>ING. ARCH. MIROSLAV T\u016eMA<\/td>\n<\/tr>\n<tr>\n<td>889<\/td>\n<td>\u00c7ekya<\/td>\n<td>Prag<\/td>\n<td><a href=\"https:\/\/www.cka.cz\/cs\/svet-architektury\/seznam-architektu\/ing-novotny-tomas\">64 Tom\u00e1\u0161 Novotn\u00fd<\/a><\/td>\n<td>ING. TOM\u00c1\u0160 NOVOTN\u00dd<\/td>\n<\/tr>\n<tr>\n<td>890<\/td>\n<td>\u00c7ekya<\/td>\n<td>Prag<\/td>\n<td><a href=\"https:\/\/www.cka.cz\/cs\/svet-architektury\/seznam-architektu\/akad-arch-kerel-jan\">65 Jan Kerel<\/a><\/td>\n<td>AKAD. ARCH. JAN KEREL<\/td>\n<\/tr>\n<tr>\n<td>891<\/td>\n<td>\u00c7ekya<\/td>\n<td>Prag<\/td>\n<td><a href=\"https:\/\/www.cka.cz\/cs\/svet-architektury\/seznam-architektu\/akad-arch-vratnik-ladislav\">66 Ladislav Vr\u00e1tn\u00edk<\/a><\/td>\n<td>AKAD. ARCH. LADISLAV VR\u00c1TN\u00cdK<\/td>\n<\/tr>\n<tr>\n<td>892<\/td>\n<td>\u00c7ekya<\/td>\n<td>Prag<\/td>\n<td><a href=\"https:\/\/www.cka.cz\/cs\/svet-architektury\/seznam-architektu\/doc-ing-arch-schleger-eduard\">67 Eduard Schleger<\/a><\/td>\n<td>DOC. ING. ARCH. EDUARD SCHLEGER<\/td>\n<\/tr>\n<tr>\n<td>893<\/td>\n<td>\u00c7ekya<\/td>\n<td>Prag<\/td>\n<td><a href=\"https:\/\/www.cka.cz\/cs\/svet-architektury\/seznam-architektu\/ing-arch-kotik-martin\">68 Martin Kot\u00edk<\/a><\/td>\n<td>ING. ARCH. MARTIN KOT\u00cdK<\/td>\n<\/tr>\n<tr>\n<td>894<\/td>\n<td>\u00c7ekya<\/td>\n<td>Prag<\/td>\n<td><a href=\"https:\/\/www.cka.cz\/cs\/svet-architektury\/seznam-architektu\/akad-arch-alda-vaclav\">69 V\u00e1clav Alda<\/a><\/td>\n<td>AKAD. ARCH. V\u00c1CLAV ALDA<\/td>\n<\/tr>\n<tr>\n<td>895<\/td>\n<td>\u00c7ekya<\/td>\n<td>Prag<\/td>\n<td><a href=\"https:\/\/www.cka.cz\/cs\/svet-architektury\/seznam-architektu\/ing-akad-arch-stulc-vladimir\">70 Vladim\u00edr \u0160tulc<\/a><\/td>\n<td>ING. AKAD. ARCH. VLADIM\u00cdR \u0160TULC<\/td>\n<\/tr>\n<tr>\n<td>896<\/td>\n<td>\u00c7ekya<\/td>\n<td>Prag<\/td>\n<td><a href=\"https:\/\/www.cka.cz\/cs\/svet-architektury\/seznam-architektu\/akad-arch-belohlavek-ludek\">71 Lud\u011bk B\u011blohl\u00e1vek<\/a><\/td>\n<td>AKAD. ARCH. LUD\u011aK B\u011aLOHL\u00c1VEK<\/td>\n<\/tr>\n<tr>\n<td>897<\/td>\n<td>\u00c7ekya<\/td>\n<td>Prag<\/td>\n<td><a href=\"https:\/\/www.cka.cz\/cs\/svet-architektury\/seznam-architektu\/dr-ing-arch-kuca-otakar\">72 Otakar Ku\u010da<\/a><\/td>\n<td>DR. ING. ARCH. OTAKAR KU\u010cA<\/td>\n<\/tr>\n<tr>\n<td>898<\/td>\n<td>\u00c7ekya<\/td>\n<td>Prag<\/td>\n<td><a href=\"https:\/\/www.cka.cz\/cs\/svet-architektury\/seznam-architektu\/ing-arch-lang-ales\">73 Ale\u0161 Lang<\/a><\/td>\n<td>ING. ARCH. ALE\u0160 LANG<\/td>\n<\/tr>\n<tr>\n<td>899<\/td>\n<td>\u00c7ekya<\/td>\n<td>Labem<\/td>\n<td><a href=\"https:\/\/www.cka.cz\/cs\/svet-architektury\/seznam-architektu\/ing-arch-havlik-zdenek\">74 Zden\u011bk Havl\u00edk<\/a><\/td>\n<td>ING. ARCH. ZDEN\u011aK HAVL\u00cdK<\/td>\n<\/tr>\n<tr>\n<td>900<\/td>\n<td>\u00c7ekya<\/td>\n<td>Prag<\/td>\n<td><a href=\"https:\/\/www.cka.cz\/cs\/svet-architektury\/seznam-architektu\/akad-arch-polacek-jaroslav\">75 Jaroslav Pol\u00e1\u010dek<\/a><\/td>\n<td>AKAD. ARCH. JAROSLAV POL\u00c1\u010cEK<\/td>\n<\/tr>\n<tr>\n<td>901<\/td>\n<td>\u00c7ekya<\/td>\n<td>Prag<\/td>\n<td><a href=\"https:\/\/www.cka.cz\/cs\/svet-architektury\/seznam-architektu\/ing-arch-koucky-roman\">76 Roman Kouck\u00fd<\/a><\/td>\n<td>ING. ARCH. ROMAN KOUCK\u00dd<\/td>\n<\/tr>\n<tr>\n<td>902<\/td>\n<td>\u00c7ekya<\/td>\n<td>Teplice<\/td>\n<td><a href=\"https:\/\/www.cka.cz\/cs\/svet-architektury\/seznam-architektu\/ing-arch-misek-milan\">77 Milan M\u00ed\u0161ek<\/a><\/td>\n<td>ING. ARCH. MILAN M\u00cd\u0160EK<\/td>\n<\/tr>\n<tr>\n<td>903<\/td>\n<td>\u00c7ekya<\/td>\n<td>Prag<\/td>\n<td><a href=\"https:\/\/www.cka.cz\/cs\/svet-architektury\/seznam-architektu\/ing-arch-vavra-zdenek\">78 Zden\u011bk V\u00e1vra<\/a><\/td>\n<td>ING. ARCH. ZDEN\u011aK<\/td>\n<\/tr>\n<tr>\n<td>904<\/td>\n<td>\u00c7ekya<\/td>\n<td>Prag<\/td>\n<td><a href=\"https:\/\/www.cka.cz\/cs\/svet-architektury\/seznam-architektu\/ing-arch-doubner-karel\">79 Karel Doubner<\/a><\/td>\n<td>ING. ARCH. KAREL DOUBNER<\/td>\n<\/tr>\n<tr>\n<td>905<\/td>\n<td>\u00c7ekya<\/td>\n<td>Prag<\/td>\n<td><a href=\"https:\/\/www.cka.cz\/cs\/svet-architektury\/seznam-architektu\/ing-arch-santavy-tomas\">80 Tom\u00e1\u0161 \u0160antav\u00fd<\/a><\/td>\n<td>ING. ARCH. TOM\u00c1\u0160 \u0160ANTAV\u00dd<\/td>\n<\/tr>\n<tr>\n<td>906<\/td>\n<td>\u00c7ekya<\/td>\n<td>Brno<\/td>\n<td><a href=\"https:\/\/www.cka.cz\/cs\/svet-architektury\/seznam-architektu\/ing-arch-zertova-ruzena\">81 R\u016f\u017eena \u017dertov\u00e1<\/a><\/td>\n<td>ING. ARCH. R\u016e\u017dENA \u017dERTOV\u00c1<\/td>\n<\/tr>\n<tr>\n<td>907<\/td>\n<td>\u00c7ekya<\/td>\n<td>Ostrava<\/td>\n<td><a href=\"https:\/\/www.cka.cz\/cs\/svet-architektury\/seznam-architektu\/ing-arch-klimes-ivo\">82 Ivo Klime\u0161<\/a><\/td>\n<td>ING. ARCH. IVO KLIME\u0160<\/td>\n<\/tr>\n<tr>\n<td>908<\/td>\n<td>\u00c7ekya<\/td>\n<td>Brno<\/td>\n<td><a href=\"https:\/\/www.cka.cz\/cs\/svet-architektury\/seznam-architektu\/ing-damec-jiri\">83 Ji\u0159\u00ed Damec<\/a><\/td>\n<td>ING. JI\u0158\u00cd DAMEC<\/td>\n<\/tr>\n<tr>\n<td>909<\/td>\n<td>\u00c7ekya<\/td>\n<td>Brno<\/td>\n<td><a href=\"https:\/\/www.cka.cz\/cs\/svet-architektury\/seznam-architektu\/ing-arch-grym-ludvik\">84 Ludv\u00edk Grym<\/a><\/td>\n<td>ING. ARCH. LUDV\u00cdK GRYM<\/td>\n<\/tr>\n<tr>\n<td>910<\/td>\n<td>\u00c7ekya<\/td>\n<td>Zl\u00edn<\/td>\n<td><a href=\"https:\/\/www.cka.cz\/cs\/svet-architektury\/seznam-architektu\/ing-arch-habarta-jaroslav\">85 Jaroslav Habarta<\/a><\/td>\n<td>ING. ARCH. JAROSLAV HABARTA<\/td>\n<\/tr>\n<tr>\n<td>911<\/td>\n<td>\u00c7ekya<\/td>\n<td>Ostrava<\/td>\n<td><a href=\"https:\/\/www.cka.cz\/cs\/svet-architektury\/seznam-architektu\/ing-arch-nemec-ladislav\">86 Ladislav N\u011bmec<\/a><\/td>\n<td>ING. ARCH. LADISLAV<\/td>\n<\/tr>\n<tr>\n<td>912<\/td>\n<td>\u00c7ekya<\/td>\n<td>Brno<\/td>\n<td><a href=\"https:\/\/www.cka.cz\/cs\/svet-architektury\/seznam-architektu\/ing-arch-dohnal-viktor\">87 Viktor Dohnal<\/a><\/td>\n<td>ING. ARCH. VIKTOR<\/td>\n<\/tr>\n<tr>\n<td>913<\/td>\n<td>\u00c7ekya<\/td>\n<td>Brno<\/td>\n<td><a href=\"https:\/\/www.cka.cz\/cs\/svet-architektury\/seznam-architektu\/ing-arch-mencl-vaclav\">88 V\u00e1clav Mencl<\/a><\/td>\n<td>ING. ARCH. V\u00c1CLAV MENCL<\/td>\n<\/tr>\n<tr>\n<td>914<\/td>\n<td>\u00c7ekya<\/td>\n<td>Brno<\/td>\n<td><a href=\"https:\/\/www.cka.cz\/cs\/svet-architektury\/seznam-architektu\/ing-arch-kovarik-martin-ph-d\">89 Martin Kova\u0159\u00edk<\/a><\/td>\n<td>ING. ARCH. MARTIN KOVA\u0158\u00cdK PH.D.<\/td>\n<\/tr>\n<tr>\n<td>915<\/td>\n<td>\u00c7ekya<\/td>\n<td>Brno<\/td>\n<td><a href=\"https:\/\/www.cka.cz\/cs\/svet-architektury\/seznam-architektu\/ing-tupa-jana\">90 Jana Tup\u00e1<\/a><\/td>\n<td>ING. JANA TUP\u00c1<\/td>\n<\/tr>\n<tr>\n<td>916<\/td>\n<td>\u00c7ekya<\/td>\n<td>Prag<\/td>\n<td><a href=\"https:\/\/www.cka.cz\/cs\/svet-architektury\/seznam-architektu\/ing-arch-bocan-jan\">91 Jan Bo\u010dan<\/a><\/td>\n<td>ING. ARCH. JAN BO\u010cAN<\/td>\n<\/tr>\n<tr>\n<td>917<\/td>\n<td>\u00c7ekya<\/td>\n<td>Prag<\/td>\n<td><a href=\"https:\/\/www.cka.cz\/cs\/svet-architektury\/seznam-architektu\/doc-ing-arch-brix-tomas\">92 Tom\u00e1\u0161 Brix<\/a><\/td>\n<td>DOC. ING. ARCH. TOM\u00c1\u0160 BRIX<\/td>\n<\/tr>\n<tr>\n<td>918<\/td>\n<td>\u00c7ekya<\/td>\n<td>Prag<\/td>\n<td><a href=\"https:\/\/www.cka.cz\/cs\/svet-architektury\/seznam-architektu\/ing-arch-hurka-jiri\">93 Ji\u0159\u00ed H\u016frka<\/a><\/td>\n<td>ING. ARCH. JI\u0158\u00cd H\u016eRKA<\/td>\n<\/tr>\n<tr>\n<td>919<\/td>\n<td>\u00c7ekya<\/td>\n<td>Prag<\/td>\n<td><a href=\"https:\/\/www.cka.cz\/cs\/svet-architektury\/seznam-architektu\/ing-arch-pribyl-kvetoslav\">94 Kv\u011btoslav P\u0159ibyl<\/a><\/td>\n<td>ING. ARCH. KV\u011aTOSLAV P\u0158IBYL<\/td>\n<\/tr>\n<tr>\n<td>920<\/td>\n<td>\u00c7ekya<\/td>\n<td>Prag<\/td>\n<td><a href=\"https:\/\/www.cka.cz\/cs\/svet-architektury\/seznam-architektu\/ing-arch-brzobohaty-petr\">95 Petr Brzobohat\u00fd<\/a><\/td>\n<td>ING. ARCH. PETR BRZOBOHAT\u00dd<\/td>\n<\/tr>\n<tr>\n<td>921<\/td>\n<td>\u00c7ekya<\/td>\n<td>Prag<\/td>\n<td><a href=\"https:\/\/www.cka.cz\/cs\/svet-architektury\/seznam-architektu\/ing-arch-kordovska-pavla\">96 Pavla Kordovsk\u00e1<\/a><\/td>\n<td>ING. ARCH. PAVLA KORDOVSK\u00c1<\/td>\n<\/tr>\n<tr>\n<td>922<\/td>\n<td>\u00c7ekya<\/td>\n<td>Prag<\/td>\n<td><a href=\"https:\/\/www.cka.cz\/cs\/svet-architektury\/seznam-architektu\/ing-arch-novotna-jana\">97 Jana Novotn\u00e1<\/a><\/td>\n<td>ING. ARCH. JANA NOVOTN\u00c1<\/td>\n<\/tr>\n<tr>\n<td>923<\/td>\n<td>\u00c7ekya<\/td>\n<td>Prag<\/td>\n<td><a href=\"https:\/\/www.cka.cz\/cs\/svet-architektury\/seznam-architektu\/ing-arch-gjuric-alexander\">98 Alexander Gjuri\u010d<\/a><\/td>\n<td>ING. ARCH. ALEXANDER GJURI\u010c<\/td>\n<\/tr>\n<tr>\n<td>924<\/td>\n<td>\u00c7ekya<\/td>\n<td>Karlovy Vary<\/td>\n<td><a href=\"https:\/\/www.cka.cz\/cs\/svet-architektury\/seznam-architektu\/ing-arch-karas-michal\">99 Michal Karas<\/a><\/td>\n<td>ING. ARCH. MICHAL KARAS<\/td>\n<\/tr>\n<tr>\n<td>925<\/td>\n<td>\u00c7ekya<\/td>\n<td>Lu\u017enic\u00ed<\/td>\n<td><a href=\"https:\/\/www.cka.cz\/cs\/svet-architektury\/seznam-architektu\/ing-arch-konopka-ladislav\">100 Ladislav Konopka<\/a><\/td>\n<td>ING. ARCH. LADISLAV KONOPKA<\/td>\n<\/tr>\n<tr>\n<td>926<\/td>\n<td>\u00c7ekya<\/td>\n<td>Liberec<\/td>\n<td><a href=\"https:\/\/www.cka.cz\/cs\/svet-architektury\/seznam-architektu\/prof-ing-arch-akad-arch-suchomel-jiri\">101 Ji\u0159\u00ed Suchomel<\/a><\/td>\n<td>PROF. ING. ARCH. AKAD.ARCH. JI\u0158\u00cd SUCHOMEL<\/td>\n<\/tr>\n<tr>\n<td>927<\/td>\n<td>\u00c7ekya<\/td>\n<td>Liberec<\/td>\n<td><a href=\"https:\/\/www.cka.cz\/cs\/svet-architektury\/seznam-architektu\/ing-arch-vanecek-pavel\">102 Pavel Van\u011b\u010dek<\/a><\/td>\n<td>ING. ARCH. PAVEL VAN\u011a\u010cEK<\/td>\n<\/tr>\n<tr>\n<td>928<\/td>\n<td>\u00c7ekya<\/td>\n<td>\u010cesk\u00e9 Bud\u011bjovice<\/td>\n<td><a href=\"https:\/\/www.cka.cz\/cs\/svet-architektury\/seznam-architektu\/ing-arch-polcarova-dagmar\">103 Dagmar Polcarov\u00e1<\/a><\/td>\n<td>ING. ARCH. DAGMAR POLCAROV\u00c1<\/td>\n<\/tr>\n<tr>\n<td>929<\/td>\n<td>\u00c7ekya<\/td>\n<td>\u010cesk\u00e9 Bud\u011bjovice<\/td>\n<td><a href=\"https:\/\/www.cka.cz\/cs\/svet-architektury\/seznam-architektu\/ing-arch-bruha-jiri\">104 Ji\u0159\u00ed Br\u016fha<\/a><\/td>\n<td>ING. ARCH. JI\u0158\u00cd BR\u016eHA<\/td>\n<\/tr>\n<tr>\n<td>930<\/td>\n<td>\u00c7ekya<\/td>\n<td>Prag<\/td>\n<td><a href=\"https:\/\/www.cka.cz\/cs\/svet-architektury\/seznam-architektu\/akad-arch-lasovsky-jiri-1\">105 Ji\u0159\u00ed Lasovsk\u00fd<\/a><\/td>\n<td>AKAD. ARCH. JI\u0158\u00cd LASOVSK\u00dd<\/td>\n<\/tr>\n<tr>\n<td>931<\/td>\n<td>\u00c7ekya<\/td>\n<td>\u010cesk\u00e9 Bud\u011bjovice<\/td>\n<td><a href=\"https:\/\/www.cka.cz\/cs\/svet-architektury\/seznam-architektu\/ing-arch-cepek-boris\">106 Boris \u010cepek<\/a><\/td>\n<td>ING. ARCH. BORIS \u010cEPEK<\/td>\n<\/tr>\n<tr>\n<td>932<\/td>\n<td>\u00c7ekya<\/td>\n<td>Pardubice<\/td>\n<td><a href=\"https:\/\/www.cka.cz\/cs\/svet-architektury\/seznam-architektu\/ing-arch-ziegler-ladislav\">107 Ladislav Ziegler<\/a><\/td>\n<td>ING. ARCH. LADISLAV ZIEGLER<\/td>\n<\/tr>\n<tr>\n<td>933<\/td>\n<td>\u00c7ekya<\/td>\n<td>Prag<\/td>\n<td><a href=\"https:\/\/www.cka.cz\/cs\/svet-architektury\/seznam-architektu\/ing-arch-fortl-karel\">108 Karel Fo\u0159tl<\/a><\/td>\n<td>ING. ARCH. KAREL FO\u0158TL<\/td>\n<\/tr>\n<tr>\n<td>934<\/td>\n<td>\u00c7ekya<\/td>\n<td>Bene\u0161ov<\/td>\n<td><a href=\"https:\/\/www.cka.cz\/cs\/svet-architektury\/seznam-architektu\/ing-arch-spacek-jan\">109 Jan \u0160pa\u010dek<\/a><\/td>\n<td>ING. ARCH. JAN \u0160PA\u010cEK<\/td>\n<\/tr>\n<tr>\n<td>935<\/td>\n<td>\u00c7ekya<\/td>\n<td>Liberec<\/td>\n<td><a href=\"https:\/\/www.cka.cz\/cs\/svet-architektury\/seznam-architektu\/ing-arch-macek-vaclav\">110 V\u00e1clav Macek<\/a><\/td>\n<td>ING. ARCH. V\u00c1CLAV MACEK<\/td>\n<\/tr>\n<tr>\n<td>936<\/td>\n<td>\u00c7ekya<\/td>\n<td>Mnichovice<\/td>\n<td><a href=\"https:\/\/www.cka.cz\/cs\/svet-architektury\/seznam-architektu\/ing-arch-bezpalec-tomas\">111 Tom\u00e1\u0161 Bezpalec<\/a><\/td>\n<td>ING. ARCH. TOM\u00c1\u0160 BEZPALEC<\/td>\n<\/tr>\n<tr>\n<td>937<\/td>\n<td>\u00c7ekya<\/td>\n<td>Prag<\/td>\n<td><a href=\"https:\/\/www.cka.cz\/cs\/svet-architektury\/seznam-architektu\/akad-arch-novacek-jaroslav\">112 Jaroslav Nov\u00e1\u010dek<\/a><\/td>\n<td>AKAD. ARCH. JAROSLAV NOV\u00c1\u010cEK<\/td>\n<\/tr>\n<tr>\n<td>938<\/td>\n<td>\u00c7ekya<\/td>\n<td>Karlovy Vary<\/td>\n<td><a href=\"https:\/\/www.cka.cz\/cs\/svet-architektury\/seznam-architektu\/ing-arch-sejvl-jiri\">113 Ji\u0159\u00ed \u0160ejvl<\/a><\/td>\n<td>ING. ARCH. JI\u0158\u00cd \u0160EJVL<\/td>\n<\/tr>\n<tr>\n<td>939<\/td>\n<td>\u00c7ekya<\/td>\n<td>Prag<\/td>\n<td><a href=\"https:\/\/www.cka.cz\/cs\/svet-architektury\/seznam-architektu\/ing-arch-vavrik-ivan\">114 Ivan Vav\u0159\u00edk<\/a><\/td>\n<td>ING. ARCH. IVAN VAV\u0158\u00cdK<\/td>\n<\/tr>\n<tr>\n<td>940<\/td>\n<td>\u00c7ekya<\/td>\n<td>Cheb<\/td>\n<td><a href=\"https:\/\/www.cka.cz\/cs\/svet-architektury\/seznam-architektu\/ing-arch-vystyd-ludek\">115 Lud\u011bk Vystyd<\/a><\/td>\n<td>ING. ARCH. LUD\u011aK VYSTYD<\/td>\n<\/tr>\n<tr>\n<td>941<\/td>\n<td>\u00c7ekya<\/td>\n<td>Prag<\/td>\n<td><a href=\"https:\/\/www.cka.cz\/cs\/svet-architektury\/seznam-architektu\/ing-arch-svoboda-petr-1\">116 Petr Svoboda<\/a><\/td>\n<td>ING. ARCH. PETR SVOBODA<\/td>\n<\/tr>\n<tr>\n<td>942<\/td>\n<td>\u00c7ekya<\/td>\n<td>Nov\u00fd Kn\u00edn<\/td>\n<td><a href=\"https:\/\/www.cka.cz\/cs\/svet-architektury\/seznam-architektu\/ing-arch-rothbauer-zdenek\">117 Zden\u011bk Rothbauer<\/a><\/td>\n<td>ING. ARCH. ZDEN\u011aK ROTHBAUER<\/td>\n<\/tr>\n<tr>\n<td>943<\/td>\n<td>\u00c7ekya<\/td>\n<td>Prag<\/td>\n<td><a href=\"https:\/\/www.cka.cz\/cs\/svet-architektury\/seznam-architektu\/ing-arch-safer-jaroslav\">118 Jaroslav \u0160afer<\/a><\/td>\n<td>PROF. ING. ARCH. JAROSLAV \u0160AFER<\/td>\n<\/tr>\n<tr>\n<td>944<\/td>\n<td>\u00c7ekya<\/td>\n<td>Prag<\/td>\n<td><a href=\"https:\/\/www.cka.cz\/cs\/svet-architektury\/seznam-architektu\/ing-arch-pleskot-josef\">119 Josef Pleskot<\/a><\/td>\n<td>ING. ARCH. JOSEF PLESKOT<\/td>\n<\/tr>\n<tr>\n<td>945<\/td>\n<td>\u00c7ekya<\/td>\n<td>Prag<\/td>\n<td><a href=\"https:\/\/www.cka.cz\/cs\/svet-architektury\/seznam-architektu\/prof-ing-arch-hlavacek-emil-drsc\">120 Emil Hlav\u00e1\u010dek<\/a><\/td>\n<td>PROF. ING. ARCH. EMIL HLAV\u00c1\u010cEK DRSC.<\/td>\n<\/tr>\n<tr>\n<td>946<\/td>\n<td>\u00c7ekya<\/td>\n<td>Prag<\/td>\n<td><a href=\"https:\/\/www.cka.cz\/cs\/svet-architektury\/seznam-architektu\/ing-arch-prager-karel\">121 Karel Prager<\/a><\/td>\n<td>ING. ARCH. KAREL PRAGER<\/td>\n<\/tr>\n<tr>\n<td>947<\/td>\n<td>\u00c7ekya<\/td>\n<td>Rudolfov<\/td>\n<td><a href=\"https:\/\/www.cka.cz\/cs\/svet-architektury\/seznam-architektu\/ing-arch-kovar-stanislav-csc\">122 Stanislav Kov\u00e1\u0159<\/a><\/td>\n<td>ING. ARCH. STANISLAV KOV\u00c1\u0158 CSC.<\/td>\n<\/tr>\n<tr>\n<td>948<\/td>\n<td>\u00c7ekya<\/td>\n<td>Jesenice<\/td>\n<td><a href=\"https:\/\/www.cka.cz\/cs\/svet-architektury\/seznam-architektu\/ing-arch-eisenreich-jiri\">123 Ji\u0159\u00ed Eisenreich<\/a><\/td>\n<td>ING. ARCH. JI\u0158\u00cd EISENREICH<\/td>\n<\/tr>\n<tr>\n<td>949<\/td>\n<td>\u00c7ekya<\/td>\n<td>Plze\u0148<\/td>\n<td><a href=\"https:\/\/www.cka.cz\/cs\/svet-architektury\/seznam-architektu\/ing-arch-mastny-vaclav\">124 V\u00e1clav Mastn\u00fd<\/a><\/td>\n<td>ING. ARCH. V\u00c1CLAV<\/td>\n<\/tr>\n<tr>\n<td>950<\/td>\n<td>\u00c7ekya<\/td>\n<td>Prag<\/td>\n<td><a href=\"https:\/\/www.cka.cz\/cs\/svet-architektury\/seznam-architektu\/akad-arch-cejka-miloslav\">125 Miloslav \u010cejka<\/a><\/td>\n<td>AKAD. ARCH. MILOSLAV \u010cEJKA<\/td>\n<\/tr>\n<tr>\n<td>951<\/td>\n<td>\u00c7ekya<\/td>\n<td>Prag<\/td>\n<td><a href=\"https:\/\/www.cka.cz\/cs\/svet-architektury\/seznam-architektu\/ing-arch-rokosova-eva\">126 Eva Rokosov\u00e1<\/a><\/td>\n<td>ING. ARCH. EVA ROKOSOV\u00c1<\/td>\n<\/tr>\n<tr>\n<td>952<\/td>\n<td>\u00c7ekya<\/td>\n<td>Dob\u0159ichovice<\/td>\n<td><a href=\"https:\/\/www.cka.cz\/cs\/svet-architektury\/seznam-architektu\/ing-arch-tunka-martin-csc\">127 Martin Tunka<\/a><\/td>\n<td>ING. ARCH. MARTIN TUNKA CSC.<\/td>\n<\/tr>\n<tr>\n<td>953<\/td>\n<td>\u00c7ekya<\/td>\n<td>Prag<\/td>\n<td><a href=\"https:\/\/www.cka.cz\/cs\/svet-architektury\/seznam-architektu\/ing-arch-akad-arch-liesler-lukas\">128 Luk\u00e1\u0161 Liesler<\/a><\/td>\n<td>ING. ARCH. AKAD.ARCH. LUK\u00c1\u0160 LIESLER<\/td>\n<\/tr>\n<tr>\n<td>954<\/td>\n<td>\u00c7ekya<\/td>\n<td>Hradec Kr\u00e1lov\u00e9<\/td>\n<td><a href=\"https:\/\/www.cka.cz\/cs\/svet-architektury\/seznam-architektu\/ing-arch-horsku-miroslav\">129 Miroslav Horsk\u00fd<\/a><\/td>\n<td>ING. ARCH. MIROSLAV HORSK\u00dd<\/td>\n<\/tr>\n<tr>\n<td>955<\/td>\n<td>\u00c7ekya<\/td>\n<td>Prag<\/td>\n<td><a href=\"https:\/\/www.cka.cz\/cs\/svet-architektury\/seznam-architektu\/prof-ing-arch-slapeta-vladimir-drsc\">130 Vladim\u00edr \u0160lapeta<\/a><\/td>\n<td>PROF. ING. ARCH. VLADIM\u00cdR \u0160LAPETA DRSC.<\/td>\n<\/tr>\n<tr>\n<td>956<\/td>\n<td>\u00c7ekya<\/td>\n<td>Plze\u0148<\/td>\n<td><a href=\"https:\/\/www.cka.cz\/cs\/svet-architektury\/seznam-architektu\/ing-arch-soukup-jan\">131 Jan Soukup<\/a><\/td>\n<td>ING. ARCH. JAN SOUKUP<\/td>\n<\/tr>\n<tr>\n<td>957<\/td>\n<td>\u00c7ekya<\/td>\n<td>Liberec<\/td>\n<td><a href=\"https:\/\/www.cka.cz\/cs\/svet-architektury\/seznam-architektu\/ing-arch-janousek-pavel\">132 Pavel Janou\u0161ek<\/a><\/td>\n<td>ING. ARCH. PAVEL JANOU\u0160EK<\/td>\n<\/tr>\n<tr>\n<td>958<\/td>\n<td>\u00c7ekya<\/td>\n<td>Pardubice<\/td>\n<td><a href=\"https:\/\/www.cka.cz\/cs\/svet-architektury\/seznam-architektu\/ing-arch-macas-sobeslav\">133 Sob\u011bslav Macas<\/a><\/td>\n<td>ING. ARCH. SOB\u011aSLAV MACAS<\/td>\n<\/tr>\n<tr>\n<td>959<\/td>\n<td>\u00c7ekya<\/td>\n<td>Pardubice<\/td>\n<td><a href=\"https:\/\/www.cka.cz\/cs\/svet-architektury\/seznam-architektu\/ing-arch-driml-lubomir\">134 Lubom\u00edr Driml<\/a><\/td>\n<td>ING. ARCH. LUBOM\u00cdR DRIML<\/td>\n<\/tr>\n<tr>\n<td>960<\/td>\n<td>\u00c7ekya<\/td>\n<td>Liberec<\/td>\n<td><a href=\"https:\/\/www.cka.cz\/cs\/svet-architektury\/seznam-architektu\/ing-arch-patrny-josef\">135 Josef Patrn\u00fd<\/a><\/td>\n<td>ING. ARCH. JOSEF PATRN\u00dd<\/td>\n<\/tr>\n<tr>\n<td>961<\/td>\n<td>\u00c7ekya<\/td>\n<td>Prag<\/td>\n<td><a href=\"https:\/\/www.cka.cz\/cs\/svet-architektury\/seznam-architektu\/prof-ing-akad-arch-sramkova-alena\">136 Alena \u0160r\u00e1mkov\u00e1<\/a><\/td>\n<td>PROF. ING. AKAD. ARCH. ALENA \u0160R\u00c1MKOV\u00c1<\/td>\n<\/tr>\n<tr>\n<td>962<\/td>\n<td>\u00c7ekya<\/td>\n<td>Orlick\u00fdch Hor\u00e1ch<\/td>\n<td><a href=\"https:\/\/www.cka.cz\/cs\/svet-architektury\/seznam-architektu\/ing-arch-suda-petr\">137 Petr \u0160uda<\/a><\/td>\n<td>ING. ARCH. PETR \u0160UDA<\/td>\n<\/tr>\n<tr>\n<td>963<\/td>\n<td>\u00c7ekya<\/td>\n<td>Prag<\/td>\n<td><a href=\"https:\/\/www.cka.cz\/cs\/svet-architektury\/seznam-architektu\/ing-arch-kozel-jan\">138 Jan Kozel<\/a><\/td>\n<td>ING. ARCH. JAN KOZEL<\/td>\n<\/tr>\n<tr>\n<td>964<\/td>\n<td>\u00c7ekya<\/td>\n<td>Prag<\/td>\n<td><a href=\"https:\/\/www.cka.cz\/cs\/svet-architektury\/seznam-architektu\/akad-arch-susta-jaroslav\">139 Jaroslav \u0160usta<\/a><\/td>\n<td>AKAD. ARCH. JAROSLAV \u0160USTA<\/td>\n<\/tr>\n<tr>\n<td>965<\/td>\n<td>\u00c7ekya<\/td>\n<td>Prag<\/td>\n<td><a href=\"https:\/\/www.cka.cz\/cs\/svet-architektury\/seznam-architektu\/prof-ing-arch-kuna-zdenek\">140 Zden\u011bk Kuna<\/a><\/td>\n<td>PROF. ING. ARCH. ZDEN\u011aK KUNA<\/td>\n<\/tr>\n<tr>\n<td>966<\/td>\n<td>\u00c7ekya<\/td>\n<td>\u010cesk\u00e9 Bud\u011bjovice<\/td>\n<td><a href=\"https:\/\/www.cka.cz\/cs\/svet-architektury\/seznam-architektu\/ing-arch-stritecky-jiri\">141 Ji\u0159\u00ed St\u0159\u00edteck\u00fd<\/a><\/td>\n<td>ING. ARCH. JI\u0158\u00cd ST\u0158\u00cdTECK\u00dd<\/td>\n<\/tr>\n<tr>\n<td>967<\/td>\n<td>\u00c7ekya<\/td>\n<td>\u010cesk\u00e9 Bud\u011bjovice<\/td>\n<td><a href=\"https:\/\/www.cka.cz\/cs\/svet-architektury\/seznam-architektu\/ing-arch-sova-bohdan\">142 Bohdan Sova<\/a><\/td>\n<td>ING. ARCH. BOHDAN SOVA<\/td>\n<\/tr>\n<tr>\n<td>968<\/td>\n<td>\u00c7ekya<\/td>\n<td>Prag<\/td>\n<td><a href=\"https:\/\/www.cka.cz\/cs\/svet-architektury\/seznam-architektu\/ing-arch-stefek-ludek\">143 Lud\u011bk \u0160tefek<\/a><\/td>\n<td>ING. ARCH. LUD\u011aK \u0160TEFEK<\/td>\n<\/tr>\n<tr>\n<td>969<\/td>\n<td>\u00c7ekya<\/td>\n<td>Liberec<\/td>\n<td><a href=\"https:\/\/www.cka.cz\/cs\/svet-architektury\/seznam-architektu\/ing-arch-hubacek-karel\">144 Karel Hub\u00e1\u010dek<\/a><\/td>\n<td>ING. ARCH. KAREL HUB\u00c1\u010cEK<\/td>\n<\/tr>\n<tr>\n<td>970<\/td>\n<td>\u00c7ekya<\/td>\n<td>Prag<\/td>\n<td><a href=\"https:\/\/www.cka.cz\/cs\/svet-architektury\/seznam-architektu\/ing-arch-machoninova-vera\">145 V\u011bra Machoninov\u00e1<\/a><\/td>\n<td>ING. ARCH. V\u011aRA MACHONINOV\u00c1<\/td>\n<\/tr>\n<tr>\n<td>971<\/td>\n<td>\u00c7ekya<\/td>\n<td>Prag<\/td>\n<td><a href=\"https:\/\/www.cka.cz\/cs\/svet-architektury\/seznam-architektu\/ing-akad-arch-prikryl-emil\">146 Emil P\u0159ikryl<\/a><\/td>\n<td>ING. AKAD. ARCH. EMIL P\u0158IKRYL<\/td>\n<\/tr>\n<tr>\n<td>972<\/td>\n<td>\u00c7ekya<\/td>\n<td>Rokycany<\/td>\n<td><a href=\"https:\/\/www.cka.cz\/cs\/svet-architektury\/seznam-architektu\/ing-arch-drchal-vaclav\">147 V\u00e1clav Drchal<\/a><\/td>\n<td>ING. ARCH. V\u00c1CLAV DRCHAL<\/td>\n<\/tr>\n<tr>\n<td>973<\/td>\n<td>\u00c7ekya<\/td>\n<td>Prag<\/td>\n<td><a href=\"https:\/\/www.cka.cz\/cs\/svet-architektury\/seznam-architektu\/akad-arch-capkova-ivana\">148 Ivana \u010capkov\u00e1<\/a><\/td>\n<td>AKAD. ARCH. IVANA \u010cAPKOV\u00c1<\/td>\n<\/tr>\n<tr>\n<td>974<\/td>\n<td>\u00c7ekya<\/td>\n<td>Doma\u017elice<\/td>\n<td><a href=\"https:\/\/www.cka.cz\/cs\/svet-architektury\/seznam-architektu\/ing-arch-batelka-josef\">149 Josef Batelka<\/a><\/td>\n<td>ING. ARCH. JOSEF BATELKA<\/td>\n<\/tr>\n<tr>\n<td>975<\/td>\n<td>\u00c7ekya<\/td>\n<td>Olomouc<\/td>\n<td><a href=\"https:\/\/www.cka.cz\/cs\/svet-architektury\/seznam-architektu\/ing-arch-novacek-jaroslav\">150 Jaroslav Nov\u00e1\u010dek<\/a><\/td>\n<td>ING. ARCH. JAROSLAV NOV\u00c1\u010cEK<\/td>\n<\/tr>\n<tr>\n<td>976<\/td>\n<td>\u00c7ekya<\/td>\n<td>Plze\u0148<\/td>\n<td><a href=\"https:\/\/www.cka.cz\/cs\/svet-architektury\/seznam-architektu\/ing-arch-salat-karel\">151 Karel Sal\u00e1t<\/a><\/td>\n<td>ING. ARCH. KAREL SAL\u00c1T<\/td>\n<\/tr>\n<tr>\n<td>977<\/td>\n<td>\u00c7ekya<\/td>\n<td>Prag<\/td>\n<td><a href=\"https:\/\/www.cka.cz\/cs\/svet-architektury\/seznam-architektu\/ing-arch-kadlec-karel\">152 Karel Kadlec<\/a><\/td>\n<td>ING. ARCH. KAREL KADLEC<\/td>\n<\/tr>\n<tr>\n<td>978<\/td>\n<td>\u00c7ekya<\/td>\n<td>Hradec Kr\u00e1lov\u00e9<\/td>\n<td><a href=\"https:\/\/www.cka.cz\/cs\/svet-architektury\/seznam-architektu\/ing-arch-kadecka-miroslav\">153 Miroslav Kade\u010dka<\/a><\/td>\n<td>ING. ARCH. MIROSLAV KADE\u010cKA<\/td>\n<\/tr>\n<tr>\n<td>979<\/td>\n<td>\u00c7ekya<\/td>\n<td>Most<\/td>\n<td><a href=\"https:\/\/www.cka.cz\/cs\/svet-architektury\/seznam-architektu\/ing-arch-hasik-jan\">154 Jan Has\u00edk<\/a><\/td>\n<td>ING. ARCH. JAN HAS\u00cdK<\/td>\n<\/tr>\n<tr>\n<td>980<\/td>\n<td>\u00c7ekya<\/td>\n<td>Liberec<\/td>\n<td><a href=\"https:\/\/www.cka.cz\/cs\/svet-architektury\/seznam-architektu\/ing-arch-ulmann-miroslav\">155 Miroslav Ulmann<\/a><\/td>\n<td>ING. ARCH. MIROSLAV ULMANN<\/td>\n<\/tr>\n<tr>\n<td>981<\/td>\n<td>\u00c7ekya<\/td>\n<td>Zl\u00edn<\/td>\n<td><a href=\"https:\/\/www.cka.cz\/cs\/svet-architektury\/seznam-architektu\/ing-tuzarova-katerina\">156 Kate\u0159ina Tuzarov\u00e1<\/a><\/td>\n<td>ING. KATE\u0158INA TUZAROV\u00c1<\/td>\n<\/tr>\n<tr>\n<td>982<\/td>\n<td>\u00c7ekya<\/td>\n<td>Fr\u00fddek M\u00edstek<\/td>\n<td><a href=\"https:\/\/www.cka.cz\/cs\/svet-architektury\/seznam-architektu\/ing-arch-bichler-vlastimil\">157 Vlastimil Bichler<\/a><\/td>\n<td>ING. ARCH. VLASTIMIL BICHLER<\/td>\n<\/tr>\n<tr>\n<td>983<\/td>\n<td>\u00c7ekya<\/td>\n<td>Hav\u00ed\u0159ov<\/td>\n<td><a href=\"https:\/\/www.cka.cz\/cs\/svet-architektury\/seznam-architektu\/ing-arch-chmiel-oskar\">158 Oskar Chmiel<\/a><\/td>\n<td>ING. ARCH. OSKAR CHMIEL<\/td>\n<\/tr>\n<tr>\n<td>984<\/td>\n<td>\u00c7ekya<\/td>\n<td>Lednice<\/td>\n<td><a href=\"https:\/\/www.cka.cz\/cs\/svet-architektury\/seznam-architektu\/dr-ing-nepomucku-petr\">159 Petr Nepomuck\u00fd<\/a><\/td>\n<td>DR.ING. PETR NEPOMUCK\u00dd<\/td>\n<\/tr>\n<tr>\n<td>985<\/td>\n<td>\u00c7ekya<\/td>\n<td>Brno<\/td>\n<td><a href=\"https:\/\/www.cka.cz\/cs\/svet-architektury\/seznam-architektu\/ing-damcova-eva\">160 Eva Damcov\u00e1<\/a><\/td>\n<td>ING. EVA DAMCOV\u00c1<\/td>\n<\/tr>\n<tr>\n<td>986<\/td>\n<td>\u00c7ekya<\/td>\n<td>Zl\u00edn<\/td>\n<td><a href=\"https:\/\/www.cka.cz\/cs\/svet-architektury\/seznam-architektu\/ing-arch-pribyl-zdenek\">161 Zden\u011bk P\u0159ibyl<\/a><\/td>\n<td>ING. ARCH. ZDEN\u011aK P\u0158IBYL<\/td>\n<\/tr>\n<tr>\n<td>987<\/td>\n<td>\u00c7ekya<\/td>\n<td>Brno<\/td>\n<td><a href=\"https:\/\/www.cka.cz\/cs\/svet-architektury\/seznam-architektu\/ing-arch-pech-zbynek\">162 Zbyn\u011bk Pech<\/a><\/td>\n<td>ING. ARCH. ZBYN\u011aK PECH<\/td>\n<\/tr>\n<tr>\n<td>988<\/td>\n<td>\u00c7ekya<\/td>\n<td>Beclav<\/td>\n<td><a href=\"https:\/\/www.cka.cz\/cs\/svet-architektury\/seznam-architektu\/ing-arch-bozek-karel\">163 Karel Bo\u017eek<\/a><\/td>\n<td>ING. ARCH. KAREL BO\u017dEK<\/td>\n<\/tr>\n<tr>\n<td>989<\/td>\n<td>\u00c7ekya<\/td>\n<td>Ostrava<\/td>\n<td><a href=\"https:\/\/www.cka.cz\/cs\/svet-architektury\/seznam-architektu\/ing-arch-havlicek-josef\">164 Josef Havl\u00ed\u010dek<\/a><\/td>\n<td>ING. ARCH. JOSEF HAVL\u00cd\u010cEK<\/td>\n<\/tr>\n<tr>\n<td>990<\/td>\n<td>\u00c7ekya<\/td>\n<td>Ostrava<\/td>\n<td><a href=\"https:\/\/www.cka.cz\/cs\/svet-architektury\/seznam-architektu\/ing-arch-vitoul-ladislav\">165 Ladislav Vitoul<\/a><\/td>\n<td>ING. ARCH. LADISLAV VITOUL<\/td>\n<\/tr>\n<tr>\n<td>991<\/td>\n<td>\u00c7ekya<\/td>\n<td>Moravsk\u00e9 Kn\u00ednice<\/td>\n<td><a href=\"https:\/\/www.cka.cz\/cs\/svet-architektury\/seznam-architektu\/ing-vlcek-kvetoslav\">166 Kv\u011btoslav Vl\u010dek<\/a><\/td>\n<td>ING. KV\u011aTOSLAV VL\u010cEK<\/td>\n<\/tr>\n<tr>\n<td>992<\/td>\n<td>\u00c7ekya<\/td>\n<td>Prag<\/td>\n<td><a href=\"https:\/\/www.cka.cz\/cs\/svet-architektury\/seznam-architektu\/ing-arch-klen-jiri\">167 Ji\u0159\u00ed Klen<\/a><\/td>\n<td>ING. ARCH. JI\u0158\u00cd KLEN<\/td>\n<\/tr>\n<tr>\n<td>993<\/td>\n<td>\u00c7ekya<\/td>\n<td>Brno<\/td>\n<td><a href=\"https:\/\/www.cka.cz\/cs\/svet-architektury\/seznam-architektu\/ing-arch-srubar-pavel\">168 Pavel \u0160ruba\u0159<\/a><\/td>\n<td>ING. ARCH. PAVEL \u0160RUBA\u0158<\/td>\n<\/tr>\n<tr>\n<td>994<\/td>\n<td>\u00c7ekya<\/td>\n<td>Ostrava<\/td>\n<td><a href=\"https:\/\/www.cka.cz\/cs\/svet-architektury\/seznam-architektu\/ing-arch-svoboda-milan\">169 Milan Svoboda<\/a><\/td>\n<td>ING. ARCH. MILAN SVOBODA<\/td>\n<\/tr>\n<tr>\n<td>995<\/td>\n<td>\u00c7ekya<\/td>\n<td>Zl\u00edn<\/td>\n<td><a href=\"https:\/\/www.cka.cz\/cs\/svet-architektury\/seznam-architektu\/ing-arch-bergmann-ivan\">170 Ivan Bergmann<\/a><\/td>\n<td>ING. ARCH. IVAN BERGMANN<\/td>\n<\/tr>\n<tr>\n<td>996<\/td>\n<td>\u00c7ekya<\/td>\n<td>Brno<\/td>\n<td><a href=\"https:\/\/www.cka.cz\/cs\/svet-architektury\/seznam-architektu\/prof-ing-arch-kyselka-mojmir-csc\">171 Mojm\u00edr Kyselka<\/a><\/td>\n<td>PROF. ING. ARCH. MOJM\u00cdR KYSELKA CSC.<\/td>\n<\/tr>\n<tr>\n<td>997<\/td>\n<td>\u00c7ekya<\/td>\n<td>Prag<\/td>\n<td><a href=\"https:\/\/www.cka.cz\/cs\/svet-architektury\/seznam-architektu\/ing-arch-vrabel-jan\">172 Jan Vrabel<\/a><\/td>\n<td>ING. ARCH. JAN VRABEL<\/td>\n<\/tr>\n<tr>\n<td>998<\/td>\n<td>\u00c7ekya<\/td>\n<td>Brno<\/td>\n<td><a href=\"https:\/\/www.cka.cz\/cs\/svet-architektury\/seznam-architektu\/prof-ing-arch-pelcak-petr\">173 Petr Pel\u010d\u00e1k<\/a><\/td>\n<td>PROF. ING. ARCH. PETR PEL\u010c\u00c1K<\/td>\n<\/tr>\n<tr>\n<td>999<\/td>\n<td>\u00c7ekya<\/td>\n<td>Majetin<\/td>\n<td><a href=\"https:\/\/www.cka.cz\/cs\/svet-architektury\/seznam-architektu\/ing-arch-pluskal-radim\">174 Radim Pluskal<\/a><\/td>\n<td>ING. ARCH. RADIM PLUSKAL<\/td>\n<\/tr>\n<tr>\n<td>1000<\/td>\n<td>\u00c7ekya<\/td>\n<td>Brno<\/td>\n<td><a href=\"https:\/\/www.cka.cz\/cs\/svet-architektury\/seznam-architektu\/ing-arch-michal-zdenek\">175 Zden\u011bk Michal<\/a><\/td>\n<td>ING. ARCH. ZDEN\u011aK MICHAL<\/td>\n<\/tr>\n<tr>\n<td>1001<\/td>\n<td>\u00c7ekya<\/td>\n<td>Prost\u011bjov<\/td>\n<td><a href=\"https:\/\/www.cka.cz\/cs\/svet-architektury\/seznam-architektu\/ing-arch-prikryl-jan\">176 Jan P\u0159ikryl<\/a><\/td>\n<td>ING. ARCH. JAN P\u0158IKRYL<\/td>\n<\/tr>\n<tr>\n<td>1002<\/td>\n<td>\u00c7ekya<\/td>\n<td>Brno<\/td>\n<td><a href=\"https:\/\/www.cka.cz\/cs\/svet-architektury\/seznam-architektu\/ing-arch-klajmon-vladimir\">177 Vladim\u00edr Klajmon<\/a><\/td>\n<td>ING. ARCH. VLADIM\u00cdR KLAJMON<\/td>\n<\/tr>\n<tr>\n<td>1003<\/td>\n<td>\u00c7ekya<\/td>\n<td>Prag<\/td>\n<td><a href=\"https:\/\/www.cka.cz\/cs\/svet-architektury\/seznam-architektu\/arch-novacek-jan\">178 Jan Nov\u00e1\u010dek<\/a><\/td>\n<td>ARCH. JAN NOV\u00c1\u010cEK<\/td>\n<\/tr>\n<tr>\n<td>1004<\/td>\n<td>\u00c7ekya<\/td>\n<td>Troubsko Veselka<\/td>\n<td><a href=\"https:\/\/www.cka.cz\/cs\/svet-architektury\/seznam-architektu\/ing-wagnerova-eva\">179 Eva Wagnerov\u00e1<\/a><\/td>\n<td>ING. EVA WAGNEROV\u00c1<\/td>\n<\/tr>\n<tr>\n<td>1005<\/td>\n<td>\u00c7ekya<\/td>\n<td>Brno<\/td>\n<td><a href=\"https:\/\/www.cka.cz\/cs\/svet-architektury\/seznam-architektu\/ing-finstrlova-helena\">180 Helena Finstrlov\u00e1<\/a><\/td>\n<td>ING. HELENA FINSTRLOV\u00c1<\/td>\n<\/tr>\n<tr>\n<td>1006<\/td>\n<td>\u00c7ekya<\/td>\n<td>Plze\u0148<\/td>\n<td><a href=\"https:\/\/www.cka.cz\/cs\/svet-architektury\/seznam-architektu\/ing-arch-hysek-oldrich\">181 Old\u0159ich Hysek<\/a><\/td>\n<td>ING. ARCH. OLD\u0158ICH HYSEK<\/td>\n<\/tr>\n<tr>\n<td>1007<\/td>\n<td>\u00c7ekya<\/td>\n<td>Prag<\/td>\n<td><a href=\"https:\/\/www.cka.cz\/cs\/svet-architektury\/seznam-architektu\/ing-arch-riha-martin\">182 Martin \u0158\u00edha<\/a><\/td>\n<td>ING. ARCH. MARTIN \u0158\u00cdHA<\/td>\n<\/tr>\n<tr>\n<td>1008<\/td>\n<td>\u00c7ekya<\/td>\n<td>Opava<\/td>\n<td><a href=\"https:\/\/www.cka.cz\/cs\/svet-architektury\/seznam-architektu\/ing-arch-kovar-jan\">183 Jan Kov\u00e1\u0159<\/a><\/td>\n<td>ING. ARCH. JAN KOV\u00c1\u0158<\/td>\n<\/tr>\n<tr>\n<td>1009<\/td>\n<td>\u00c7ekya<\/td>\n<td>Liberec<\/td>\n<td><a href=\"https:\/\/www.cka.cz\/cs\/svet-architektury\/seznam-architektu\/rndr-postolka-vaclav\">184 V\u00e1clav Po\u0161tolka<\/a><\/td>\n<td>RNDR. V\u00c1CLAV PO\u0160TOLKA<\/td>\n<\/tr>\n<tr>\n<td>1010<\/td>\n<td>\u00c7ekya<\/td>\n<td>Prag<\/td>\n<td><a href=\"https:\/\/www.cka.cz\/cs\/svet-architektury\/seznam-architektu\/doc-ing-arch-oberstein-ivo-csc\">185 Ivo Oberstein<\/a><\/td>\n<td>DOC. ING. ARCH. IVO OBERSTEIN CSC.<\/td>\n<\/tr>\n<tr>\n<td>1011<\/td>\n<td>\u00c7ekya<\/td>\n<td>Prag<\/td>\n<td><a href=\"https:\/\/www.cka.cz\/cs\/svet-architektury\/seznam-architektu\/akad-arch-spacek-jaromir\">186 Jarom\u00edr \u0160pa\u010dek<\/a><\/td>\n<td>AKAD. ARCH. JAROM\u00cdR \u0160PA\u010cEK<\/td>\n<\/tr>\n<tr>\n<td>1012<\/td>\n<td>\u00c7ekya<\/td>\n<td>Plze\u0148<\/td>\n<td><a href=\"https:\/\/www.cka.cz\/cs\/svet-architektury\/seznam-architektu\/ing-valtr-pavel\">187 Pavel Valtr<\/a><\/td>\n<td>ING. PAVEL VALTR<\/td>\n<\/tr>\n<tr>\n<td>1013<\/td>\n<td>\u00c7ekya<\/td>\n<td>Prag<\/td>\n<td><a href=\"https:\/\/www.cka.cz\/cs\/svet-architektury\/seznam-architektu\/ing-arch-holzel-zdenek\">188 Zden\u011bk H\u00f6lzel<\/a><\/td>\n<td>ING. ARCH. ZDEN\u011aK H\u00d6LZEL<\/td>\n<\/tr>\n<tr>\n<td>1014<\/td>\n<td>\u00c7ekya<\/td>\n<td>Prag<\/td>\n<td><a href=\"https:\/\/www.cka.cz\/cs\/svet-architektury\/seznam-architektu\/ing-arch-matejka-vaclav\">189 V\u00e1clav Mat\u011bjka<\/a><\/td>\n<td>ING. ARCH. V\u00c1CLAV MAT\u011aJKA<\/td>\n<\/tr>\n<tr>\n<td>1015<\/td>\n<td>\u00c7ekya<\/td>\n<td>Prag<\/td>\n<td><a href=\"https:\/\/www.cka.cz\/cs\/svet-architektury\/seznam-architektu\/ing-arch-seho-hana\">190 Hana Seho<\/a><\/td>\n<td>ING. ARCH. HANA SEHO<\/td>\n<\/tr>\n<tr>\n<td>1016<\/td>\n<td>\u00c7ekya<\/td>\n<td>Prag<\/td>\n<td><a href=\"https:\/\/www.cka.cz\/cs\/svet-architektury\/seznam-architektu\/ing-arch-base-miroslav\">191 Miroslav Ba\u0161e<\/a><\/td>\n<td>ING. ARCH. MIROSLAV BA\u0160E<\/td>\n<\/tr>\n<tr>\n<td>1017<\/td>\n<td>\u00c7ekya<\/td>\n<td>Prag<\/td>\n<td><a href=\"https:\/\/www.cka.cz\/cs\/svet-architektury\/seznam-architektu\/ing-akad-arch-kralicek-vaclav\">192 V\u00e1clav Kr\u00e1l\u00ed\u010dek<\/a><\/td>\n<td>ING. AKAD. ARCH. V\u00c1CLAV KR\u00c1L\u00cd\u010cEK<\/td>\n<\/tr>\n<tr>\n<td>1018<\/td>\n<td>\u00c7ekya<\/td>\n<td>Karlovy Vary<\/td>\n<td><a href=\"https:\/\/www.cka.cz\/cs\/svet-architektury\/seznam-architektu\/ing-arch-mundilova-marie\">193 Marie Mundilov\u00e1<\/a><\/td>\n<td>ING. ARCH. MARIE MUNDILOV\u00c1<\/td>\n<\/tr>\n<tr>\n<td>1019<\/td>\n<td>\u00c7ekya<\/td>\n<td>Prag<\/td>\n<td><a href=\"https:\/\/www.cka.cz\/cs\/svet-architektury\/seznam-architektu\/ing-arch-zima-jaroslav\">194 Jaroslav Zima<\/a><\/td>\n<td>ING. ARCH. JAROSLAV ZIMA<\/td>\n<\/tr>\n<tr>\n<td>1020<\/td>\n<td>\u00c7ekya<\/td>\n<td>Plze\u0148<\/td>\n<td><a href=\"https:\/\/www.cka.cz\/cs\/svet-architektury\/seznam-architektu\/ing-arch-baxa-jan\">195 Jan Baxa<\/a><\/td>\n<td>ING. ARCH. JAN BAXA<\/td>\n<\/tr>\n<tr>\n<td>1021<\/td>\n<td>\u00c7ekya<\/td>\n<td>Prag<\/td>\n<td><a href=\"https:\/\/www.cka.cz\/cs\/svet-architektury\/seznam-architektu\/doc-ing-arch-cigler-jakub\">196 Jakub Cigler<\/a><\/td>\n<td>DOC. ING. ARCH. JAKUB CIGLER<\/td>\n<\/tr>\n<tr>\n<td>1022<\/td>\n<td>\u00c7ekya<\/td>\n<td>Prag<\/td>\n<td><a href=\"https:\/\/www.cka.cz\/cs\/svet-architektury\/seznam-architektu\/ing-arch-martinkova-alena\">197 Alena Mart\u00ednkov\u00e1<\/a><\/td>\n<td>ING. ARCH. ALENA MART\u00cdNKOV\u00c1<\/td>\n<\/tr>\n<tr>\n<td>1023<\/td>\n<td>\u00c7ekya<\/td>\n<td>Prag<\/td>\n<td><a href=\"https:\/\/www.cka.cz\/cs\/svet-architektury\/seznam-architektu\/ing-arch-prouza-tomas\">198 Tom\u00e1\u0161 Prouza<\/a><\/td>\n<td>ING. ARCH. TOM\u00c1\u0160 PROUZA<\/td>\n<\/tr>\n<tr>\n<td>1024<\/td>\n<td>\u00c7ekya<\/td>\n<td>Prag<\/td>\n<td><a href=\"https:\/\/www.cka.cz\/cs\/svet-architektury\/seznam-architektu\/ing-arch-fiala-stanislav\">199 Stanislav Fiala<\/a><\/td>\n<td>ING. ARCH. STANISLAV FIALA<\/td>\n<\/tr>\n<tr>\n<td>1025<\/td>\n<td>\u00c7ekya<\/td>\n<td>Prag<\/td>\n<td><a href=\"https:\/\/www.cka.cz\/cs\/svet-architektury\/seznam-architektu\/ing-arch-fiala-milan\">200 Milan Fiala<\/a><\/td>\n<td>ING. ARCH. MILAN FIALA<\/td>\n<\/tr>\n<tr>\n<td>1026<\/td>\n<td>\u00c7ekya<\/td>\n<td>Prag<\/td>\n<td><a href=\"https:\/\/www.cka.cz\/cs\/svet-architektury\/seznam-architektu\/akad-arch-nemec-martin\">201 Martin N\u011bmec<\/a><\/td>\n<td>AKAD. ARCH. MARTIN N\u011aMEC<\/td>\n<\/tr>\n<tr>\n<td>1027<\/td>\n<td>\u00c7ekya<\/td>\n<td>Prag<\/td>\n<td><a href=\"https:\/\/www.cka.cz\/cs\/svet-architektury\/seznam-architektu\/ing-arch-filsak-karel\">202 Karel Filsak<\/a><\/td>\n<td>ING. ARCH. KAREL FILSAK<\/td>\n<\/tr>\n<tr>\n<td>1028<\/td>\n<td>\u00c7ekya<\/td>\n<td>Pardubice<\/td>\n<td><a href=\"https:\/\/www.cka.cz\/cs\/svet-architektury\/seznam-architektu\/ing-arch-petran-miroslav\">203 Miroslav Petr\u00e1\u0148<\/a><\/td>\n<td>ING. ARCH. MIROSLAV PETR\u00c1\u0147<\/td>\n<\/tr>\n<tr>\n<td>1029<\/td>\n<td>\u00c7ekya<\/td>\n<td>Litomy\u0161le<\/td>\n<td><a href=\"https:\/\/www.cka.cz\/cs\/svet-architektury\/seznam-architektu\/ing-arch-barta-radim\">204 Radim B\u00e1rta<\/a><\/td>\n<td>ING. ARCH. RADIM B\u00c1RTA<\/td>\n<\/tr>\n<tr>\n<td>1030<\/td>\n<td>\u00c7ekya<\/td>\n<td>Prag<\/td>\n<td><a href=\"https:\/\/www.cka.cz\/cs\/svet-architektury\/seznam-architektu\/ing-arch-dohnal-tomas\">205 Tom\u00e1\u0161 Dohnal<\/a><\/td>\n<td>ING. ARCH. TOM\u00c1\u0160 DOHNAL<\/td>\n<\/tr>\n<tr>\n<td>1031<\/td>\n<td>\u00c7ekya<\/td>\n<td>\u010cesk\u00e9 Bud\u011bjovice<\/td>\n<td><a href=\"https:\/\/www.cka.cz\/cs\/svet-architektury\/seznam-architektu\/ing-arch-skalicku-jiri\">206 Ji\u0159\u00ed Skalick\u00fd<\/a><\/td>\n<td>ING. ARCH. JI\u0158\u00cd SKALICK\u00dd<\/td>\n<\/tr>\n<tr>\n<td>1032<\/td>\n<td>\u00c7ekya<\/td>\n<td>Prag<\/td>\n<td><a href=\"https:\/\/www.cka.cz\/cs\/svet-architektury\/seznam-architektu\/ing-arch-spackova-ladislava\">207 Ladislava \u0160pa\u010dkov\u00e1<\/a><\/td>\n<td>ING. ARCH. LADISLAVA \u0160PA\u010cKOV\u00c1<\/td>\n<\/tr>\n<tr>\n<td>1033<\/td>\n<td>\u00c7ekya<\/td>\n<td>Prag<\/td>\n<td><a href=\"https:\/\/www.cka.cz\/cs\/svet-architektury\/seznam-architektu\/ing-arch-machova-ludmila\">208 Ludmila Machov\u00e1<\/a><\/td>\n<td>ING. ARCH. LUDMILA MACHOV\u00c1<\/td>\n<\/tr>\n<tr>\n<td>1034<\/td>\n<td>\u00c7ekya<\/td>\n<td>Prag<\/td>\n<td><a href=\"https:\/\/www.cka.cz\/cs\/svet-architektury\/seznam-architektu\/akad-arch-lasovsky-jiri\">209 Ji\u0159\u00ed Lasovsk\u00fd<\/a><\/td>\n<td>AKAD. ARCH. JI\u0158\u00cd LASOVSK\u00dd<\/td>\n<\/tr>\n<tr>\n<td>1035<\/td>\n<td>\u00c7ekya<\/td>\n<td>Prag<\/td>\n<td><a href=\"https:\/\/www.cka.cz\/cs\/svet-architektury\/seznam-architektu\/ing-arch-akad-arch-vanickova-nadezda\">210 Nad\u011b\u017eda Van\u00ed\u010dkov\u00e1<\/a><\/td>\n<td>ING. ARCH. AKAD. ARCH. NAD\u011a\u017dDA VAN\u00cd\u010cKOV\u00c1<\/td>\n<\/tr>\n<tr>\n<td>1036<\/td>\n<td>\u00c7ekya<\/td>\n<td>Prag<\/td>\n<td><a href=\"https:\/\/www.cka.cz\/cs\/svet-architektury\/seznam-architektu\/ing-arch-prada-david\">211 David P\u0159\u00e1da<\/a><\/td>\n<td>ING. ARCH. DAVID P\u0158\u00c1DA<\/td>\n<\/tr>\n<tr>\n<td>1037<\/td>\n<td>\u00c7ekya<\/td>\n<td>Brno<\/td>\n<td><a href=\"https:\/\/www.cka.cz\/cs\/svet-architektury\/seznam-architektu\/ing-arch-gregorcik-jiri\">212 Ji\u0159\u00ed G\u0159egor\u010d\u00edk<\/a><\/td>\n<td>ING. ARCH. JI\u0158\u00cd G\u0158EGOR\u010c\u00cdK<\/td>\n<\/tr>\n<tr>\n<td>1038<\/td>\n<td>\u00c7ekya<\/td>\n<td>Prag<\/td>\n<td><a href=\"https:\/\/www.cka.cz\/cs\/svet-architektury\/seznam-architektu\/ing-arch-vysinova-jarmila\">213 Jarmila Vy\u0161\u00ednov\u00e1<\/a><\/td>\n<td>ING. ARCH. JARMILA VY\u0160\u00cdNOV\u00c1<\/td>\n<\/tr>\n<tr>\n<td>1039<\/td>\n<td>\u00c7ekya<\/td>\n<td>Prag<\/td>\n<td><a href=\"https:\/\/www.cka.cz\/cs\/svet-architektury\/seznam-architektu\/ing-arch-frydecky-vaclav\">214 V\u00e1clav Frydeck\u00fd<\/a><\/td>\n<td>ING. ARCH. V\u00c1CLAV FRYDECK\u00dd<\/td>\n<\/tr>\n<tr>\n<td>1040<\/td>\n<td>\u00c7ekya<\/td>\n<td>\u00dast\u00ed nad Labem<\/td>\n<td><a href=\"https:\/\/www.cka.cz\/cs\/svet-architektury\/seznam-architektu\/ing-arch-johanovsku-miroslav\">215 Miroslav Johanovsk\u00fd<\/a><\/td>\n<td>ING. ARCH. MIROSLAV JOHANOVSK\u00dd<\/td>\n<\/tr>\n<tr>\n<td>1041<\/td>\n<td>\u00c7ekya<\/td>\n<td>Labem<\/td>\n<td><a href=\"https:\/\/www.cka.cz\/cs\/svet-architektury\/seznam-architektu\/ing-arch-zeman-jan\">216 Jan Zeman<\/a><\/td>\n<td>ING. ARCH. JAN ZEMAN<\/td>\n<\/tr>\n<tr>\n<td>1042<\/td>\n<td>\u00c7ekya<\/td>\n<td>Nov\u00fd Bor<\/td>\n<td><a href=\"https:\/\/www.cka.cz\/cs\/svet-architektury\/seznam-architektu\/ing-arch-hejduk-mita\">217 M\u00ed\u0165a Hejduk<\/a><\/td>\n<td>ING. ARCH. M\u00cd\u0164A HEJDUK<\/td>\n<\/tr>\n<tr>\n<td>1043<\/td>\n<td>\u00c7ekya<\/td>\n<td>Prag<\/td>\n<td><a href=\"https:\/\/www.cka.cz\/cs\/svet-architektury\/seznam-architektu\/ing-arch-firbas-karel-csc\">218 Karel Firbas<\/a><\/td>\n<td>ING. ARCH. KAREL FIRBAS CSC.<\/td>\n<\/tr>\n<tr>\n<td>1044<\/td>\n<td>\u00c7ekya<\/td>\n<td>Karlovy Vary<\/td>\n<td><a href=\"https:\/\/www.cka.cz\/cs\/svet-architektury\/seznam-architektu\/akad-arch-polony-antonin\">219 Anton\u00edn Polony<\/a><\/td>\n<td>AKAD. ARCH. ANTON\u00cdN POLONY<\/td>\n<\/tr>\n<tr>\n<td>1045<\/td>\n<td>\u00c7ekya<\/td>\n<td>Dagmar Nov\u00e1<\/td>\n<td><a href=\"https:\/\/www.cka.cz\/cs\/svet-architektury\/seznam-architektu\/ing-arch-nova-dagmar\">220 Dagmar Nov\u00e1<\/a><\/td>\n<td>ING. ARCH. DAGMAR NOV\u00c1<\/td>\n<\/tr>\n<tr>\n<td>1046<\/td>\n<td>\u00c7ekya<\/td>\n<td>Host\u00fdnem<\/td>\n<td><a href=\"https:\/\/www.cka.cz\/cs\/svet-architektury\/seznam-architektu\/ing-arch-belik-vit\">221 V\u00edt B\u011bl\u00edk<\/a><\/td>\n<td>ING. ARCH. V\u00cdT B\u011aL\u00cdK<\/td>\n<\/tr>\n<tr>\n<td>1047<\/td>\n<td>\u00c7ekya<\/td>\n<td>Olomouc<\/td>\n<td><a href=\"https:\/\/www.cka.cz\/cs\/svet-architektury\/seznam-architektu\/ing-fingerova-radmila\">222 Radmila Fingerov\u00e1<\/a><\/td>\n<td>ING. RADMILA FINGEROV\u00c1<\/td>\n<\/tr>\n<tr>\n<td>1048<\/td>\n<td>\u00c7ekya<\/td>\n<td>Brno<\/td>\n<td><a href=\"https:\/\/www.cka.cz\/cs\/svet-architektury\/seznam-architektu\/ing-arch-zima-vaclav-csc\">223 V\u00e1clav Zima<\/a><\/td>\n<td>ING. ARCH. V\u00c1CLAV ZIMA CSC.<\/td>\n<\/tr>\n<tr>\n<td>1049<\/td>\n<td>\u00c7ekya<\/td>\n<td>Brno<\/td>\n<td><a href=\"https:\/\/www.cka.cz\/cs\/svet-architektury\/seznam-architektu\/ing-arch-zabrodska-zdena\">224 Zdena Z\u00e1brodsk\u00e1<\/a><\/td>\n<td>ING. ARCH. ZDENA Z\u00c1BRODSK\u00c1<\/td>\n<\/tr>\n<tr>\n<td>1050<\/td>\n<td>\u00c7ekya<\/td>\n<td>Vala\u0161sk\u00e9 Mezi\u0159\u00ed\u010d\u00ed<\/td>\n<td><a href=\"https:\/\/www.cka.cz\/cs\/svet-architektury\/seznam-architektu\/ing-arch-zert-petr\">225 Petr \u017dert<\/a><\/td>\n<td>ING. ARCH. PETR \u017dERT<\/td>\n<\/tr>\n<tr>\n<td>1051<\/td>\n<td>\u00c7ekya<\/td>\n<td>Olomouc<\/td>\n<td><a href=\"https:\/\/www.cka.cz\/cs\/svet-architektury\/seznam-architektu\/ing-arch-smoldas-jan\">226 Jan \u0160moldas<\/a><\/td>\n<td>ING. ARCH. JAN \u0160MOLDAS<\/td>\n<\/tr>\n<tr>\n<td>1052<\/td>\n<td>\u00c7ekya<\/td>\n<td>Brno<\/td>\n<td><a href=\"https:\/\/www.cka.cz\/cs\/svet-architektury\/seznam-architektu\/ing-arch-dokoupil-jaroslav\">227 Jaroslav Dokoupil<\/a><\/td>\n<td>ING. ARCH. JAROSLAV DOKOUPIL<\/td>\n<\/tr>\n<tr>\n<td>1053<\/td>\n<td>\u00c7ekya<\/td>\n<td>Z\u00e1b\u0159eh<\/td>\n<td><a href=\"https:\/\/www.cka.cz\/cs\/svet-architektury\/seznam-architektu\/ing-akad-arch-svoboda-ondrej\">228 Ond\u0159ej Svoboda<\/a><\/td>\n<td>ING. AKAD. ARCH. OND\u0158EJ SVOBODA<\/td>\n<\/tr>\n<tr>\n<td>1054<\/td>\n<td>\u00c7ekya<\/td>\n<td>Opava<\/td>\n<td><a href=\"https:\/\/www.cka.cz\/cs\/svet-architektury\/seznam-architektu\/ing-arch-horak-jiri-2\">229 Ji\u0159\u00ed Hor\u00e1k<\/a><\/td>\n<td>ING. ARCH. JI\u0158\u00cd HOR\u00c1K<\/td>\n<\/tr>\n<tr>\n<td>1055<\/td>\n<td>\u00c7ekya<\/td>\n<td>Brno<\/td>\n<td><a href=\"https:\/\/www.cka.cz\/cs\/svet-architektury\/seznam-architektu\/ing-arch-velehradsku-miroslav\">230 Miroslav Velehradsk\u00fd<\/a><\/td>\n<td>ING. ARCH. MIROSLAV VELEHRADSK\u00dd<\/td>\n<\/tr>\n<tr>\n<td>1056<\/td>\n<td>\u00c7ekya<\/td>\n<td>Ro\u017enov pod Radho\u0161t\u011bm<\/td>\n<td><a href=\"https:\/\/www.cka.cz\/cs\/svet-architektury\/seznam-architektu\/ing-kovarik-jiri\">231 Ji\u0159\u00ed Kova\u0159\u00edk<\/a><\/td>\n<td>ING. JI\u0158\u00cd KOVA\u0158\u00cdK<\/td>\n<\/tr>\n<tr>\n<td>1057<\/td>\n<td>\u00c7ekya<\/td>\n<td>Olomouc<\/td>\n<td><a href=\"https:\/\/www.cka.cz\/cs\/svet-architektury\/seznam-architektu\/ing-arch-polach-jan\">232 Jan Pol\u00e1ch<\/a><\/td>\n<td>ING. ARCH. JAN POL\u00c1CH<\/td>\n<\/tr>\n<tr>\n<td>1058<\/td>\n<td>\u00c7ekya<\/td>\n<td>Ro\u017enov pod Radho\u0161t\u011bm<\/td>\n<td><a href=\"https:\/\/www.cka.cz\/cs\/svet-architektury\/seznam-architektu\/ing-arch-hromadka-libor\">233 Libor Hrom\u00e1dka<\/a><\/td>\n<td>ING. ARCH. LIBOR HROM\u00c1DKA<\/td>\n<\/tr>\n<tr>\n<td>1059<\/td>\n<td>\u00c7ekya<\/td>\n<td>Ku\u0159im<\/td>\n<td><a href=\"https:\/\/www.cka.cz\/cs\/svet-architektury\/seznam-architektu\/ing-arch-kren-bronislav\">234 Bronislav K\u0159en<\/a><\/td>\n<td>ING. ARCH. BRONISLAV K\u0158EN<\/td>\n<\/tr>\n<tr>\n<td>1060<\/td>\n<td>\u00c7ekya<\/td>\n<td>Brno<\/td>\n<td><a href=\"https:\/\/www.cka.cz\/cs\/svet-architektury\/seznam-architektu\/ing-arch-drncova-sarka\">235 \u0160\u00e1rka Drncov\u00e1<\/a><\/td>\n<td>ING. ARCH. \u0160\u00c1RKA DRNCOV\u00c1<\/td>\n<\/tr>\n<tr>\n<td>1061<\/td>\n<td>\u00c7ekya<\/td>\n<td>Brno<\/td>\n<td><a href=\"https:\/\/www.cka.cz\/cs\/svet-architektury\/seznam-architektu\/ing-arch-drapal-emil\">236 Emil Dr\u00e1pal<\/a><\/td>\n<td>ING. ARCH. EMIL DR\u00c1PAL<\/td>\n<\/tr>\n<tr>\n<td>1062<\/td>\n<td>\u00c7ekya<\/td>\n<td>Brno<\/td>\n<td><a href=\"https:\/\/www.cka.cz\/cs\/svet-architektury\/seznam-architektu\/ing-arch-velek-jiri\">237 Ji\u0159\u00ed Velek<\/a><\/td>\n<td>ING. ARCH. JI\u0158\u00cd VELEK<\/td>\n<\/tr>\n<tr>\n<td>1063<\/td>\n<td>\u00c7ekya<\/td>\n<td>Olomouc<\/td>\n<td><a href=\"https:\/\/www.cka.cz\/cs\/svet-architektury\/seznam-architektu\/ing-arch-bendova-jana\">238 Jana Bendov\u00e1<\/a><\/td>\n<td>ING. ARCH. JANA BENDOV\u00c1<\/td>\n<\/tr>\n<tr>\n<td>1064<\/td>\n<td>\u00c7ekya<\/td>\n<td>Olomouc<\/td>\n<td><a href=\"https:\/\/www.cka.cz\/cs\/svet-architektury\/seznam-architektu\/ing-arch-polesnu-vladimir\">239 Vladim\u00edr Polesn\u00fd<\/a><\/td>\n<td>ING. ARCH. VLADIM\u00cdR POLESN\u00dd<\/td>\n<\/tr>\n<tr>\n<td>1065<\/td>\n<td>\u00c7ekya<\/td>\n<td>Olomouc<\/td>\n<td><a href=\"https:\/\/www.cka.cz\/cs\/svet-architektury\/seznam-architektu\/ing-arch-cernousek-tomas\">240 Tom\u00e1\u0161 \u010cernou\u0161ek<\/a><\/td>\n<td>ING. ARCH. TOM\u00c1\u0160 \u010cERNOU\u0160EK<\/td>\n<\/tr>\n<tr>\n<td>1066<\/td>\n<td>\u00c7ekya<\/td>\n<td>Solanec<\/td>\n<td><a href=\"https:\/\/www.cka.cz\/cs\/svet-architektury\/seznam-architektu\/ing-arch-fiedler-vladimir\">241 Vladim\u00edr Fiedler<\/a><\/td>\n<td>ING. ARCH. VLADIM\u00cdR FIEDLER<\/td>\n<\/tr>\n<tr>\n<td>1067<\/td>\n<td>\u00c7ekya<\/td>\n<td>Zlin<\/td>\n<td><a href=\"https:\/\/www.cka.cz\/cs\/svet-architektury\/seznam-architektu\/ing-arch-zahorak-jiri\">242 Ji\u0159\u00ed Z\u00e1ho\u0159\u00e1k<\/a><\/td>\n<td>ING. ARCH. JI\u0158\u00cd Z\u00c1HO\u0158\u00c1K<\/td>\n<\/tr>\n<tr>\n<td>1068<\/td>\n<td>\u00c7ekya<\/td>\n<td>Brno<\/td>\n<td><a href=\"https:\/\/www.cka.cz\/cs\/svet-architektury\/seznam-architektu\/ing-arch-mlejnek-milan\">243 Milan Mlejnek<\/a><\/td>\n<td>ING. ARCH. MILAN MLEJNEK<\/td>\n<\/tr>\n<tr>\n<td>1069<\/td>\n<td>\u00c7ekya<\/td>\n<td>Brno<\/td>\n<td><a href=\"https:\/\/www.cka.cz\/cs\/svet-architektury\/seznam-architektu\/ing-arch-mackerle-pavel\">244 Pavel Mackerle<\/a><\/td>\n<td>ING. ARCH. PAVEL MACKERLE<\/td>\n<\/tr>\n<tr>\n<td>1070<\/td>\n<td>\u00c7ekya<\/td>\n<td>Brno<\/td>\n<td><a href=\"https:\/\/www.cka.cz\/cs\/svet-architektury\/seznam-architektu\/ing-arch-zabrodsky-jakub\">245 Jakub Z\u00e1brodsk\u00fd<\/a><\/td>\n<td>ING. ARCH. JAKUB Z\u00c1BRODSK\u00dd<\/td>\n<\/tr>\n<tr>\n<td>1071<\/td>\n<td>\u00c7ekya<\/td>\n<td>Hradec Kr\u00e1lov\u00e9<\/td>\n<td><a href=\"https:\/\/www.cka.cz\/cs\/svet-architektury\/seznam-architektu\/ing-arch-zidka-jiri\">246 Ji\u0159\u00ed Z\u00eddka<\/a><\/td>\n<td>ING. ARCH. JI\u0158\u00cd Z\u00cdDKA<\/td>\n<\/tr>\n<tr>\n<td>1072<\/td>\n<td>\u00c7ekya<\/td>\n<td>Prag<\/td>\n<td><a href=\"https:\/\/www.cka.cz\/cs\/svet-architektury\/seznam-architektu\/prof-ing-arch-labus-ladislav\">247 Ladislav L\u00e1bus<\/a><\/td>\n<td>PROF. ING. ARCH. LADISLAV L\u00c1BUS<\/td>\n<\/tr>\n<tr>\n<td>1073<\/td>\n<td>\u00c7ekya<\/td>\n<td>Prag<\/td>\n<td><a href=\"https:\/\/www.cka.cz\/cs\/svet-architektury\/seznam-architektu\/ing-arch-salda-vojtech\">248 Vojt\u011bch \u0160alda<\/a><\/td>\n<td>ING. ARCH. VOJT\u011aCH \u0160ALDA<\/td>\n<\/tr>\n<tr>\n<td>1074<\/td>\n<td>\u00c7ekya<\/td>\n<td>Karlovy Vary<\/td>\n<td><a href=\"https:\/\/www.cka.cz\/cs\/svet-architektury\/seznam-architektu\/ing-arch-tuma-vitezslav\">249 V\u00edt\u011bzslav T\u016fma<\/a><\/td>\n<td>ING. ARCH. V\u00cdT\u011aZSLAV T\u016eMA<\/td>\n<\/tr>\n<tr>\n<td>1075<\/td>\n<td>\u00c7ekya<\/td>\n<td>Prag<\/td>\n<td><a href=\"https:\/\/www.cka.cz\/cs\/svet-architektury\/seznam-architektu\/ing-arch-frolik-petr\">250 Petr Frol\u00edk<\/a><\/td>\n<td>ING. ARCH. PETR FROL\u00cdK<\/td>\n<\/tr>\n<tr>\n<td>1076<\/td>\n<td>\u00c7ekya<\/td>\n<td>Prag<\/td>\n<td><a href=\"https:\/\/www.cka.cz\/cs\/svet-architektury\/seznam-architektu\/ing-arch-kubista-jiri\">251 Ji\u0159\u00ed Kubi\u0161ta<\/a><\/td>\n<td>ING. ARCH. JI\u0158\u00cd KUBI\u0160TA<\/td>\n<\/tr>\n<tr>\n<td>1077<\/td>\n<td>\u00c7ekya<\/td>\n<td>Prag<\/td>\n<td><a href=\"https:\/\/www.cka.cz\/cs\/svet-architektury\/seznam-architektu\/ing-arch-gopfert-miroslav\">252 Miroslav Gopfert<\/a><\/td>\n<td>ING. ARCH. MIROSLAV GOPFERT<\/td>\n<\/tr>\n<tr>\n<td>1078<\/td>\n<td>\u00c7ekya<\/td>\n<td>Vltavou<\/td>\n<td><a href=\"https:\/\/www.cka.cz\/cs\/svet-architektury\/seznam-architektu\/ing-arch-louda-jan\">253 Jan Louda<\/a><\/td>\n<td>ING. ARCH. JAN LOUDA<\/td>\n<\/tr>\n<tr>\n<td>1079<\/td>\n<td>\u00c7ekya<\/td>\n<td>\u0160estajovice<\/td>\n<td><a href=\"https:\/\/www.cka.cz\/cs\/svet-architektury\/seznam-architektu\/ing-arch-pirout-bohumil\">254 Bohumil Pirout<\/a><\/td>\n<td>ING. ARCH. BOHUMIL PIROUT<\/td>\n<\/tr>\n<tr>\n<td>1080<\/td>\n<td>\u00c7ekya<\/td>\n<td>Prag<\/td>\n<td><a href=\"https:\/\/www.cka.cz\/cs\/svet-architektury\/seznam-architektu\/ing-arch-kordovsku-petr\">255 Petr Kordovsk\u00fd<\/a><\/td>\n<td>ING. ARCH. PETR KORDOVSK\u00dd<\/td>\n<\/tr>\n<tr>\n<td>1081<\/td>\n<td>\u00c7ekya<\/td>\n<td>Prag<\/td>\n<td><a href=\"https:\/\/www.cka.cz\/cs\/svet-architektury\/seznam-architektu\/doc-ing-arch-jiran-zdenek\">256 Zden\u011bk Jiran<\/a><\/td>\n<td>PROF. ING. ARCH. ZDEN\u011aK JIRAN<\/td>\n<\/tr>\n<tr>\n<td>1082<\/td>\n<td>\u00c7ekya<\/td>\n<td>Prag<\/td>\n<td><a href=\"https:\/\/www.cka.cz\/cs\/svet-architektury\/seznam-architektu\/ing-arch-plicka-ivan\">257 Ivan Plicka<\/a><\/td>\n<td>ING. ARCH. IVAN PLICKA<\/td>\n<\/tr>\n<tr>\n<td>1083<\/td>\n<td>\u00c7ekya<\/td>\n<td>Kosmonosy<\/td>\n<td><a href=\"https:\/\/www.cka.cz\/cs\/svet-architektury\/seznam-architektu\/ing-arch-kadlec-zdenek\">258 Zden\u011bk Kadlec<\/a><\/td>\n<td>ING. ARCH. ZDEN\u011aK KADLEC<\/td>\n<\/tr>\n<tr>\n<td>1084<\/td>\n<td>\u00c7ekya<\/td>\n<td>Fry\u0161t\u00e1t<\/td>\n<td><a href=\"https:\/\/www.cka.cz\/cs\/svet-architektury\/seznam-architektu\/ing-galuszka-edvard\">259 Edvard Galuszka<\/a><\/td>\n<td>ING. EDVARD GALUSZKA<\/td>\n<\/tr>\n<tr>\n<td>1085<\/td>\n<td>\u00c7ekya<\/td>\n<td>T\u00e1bor<\/td>\n<td><a href=\"https:\/\/www.cka.cz\/cs\/svet-architektury\/seznam-architektu\/ing-arch-stach-jan\">260 Jan Stach<\/a><\/td>\n<td>ING. ARCH. JAN STACH<\/td>\n<\/tr>\n<tr>\n<td>1086<\/td>\n<td>\u00c7ekya<\/td>\n<td>Hradec Kr\u00e1lov\u00e9<\/td>\n<td><a href=\"https:\/\/www.cka.cz\/cs\/svet-architektury\/seznam-architektu\/ing-arch-pur-alexander\">261 Alexander Pur<\/a><\/td>\n<td>ING. ARCH. ALEXANDER PUR<\/td>\n<\/tr>\n<tr>\n<td>1087<\/td>\n<td>\u00c7ekya<\/td>\n<td>Prag<\/td>\n<td><a href=\"https:\/\/www.cka.cz\/cs\/svet-architektury\/seznam-architektu\/ing-kubovy-miroslav\">262 Miroslav Kubov\u00fd<\/a><\/td>\n<td>ING. MIROSLAV KUBOV\u00dd<\/td>\n<\/tr>\n<tr>\n<td>1088<\/td>\n<td>\u00c7ekya<\/td>\n<td>Lednice na Morav\u011b<\/td>\n<td><a href=\"https:\/\/www.cka.cz\/cs\/svet-architektury\/seznam-architektu\/dr-ing-wilhelmova-dana\">263 Dana Wilhelmov\u00e1<\/a><\/td>\n<td>DR.ING. DANA WILHELMOV\u00c1<\/td>\n<\/tr>\n<tr>\n<td>1089<\/td>\n<td>\u00c7ekya<\/td>\n<td>\u010cesk\u00e9 Bud\u011bjovice<\/td>\n<td><a href=\"https:\/\/www.cka.cz\/cs\/svet-architektury\/seznam-architektu\/ing-arch-timr-martin\">264 Martin Timr<\/a><\/td>\n<td>ING. ARCH. MARTIN TIMR<\/td>\n<\/tr>\n<tr>\n<td>1090<\/td>\n<td>\u00c7ekya<\/td>\n<td>\u010cesk\u00e9 Bud\u011bjovice<\/td>\n<td><a href=\"https:\/\/www.cka.cz\/cs\/svet-architektury\/seznam-architektu\/ing-arch-dvorak-antonin\">265 Anton\u00edn Dvo\u0159\u00e1k<\/a><\/td>\n<td>ING. ARCH. ANTON\u00cdN DVO\u0158\u00c1K<\/td>\n<\/tr>\n<tr>\n<td>1091<\/td>\n<td>\u00c7ekya<\/td>\n<td>Pardubice<\/td>\n<td><a href=\"https:\/\/www.cka.cz\/cs\/svet-architektury\/seznam-architektu\/ing-arch-kosar-milan\">266 Milan Ko\u0161a\u0159<\/a><\/td>\n<td>ING. ARCH. MILAN KO\u0160A\u0158<\/td>\n<\/tr>\n<tr>\n<td>1092<\/td>\n<td>\u00c7ekya<\/td>\n<td>Sezimovo \u00dast\u00ed<\/td>\n<td><a href=\"https:\/\/www.cka.cz\/cs\/svet-architektury\/seznam-architektu\/ing-arch-storch-bohuslav\">267 Bohuslav \u0160torch<\/a><\/td>\n<td>ING. ARCH. BOHUSLAV \u0160TORCH<\/td>\n<\/tr>\n<tr>\n<td>1093<\/td>\n<td>\u00c7ekya<\/td>\n<td>Prag<\/td>\n<td><a href=\"https:\/\/www.cka.cz\/cs\/svet-architektury\/seznam-architektu\/ing-arch-haase-milos\">268 Milo\u0161 Haase<\/a><\/td>\n<td>ING. ARCH. MILO\u0160 HAASE<\/td>\n<\/tr>\n<tr>\n<td>1094<\/td>\n<td>\u00c7ekya<\/td>\n<td>Prag<\/td>\n<td><a href=\"https:\/\/www.cka.cz\/cs\/svet-architektury\/seznam-architektu\/doc-ing-akad-arch-psenicka-frantisek-csc\">269 Franti\u0161ek P\u0161eni\u010dka<\/a><\/td>\n<td>DOC. AKAD. ARCH. ING. FRANTI\u0160EK P\u0160ENI\u010cKA CSC.<\/td>\n<\/tr>\n<tr>\n<td>1095<\/td>\n<td>\u00c7ekya<\/td>\n<td>Kozlovice<\/td>\n<td><a href=\"https:\/\/www.cka.cz\/cs\/svet-architektury\/seznam-architektu\/ing-arch-cvicek-vaclav\">270 V\u00e1clav Cvi\u010dek<\/a><\/td>\n<td>ING. ARCH. V\u00c1CLAV CVI\u010cEK<\/td>\n<\/tr>\n<tr>\n<td>1096<\/td>\n<td>\u00c7ekya<\/td>\n<td>Prag<\/td>\n<td><a href=\"https:\/\/www.cka.cz\/cs\/svet-architektury\/seznam-architektu\/akad-arch-matyas-josef\">271 Josef Maty\u00e1\u0161<\/a><\/td>\n<td>AKAD. ARCH. JOSEF MATY\u00c1\u0160<\/td>\n<\/tr>\n<tr>\n<td>1097<\/td>\n<td>\u00c7ekya<\/td>\n<td>Plze\u0148<\/td>\n<td><a href=\"https:\/\/www.cka.cz\/cs\/svet-architektury\/seznam-architektu\/ing-arch-ulc-vaclav\">272 V\u00e1clav Ul\u010d<\/a><\/td>\n<td>ING. ARCH. V\u00c1CLAV UL\u010c<\/td>\n<\/tr>\n<tr>\n<td>1098<\/td>\n<td>\u00c7ekya<\/td>\n<td>Prag<\/td>\n<td><a href=\"https:\/\/www.cka.cz\/cs\/svet-architektury\/seznam-architektu\/ing-arch-doutlik-lubos\">273 Lubo\u0161 Doutl\u00edk<\/a><\/td>\n<td>ING. ARCH. LUBO\u0160 DOUTL\u00cdK<\/td>\n<\/tr>\n<tr>\n<td>1099<\/td>\n<td>\u00c7ekya<\/td>\n<td>Jesenice u Prahy<\/td>\n<td><a href=\"https:\/\/www.cka.cz\/cs\/svet-architektury\/seznam-architektu\/ing-arch-buchar-jan\">274 Jan Buchar<\/a><\/td>\n<td>ING. ARCH. JAN BUCHAR<\/td>\n<\/tr>\n<tr>\n<td>1100<\/td>\n<td>\u00c7ekya<\/td>\n<td>Prag<\/td>\n<td><a href=\"https:\/\/www.cka.cz\/cs\/svet-architektury\/seznam-architektu\/akad-arch-veselu-jiri\">275 Ji\u0159\u00ed Vesel\u00fd<\/a><\/td>\n<td>AKAD. ARCH. JI\u0158\u00cd VESEL\u00dd<\/td>\n<\/tr>\n<tr>\n<td>1101<\/td>\n<td>\u00c7ekya<\/td>\n<td>Prag<\/td>\n<td><a href=\"https:\/\/www.cka.cz\/cs\/svet-architektury\/seznam-architektu\/ing-akad-arch-suchy-miroslav\">276 Miroslav Such\u00fd<\/a><\/td>\n<td>ING. AKAD. ARCH. MIROSLAV SUCH\u00dd<\/td>\n<\/tr>\n<tr>\n<td>1102<\/td>\n<td>\u00c7ekya<\/td>\n<td>Prag<\/td>\n<td><a href=\"https:\/\/www.cka.cz\/cs\/svet-architektury\/seznam-architektu\/ing-arch-drexler-petr\">277 Petr Drexler<\/a><\/td>\n<td>ING. ARCH. PETR DREXLER<\/td>\n<\/tr>\n<tr>\n<td>1103<\/td>\n<td>\u00c7ekya<\/td>\n<td>Vele\u0161\u00edn<\/td>\n<td><a href=\"https:\/\/www.cka.cz\/cs\/svet-architektury\/seznam-architektu\/ing-arch-marik-vaclav\">278 V\u00e1clav Ma\u0159\u00edk<\/a><\/td>\n<td>ING. ARCH. V\u00c1CLAV MA\u0158\u00cdK<\/td>\n<\/tr>\n<tr>\n<td>1104<\/td>\n<td>\u00c7ekya<\/td>\n<td>Prag<\/td>\n<td><a href=\"https:\/\/www.cka.cz\/cs\/svet-architektury\/seznam-architektu\/ing-arch-svec-stanislav\">279 Stanislav \u0160vec<\/a><\/td>\n<td>ING. ARCH. STANISLAV \u0160VEC<\/td>\n<\/tr>\n<tr>\n<td>1105<\/td>\n<td>\u00c7ekya<\/td>\n<td>\u010cesk\u00e9 Bud\u011bjovice<\/td>\n<td><a href=\"https:\/\/www.cka.cz\/cs\/svet-architektury\/seznam-architektu\/ing-arch-danek-jaroslav\">280 Jaroslav Dan\u011bk<\/a><\/td>\n<td>ING. ARCH. JAROSLAV DAN\u011aK<\/td>\n<\/tr>\n<tr>\n<td>1106<\/td>\n<td>\u00c7ekya<\/td>\n<td>Opava<\/td>\n<td><a href=\"https:\/\/www.cka.cz\/cs\/svet-architektury\/seznam-architektu\/ing-arch-bendik-zdenek\">281 Zden\u011bk Bend\u00edk<\/a><\/td>\n<td>ING. ARCH. ZDEN\u011aK BEND\u00cdK<\/td>\n<\/tr>\n<tr>\n<td>1107<\/td>\n<td>\u00c7ekya<\/td>\n<td>Brno<\/td>\n<td><a href=\"https:\/\/www.cka.cz\/cs\/svet-architektury\/seznam-architektu\/ing-arch-vagner-silvestr\">282 Silvestr V\u00e1gner<\/a><\/td>\n<td>PROF. ING. ARCH. SILVESTR V\u00c1GNER CSC.<\/td>\n<\/tr>\n<tr>\n<td>1108<\/td>\n<td>\u00c7ekya<\/td>\n<td>Brno<\/td>\n<td><a href=\"https:\/\/www.cka.cz\/cs\/svet-architektury\/seznam-architektu\/ing-arch-dolezel-karel\">283 Karel Dole\u017eel<\/a><\/td>\n<td>ING. ARCH. KAREL DOLE\u017dEL<\/td>\n<\/tr>\n<tr>\n<td>1109<\/td>\n<td>\u00c7ekya<\/td>\n<td>Brno<\/td>\n<td><a href=\"https:\/\/www.cka.cz\/cs\/svet-architektury\/seznam-architektu\/ing-arch-miksik-martin\">284 Martin Mik\u0161\u00edk<\/a><\/td>\n<td>ING. ARCH. MARTIN MIK\u0160\u00cdK<\/td>\n<\/tr>\n<tr>\n<td>1110<\/td>\n<td>\u00c7ekya<\/td>\n<td>Lelekovice<\/td>\n<td><a href=\"https:\/\/www.cka.cz\/cs\/svet-architektury\/seznam-architektu\/ing-arch-krivinka-gustav\">285 Gustav K\u0159ivinka<\/a><\/td>\n<td>ING. ARCH. GUSTAV K\u0158IVINKA<\/td>\n<\/tr>\n<tr>\n<td>1111<\/td>\n<td>\u00c7ekya<\/td>\n<td>Brno<\/td>\n<td><a href=\"https:\/\/www.cka.cz\/cs\/svet-architektury\/seznam-architektu\/ing-arch-sugl-jan\">286 Jan \u0160ugl<\/a><\/td>\n<td>ING. ARCH. JAN \u0160UGL<\/td>\n<\/tr>\n<tr>\n<td>1112<\/td>\n<td>\u00c7ekya<\/td>\n<td>Brno<\/td>\n<td><a href=\"https:\/\/www.cka.cz\/cs\/svet-architektury\/seznam-architektu\/ing-arch-silhava-vlasta\">287 Vlasta \u0160ilhav\u00e1<\/a><\/td>\n<td>ING. ARCH. VLASTA \u0160ILHAV\u00c1<\/td>\n<\/tr>\n<tr>\n<td>1113<\/td>\n<td>\u00c7ekya<\/td>\n<td>Ostrava<\/td>\n<td><a href=\"https:\/\/www.cka.cz\/cs\/svet-architektury\/seznam-architektu\/ing-arch-sonovsky-tomas\">288 Tom\u00e1\u0161 \u0160onovsk\u00fd<\/a><\/td>\n<td>ING. ARCH. TOM\u00c1\u0160 \u0160ONOVSK\u00dd<\/td>\n<\/tr>\n<tr>\n<td>1114<\/td>\n<td>\u00c7ekya<\/td>\n<td>Opava<\/td>\n<td><a href=\"https:\/\/www.cka.cz\/cs\/svet-architektury\/seznam-architektu\/ing-arch-horak-jiri\">289 Ji\u0159\u00ed Hor\u00e1k<\/a><\/td>\n<td>ING. ARCH. JI\u0158\u00cd HOR\u00c1K<\/td>\n<\/tr>\n<tr>\n<td>1115<\/td>\n<td>\u00c7ekya<\/td>\n<td>Brno<\/td>\n<td><a href=\"https:\/\/www.cka.cz\/cs\/svet-architektury\/seznam-architektu\/ing-arch-rudis-martin\">290 Martin Rudi\u0161<\/a><\/td>\n<td>ING. ARCH. MARTIN RUDI\u0160<\/td>\n<\/tr>\n<tr>\n<td>1116<\/td>\n<td>\u00c7ekya<\/td>\n<td>Brno<\/td>\n<td><a href=\"https:\/\/www.cka.cz\/cs\/svet-architektury\/seznam-architektu\/ing-arch-havlik-vaclav-m\">291 V\u00e1clav Martin Havl\u00edk<\/a><\/td>\n<td>ING. ARCH. V\u00c1CLAV MARTIN HAVL\u00cdK<\/td>\n<\/tr>\n<tr>\n<td>1117<\/td>\n<td>\u00c7ekya<\/td>\n<td>Olomouc<\/td>\n<td><a href=\"https:\/\/www.cka.cz\/cs\/svet-architektury\/seznam-architektu\/ing-arch-kucirek-ivo\">292 Ivo Ku\u010d\u00edrek<\/a><\/td>\n<td>ING. ARCH. IVO KU\u010c\u00cdREK<\/td>\n<\/tr>\n<tr>\n<td>1118<\/td>\n<td>\u00c7ekya<\/td>\n<td>Brno<\/td>\n<td><a href=\"https:\/\/www.cka.cz\/cs\/svet-architektury\/seznam-architektu\/ing-arch-vaculikova-marta\">293 Marta Vacul\u00edkov\u00e1<\/a><\/td>\n<td>ING. ARCH. MARTA VACUL\u00cdKOV\u00c1<\/td>\n<\/tr>\n<tr>\n<td>1119<\/td>\n<td>\u00c7ekya<\/td>\n<td>Brno<\/td>\n<td><a href=\"https:\/\/www.cka.cz\/cs\/svet-architektury\/seznam-architektu\/doc-ing-arch-wahla-ivan\">294 Ivan Wahla<\/a><\/td>\n<td>DOC. ING. ARCH. IVAN WAHLA<\/td>\n<\/tr>\n<tr>\n<td>1120<\/td>\n<td>\u00c7ekya<\/td>\n<td>Brno<\/td>\n<td><a href=\"https:\/\/www.cka.cz\/cs\/svet-architektury\/seznam-architektu\/ing-arch-kartous-josef\">295 Josef Kartous<\/a><\/td>\n<td>ING. ARCH. JOSEF KARTOUS<\/td>\n<\/tr>\n<tr>\n<td>1121<\/td>\n<td>\u00c7ekya<\/td>\n<td>Olomouc<\/td>\n<td><a href=\"https:\/\/www.cka.cz\/cs\/svet-architektury\/seznam-architektu\/ing-arch-janda-josef\">296 Josef Janda<\/a><\/td>\n<td>ING. ARCH. JOSEF JANDA<\/td>\n<\/tr>\n<tr>\n<td>1122<\/td>\n<td>\u00c7ekya<\/td>\n<td>Brno<\/td>\n<td><a href=\"https:\/\/www.cka.cz\/cs\/svet-architektury\/seznam-architektu\/ing-arch-hros-ivan\">297 Ivan Hro\u0161<\/a><\/td>\n<td>ING. ARCH. IVAN HRO\u0160<\/td>\n<\/tr>\n<tr>\n<td>1123<\/td>\n<td>\u00c7ekya<\/td>\n<td>Ostrava<\/td>\n<td><a href=\"https:\/\/www.cka.cz\/cs\/svet-architektury\/seznam-architektu\/ing-arch-zemanova-magdalena\">298 Magdal\u00e9na Zemanov\u00e1<\/a><\/td>\n<td>ING. ARCH. MAGDAL\u00c9NA ZEMANOV\u00c1<\/td>\n<\/tr>\n<tr>\n<td>1124<\/td>\n<td>\u00c7ekya<\/td>\n<td>Brno<\/td>\n<td><a href=\"https:\/\/www.cka.cz\/cs\/svet-architektury\/seznam-architektu\/ing-arch-kucera-premysl\">299 P\u0159emysl Ku\u010dera<\/a><\/td>\n<td>ING. ARCH. P\u0158EMYSL KU\u010cERA<\/td>\n<\/tr>\n<tr>\n<td>1125<\/td>\n<td>\u00c7ekya<\/td>\n<td>Brno<\/td>\n<td><a href=\"https:\/\/www.cka.cz\/cs\/svet-architektury\/seznam-architektu\/ing-arch-plachy-bretislav\">300 B\u0159etislav Plach\u00fd<\/a><\/td>\n<td>ING. ARCH. B\u0158ETISLAV PLACH\u00dd<\/td>\n<\/tr>\n<tr>\n<td>1126<\/td>\n<td>\u00c7ekya<\/td>\n<td>Brno<\/td>\n<td><a href=\"https:\/\/www.cka.cz\/cs\/svet-architektury\/seznam-architektu\/ing-arch-coufal-ilja\">301 Ilja Coufal<\/a><\/td>\n<td>ING. ARCH. ILJA COUFAL<\/td>\n<\/tr>\n<tr>\n<td>1127<\/td>\n<td>\u00c7ekya<\/td>\n<td>Brno<\/td>\n<td><a href=\"https:\/\/www.cka.cz\/cs\/svet-architektury\/seznam-architektu\/ing-arch-vlcek-libor\">302 Libor Vl\u010dek<\/a><\/td>\n<td>ING. ARCH. LIBOR VL\u010cEK<\/td>\n<\/tr>\n<tr>\n<td>1128<\/td>\n<td>\u00c7ekya<\/td>\n<td>Ok\u0159\u00ed\u0161ky<\/td>\n<td><a href=\"https:\/\/www.cka.cz\/cs\/svet-architektury\/seznam-architektu\/ing-arch-hasek-jiri\">303 Ji\u0159\u00ed Ha\u0161ek<\/a><\/td>\n<td>ING. ARCH. JI\u0158\u00cd HA\u0160EK<\/td>\n<\/tr>\n<tr>\n<td>1129<\/td>\n<td>\u00c7ekya<\/td>\n<td>Brno<\/td>\n<td><a href=\"https:\/\/www.cka.cz\/cs\/svet-architektury\/seznam-architektu\/ing-akad-arch-velek-jan\">304 Jan Velek<\/a><\/td>\n<td>ING. AKAD. ARCH. JAN VELEK<\/td>\n<\/tr>\n<tr>\n<td>1130<\/td>\n<td>\u00c7ekya<\/td>\n<td>Zl\u00edn<\/td>\n<td><a href=\"https:\/\/www.cka.cz\/cs\/svet-architektury\/seznam-architektu\/ing-arch-chladek-zdenek\">305 Zden\u011bk Chl\u00e1dek<\/a><\/td>\n<td>ING. ARCH. ZDEN\u011aK CHL\u00c1DEK<\/td>\n<\/tr>\n<tr>\n<td>1131<\/td>\n<td>\u00c7ekya<\/td>\n<td>Brno<\/td>\n<td><a href=\"https:\/\/www.cka.cz\/cs\/svet-architektury\/seznam-architektu\/doc-ing-arch-rusin-tomas\">306 Tom\u00e1\u0161 Rus\u00edn<\/a><\/td>\n<td>DOC. ING. ARCH. TOM\u00c1\u0160 RUS\u00cdN<\/td>\n<\/tr>\n<tr>\n<td>1132<\/td>\n<td>\u00c7ekya<\/td>\n<td>Brno<\/td>\n<td><a href=\"https:\/\/www.cka.cz\/cs\/svet-architektury\/seznam-architektu\/ing-arch-vacha-jiri-1\">307 Ji\u0159\u00ed V\u00e1cha<\/a><\/td>\n<td>ING. ARCH. JI\u0158\u00cd V\u00c1CHA<\/td>\n<\/tr>\n<tr>\n<td>1133<\/td>\n<td>\u00c7ekya<\/td>\n<td>Brno<\/td>\n<td><a href=\"https:\/\/www.cka.cz\/cs\/svet-architektury\/seznam-architektu\/ing-arch-rihak-zdenek\">308 Zden\u011bk \u0158ih\u00e1k<\/a><\/td>\n<td>ING. ARCH. ZDEN\u011aK \u0158IH\u00c1K<\/td>\n<\/tr>\n<tr>\n<td>1134<\/td>\n<td>\u00c7ekya<\/td>\n<td>B\u0159ezina<\/td>\n<td><a href=\"https:\/\/www.cka.cz\/cs\/svet-architektury\/seznam-architektu\/ing-arch-kramolisova-ludmila\">309 Ludmila Kramoli\u0161ov\u00e1<\/a><\/td>\n<td>ING. ARCH. LUDMILA KRAMOLI\u0160OV\u00c1<\/td>\n<\/tr>\n<tr>\n<td>1135<\/td>\n<td>\u00c7ekya<\/td>\n<td>Brno<\/td>\n<td><a href=\"https:\/\/www.cka.cz\/cs\/svet-architektury\/seznam-architektu\/rndr-stransku-karel\">310 Karel Str\u00e1nsk\u00fd<\/a><\/td>\n<td>RNDR. KAREL STR\u00c1NSK\u00dd<\/td>\n<\/tr>\n<tr>\n<td>1136<\/td>\n<td>\u00c7ekya<\/td>\n<td>Brno<\/td>\n<td><a href=\"https:\/\/www.cka.cz\/cs\/svet-architektury\/seznam-architektu\/ing-arch-fixel-jiri\">311 Ji\u0159\u00ed Fixel<\/a><\/td>\n<td>ING. ARCH. JI\u0158\u00cd FIXEL<\/td>\n<\/tr>\n<tr>\n<td>1137<\/td>\n<td>\u00c7ekya<\/td>\n<td>Brno<\/td>\n<td><a href=\"https:\/\/www.cka.cz\/cs\/svet-architektury\/seznam-architektu\/ing-arch-matonoha-michal\">312 Michal Matonoha<\/a><\/td>\n<td>ING. ARCH. MICHAL MATONOHA<\/td>\n<\/tr>\n<tr>\n<td>1138<\/td>\n<td>\u00c7ekya<\/td>\n<td>Lipov<\/td>\n<td><a href=\"https:\/\/www.cka.cz\/cs\/svet-architektury\/seznam-architektu\/ing-arch-machalek-frantisek\">313 Franti\u0161ek Mach\u00e1lek<\/a><\/td>\n<td>ING. ARCH. FRANTI\u0160EK MACH\u00c1LEK<\/td>\n<\/tr>\n<tr>\n<td>1139<\/td>\n<td>\u00c7ekya<\/td>\n<td>Veli\u010dkou<\/td>\n<td><a href=\"https:\/\/www.cka.cz\/cs\/svet-architektury\/seznam-architektu\/ing-arch-vajcner-petr\">314 Petr Vaj\u010dner<\/a><\/td>\n<td>ING. ARCH. PETR VAJ\u010cNER<\/td>\n<\/tr>\n<tr>\n<td>1140<\/td>\n<td>\u00c7ekya<\/td>\n<td>Prag<\/td>\n<td><a href=\"https:\/\/www.cka.cz\/cs\/svet-architektury\/seznam-architektu\/ing-arch-dudek-oldrich-csc\">315 Old\u0159ich Dudek<\/a><\/td>\n<td>ING. ARCH. OLD\u0158ICH DUDEK CSC.<\/td>\n<\/tr>\n<tr>\n<td>1141<\/td>\n<td>\u00c7ekya<\/td>\n<td>Prag<\/td>\n<td><a href=\"https:\/\/www.cka.cz\/cs\/svet-architektury\/seznam-architektu\/ing-arch-stradal-borek\">316 Borek Str\u00e1dal<\/a><\/td>\n<td>ING. ARCH. BOREK STR\u00c1DAL<\/td>\n<\/tr>\n<tr>\n<td>1142<\/td>\n<td>\u00c7ekya<\/td>\n<td>Prag<\/td>\n<td><a href=\"https:\/\/www.cka.cz\/cs\/svet-architektury\/seznam-architektu\/ing-arch-krivohlavkova-zuzana\">317 Zuzana K\u0159ivohl\u00e1vkov\u00e1<\/a><\/td>\n<td>ING. ARCH. ZUZANA K\u0158IVOHL\u00c1VKOV\u00c1<\/td>\n<\/tr>\n<tr>\n<td>1143<\/td>\n<td>\u00c7ekya<\/td>\n<td>Prag<\/td>\n<td><a href=\"https:\/\/www.cka.cz\/cs\/svet-architektury\/seznam-architektu\/ing-arch-jarnik-josef\">318 Josef Jarn\u00edk<\/a><\/td>\n<td>ING. ARCH. JOSEF JARN\u00cdK<\/td>\n<\/tr>\n<tr>\n<td>1144<\/td>\n<td>\u00c7ekya<\/td>\n<td>Prag<\/td>\n<td><a href=\"https:\/\/www.cka.cz\/cs\/svet-architektury\/seznam-architektu\/ing-akad-arch-lalak-ivan\">319 Ivan Lal\u00e1k<\/a><\/td>\n<td>ING. AKAD. ARCH. IVAN LAL\u00c1K<\/td>\n<\/tr>\n<tr>\n<td>1145<\/td>\n<td>\u00c7ekya<\/td>\n<td>Prag<\/td>\n<td><a href=\"https:\/\/www.cka.cz\/cs\/svet-architektury\/seznam-architektu\/ing-arch-labonek-petr-csc\">320 Petr Labonek<\/a><\/td>\n<td>ING. ARCH. PETR LABONEK CSC.<\/td>\n<\/tr>\n<tr>\n<td>1146<\/td>\n<td>\u00c7ekya<\/td>\n<td>Mlad\u00e1 Boleslav<\/td>\n<td><a href=\"https:\/\/www.cka.cz\/cs\/svet-architektury\/seznam-architektu\/ing-arch-kukral-ondrej\">321 Ond\u0159ej Kukral<\/a><\/td>\n<td>ING. ARCH. OND\u0158EJ KUKRAL<\/td>\n<\/tr>\n<tr>\n<td>1147<\/td>\n<td>\u00c7ekya<\/td>\n<td>Prag<\/td>\n<td><a href=\"https:\/\/www.cka.cz\/cs\/svet-architektury\/seznam-architektu\/ing-arch-steiner-jaroslav\">322 Jaroslav Steiner<\/a><\/td>\n<td>ING. ARCH. JAROSLAV STEINER<\/td>\n<\/tr>\n<tr>\n<td>1148<\/td>\n<td>\u00c7ekya<\/td>\n<td>Chrudim<\/td>\n<td><a href=\"https:\/\/www.cka.cz\/cs\/svet-architektury\/seznam-architektu\/ing-arch-kohler-ivan\">323 Ivan Kohler<\/a><\/td>\n<td>ING. ARCH. IVAN KOHLER<\/td>\n<\/tr>\n<tr>\n<td>1149<\/td>\n<td>\u00c7ekya<\/td>\n<td>Prag<\/td>\n<td><a href=\"https:\/\/www.cka.cz\/cs\/svet-architektury\/seznam-architektu\/ing-arch-parma-milos-grigorij\">324 Milo\u0161 Grigorij Parma<\/a><\/td>\n<td>ING. ARCH. MILO\u0160 GRIGORIJ PARMA<\/td>\n<\/tr>\n<tr>\n<td>1150<\/td>\n<td>\u00c7ekya<\/td>\n<td>Prag<\/td>\n<td><a href=\"https:\/\/www.cka.cz\/cs\/svet-architektury\/seznam-architektu\/doc-ing-arch-tichu-ladislav-csc\">325 Ladislav Tich\u00fd<\/a><\/td>\n<td>DOC. ING. ARCH. LADISLAV TICH\u00dd CSC.<\/td>\n<\/tr>\n<tr>\n<td>1151<\/td>\n<td>\u00c7ekya<\/td>\n<td>Prag<\/td>\n<td><a href=\"https:\/\/www.cka.cz\/cs\/svet-architektury\/seznam-architektu\/doc-ing-arch-dvorak-vaclav-csc\">326 V\u00e1clav Dvo\u0159\u00e1k<\/a><\/td>\n<td>DOC. ING. ARCH. V\u00c1CLAV DVO\u0158\u00c1K CSC.<\/td>\n<\/tr>\n<tr>\n<td>1152<\/td>\n<td>\u00c7ekya<\/td>\n<td>Prag<\/td>\n<td><a href=\"https:\/\/www.cka.cz\/cs\/svet-architektury\/seznam-architektu\/ing-arch-kabelik-zbynek\">327 Zbyn\u011bk Kabel\u00edk<\/a><\/td>\n<td>ING. ARCH. ZBYN\u011aK KABEL\u00cdK<\/td>\n<\/tr>\n<tr>\n<td>1153<\/td>\n<td>\u00c7ekya<\/td>\n<td>Litom\u011b\u0159ice<\/td>\n<td><a href=\"https:\/\/www.cka.cz\/cs\/svet-architektury\/seznam-architektu\/ing-arch-antosova-jarmila\">328 Jarmila Anto\u0161ov\u00e1<\/a><\/td>\n<td>ING. ARCH. JARMILA ANTO\u0160OV\u00c1<\/td>\n<\/tr>\n<tr>\n<td>1154<\/td>\n<td>\u00c7ekya<\/td>\n<td>Prag<\/td>\n<td><a href=\"https:\/\/www.cka.cz\/cs\/svet-architektury\/seznam-architektu\/ing-arch-fehrer-viktor\">329 Viktor Fehrer<\/a><\/td>\n<td>ING. ARCH. VIKTOR FEHRER<\/td>\n<\/tr>\n<tr>\n<td>1155<\/td>\n<td>\u00c7ekya<\/td>\n<td>Prag<\/td>\n<td><a href=\"https:\/\/www.cka.cz\/cs\/svet-architektury\/seznam-architektu\/ing-arch-pesek-dalibor\">330 Dalibor Pe\u0161ek<\/a><\/td>\n<td>ING. ARCH. DALIBOR PE\u0160EK<\/td>\n<\/tr>\n<tr>\n<td>1156<\/td>\n<td>\u00c7ekya<\/td>\n<td>Prag<\/td>\n<td><a href=\"https:\/\/www.cka.cz\/cs\/svet-architektury\/seznam-architektu\/ing-arch-pec-frantisek\">331 Franti\u0161ek P\u00e9\u010d<\/a><\/td>\n<td>ING. ARCH. FRANTI\u0160EK P\u00c9\u010c<\/td>\n<\/tr>\n<tr>\n<td>1157<\/td>\n<td>\u00c7ekya<\/td>\n<td>Prag<\/td>\n<td><a href=\"https:\/\/www.cka.cz\/cs\/svet-architektury\/seznam-architektu\/ing-arch-marek-jan\">332 Jan Marek<\/a><\/td>\n<td>ING. ARCH. JAN MAREK<\/td>\n<\/tr>\n<tr>\n<td>1158<\/td>\n<td>\u00c7ekya<\/td>\n<td>Prag<\/td>\n<td><a href=\"https:\/\/www.cka.cz\/cs\/svet-architektury\/seznam-architektu\/ing-arch-dusek-jiri\">333 Ji\u0159\u00ed Du\u0161ek<\/a><\/td>\n<td>ING. ARCH. JI\u0158\u00cd DU\u0160EK<\/td>\n<\/tr>\n<tr>\n<td>1159<\/td>\n<td>\u00c7ekya<\/td>\n<td>Prag<\/td>\n<td><a href=\"https:\/\/www.cka.cz\/cs\/svet-architektury\/seznam-architektu\/ing-arch-srom-ivan\">334 Ivan \u0160rom<\/a><\/td>\n<td>ING. ARCH. IVAN \u0160ROM<\/td>\n<\/tr>\n<tr>\n<td>1160<\/td>\n<td>\u00c7ekya<\/td>\n<td>Brno<\/td>\n<td><a href=\"https:\/\/www.cka.cz\/cs\/svet-architektury\/seznam-architektu\/ing-arch-drapalova-olga\">335 Olga Dr\u00e1palov\u00e1<\/a><\/td>\n<td>ING. ARCH. OLGA DR\u00c1PALOV\u00c1<\/td>\n<\/tr>\n<tr>\n<td>1161<\/td>\n<td>\u00c7ekya<\/td>\n<td>Prag<\/td>\n<td><a href=\"https:\/\/www.cka.cz\/cs\/svet-architektury\/seznam-architektu\/ing-arch-sarapatka-milan\">336 Milan \u0160arapatka<\/a><\/td>\n<td>ING. ARCH. MILAN \u0160ARAPATKA<\/td>\n<\/tr>\n<tr>\n<td>1162<\/td>\n<td>\u00c7ekya<\/td>\n<td>Labem<\/td>\n<td><a href=\"https:\/\/www.cka.cz\/cs\/svet-architektury\/seznam-architektu\/ing-arch-krejci-vaclav\">337 V\u00e1clav Krej\u010d\u00ed<\/a><\/td>\n<td>ING. ARCH. V\u00c1CLAV KREJ\u010c\u00cd<\/td>\n<\/tr>\n<tr>\n<td>1163<\/td>\n<td>\u00c7ekya<\/td>\n<td>Prag<\/td>\n<td><a href=\"https:\/\/www.cka.cz\/cs\/svet-architektury\/seznam-architektu\/ing-arch-todl-marek\">338 Marek Todl<\/a><\/td>\n<td>ING. ARCH. MAREK TODL<\/td>\n<\/tr>\n<tr>\n<td>1164<\/td>\n<td>\u00c7ekya<\/td>\n<td>Prag<\/td>\n<td><a href=\"https:\/\/www.cka.cz\/cs\/svet-architektury\/seznam-architektu\/ing-arch-storch-martin\">339 Martin Storch<\/a><\/td>\n<td>ING. ARCH. MARTIN STORCH<\/td>\n<\/tr>\n<tr>\n<td>1165<\/td>\n<td>\u00c7ekya<\/td>\n<td>Prag<\/td>\n<td><a href=\"https:\/\/www.cka.cz\/cs\/svet-architektury\/seznam-architektu\/ing-arch-hubschmannova-anna\">340 Anna Hubschmannov\u00e1<\/a><\/td>\n<td>ING. ARCH. ANNA HUBSCHMANNOV\u00c1<\/td>\n<\/tr>\n<tr>\n<td>1166<\/td>\n<td>\u00c7ekya<\/td>\n<td>Prag<\/td>\n<td><a href=\"https:\/\/www.cka.cz\/cs\/svet-architektury\/seznam-architektu\/ing-arch-flasar-michal-csc\">341 Michal Fla\u0161ar<\/a><\/td>\n<td>ING. ARCH. MICHAL FLA\u0160AR CSC.<\/td>\n<\/tr>\n<tr>\n<td>1167<\/td>\n<td>\u00c7ekya<\/td>\n<td>Prag<\/td>\n<td><a href=\"https:\/\/www.cka.cz\/cs\/svet-architektury\/seznam-architektu\/ing-arch-kovar-karel\">342 Karel Kov\u00e1\u0159<\/a><\/td>\n<td>ING. ARCH. KAREL KOV\u00c1\u0158<\/td>\n<\/tr>\n<tr>\n<td>1168<\/td>\n<td>\u00c7ekya<\/td>\n<td>Prag<\/td>\n<td><a href=\"https:\/\/www.cka.cz\/cs\/svet-architektury\/seznam-architektu\/ing-arch-korecek-tomas\">343 Tom\u00e1\u0161 Kore\u010dek<\/a><\/td>\n<td>ING. ARCH. TOM\u00c1\u0160 KORE\u010cEK<\/td>\n<\/tr>\n<tr>\n<td>1169<\/td>\n<td>\u00c7ekya<\/td>\n<td>Prag<\/td>\n<td><a href=\"https:\/\/www.cka.cz\/cs\/svet-architektury\/seznam-architektu\/ing-arch-urbanova-hana\">344 Hana Urbanov\u00e1<\/a><\/td>\n<td>ING. ARCH. HANA URBANOV\u00c1<\/td>\n<\/tr>\n<tr>\n<td>1170<\/td>\n<td>\u00c7ekya<\/td>\n<td>Prag<\/td>\n<td><a href=\"https:\/\/www.cka.cz\/cs\/svet-architektury\/seznam-architektu\/ing-arch-nemec-jiri\">345 Ji\u0159\u00ed N\u011bmec<\/a><\/td>\n<td>ING. ARCH. JI\u0158\u00cd N\u011aMEC<\/td>\n<\/tr>\n<tr>\n<td>1171<\/td>\n<td>\u00c7ekya<\/td>\n<td>Prag<\/td>\n<td><a href=\"https:\/\/www.cka.cz\/cs\/svet-architektury\/seznam-architektu\/ing-arch-blazek-bohumil\">346 Bohumil Bla\u017eek<\/a><\/td>\n<td>ING. ARCH. BOHUMIL BLA\u017dEK<\/td>\n<\/tr>\n<tr>\n<td>1172<\/td>\n<td>\u00c7ekya<\/td>\n<td>Louny<\/td>\n<td><a href=\"https:\/\/www.cka.cz\/cs\/svet-architektury\/seznam-architektu\/ing-arch-cermak-pavel\">347 Pavel \u010cerm\u00e1k<\/a><\/td>\n<td>ING. ARCH. PAVEL \u010cERM\u00c1K<\/td>\n<\/tr>\n<tr>\n<td>1173<\/td>\n<td>\u00c7ekya<\/td>\n<td>Prag<\/td>\n<td><a href=\"https:\/\/www.cka.cz\/cs\/svet-architektury\/seznam-architektu\/ing-arch-nevole-milan\">348 Milan Nevole<\/a><\/td>\n<td>ING. ARCH. MILAN NEVOLE<\/td>\n<\/tr>\n<tr>\n<td>1174<\/td>\n<td>\u00c7ekya<\/td>\n<td>Prag<\/td>\n<td><a href=\"https:\/\/www.cka.cz\/cs\/svet-architektury\/seznam-architektu\/ing-arch-reichova-jana\">349 Jana Reichov\u00e1<\/a><\/td>\n<td>ING. ARCH. JANA REICHOV\u00c1<\/td>\n<\/tr>\n<tr>\n<td>1175<\/td>\n<td>\u00c7ekya<\/td>\n<td>Prag<\/td>\n<td><a href=\"https:\/\/www.cka.cz\/cs\/svet-architektury\/seznam-architektu\/ing-arch-dvorak-ladislav\">350 Ladislav Dvo\u0159\u00e1k<\/a><\/td>\n<td>ING. ARCH. LADISLAV DVO\u0158\u00c1K<\/td>\n<\/tr>\n<tr>\n<td>1176<\/td>\n<td>\u00c7ekya<\/td>\n<td>Prag<\/td>\n<td><a href=\"https:\/\/www.cka.cz\/cs\/svet-architektury\/seznam-architektu\/ing-arch-hemer-jan\">351 Jan Hemer<\/a><\/td>\n<td>ING. ARCH. JAN HEMER<\/td>\n<\/tr>\n<tr>\n<td>1177<\/td>\n<td>\u00c7ekya<\/td>\n<td>Prag<\/td>\n<td><a href=\"https:\/\/www.cka.cz\/cs\/svet-architektury\/seznam-architektu\/ing-arch-malenovsku-oldrich\">352 Oldi\u0159ch Malenovsk\u00fd<\/a><\/td>\n<td>ING. ARCH. OLDI\u0158CH MALENOVSK\u00dd<\/td>\n<\/tr>\n<tr>\n<td>1178<\/td>\n<td>\u00c7ekya<\/td>\n<td>Prag<\/td>\n<td><a href=\"https:\/\/www.cka.cz\/cs\/svet-architektury\/seznam-architektu\/ing-arch-brezina-ivan\">353 Ivan B\u0159ezina<\/a><\/td>\n<td>ING. ARCH. IVAN B\u0158EZINA<\/td>\n<\/tr>\n<tr>\n<td>1179<\/td>\n<td>\u00c7ekya<\/td>\n<td>Prag<\/td>\n<td><a href=\"https:\/\/www.cka.cz\/cs\/svet-architektury\/seznam-architektu\/ing-arch-mulac-vlastimil\">354 Vlastimil Mula\u010d<\/a><\/td>\n<td>ING. ARCH. VLASTIMIL MULA\u010c<\/td>\n<\/tr>\n<tr>\n<td>1180<\/td>\n<td>\u00c7ekya<\/td>\n<td>Prag<\/td>\n<td><a href=\"https:\/\/www.cka.cz\/cs\/svet-architektury\/seznam-architektu\/ing-arch-lenicek-petr\">355 Petr Len\u00ed\u010dek<\/a><\/td>\n<td>ING. ARCH. PETR LEN\u00cd\u010cEK<\/td>\n<\/tr>\n<tr>\n<td>1181<\/td>\n<td>\u00c7ekya<\/td>\n<td>\u00davaly<\/td>\n<td><a href=\"https:\/\/www.cka.cz\/cs\/svet-architektury\/seznam-architektu\/ing-arch-kruntorad-jaroslav\">356 Jaroslav Kruntor\u00e1d<\/a><\/td>\n<td>ING. ARCH. JAROSLAV KRUNTOR\u00c1D<\/td>\n<\/tr>\n<tr>\n<td>1182<\/td>\n<td>\u00c7ekya<\/td>\n<td>\u0160estajovice<\/td>\n<td><a href=\"https:\/\/www.cka.cz\/cs\/svet-architektury\/seznam-architektu\/ing-arch-nikel-leopold\">357 Leopold Nikel<\/a><\/td>\n<td>ING. ARCH. LEOPOLD NIKEL<\/td>\n<\/tr>\n<tr>\n<td>1183<\/td>\n<td>\u00c7ekya<\/td>\n<td>\u0160estajovice<\/td>\n<td><a href=\"https:\/\/www.cka.cz\/cs\/svet-architektury\/seznam-architektu\/ing-arch-niklova-radmila\">358 Radmila Niklov\u00e1<\/a><\/td>\n<td>ING. ARCH. RADMILA NIKLOV\u00c1<\/td>\n<\/tr>\n<tr>\n<td>1184<\/td>\n<td>\u00c7ekya<\/td>\n<td>Prag<\/td>\n<td><a href=\"https:\/\/www.cka.cz\/cs\/svet-architektury\/seznam-architektu\/ing-arch-faturikova-lenka\">359 Lenka Fatur\u00edkov\u00e1<\/a><\/td>\n<td>ING. ARCH. LENKA FATUR\u00cdKOV\u00c1<\/td>\n<\/tr>\n<tr>\n<td>1185<\/td>\n<td>\u00c7ekya<\/td>\n<td>Brno<\/td>\n<td><a href=\"https:\/\/www.cka.cz\/cs\/svet-architektury\/seznam-architektu\/ing-arch-smejkal-vladimir\">360 Vladim\u00edr Smejkal<\/a><\/td>\n<td>ING. ARCH. VLADIM\u00cdR SMEJKAL<\/td>\n<\/tr>\n<tr>\n<td>1186<\/td>\n<td>\u00c7ekya<\/td>\n<td>Brno<\/td>\n<td><a href=\"https:\/\/www.cka.cz\/cs\/svet-architektury\/seznam-architektu\/ing-arch-braunerova-pavla\">361 Pavla Zaviska Brauner<\/a><\/td>\n<td>ING. ARCH. PAVLA ZAVISKA BRAUNER<\/td>\n<\/tr>\n<tr>\n<td>1187<\/td>\n<td>\u00c7ekya<\/td>\n<td>Prag<\/td>\n<td><a href=\"https:\/\/www.cka.cz\/cs\/svet-architektury\/seznam-architektu\/ing-arch-stribrnu-miloslav-jiri\">362 Miloslav Ji\u0159\u00ed St\u0159\u00edbrn\u00fd<\/a><\/td>\n<td>ING. ARCH. MILOSLAV JI\u0158\u00cd ST\u0158\u00cdBRN\u00dd<\/td>\n<\/tr>\n<tr>\n<td>1188<\/td>\n<td>\u00c7ekya<\/td>\n<td>Prag<\/td>\n<td><a href=\"https:\/\/www.cka.cz\/cs\/svet-architektury\/seznam-architektu\/ing-arch-nebesky-jaroslav\">363 Jaroslav Nebesk\u00fd<\/a><\/td>\n<td>ING. ARCH. JAROSLAV NEBESK\u00dd<\/td>\n<\/tr>\n<tr>\n<td>1189<\/td>\n<td>\u00c7ekya<\/td>\n<td>Prag<\/td>\n<td><a href=\"https:\/\/www.cka.cz\/cs\/svet-architektury\/seznam-architektu\/ing-arch-slavicek-jaroslav\">364 Jaroslav Slav\u00ed\u010dek<\/a><\/td>\n<td>ING. ARCH. JAROSLAV SLAV\u00cd\u010cEK<\/td>\n<\/tr>\n<tr>\n<td>1190<\/td>\n<td>\u00c7ekya<\/td>\n<td>Labem<\/td>\n<td><a href=\"https:\/\/www.cka.cz\/cs\/svet-architektury\/seznam-architektu\/ing-arch-prenosil-ludek\">365 Lud\u011bk P\u0159enosil<\/a><\/td>\n<td>ING. ARCH. LUD\u011aK P\u0158ENOSIL<\/td>\n<\/tr>\n<tr>\n<td>1191<\/td>\n<td>\u00c7ekya<\/td>\n<td>Labem<\/td>\n<td><a href=\"https:\/\/www.cka.cz\/cs\/svet-architektury\/seznam-architektu\/ing-arch-stelzig-vratislav\">366 Vratislav \u0160telzig<\/a><\/td>\n<td>ING. ARCH. VRATISLAV \u0160TELZIG<\/td>\n<\/tr>\n<tr>\n<td>1192<\/td>\n<td>\u00c7ekya<\/td>\n<td>Prag<\/td>\n<td><a href=\"https:\/\/www.cka.cz\/cs\/svet-architektury\/seznam-architektu\/ing-arch-franc-stanislav\">367 Stanislav Franc<\/a><\/td>\n<td>ING. ARCH. STANISLAV FRANC<\/td>\n<\/tr>\n<tr>\n<td>1193<\/td>\n<td>\u00c7ekya<\/td>\n<td>Prag<\/td>\n<td><a href=\"https:\/\/www.cka.cz\/cs\/svet-architektury\/seznam-architektu\/ing-arch-sima-pavel\">368 Pavel \u0160\u00edma<\/a><\/td>\n<td>ING. ARCH. PAVEL \u0160\u00cdMA<\/td>\n<\/tr>\n<tr>\n<td>1194<\/td>\n<td>\u00c7ekya<\/td>\n<td>Prag<\/td>\n<td><a href=\"https:\/\/www.cka.cz\/cs\/svet-architektury\/seznam-architektu\/ing-arch-nemec-jan\">369 Jan N\u011bmec<\/a><\/td>\n<td>ING. ARCH. JAN N\u011aMEC<\/td>\n<\/tr>\n<tr>\n<td>1195<\/td>\n<td>\u00c7ekya<\/td>\n<td>Prag<\/td>\n<td><a href=\"https:\/\/www.cka.cz\/cs\/svet-architektury\/seznam-architektu\/ing-arch-ibl-michal\">370 Michal Ibl<\/a><\/td>\n<td>ING. ARCH. MICHAL IBL<\/td>\n<\/tr>\n<tr>\n<td>1196<\/td>\n<td>\u00c7ekya<\/td>\n<td>Brno<\/td>\n<td><a href=\"https:\/\/www.cka.cz\/cs\/svet-architektury\/seznam-architektu\/doc-ing-arch-drapal-jaroslav-csc\">371 Jaroslav Dr\u00e1pal<\/a><\/td>\n<td>DOC. ING. ARCH. JAROSLAV DR\u00c1PAL CSC.<\/td>\n<\/tr>\n<tr>\n<td>1197<\/td>\n<td>\u00c7ekya<\/td>\n<td>Fr\u00fddek-M\u00edstek<\/td>\n<td><a href=\"https:\/\/www.cka.cz\/cs\/svet-architektury\/seznam-architektu\/ing-arch-rybka-tomas\">372 Tom\u00e1\u0161 Rybka<\/a><\/td>\n<td>ING. ARCH. TOM\u00c1\u0160 RYBKA<\/td>\n<\/tr>\n<tr>\n<td>1198<\/td>\n<td>\u00c7ekya<\/td>\n<td>Fr\u00fddek-M\u00edstek<\/td>\n<td><a href=\"https:\/\/www.cka.cz\/cs\/svet-architektury\/seznam-architektu\/ing-arch-kucera-ladislav\">373 Ladislav Ku\u010dera<\/a><\/td>\n<td>ING. ARCH. LADISLAV KU\u010cERA<\/td>\n<\/tr>\n<tr>\n<td>1199<\/td>\n<td>\u00c7ekya<\/td>\n<td>Brno<\/td>\n<td><a href=\"https:\/\/www.cka.cz\/cs\/svet-architektury\/seznam-architektu\/ing-arch-kadlec-juraj\">374 Juraj Kadlec<\/a><\/td>\n<td>ING. ARCH. JURAJ KADLEC<\/td>\n<\/tr>\n<tr>\n<td>1200<\/td>\n<td>\u00c7ekya<\/td>\n<td>Kyjov<\/td>\n<td><a href=\"https:\/\/www.cka.cz\/cs\/svet-architektury\/seznam-architektu\/ing-arch-vasicek-vladimir\">375 Vladim\u00edr Va\u0161\u00ed\u010dek<\/a><\/td>\n<td>ING. ARCH. VLADIM\u00cdR VA\u0160\u00cd\u010cEK<\/td>\n<\/tr>\n<tr>\n<td>1201<\/td>\n<td>\u00c7ekya<\/td>\n<td>Otrokovice<\/td>\n<td><a href=\"https:\/\/www.cka.cz\/cs\/svet-architektury\/seznam-architektu\/ing-arch-pavlacky-radko\">376 Radko Pavlack\u00fd<\/a><\/td>\n<td>ING. ARCH. RADKO PAVLACK\u00dd<\/td>\n<\/tr>\n<tr>\n<td>1202<\/td>\n<td>\u00c7ekya<\/td>\n<td>Hav\u00ed\u0159ov<\/td>\n<td><a href=\"https:\/\/www.cka.cz\/cs\/svet-architektury\/seznam-architektu\/ing-arch-hartl-milan\">377 Milan Hartl<\/a><\/td>\n<td>ING. ARCH. MILAN HARTL<\/td>\n<\/tr>\n<tr>\n<td>1203<\/td>\n<td>\u00c7ekya<\/td>\n<td>Ostrava<\/td>\n<td><a href=\"https:\/\/www.cka.cz\/cs\/svet-architektury\/seznam-architektu\/ing-arch-kobersky-jiri\">378 Ji\u0159\u00ed Kob\u011brsk\u00fd<\/a><\/td>\n<td>ING. ARCH. JI\u0158\u00cd KOB\u011aRSK\u00dd<\/td>\n<\/tr>\n<tr>\n<td>1204<\/td>\n<td>\u00c7ekya<\/td>\n<td>Ostrava<\/td>\n<td><a href=\"https:\/\/www.cka.cz\/cs\/svet-architektury\/seznam-architektu\/ing-arch-saktor-igor\">379 Igor Saktor<\/a><\/td>\n<td>ING. ARCH. IGOR SAKTOR<\/td>\n<\/tr>\n<tr>\n<td>1205<\/td>\n<td>\u00c7ekya<\/td>\n<td>Metylovice<\/td>\n<td><a href=\"https:\/\/www.cka.cz\/cs\/svet-architektury\/seznam-architektu\/ing-arch-bilek-ales\">380 Ale\u0161 B\u00edlek<\/a><\/td>\n<td>ING. ARCH. ALE\u0160 B\u00cdLEK<\/td>\n<\/tr>\n<tr>\n<td>1206<\/td>\n<td>\u00c7ekya<\/td>\n<td>Brno<\/td>\n<td><a href=\"https:\/\/www.cka.cz\/cs\/svet-architektury\/seznam-architektu\/ing-arch-rosendorf-ales\">381 Ale\u0161 Rosendorf<\/a><\/td>\n<td>ING. ARCH. ALE\u0160 ROSENDORF<\/td>\n<\/tr>\n<tr>\n<td>1207<\/td>\n<td>\u00c7ekya<\/td>\n<td>Horn\u00ed Such\u00e1<\/td>\n<td><a href=\"https:\/\/www.cka.cz\/cs\/svet-architektury\/seznam-architektu\/ing-arch-adamcik-miroslav\">382 Miroslav Adam\u010d\u00edk<\/a><\/td>\n<td>ING. ARCH. MIROSLAV ADAM\u010c\u00cdK<\/td>\n<\/tr>\n<tr>\n<td>1208<\/td>\n<td>\u00c7ekya<\/td>\n<td>Ostrava<\/td>\n<td><a href=\"https:\/\/www.cka.cz\/cs\/svet-architektury\/seznam-architektu\/ing-arch-svoboda-stanislav\">383 Stanislav Svoboda<\/a><\/td>\n<td>ING. ARCH. STANISLAV SVOBODA<\/td>\n<\/tr>\n<tr>\n<td>1209<\/td>\n<td>\u00c7ekya<\/td>\n<td>Brno<\/td>\n<td><a href=\"https:\/\/www.cka.cz\/cs\/svet-architektury\/seznam-architektu\/ing-arch-psikal-vladimir\">384 Vladim\u00edr P\u0161ikal<\/a><\/td>\n<td>ING. ARCH. VLADIM\u00cdR P\u0160IKAL<\/td>\n<\/tr>\n<tr>\n<td>1210<\/td>\n<td>\u00c7ekya<\/td>\n<td>Brno<\/td>\n<td><a href=\"https:\/\/www.cka.cz\/cs\/svet-architektury\/seznam-architektu\/ing-arch-melichar-jan\">385 Jan Melichar<\/a><\/td>\n<td>ING. ARCH. JAN MELICHAR<\/td>\n<\/tr>\n<tr>\n<td>1211<\/td>\n<td>\u00c7ekya<\/td>\n<td>Brno<\/td>\n<td><a href=\"https:\/\/www.cka.cz\/cs\/svet-architektury\/seznam-architektu\/ing-arch-horakova-mariana\">386 Mariana Hor\u00e1kov\u00e1<\/a><\/td>\n<td>ING. ARCH. MARIANA HOR\u00c1KOV\u00c1<\/td>\n<\/tr>\n<tr>\n<td>1212<\/td>\n<td>\u00c7ekya<\/td>\n<td>Ostrava<\/td>\n<td><a href=\"https:\/\/www.cka.cz\/cs\/svet-architektury\/seznam-architektu\/ing-arch-fiser-jaromir\">387 Jarom\u00edr Fi\u0161er<\/a><\/td>\n<td>ING. ARCH. JAROM\u00cdR FI\u0160ER<\/td>\n<\/tr>\n<tr>\n<td>1213<\/td>\n<td>\u00c7ekya<\/td>\n<td>Brno<\/td>\n<td><a href=\"https:\/\/www.cka.cz\/cs\/svet-architektury\/seznam-architektu\/ing-arch-davidek-petr\">388 Petr Dav\u00eddek<\/a><\/td>\n<td>ING. ARCH. PETR DAV\u00cdDEK<\/td>\n<\/tr>\n<tr>\n<td>1214<\/td>\n<td>\u00c7ekya<\/td>\n<td>Velk\u00e9 B\u00edlovice<\/td>\n<td><a href=\"https:\/\/www.cka.cz\/cs\/svet-architektury\/seznam-architektu\/ing-arch-sindelarova-jarmila\">389 Jarmila \u0160indel\u00e1\u0159ov\u00e1<\/a><\/td>\n<td>ING. ARCH. JARMILA \u0160INDEL\u00c1\u0158OV\u00c1<\/td>\n<\/tr>\n<tr>\n<td>1215<\/td>\n<td>\u00c7ekya<\/td>\n<td>Brann\u00e1<\/td>\n<td><a href=\"https:\/\/www.cka.cz\/cs\/svet-architektury\/seznam-architektu\/ing-arch-mutnansky-lubos\">390 Lubo\u0161 Mut\u0148ansk\u00fd<\/a><\/td>\n<td>ING. ARCH. LUBO\u0160 MUT\u0147ANSK\u00dd<\/td>\n<\/tr>\n<tr>\n<td>1216<\/td>\n<td>\u00c7ekya<\/td>\n<td>Ostrava<\/td>\n<td><a href=\"https:\/\/www.cka.cz\/cs\/svet-architektury\/seznam-architektu\/ing-arch-sedlecku-pavel\">391 Pavel Sedleck\u00fd<\/a><\/td>\n<td>ING. ARCH. PAVEL SEDLECK\u00dd<\/td>\n<\/tr>\n<tr>\n<td>1217<\/td>\n<td>\u00c7ekya<\/td>\n<td>Ostrava<\/td>\n<td><a href=\"https:\/\/www.cka.cz\/cs\/svet-architektury\/seznam-architektu\/ing-arch-zeman-karel\">392 Karel Zeman<\/a><\/td>\n<td>ING. ARCH. KAREL ZEMAN<\/td>\n<\/tr>\n<tr>\n<td>1218<\/td>\n<td>\u00c7ekya<\/td>\n<td>Brno<\/td>\n<td><a href=\"https:\/\/www.cka.cz\/cs\/svet-architektury\/seznam-architektu\/ing-arch-valenta-petr\">393 Petr Valenta<\/a><\/td>\n<td>ING. ARCH. PETR VALENTA<\/td>\n<\/tr>\n<tr>\n<td>1219<\/td>\n<td>\u00c7ekya<\/td>\n<td>Brno<\/td>\n<td><a href=\"https:\/\/www.cka.cz\/cs\/svet-architektury\/seznam-architektu\/ing-arch-zelena-zora\">394 Zora Zelen\u00e1<\/a><\/td>\n<td>ING. ARCH. ZORA ZELEN\u00c1<\/td>\n<\/tr>\n<tr>\n<td>1220<\/td>\n<td>\u00c7ekya<\/td>\n<td>Prag<\/td>\n<td><a href=\"https:\/\/www.cka.cz\/cs\/svet-architektury\/seznam-architektu\/ing-arch-velisek-lukas\">395 Luk\u00e1\u0161 Vel\u00ed\u0161ek<\/a><\/td>\n<td>ING. ARCH. LUK\u00c1\u0160 VEL\u00cd\u0160EK<\/td>\n<\/tr>\n<tr>\n<td>1221<\/td>\n<td>\u00c7ekya<\/td>\n<td>Prag<\/td>\n<td><a href=\"https:\/\/www.cka.cz\/cs\/svet-architektury\/seznam-architektu\/ing-arch-dolezalova-emilie\">396 Emilie Dole\u017ealov\u00e1<\/a><\/td>\n<td>ING. ARCH. EMILIE DOLE\u017dALOV\u00c1<\/td>\n<\/tr>\n<tr>\n<td>1222<\/td>\n<td>\u00c7ekya<\/td>\n<td>Prag<\/td>\n<td><a href=\"https:\/\/www.cka.cz\/cs\/svet-architektury\/seznam-architektu\/akad-arch-simunkova-helena\">397 Helena \u0160im\u016fnkov\u00e1<\/a><\/td>\n<td>AKAD. ARCH. HELENA \u0160IM\u016eNKOV\u00c1<\/td>\n<\/tr>\n<tr>\n<td>1223<\/td>\n<td>\u00c7ekya<\/td>\n<td>Doksy<\/td>\n<td><a href=\"https:\/\/www.cka.cz\/cs\/svet-architektury\/seznam-architektu\/ing-arch-uchytil-jan\">398 Jan Uchytil<\/a><\/td>\n<td>ING. ARCH. JAN UCHYTIL<\/td>\n<\/tr>\n<tr>\n<td>1224<\/td>\n<td>\u00c7ekya<\/td>\n<td>Prag<\/td>\n<td><a href=\"https:\/\/www.cka.cz\/cs\/svet-architektury\/seznam-architektu\/ing-arch-holnova-zdenka\">399 Zde\u0148ka Holnov\u00e1<\/a><\/td>\n<td>ING. ARCH. ZDE\u0147KA HOLNOV\u00c1<\/td>\n<\/tr>\n<tr>\n<td>1225<\/td>\n<td>\u00c7ekya<\/td>\n<td>Prag<\/td>\n<td><a href=\"https:\/\/www.cka.cz\/cs\/svet-architektury\/seznam-architektu\/ing-arch-horava-tomas-csc\">400 Tom\u00e1\u0161 Ho\u0159ava<\/a><\/td>\n<td>ING. ARCH. TOM\u00c1\u0160 HO\u0158AVA CSC.<\/td>\n<\/tr>\n<tr>\n<td>1226<\/td>\n<td>\u00c7ekya<\/td>\n<td>Prag<\/td>\n<td><a href=\"https:\/\/www.cka.cz\/cs\/svet-architektury\/seznam-architektu\/ing-arch-voldrich-jaroslav\">401 Jaroslav Vold\u0159ich<\/a><\/td>\n<td>ING. ARCH. JAROSLAV VOLD\u0158ICH<\/td>\n<\/tr>\n<tr>\n<td>1227<\/td>\n<td>\u00c7ekya<\/td>\n<td>Prag<\/td>\n<td><a href=\"https:\/\/www.cka.cz\/cs\/svet-architektury\/seznam-architektu\/ing-arch-maryska-milic\">402 Mili\u010d Mary\u0161ka<\/a><\/td>\n<td>ING. ARCH. MILI\u010c MARY\u0160KA<\/td>\n<\/tr>\n<tr>\n<td>1228<\/td>\n<td>\u00c7ekya<\/td>\n<td>Prag<\/td>\n<td><a href=\"https:\/\/www.cka.cz\/cs\/svet-architektury\/seznam-architektu\/ing-arch-machac-milos\">403 Milo\u0161 Macha\u010d<\/a><\/td>\n<td>ING. ARCH. MILO\u0160 MACHA\u010c<\/td>\n<\/tr>\n<tr>\n<td>1229<\/td>\n<td>\u00c7ekya<\/td>\n<td>Prag<\/td>\n<td><a href=\"https:\/\/www.cka.cz\/cs\/svet-architektury\/seznam-architektu\/ing-arch-gudev-asen\">404 Asen Gudev<\/a><\/td>\n<td>ING. ARCH. ASEN GUDEV<\/td>\n<\/tr>\n<tr>\n<td>1230<\/td>\n<td>\u00c7ekya<\/td>\n<td>Prag<\/td>\n<td><a href=\"https:\/\/www.cka.cz\/cs\/svet-architektury\/seznam-architektu\/ing-arch-pilar-jiri\">405 Ji\u0159\u00ed Pila\u0159<\/a><\/td>\n<td>ING. ARCH. JI\u0158\u00cd PILA\u0158<\/td>\n<\/tr>\n<tr>\n<td>1231<\/td>\n<td>\u00c7ekya<\/td>\n<td>\u010cerno\u0161ice<\/td>\n<td><a href=\"https:\/\/www.cka.cz\/cs\/svet-architektury\/seznam-architektu\/ing-arch-liska-milan\">406 Milan Li\u0161ka<\/a><\/td>\n<td>ING. ARCH. MILAN LI\u0160KA<\/td>\n<\/tr>\n<tr>\n<td>1232<\/td>\n<td>\u00c7ekya<\/td>\n<td>Prag<\/td>\n<td><a href=\"https:\/\/www.cka.cz\/cs\/svet-architektury\/seznam-architektu\/ing-arch-valek-vladimir\">407 Vladim\u00edr Valek<\/a><\/td>\n<td>ING. ARCH. VLADIM\u00cdR VALEK<\/td>\n<\/tr>\n<tr>\n<td>1233<\/td>\n<td>\u00c7ekya<\/td>\n<td>Prag<\/td>\n<td><a href=\"https:\/\/www.cka.cz\/cs\/svet-architektury\/seznam-architektu\/ing-arch-merger-jiri\">408 Ji\u0159\u00ed Merger<\/a><\/td>\n<td>ING. ARCH. ET. ING. JI\u0158\u00cd MERGER<\/td>\n<\/tr>\n<tr>\n<td>1234<\/td>\n<td>\u00c7ekya<\/td>\n<td>Prag<\/td>\n<td><a href=\"https:\/\/www.cka.cz\/cs\/svet-architektury\/seznam-architektu\/ing-arch-studenu-antonin\">409 Anton\u00edn Studen\u00fd<\/a><\/td>\n<td>ING. ARCH. ANTON\u00cdN STUDEN\u00dd<\/td>\n<\/tr>\n<tr>\n<td>1235<\/td>\n<td>\u00c7ekya<\/td>\n<td>Prag<\/td>\n<td><a href=\"https:\/\/www.cka.cz\/cs\/svet-architektury\/seznam-architektu\/ing-arch-styblo-zbysek\">410 Zby\u0161ek St\u00fdblo<\/a><\/td>\n<td>ING. ARCH. ZBY\u0160EK ST\u00ddBLO<\/td>\n<\/tr>\n<tr>\n<td>1236<\/td>\n<td>\u00c7ekya<\/td>\n<td>Prag<\/td>\n<td><a href=\"https:\/\/www.cka.cz\/cs\/svet-architektury\/seznam-architektu\/ing-akad-arch-mojzis-jiri\">411 Ji\u0159\u00ed Moj\u017e\u00ed\u0161<\/a><\/td>\n<td>ING. AKAD. ARCH. JI\u0158\u00cd MOJ\u017d\u00cd\u0160<\/td>\n<\/tr>\n<tr>\n<td>1237<\/td>\n<td>\u00c7ekya<\/td>\n<td>Prag<\/td>\n<td><a href=\"https:\/\/www.cka.cz\/cs\/svet-architektury\/seznam-architektu\/ing-arch-stuchly-ivan-csc\">412 Ivan Stuchl\u00fd<\/a><\/td>\n<td>ING. ARCH. IVAN STUCHL\u00dd CSC.<\/td>\n<\/tr>\n<tr>\n<td>1238<\/td>\n<td>\u00c7ekya<\/td>\n<td>Labem<\/td>\n<td><a href=\"https:\/\/www.cka.cz\/cs\/svet-architektury\/seznam-architektu\/ing-arch-kucera-jiri-2\">413 Ji\u0159\u00ed Ku\u010dera<\/a><\/td>\n<td>ING. ARCH. JI\u0158\u00cd KU\u010cERA<\/td>\n<\/tr>\n<tr>\n<td>1239<\/td>\n<td>\u00c7ekya<\/td>\n<td>Prag<\/td>\n<td><a href=\"https:\/\/www.cka.cz\/cs\/svet-architektury\/seznam-architektu\/ing-arch-sladek-ivan\">414 Ivan Sl\u00e1dek<\/a><\/td>\n<td>ING. ARCH. IVAN SL\u00c1DEK<\/td>\n<\/tr>\n<tr>\n<td>1240<\/td>\n<td>\u00c7ekya<\/td>\n<td>Prag<\/td>\n<td><a href=\"https:\/\/www.cka.cz\/cs\/svet-architektury\/seznam-architektu\/ing-arch-ourecku-jaroslav\">415 Jaroslav Ou\u0159eck\u00fd<\/a><\/td>\n<td>ING. ARCH. JAROSLAV OU\u0158ECK\u00dd<\/td>\n<\/tr>\n<tr>\n<td>1241<\/td>\n<td>\u00c7ekya<\/td>\n<td>Prag<\/td>\n<td><a href=\"https:\/\/www.cka.cz\/cs\/svet-architektury\/seznam-architektu\/ing-arch-kuthan-milos\">416 Milo\u0161 Kuthan<\/a><\/td>\n<td>ING. ARCH. MILO\u0160 KUTHAN<\/td>\n<\/tr>\n<tr>\n<td>1242<\/td>\n<td>\u00c7ekya<\/td>\n<td>Prag<\/td>\n<td><a href=\"https:\/\/www.cka.cz\/cs\/svet-architektury\/seznam-architektu\/ing-arch-mach-rudolf\">417 Rudolf Mach<\/a><\/td>\n<td>ING. ARCH. RUDOLF MACH<\/td>\n<\/tr>\n<tr>\n<td>1243<\/td>\n<td>\u00c7ekya<\/td>\n<td>Prag<\/td>\n<td><a href=\"https:\/\/www.cka.cz\/cs\/svet-architektury\/seznam-architektu\/ing-arch-danda-vratislav\">418 Vratislav Danda<\/a><\/td>\n<td>ING. ARCH. VRATISLAV DANDA<\/td>\n<\/tr>\n<tr>\n<td>1244<\/td>\n<td>\u00c7ekya<\/td>\n<td>Prag<\/td>\n<td><a href=\"https:\/\/www.cka.cz\/cs\/svet-architektury\/seznam-architektu\/ing-arch-trojan-jiri\">419 Ji\u0159\u00ed Trojan<\/a><\/td>\n<td>ING. ARCH. JI\u0158\u00cd TROJAN<\/td>\n<\/tr>\n<tr>\n<td>1245<\/td>\n<td>\u00c7ekya<\/td>\n<td>Prag<\/td>\n<td><a href=\"https:\/\/www.cka.cz\/cs\/svet-architektury\/seznam-architektu\/ing-arch-pasek-karel\">420 Karel Pa\u0161ek<\/a><\/td>\n<td>ING. ARCH. KAREL PA\u0160EK<\/td>\n<\/tr>\n<tr>\n<td>1246<\/td>\n<td>\u00c7ekya<\/td>\n<td>Prag<\/td>\n<td><a href=\"https:\/\/www.cka.cz\/cs\/svet-architektury\/seznam-architektu\/akad-arch-kozeluhova-hana\">421 Hana Ko\u017eeluhov\u00e1<\/a><\/td>\n<td>AKAD. ARCH. HANA KO\u017dELUHOV\u00c1<\/td>\n<\/tr>\n<tr>\n<td>1247<\/td>\n<td>\u00c7ekya<\/td>\n<td>Prag<\/td>\n<td><a href=\"https:\/\/www.cka.cz\/cs\/svet-architektury\/seznam-architektu\/ing-arch-nemecek-vaclav\">422 V\u00e1clav N\u011bme\u010dek<\/a><\/td>\n<td>ING. ARCH. V\u00c1CLAV N\u011aME\u010cEK<\/td>\n<\/tr>\n<tr>\n<td>1248<\/td>\n<td>\u00c7ekya<\/td>\n<td>Jarmila M\u00fcllerov\u00e1<\/td>\n<td><a href=\"https:\/\/www.cka.cz\/cs\/svet-architektury\/seznam-architektu\/ing-mullerova-jarmila\">423 Jarmila M\u00fcllerov\u00e1<\/a><\/td>\n<td>ING. JARMILA M\u00dcLLEROV\u00c1<\/td>\n<\/tr>\n<tr>\n<td>1249<\/td>\n<td>\u00c7ekya<\/td>\n<td>Jind\u0159ich\u016fv Hradec<\/td>\n<td><a href=\"https:\/\/www.cka.cz\/cs\/svet-architektury\/seznam-architektu\/ing-arch-hudcova-zuzana\">424 Zuzana Hudcov\u00e1<\/a><\/td>\n<td>ING. ARCH. ZUZANA HUDCOV\u00c1<\/td>\n<\/tr>\n<tr>\n<td>1250<\/td>\n<td>\u00c7ekya<\/td>\n<td>Jind\u0159ich\u016fv Hradec<\/td>\n<td><a href=\"https:\/\/www.cka.cz\/cs\/svet-architektury\/seznam-architektu\/ing-arch-gantnerova-ivana\">425 Ivana Gantnerov\u00e1<\/a><\/td>\n<td>ING. ARCH. IVANA GANTNEROV\u00c1<\/td>\n<\/tr>\n<tr>\n<td>1251<\/td>\n<td>\u00c7ekya<\/td>\n<td>Spo\u0159ice<\/td>\n<td><a href=\"https:\/\/www.cka.cz\/cs\/svet-architektury\/seznam-architektu\/ing-arch-pachner-jaroslav\">426 Jaroslav Pachner<\/a><\/td>\n<td>ING. ARCH. JAROSLAV PACHNER<\/td>\n<\/tr>\n<tr>\n<td>1252<\/td>\n<td>\u00c7ekya<\/td>\n<td>Prag<\/td>\n<td><a href=\"https:\/\/www.cka.cz\/cs\/svet-architektury\/seznam-architektu\/ing-arch-gogela-karel\">427 Karel Gogela<\/a><\/td>\n<td>ING. ARCH. KAREL GOGELA<\/td>\n<\/tr>\n<tr>\n<td>1253<\/td>\n<td>\u00c7ekya<\/td>\n<td>Da\u010dice<\/td>\n<td><a href=\"https:\/\/www.cka.cz\/cs\/svet-architektury\/seznam-architektu\/ing-arch-dvorak-miroslav\">428 Miroslav Dvo\u0159\u00e1k<\/a><\/td>\n<td>ING. ARCH. MIROSLAV DVO\u0158\u00c1K<\/td>\n<\/tr>\n<tr>\n<td>1254<\/td>\n<td>\u00c7ekya<\/td>\n<td>Da\u010dice<\/td>\n<td><a href=\"https:\/\/www.cka.cz\/cs\/svet-architektury\/seznam-architektu\/ing-arch-kucera-pavel\">429 Pavel Ku\u010dera<\/a><\/td>\n<td>ING. ARCH. PAVEL KU\u010cERA<\/td>\n<\/tr>\n<tr>\n<td>1255<\/td>\n<td>\u00c7ekya<\/td>\n<td>Prag<\/td>\n<td><a href=\"https:\/\/www.cka.cz\/cs\/svet-architektury\/seznam-architektu\/ing-arch-cerny-zdenek\">430 Zden\u011bk \u010cern\u00fd<\/a><\/td>\n<td>ING. ARCH. ZDEN\u011aK \u010cERN\u00dd<\/td>\n<\/tr>\n<tr>\n<td>1256<\/td>\n<td>\u00c7ekya<\/td>\n<td>Prag<\/td>\n<td><a href=\"https:\/\/www.cka.cz\/cs\/svet-architektury\/seznam-architektu\/ing-arch-ruso-milan\">431 Milan Ruso<\/a><\/td>\n<td>ING. ARCH. MILAN RUSO<\/td>\n<\/tr>\n<tr>\n<td>1257<\/td>\n<td>\u00c7ekya<\/td>\n<td>Prag<\/td>\n<td><a href=\"https:\/\/www.cka.cz\/cs\/svet-architektury\/seznam-architektu\/ing-arch-sestakova-irena\">432 Irena \u0160est\u00e1kov\u00e1<\/a><\/td>\n<td>PROF. ING. ARCH. IRENA \u0160EST\u00c1KOV\u00c1<\/td>\n<\/tr>\n<tr>\n<td>1258<\/td>\n<td>\u00c7ekya<\/td>\n<td>Prag<\/td>\n<td><a href=\"https:\/\/www.cka.cz\/cs\/svet-architektury\/seznam-architektu\/ing-arch-sestak-jiri\">433 Ji\u0159\u00ed \u0160est\u00e1k<\/a><\/td>\n<td>ING. ARCH. JI\u0158\u00cd \u0160EST\u00c1K<\/td>\n<\/tr>\n<tr>\n<td>1259<\/td>\n<td>\u00c7ekya<\/td>\n<td>Roztoky<\/td>\n<td><a href=\"https:\/\/www.cka.cz\/cs\/svet-architektury\/seznam-architektu\/ing-arch-svabova-marie\">434 Marie \u0160v\u00e1bov\u00e1<\/a><\/td>\n<td>ING. ARCH. MARIE \u0160V\u00c1BOV\u00c1<\/td>\n<\/tr>\n<tr>\n<td>1260<\/td>\n<td>\u00c7ekya<\/td>\n<td>Prag<\/td>\n<td><a href=\"https:\/\/www.cka.cz\/cs\/svet-architektury\/seznam-architektu\/ing-akad-arch-zachova-hana\">435 Hana Zachov\u00e1<\/a><\/td>\n<td>ING. AKAD. ARCH. HANA ZACHOV\u00c1<\/td>\n<\/tr>\n<tr>\n<td>1261<\/td>\n<td>\u00c7ekya<\/td>\n<td>Zdice<\/td>\n<td><a href=\"https:\/\/www.cka.cz\/cs\/svet-architektury\/seznam-architektu\/ing-arch-koubek-pavel\">436 Pavel Koubek<\/a><\/td>\n<td>ING. ARCH. PAVEL KOUBEK<\/td>\n<\/tr>\n<tr>\n<td>1262<\/td>\n<td>\u00c7ekya<\/td>\n<td>Prag<\/td>\n<td><a href=\"https:\/\/www.cka.cz\/cs\/svet-architektury\/seznam-architektu\/ing-arch-dubsky-zbynek\">437 Zbyn\u011bk Dubsk\u00fd<\/a><\/td>\n<td>ING. ARCH. ZBYN\u011aK DUBSK\u00dd<\/td>\n<\/tr>\n<tr>\n<td>1263<\/td>\n<td>\u00c7ekya<\/td>\n<td>Prag<\/td>\n<td><a href=\"https:\/\/www.cka.cz\/cs\/svet-architektury\/seznam-architektu\/ing-arch-ciglin-ivan\">438 Ivan Cigl\u00edn<\/a><\/td>\n<td>ING. ARCH. IVAN CIGL\u00cdN<\/td>\n<\/tr>\n<tr>\n<td>1264<\/td>\n<td>\u00c7ekya<\/td>\n<td>Prag<\/td>\n<td><a href=\"https:\/\/www.cka.cz\/cs\/svet-architektury\/seznam-architektu\/ing-arch-novak-jiri-1\">439 Ji\u0159\u00ed Nov\u00e1k<\/a><\/td>\n<td>ING. ARCH. JI\u0158\u00cd NOV\u00c1K<\/td>\n<\/tr>\n<tr>\n<td>1265<\/td>\n<td>\u00c7ekya<\/td>\n<td>Prag<\/td>\n<td><a href=\"https:\/\/www.cka.cz\/cs\/svet-architektury\/seznam-architektu\/ing-arch-hajek-oldrich\">440 Old\u0159ich H\u00e1jek<\/a><\/td>\n<td>ING. ARCH. OLD\u0158ICH H\u00c1JEK<\/td>\n<\/tr>\n<tr>\n<td>1266<\/td>\n<td>\u00c7ekya<\/td>\n<td>Prag<\/td>\n<td><a href=\"https:\/\/www.cka.cz\/cs\/svet-architektury\/seznam-architektu\/ing-arch-makovec-jiri\">441 Ji\u0159\u00ed Makovec<\/a><\/td>\n<td>ING. ARCH. JI\u0158\u00cd MAKOVEC<\/td>\n<\/tr>\n<tr>\n<td>1267<\/td>\n<td>\u00c7ekya<\/td>\n<td>Chr\u00e1st<\/td>\n<td><a href=\"https:\/\/www.cka.cz\/cs\/svet-architektury\/seznam-architektu\/ing-arch-hrouda-vlastimil\">442 Vlastimil Hrouda<\/a><\/td>\n<td>ING. ARCH. VLASTIMIL HROUDA<\/td>\n<\/tr>\n<tr>\n<td>1268<\/td>\n<td>\u00c7ekya<\/td>\n<td>Jihlava<\/td>\n<td><a href=\"https:\/\/www.cka.cz\/cs\/svet-architektury\/seznam-architektu\/ing-arch-novak-tomas-1\">443 Tom\u00e1\u0161 Nov\u00e1k<\/a><\/td>\n<td>ING. ARCH. TOM\u00c1\u0160 NOV\u00c1K<\/td>\n<\/tr>\n<tr>\n<td>1269<\/td>\n<td>\u00c7ekya<\/td>\n<td>Brno<\/td>\n<td><a href=\"https:\/\/www.cka.cz\/cs\/svet-architektury\/seznam-architektu\/ing-arch-zezulka-bretislav\">444 B\u0159etislav Zezulka<\/a><\/td>\n<td>ING. ARCH. B\u0158ETISLAV ZEZULKA<\/td>\n<\/tr>\n<tr>\n<td>1270<\/td>\n<td>\u00c7ekya<\/td>\n<td>Brann\u00e1<\/td>\n<td><a href=\"https:\/\/www.cka.cz\/cs\/svet-architektury\/seznam-architektu\/ing-arch-hurnik-petr\">445 Petr Hurn\u00edk<\/a><\/td>\n<td>ING. ARCH. PETR HURN\u00cdK<\/td>\n<\/tr>\n<tr>\n<td>1271<\/td>\n<td>\u00c7ekya<\/td>\n<td>Zlin<\/td>\n<td><a href=\"https:\/\/www.cka.cz\/cs\/svet-architektury\/seznam-architektu\/ing-arch-baleja-miroslav\">446 Miroslav Baleja<\/a><\/td>\n<td>ING. ARCH. MIROSLAV BALEJA<\/td>\n<\/tr>\n<tr>\n<td>1272<\/td>\n<td>\u00c7ekya<\/td>\n<td>Olomouc<\/td>\n<td><a href=\"https:\/\/www.cka.cz\/cs\/svet-architektury\/seznam-architektu\/ing-arch-hotovu-karel\">447 Karel Hotov\u00fd<\/a><\/td>\n<td>ING. ARCH. KAREL HOTOV\u00dd<\/td>\n<\/tr>\n<tr>\n<td>1273<\/td>\n<td>\u00c7ekya<\/td>\n<td>Z\u00e1b\u0159eh<\/td>\n<td><a href=\"https:\/\/www.cka.cz\/cs\/svet-architektury\/seznam-architektu\/ing-arch-fabian-petr\">448 Petr Fabi\u00e1n<\/a><\/td>\n<td>ING. ARCH. PETR FABI\u00c1N<\/td>\n<\/tr>\n<tr>\n<td>1274<\/td>\n<td>\u00c7ekya<\/td>\n<td>Ostrava<\/td>\n<td><a href=\"https:\/\/www.cka.cz\/cs\/svet-architektury\/seznam-architektu\/ing-arch-kuba-roman\">449 Roman Kuba<\/a><\/td>\n<td>ING. ARCH. ROMAN KUBA<\/td>\n<\/tr>\n<tr>\n<td>1275<\/td>\n<td>\u00c7ekya<\/td>\n<td>Jesen\u00edk<\/td>\n<td><a href=\"https:\/\/www.cka.cz\/cs\/svet-architektury\/seznam-architektu\/ing-arch-solar-jiri\">450 Ji\u0159\u00ed \u0160olar<\/a><\/td>\n<td>ING. ARCH. JI\u0158\u00cd \u0160OLAR<\/td>\n<\/tr>\n<tr>\n<td>1276<\/td>\n<td>\u00c7ekya<\/td>\n<td>Prag<\/td>\n<td><a href=\"https:\/\/www.cka.cz\/cs\/svet-architektury\/seznam-architektu\/ing-arch-pipla-j-otto\">451 J. Otto P\u00edpla<\/a><\/td>\n<td>ING. ARCH. J. OTTO P\u00cdPLA<\/td>\n<\/tr>\n<tr>\n<td>1277<\/td>\n<td>\u00c7ekya<\/td>\n<td>Prag<\/td>\n<td><a href=\"https:\/\/www.cka.cz\/cs\/svet-architektury\/seznam-architektu\/ing-arch-cihal-jiri\">452 Ji\u0159\u00ed \u010c\u00edhal<\/a><\/td>\n<td>ING. ARCH. JI\u0158\u00cd \u010c\u00cdHAL<\/td>\n<\/tr>\n<tr>\n<td>1278<\/td>\n<td>\u00c7ekya<\/td>\n<td>Prag<\/td>\n<td><a href=\"https:\/\/www.cka.cz\/cs\/svet-architektury\/seznam-architektu\/ing-arch-cach-jan\">453 Jan Cach<\/a><\/td>\n<td>ING. ARCH. JAN CACH<\/td>\n<\/tr>\n<tr>\n<td>1279<\/td>\n<td>\u00c7ekya<\/td>\n<td>Pardubice<\/td>\n<td><a href=\"https:\/\/www.cka.cz\/cs\/svet-architektury\/seznam-architektu\/ing-arch-maler-pavel\">454 Pavel Male\u0159<\/a><\/td>\n<td>ING. ARCH. PAVEL MALE\u0158<\/td>\n<\/tr>\n<tr>\n<td>1280<\/td>\n<td>\u00c7ekya<\/td>\n<td>Prag<\/td>\n<td><a href=\"https:\/\/www.cka.cz\/cs\/svet-architektury\/seznam-architektu\/ing-arch-sourek-michal\">455 Michal \u0160ourek<\/a><\/td>\n<td>ING. ARCH. MICHAL \u0160OUREK<\/td>\n<\/tr>\n<tr>\n<td>1281<\/td>\n<td>\u00c7ekya<\/td>\n<td>Ch\u00fdn\u011b<\/td>\n<td><a href=\"https:\/\/www.cka.cz\/cs\/svet-architektury\/seznam-architektu\/akad-arch-kovar-petr\">456 Petr Kov\u00e1\u0159<\/a><\/td>\n<td>AKAD. ARCH. PETR KOV\u00c1\u0158<\/td>\n<\/tr>\n<tr>\n<td>1282<\/td>\n<td>\u00c7ekya<\/td>\n<td>Da\u010dice<\/td>\n<td><a href=\"https:\/\/www.cka.cz\/cs\/svet-architektury\/seznam-architektu\/ing-arch-lojka-jiri\">457 Ji\u0159\u00ed Lojka<\/a><\/td>\n<td>ING. ARCH. JI\u0158\u00cd LOJKA<\/td>\n<\/tr>\n<tr>\n<td>1283<\/td>\n<td>\u00c7ekya<\/td>\n<td>Prag<\/td>\n<td><a href=\"https:\/\/www.cka.cz\/cs\/svet-architektury\/seznam-architektu\/ing-arch-svatkova-bozena\">458 Bo\u017eena Sv\u00e1tkov\u00e1<\/a><\/td>\n<td>ING. ARCH. BO\u017dENA SV\u00c1TKOV\u00c1<\/td>\n<\/tr>\n<tr>\n<td>1284<\/td>\n<td>\u00c7ekya<\/td>\n<td>Chot\u011bbo\u0159<\/td>\n<td><a href=\"https:\/\/www.cka.cz\/cs\/svet-architektury\/seznam-architektu\/ing-arch-marek-jiri-1\">459 Ji\u0159\u00ed Marek<\/a><\/td>\n<td>ING. ARCH. JI\u0158\u00cd MAREK<\/td>\n<\/tr>\n<tr>\n<td>1285<\/td>\n<td>\u00c7ekya<\/td>\n<td>Plze\u0148<\/td>\n<td><a href=\"https:\/\/www.cka.cz\/cs\/svet-architektury\/seznam-architektu\/ing-arch-fara-oldrich\">460 Old\u0159ich F\u00e1ra<\/a><\/td>\n<td>ING. ARCH. OLD\u0158ICH F\u00c1RA<\/td>\n<\/tr>\n<tr>\n<td>1286<\/td>\n<td>\u00c7ekya<\/td>\n<td>Prag<\/td>\n<td><a href=\"https:\/\/www.cka.cz\/cs\/svet-architektury\/seznam-architektu\/ing-arch-girsa-vaclav\">461 V\u00e1clav Girsa<\/a><\/td>\n<td>ING. ARCH. V\u00c1CLAV GIRSA<\/td>\n<\/tr>\n<tr>\n<td>1287<\/td>\n<td>\u00c7ekya<\/td>\n<td>Vyso\u010dina<\/td>\n<td><a href=\"https:\/\/www.cka.cz\/cs\/svet-architektury\/seznam-architektu\/ing-arch-laub-frantisek\">462 Franti\u0161ek Laub<\/a><\/td>\n<td>ING. ARCH. FRANTI\u0160EK LAUB<\/td>\n<\/tr>\n<tr>\n<td>1288<\/td>\n<td>\u00c7ekya<\/td>\n<td>Prag<\/td>\n<td><a href=\"https:\/\/www.cka.cz\/cs\/svet-architektury\/seznam-architektu\/ing-arch-zeleny-jan\">463 Jan Zelen\u00fd<\/a><\/td>\n<td>ING. ARCH. JAN ZELEN\u00dd<\/td>\n<\/tr>\n<tr>\n<td>1289<\/td>\n<td>\u00c7ekya<\/td>\n<td>Prag<\/td>\n<td><a href=\"https:\/\/www.cka.cz\/cs\/svet-architektury\/seznam-architektu\/akad-arch-pucha-vladimir\">464 Vladim\u00edr P\u00fdcha<\/a><\/td>\n<td>AKAD. ARCH. VLADIM\u00cdR P\u00ddCHA<\/td>\n<\/tr>\n<tr>\n<td>1290<\/td>\n<td>\u00c7ekya<\/td>\n<td>Prag<\/td>\n<td><a href=\"https:\/\/www.cka.cz\/cs\/svet-architektury\/seznam-architektu\/ing-arch-klika-josef\">465 Josef Klika<\/a><\/td>\n<td>ING. ARCH. JOSEF KLIKA<\/td>\n<\/tr>\n<tr>\n<td>1291<\/td>\n<td>\u00c7ekya<\/td>\n<td>Prag<\/td>\n<td><a href=\"https:\/\/www.cka.cz\/cs\/svet-architektury\/seznam-architektu\/ing-arch-kantova-olga\">466 Olga Kantov\u00e1<\/a><\/td>\n<td>ING. ARCH. OLGA KANTOV\u00c1<\/td>\n<\/tr>\n<tr>\n<td>1292<\/td>\n<td>\u00c7ekya<\/td>\n<td>Brno<\/td>\n<td><a href=\"https:\/\/www.cka.cz\/cs\/svet-architektury\/seznam-architektu\/ing-arch-tihelka-zdenek\">467 Zden\u011bk Tihelka<\/a><\/td>\n<td>ING. ARCH. ZDEN\u011aK TIHELKA<\/td>\n<\/tr>\n<tr>\n<td>1293<\/td>\n<td>\u00c7ekya<\/td>\n<td>Brno<\/td>\n<td><a href=\"https:\/\/www.cka.cz\/cs\/svet-architektury\/seznam-architektu\/ing-arch-stolfa-jaromir\">468 Jarom\u00edr \u0160tolfa<\/a><\/td>\n<td>ING. ARCH. JAROM\u00cdR \u0160TOLFA<\/td>\n<\/tr>\n<tr>\n<td>1294<\/td>\n<td>\u00c7ekya<\/td>\n<td>Zl\u00edn<\/td>\n<td><a href=\"https:\/\/www.cka.cz\/cs\/svet-architektury\/seznam-architektu\/ing-arch-jungwirthova-daniela\">469 Daniela Jungwirthov\u00e1<\/a><\/td>\n<td>ING. ARCH. DANIELA JUNGWIRTHOV\u00c1<\/td>\n<\/tr>\n<tr>\n<td>1295<\/td>\n<td>\u00c7ekya<\/td>\n<td>Vyso\u010dina<\/td>\n<td><a href=\"https:\/\/www.cka.cz\/cs\/svet-architektury\/seznam-architektu\/ing-arch-sedlak-jan-1\">470 Jan Sedl\u00e1k<\/a><\/td>\n<td>ING. ARCH. JAN SEDL\u00c1K<\/td>\n<\/tr>\n<tr>\n<td>1296<\/td>\n<td>\u00c7ekya<\/td>\n<td>Zl\u00edn<\/td>\n<td><a href=\"https:\/\/www.cka.cz\/cs\/svet-architektury\/seznam-architektu\/ing-arch-jungwirth-ludvik\">471 Ludv\u00edk Jungwirth<\/a><\/td>\n<td>ING. ARCH. LUDV\u00cdK JUNGWIRTH<\/td>\n<\/tr>\n<tr>\n<td>1297<\/td>\n<td>\u00c7ekya<\/td>\n<td>Brno<\/td>\n<td><a href=\"https:\/\/www.cka.cz\/cs\/svet-architektury\/seznam-architektu\/ing-arch-sevcik-jiri\">472 Ji\u0159\u00ed \u0160ev\u010d\u00edk<\/a><\/td>\n<td>ING. ARCH. JI\u0158\u00cd \u0160EV\u010c\u00cdK<\/td>\n<\/tr>\n<tr>\n<td>1298<\/td>\n<td>\u00c7ekya<\/td>\n<td>Fr\u00fddek M\u00edstek<\/td>\n<td><a href=\"https:\/\/www.cka.cz\/cs\/svet-architektury\/seznam-architektu\/ing-akad-arch-friedl-jan\">473 Jan Friedl<\/a><\/td>\n<td>ING. AKAD. ARCH. JAN FRIEDL<\/td>\n<\/tr>\n<tr>\n<td>1299<\/td>\n<td>\u00c7ekya<\/td>\n<td>Ostrava<\/td>\n<td><a href=\"https:\/\/www.cka.cz\/cs\/svet-architektury\/seznam-architektu\/ing-arch-cablik-martin\">474 Martin \u010cabl\u00edk<\/a><\/td>\n<td>ING. ARCH. MARTIN \u010cABL\u00cdK<\/td>\n<\/tr>\n<tr>\n<td>1300<\/td>\n<td>\u00c7ekya<\/td>\n<td>Prag<\/td>\n<td><a href=\"https:\/\/www.cka.cz\/cs\/svet-architektury\/seznam-architektu\/ing-arch-hacmac-vaclav\">475 V\u00e1clav Hacmac<\/a><\/td>\n<td>ING. ARCH. V\u00c1CLAV HACMAC<\/td>\n<\/tr>\n<tr>\n<td>1301<\/td>\n<td>\u00c7ekya<\/td>\n<td>Prag<\/td>\n<td><a href=\"https:\/\/www.cka.cz\/cs\/svet-architektury\/seznam-architektu\/akad-arch-axmannova-vladimira\">476 Vladim\u00edra Axmannova<\/a><\/td>\n<td>AKAD. ARCH. VLADIM\u00cdRA AXMANNOVA<\/td>\n<\/tr>\n<tr>\n<td>1302<\/td>\n<td>\u00c7ekya<\/td>\n<td>Prag<\/td>\n<td><a href=\"https:\/\/www.cka.cz\/cs\/svet-architektury\/seznam-architektu\/ing-arch-panuscik-michal\">477 Michal Panu\u0161\u010d\u00edk<\/a><\/td>\n<td>ING. ARCH. MICHAL PANU\u0160\u010c\u00cdK<\/td>\n<\/tr>\n<tr>\n<td>1303<\/td>\n<td>\u00c7ekya<\/td>\n<td>Prag<\/td>\n<td><a href=\"https:\/\/www.cka.cz\/cs\/svet-architektury\/seznam-architektu\/ing-arch-hnizdil-ivan\">478 Ivan Hn\u00edzdil<\/a><\/td>\n<td>ING. ARCH. IVAN HN\u00cdZDIL<\/td>\n<\/tr>\n<tr>\n<td>1304<\/td>\n<td>\u00c7ekya<\/td>\n<td>Prag<\/td>\n<td><a href=\"https:\/\/www.cka.cz\/cs\/svet-architektury\/seznam-architektu\/ing-arch-teply-bohumil\">479 Bohumil Tepl\u00fd<\/a><\/td>\n<td>ING. ARCH. BOHUMIL TEPL\u00dd<\/td>\n<\/tr>\n<tr>\n<td>1305<\/td>\n<td>\u00c7ekya<\/td>\n<td>Prag<\/td>\n<td><a href=\"https:\/\/www.cka.cz\/cs\/svet-architektury\/seznam-architektu\/ing-arch-novak-jaroslav-csc\">480 Jaroslav Nov\u00e1k<\/a><\/td>\n<td>ING. ARCH. JAROSLAV NOV\u00c1K CSC.<\/td>\n<\/tr>\n<tr>\n<td>1306<\/td>\n<td>\u00c7ekya<\/td>\n<td>Prag<\/td>\n<td><a href=\"https:\/\/www.cka.cz\/cs\/svet-architektury\/seznam-architektu\/ing-arch-weisser-jiri\">481 Ji\u0159\u00ed Weisser<\/a><\/td>\n<td>ING. ARCH. JI\u0158\u00cd WEISSER<\/td>\n<\/tr>\n<tr>\n<td>1307<\/td>\n<td>\u00c7ekya<\/td>\n<td>Prag<\/td>\n<td><a href=\"https:\/\/www.cka.cz\/cs\/svet-architektury\/seznam-architektu\/ing-arch-soukup-miroslav\">482 Miroslav Soukup<\/a><\/td>\n<td>ING. ARCH. MIROSLAV SOUKUP<\/td>\n<\/tr>\n<tr>\n<td>1308<\/td>\n<td>\u00c7ekya<\/td>\n<td>Prag<\/td>\n<td><a href=\"https:\/\/www.cka.cz\/cs\/svet-architektury\/seznam-architektu\/ing-arch-vasko-jaroslav\">483 Jaroslav Va\u0161ko<\/a><\/td>\n<td>ING. ARCH. JAROSLAV VA\u0160KO<\/td>\n<\/tr>\n<tr>\n<td>1309<\/td>\n<td>\u00c7ekya<\/td>\n<td>Prag<\/td>\n<td><a href=\"https:\/\/www.cka.cz\/cs\/svet-architektury\/seznam-architektu\/ing-akad-arch-simonik-ivo\">484 Ivo \u0160imon\u00edk<\/a><\/td>\n<td>ING. AKAD. ARCH. IVO \u0160IMON\u00cdK<\/td>\n<\/tr>\n<tr>\n<td>1310<\/td>\n<td>\u00c7ekya<\/td>\n<td>Prag<\/td>\n<td><a href=\"https:\/\/www.cka.cz\/cs\/svet-architektury\/seznam-architektu\/ing-arch-kocian-bohuslav\">485 Bohuslav Koci\u00e1n<\/a><\/td>\n<td>ING. ARCH. BOHUSLAV KOCI\u00c1N<\/td>\n<\/tr>\n<tr>\n<td>1311<\/td>\n<td>\u00c7ekya<\/td>\n<td>Prag<\/td>\n<td><a href=\"https:\/\/www.cka.cz\/cs\/svet-architektury\/seznam-architektu\/ing-arch-honzatkova-zdenka\">486 Zde\u0148ka Honz\u00e1tkov\u00e1<\/a><\/td>\n<td>ING. ARCH. ZDE\u0147KA HONZ\u00c1TKOV\u00c1<\/td>\n<\/tr>\n<tr>\n<td>1312<\/td>\n<td>\u00c7ekya<\/td>\n<td>Plze\u0148<\/td>\n<td><a href=\"https:\/\/www.cka.cz\/cs\/svet-architektury\/seznam-architektu\/ing-arch-kodeda-oldrich\">487 Old\u0159ich Kodeda<\/a><\/td>\n<td>ING. ARCH. OLD\u0158ICH KODEDA<\/td>\n<\/tr>\n<tr>\n<td>1313<\/td>\n<td>\u00c7ekya<\/td>\n<td>Prag<\/td>\n<td><a href=\"https:\/\/www.cka.cz\/cs\/svet-architektury\/seznam-architektu\/ing-arch-monikova-olga\">488 Olga Mon\u00edkov\u00e1<\/a><\/td>\n<td>ING. ARCH. OLGA MON\u00cdKOV\u00c1<\/td>\n<\/tr>\n<tr>\n<td>1314<\/td>\n<td>\u00c7ekya<\/td>\n<td>Prag<\/td>\n<td><a href=\"https:\/\/www.cka.cz\/cs\/svet-architektury\/seznam-architektu\/ing-arch-paloch-vit\">489 V\u00edt Paloch<\/a><\/td>\n<td>ING. ARCH. V\u00cdT PALOCH<\/td>\n<\/tr>\n<tr>\n<td>1315<\/td>\n<td>\u00c7ekya<\/td>\n<td>Prag<\/td>\n<td><a href=\"https:\/\/www.cka.cz\/cs\/svet-architektury\/seznam-architektu\/ing-arch-dvorak-petr\">490 Petr Dvo\u0159\u00e1k<\/a><\/td>\n<td>ING. ARCH. PETR DVO\u0158\u00c1K<\/td>\n<\/tr>\n<tr>\n<td>1316<\/td>\n<td>\u00c7ekya<\/td>\n<td>\u010cesk\u00e1 L\u00edpa<\/td>\n<td><a href=\"https:\/\/www.cka.cz\/cs\/svet-architektury\/seznam-architektu\/ing-arch-pavljuk-miroslav\">491 MIroslav Pavljuk<\/a><\/td>\n<td>ING. ARCH. MIROSLAV PAVLJUK<\/td>\n<\/tr>\n<tr>\n<td>1317<\/td>\n<td>\u00c7ekya<\/td>\n<td>St\u0159edo\u010desk\u00fd kraj<\/td>\n<td><a href=\"https:\/\/www.cka.cz\/cs\/svet-architektury\/seznam-architektu\/akad-arch-horejsi-miroslav\">492 Miroslav Ho\u0159ej\u0161\u00ed<\/a><\/td>\n<td>AKAD. ARCH. MIROSLAV HO\u0158EJ\u0160\u00cd<\/td>\n<\/tr>\n<tr>\n<td>1318<\/td>\n<td>\u00c7ekya<\/td>\n<td>Prag<\/td>\n<td><a href=\"https:\/\/www.cka.cz\/cs\/svet-architektury\/seznam-architektu\/ing-arch-otevrel-lubos\">493 Lubo\u0161 Otev\u0159el<\/a><\/td>\n<td>ING. ARCH. LUBO\u0160 OTEV\u0158EL<\/td>\n<\/tr>\n<tr>\n<td>1319<\/td>\n<td>\u00c7ekya<\/td>\n<td>Labem<\/td>\n<td><a href=\"https:\/\/www.cka.cz\/cs\/svet-architektury\/seznam-architektu\/ing-arch-bima-pavel\">494 Pavel B\u00edma<\/a><\/td>\n<td>ING. ARCH. PAVEL B\u00cdMA<\/td>\n<\/tr>\n<tr>\n<td>1320<\/td>\n<td>\u00c7ekya<\/td>\n<td>Prag<\/td>\n<td><a href=\"https:\/\/www.cka.cz\/cs\/svet-architektury\/seznam-architektu\/ing-arch-dvorackova-vera\">495 V\u011bra Dvo\u0159\u00e1\u010dkov\u00e1<\/a><\/td>\n<td>ING. ARCH. V\u011aRA DVO\u0158\u00c1\u010cKOV\u00c1<\/td>\n<\/tr>\n<tr>\n<td>1321<\/td>\n<td>\u00c7ekya<\/td>\n<td>Prag<\/td>\n<td><a href=\"https:\/\/www.cka.cz\/cs\/svet-architektury\/seznam-architektu\/doc-ing-arch-welz-tomas-csc\">496 Tom\u00e1\u0161 Welz<\/a><\/td>\n<td>DOC. ING. ARCH. TOM\u00c1\u0160 WELZ CSC.<\/td>\n<\/tr>\n<tr>\n<td>1322<\/td>\n<td>\u00c7ekya<\/td>\n<td>Prag<\/td>\n<td><a href=\"https:\/\/www.cka.cz\/cs\/svet-architektury\/seznam-architektu\/ing-arch-houska-cestmir\">497 \u010cestm\u00edr Houska<\/a><\/td>\n<td>ING. ARCH. \u010cESTM\u00cdR HOUSKA<\/td>\n<\/tr>\n<tr>\n<td>1323<\/td>\n<td>\u00c7ekya<\/td>\n<td>Prag<\/td>\n<td><a href=\"https:\/\/www.cka.cz\/cs\/svet-architektury\/seznam-architektu\/ing-arch-justik-antonin\">498 Anton\u00edn Ju\u0161t\u00edk<\/a><\/td>\n<td>ING. ARCH. ANTON\u00cdN JU\u0160T\u00cdK<\/td>\n<\/tr>\n<tr>\n<td>1324<\/td>\n<td>\u00c7ekya<\/td>\n<td>Karlovy Vary<\/td>\n<td><a href=\"https:\/\/www.cka.cz\/cs\/svet-architektury\/seznam-architektu\/ing-arch-syrovy-vlastimil\">499 Vlastimil Syrov\u00fd<\/a><\/td>\n<td>ING. ARCH. VLASTIMIL SYROV\u00dd<\/td>\n<\/tr>\n<tr>\n<td>1325<\/td>\n<td>\u00c7ekya<\/td>\n<td>Drahovice<\/td>\n<td><a href=\"https:\/\/www.cka.cz\/cs\/svet-architektury\/seznam-architektu\/ing-arch-martinek-petr\">500 Petr Mart\u00ednek<\/a><\/td>\n<td>ING. ARCH. PETR MART\u00cdNEK<\/td>\n<\/tr>\n<tr>\n<td>1326<\/td>\n<td>\u00c7ekya<\/td>\n<td>Prag<\/td>\n<td><a href=\"https:\/\/www.cka.cz\/cs\/svet-architektury\/seznam-architektu\/ing-arch-kovarik-pavel\">501 Pavel Kova\u0159\u00edk<\/a><\/td>\n<td>ING. ARCH. PAVEL KOVA\u0158\u00cdK<\/td>\n<\/tr>\n<tr>\n<td>1327<\/td>\n<td>\u00c7ekya<\/td>\n<td>Trutnov<\/td>\n<td><a href=\"https:\/\/www.cka.cz\/cs\/svet-architektury\/seznam-architektu\/ing-arch-tomek-pavel\">502 Pavel Tomek<\/a><\/td>\n<td>ING. ARCH. PAVEL TOMEK<\/td>\n<\/tr>\n<tr>\n<td>1328<\/td>\n<td>\u00c7ekya<\/td>\n<td>Prag<\/td>\n<td><a href=\"https:\/\/www.cka.cz\/cs\/svet-architektury\/seznam-architektu\/ing-arch-sojka-miloslav\">503 Miloslav Sojka<\/a><\/td>\n<td>AKAD. ARCH. MILOSLAV SOJKA<\/td>\n<\/tr>\n<tr>\n<td>1329<\/td>\n<td>\u00c7ekya<\/td>\n<td>Ttrutnov<\/td>\n<td><a href=\"https:\/\/www.cka.cz\/cs\/svet-architektury\/seznam-architektu\/ing-arch-smilnicku-vladimir\">504 Vladim\u00edr Smilnick\u00fd<\/a><\/td>\n<td>ING. ARCH. VLADIM\u00cdR SMILNICK\u00dd<\/td>\n<\/tr>\n<tr>\n<td>1330<\/td>\n<td>\u00c7ekya<\/td>\n<td>Prag<\/td>\n<td><a href=\"https:\/\/www.cka.cz\/cs\/svet-architektury\/seznam-architektu\/ing-arch-smejkalova-dana\">505 Dana \u0160mejkalov\u00e1<\/a><\/td>\n<td>ING. ARCH. DANA \u0160MEJKALOV\u00c1<\/td>\n<\/tr>\n<tr>\n<td>1331<\/td>\n<td>\u00c7ekya<\/td>\n<td>Prag<\/td>\n<td><a href=\"https:\/\/www.cka.cz\/cs\/svet-architektury\/seznam-architektu\/ing-arch-gavlas-michal\">506 Michal Gavlas<\/a><\/td>\n<td>ING. ARCH. MICHAL GAVLAS<\/td>\n<\/tr>\n<tr>\n<td>1332<\/td>\n<td>\u00c7ekya<\/td>\n<td>Prag<\/td>\n<td><a href=\"https:\/\/www.cka.cz\/cs\/svet-architektury\/seznam-architektu\/ing-arch-holub-alexandr\">507 Alexandr Holub<\/a><\/td>\n<td>ING. ARCH. ALEXANDR HOLUB<\/td>\n<\/tr>\n<tr>\n<td>1333<\/td>\n<td>\u00c7ekya<\/td>\n<td>Unterbach<\/td>\n<td><a href=\"https:\/\/www.cka.cz\/cs\/svet-architektury\/seznam-architektu\/ing-arch-sacha-jan\">508 Jan \u0160\u00e1cha<\/a><\/td>\n<td>ING. ARCH. JAN \u0160\u00c1CHA<\/td>\n<\/tr>\n<tr>\n<td>1334<\/td>\n<td>\u00c7ekya<\/td>\n<td>Hradec Kr\u00e1lov\u00e9<\/td>\n<td><a href=\"https:\/\/www.cka.cz\/cs\/svet-architektury\/seznam-architektu\/ing-arch-hanus-zdenek\">509 Zden\u011bk Hanu\u0161<\/a><\/td>\n<td>ING. ARCH. ZDEN\u011aK HANU\u0160<\/td>\n<\/tr>\n<tr>\n<td>1335<\/td>\n<td>\u00c7ekya<\/td>\n<td>\u010cesk\u00e9 Bud\u011bjovice<\/td>\n<td><a href=\"https:\/\/www.cka.cz\/cs\/svet-architektury\/seznam-architektu\/ing-arch-hon-pavel\">510 Pavel Hon<\/a><\/td>\n<td>ING. ARCH. PAVEL HON<\/td>\n<\/tr>\n<tr>\n<td>1336<\/td>\n<td>\u00c7ekya<\/td>\n<td>Prag<\/td>\n<td><a href=\"https:\/\/www.cka.cz\/cs\/svet-architektury\/seznam-architektu\/ing-arch-kandl-vit\">511 V\u00edt K\u00e1ndl<\/a><\/td>\n<td>ING. ARCH. V\u00cdT K\u00c1NDL<\/td>\n<\/tr>\n<tr>\n<td>1337<\/td>\n<td>\u00c7ekya<\/td>\n<td>Hradec Kr\u00e1lov\u00e9<\/td>\n<td><a href=\"https:\/\/www.cka.cz\/cs\/svet-architektury\/seznam-architektu\/ing-arch-krejcik-jiri\">512 Ji\u0159\u00ed Krej\u010d\u00edk<\/a><\/td>\n<td>ING. ARCH. JI\u0158\u00cd KREJ\u010c\u00cdK<\/td>\n<\/tr>\n<tr>\n<td>1338<\/td>\n<td>\u00c7ekya<\/td>\n<td>Hradec Kr\u00e1lov\u00e9<\/td>\n<td><a href=\"https:\/\/www.cka.cz\/cs\/svet-architektury\/seznam-architektu\/ing-arch-semrad-oldrich\">513 Old\u0159ich Semr\u00e1d<\/a><\/td>\n<td>ING. ARCH. OLD\u0158ICH SEMR\u00c1D<\/td>\n<\/tr>\n<tr>\n<td>1339<\/td>\n<td>\u00c7ekya<\/td>\n<td>J\u00e1chymov<\/td>\n<td><a href=\"https:\/\/www.cka.cz\/cs\/svet-architektury\/seznam-architektu\/ing-arch-egert-jaroslav\">514 Jaroslav Egert<\/a><\/td>\n<td>ING. ARCH. JAROSLAV EGERT<\/td>\n<\/tr>\n<tr>\n<td>1340<\/td>\n<td>\u00c7ekya<\/td>\n<td>Prag<\/td>\n<td><a href=\"https:\/\/www.cka.cz\/cs\/svet-architektury\/seznam-architektu\/ing-arch-gattermayer-ondrej\">515 Ond\u0159ej Gattermayer<\/a><\/td>\n<td>ING. ARCH. OND\u0158EJ GATTERMAYER<\/td>\n<\/tr>\n<tr>\n<td>1341<\/td>\n<td>\u00c7ekya<\/td>\n<td>Prag<\/td>\n<td><a href=\"https:\/\/www.cka.cz\/cs\/svet-architektury\/seznam-architektu\/akad-arch-langr-adam\">516 Adam Langr<\/a><\/td>\n<td>AKAD. ARCH. ADAM LANGR<\/td>\n<\/tr>\n<tr>\n<td>1342<\/td>\n<td>\u00c7ekya<\/td>\n<td>Prag<\/td>\n<td><a href=\"https:\/\/www.cka.cz\/cs\/svet-architektury\/seznam-architektu\/ing-arch-jiroutek-jiri\">517 Ji\u0159\u00ed Jiroutek<\/a><\/td>\n<td>ING. ARCH. JI\u0158\u00cd JIROUTEK<\/td>\n<\/tr>\n<tr>\n<td>1343<\/td>\n<td>\u00c7ekya<\/td>\n<td>Prag<\/td>\n<td><a href=\"https:\/\/www.cka.cz\/cs\/svet-architektury\/seznam-architektu\/doc-ing-arch-kolarik-radek\">518 Radek Kola\u0159\u00edk<\/a><\/td>\n<td>DOC. ING. ARCH. RADEK KOLA\u0158\u00cdK<\/td>\n<\/tr>\n<tr>\n<td>1344<\/td>\n<td>\u00c7ekya<\/td>\n<td>Prag<\/td>\n<td><a href=\"https:\/\/www.cka.cz\/cs\/svet-architektury\/seznam-architektu\/ing-arch-haman-oleg\">519 Oleg Haman<\/a><\/td>\n<td>ING. ARCH. OLEG HAMAN<\/td>\n<\/tr>\n<tr>\n<td>1345<\/td>\n<td>\u00c7ekya<\/td>\n<td>Prag<\/td>\n<td><a href=\"https:\/\/www.cka.cz\/cs\/svet-architektury\/seznam-architektu\/ing-arch-maier-karel\">520 Karel Maier<\/a><\/td>\n<td>ING. ARCH. KAREL MAIER<\/td>\n<\/tr>\n<tr>\n<td>1346<\/td>\n<td>\u00c7ekya<\/td>\n<td>Zl\u00edn<\/td>\n<td><a href=\"https:\/\/www.cka.cz\/cs\/svet-architektury\/seznam-architektu\/ing-arch-simordova-jitka\">521 Jitka \u0160imordov\u00e1<\/a><\/td>\n<td>ING. ARCH. JITKA \u0160IMORDOV\u00c1<\/td>\n<\/tr>\n<tr>\n<td>1347<\/td>\n<td>\u00c7ekya<\/td>\n<td>Brno<\/td>\n<td><a href=\"https:\/\/www.cka.cz\/cs\/svet-architektury\/seznam-architektu\/ing-arch-povusilova-bohunka\">522 Bohunka Pov\u00fd\u0161ilov\u00e1<\/a><\/td>\n<td>ING. ARCH. BOHUNKA POV\u00dd\u0160ILOV\u00c1<\/td>\n<\/tr>\n<tr>\n<td>1348<\/td>\n<td>\u00c7ekya<\/td>\n<td>Ostrava<\/td>\n<td><a href=\"https:\/\/www.cka.cz\/cs\/svet-architektury\/seznam-architektu\/ing-arch-vitoulova-milena\">523 Milena Vitoulov\u00e1<\/a><\/td>\n<td>ING. ARCH. MILENA VITOULOV\u00c1<\/td>\n<\/tr>\n<tr>\n<td>1349<\/td>\n<td>\u00c7ekya<\/td>\n<td>Ostrava<\/td>\n<td><a href=\"https:\/\/www.cka.cz\/cs\/svet-architektury\/seznam-architektu\/ing-arch-haluza-jaroslav\">524 Jaroslav Haluza<\/a><\/td>\n<td>ING. ARCH. JAROSLAV HALUZA<\/td>\n<\/tr>\n<tr>\n<td>1350<\/td>\n<td>\u00c7ekya<\/td>\n<td>Opava<\/td>\n<td><a href=\"https:\/\/www.cka.cz\/cs\/svet-architektury\/seznam-architektu\/ing-arch-smarda-petr\">525 Petr \u0160marda<\/a><\/td>\n<td>ING. ARCH. PETR \u0160MARDA<\/td>\n<\/tr>\n<tr>\n<td>1351<\/td>\n<td>\u00c7ekya<\/td>\n<td>Opava<\/td>\n<td><a href=\"https:\/\/www.cka.cz\/cs\/svet-architektury\/seznam-architektu\/ing-arch-jancik-jaromir\">526 Jarom\u00edr Jan\u010d\u00edk<\/a><\/td>\n<td>ING. ARCH. JAROM\u00cdR JAN\u010c\u00cdK<\/td>\n<\/tr>\n<tr>\n<td>1352<\/td>\n<td>\u00c7ekya<\/td>\n<td>Lelekovice<\/td>\n<td><a href=\"https:\/\/www.cka.cz\/cs\/svet-architektury\/seznam-architektu\/ing-arch-stavinohova-magdalena\">527 Magdalena Stavinohov\u00e1<\/a><\/td>\n<td>ING. ARCH. MAGDALENA STAVINOHOV\u00c1<\/td>\n<\/tr>\n<tr>\n<td>1353<\/td>\n<td>\u00c7ekya<\/td>\n<td>Brno<\/td>\n<td><a href=\"https:\/\/www.cka.cz\/cs\/svet-architektury\/seznam-architektu\/ing-arch-cihelkova-jarmila\">528 Jarmila Cihelkov\u00e1<\/a><\/td>\n<td>ING. ARCH. JARMILA CIHELKOV\u00c1<\/td>\n<\/tr>\n<tr>\n<td>1354<\/td>\n<td>\u00c7ekya<\/td>\n<td>Olomouc<\/td>\n<td><a href=\"https:\/\/www.cka.cz\/cs\/svet-architektury\/seznam-architektu\/ing-arch-benda-david\">529 David Benda<\/a><\/td>\n<td>ING. ARCH. DAVID BENDA<\/td>\n<\/tr>\n<tr>\n<td>1355<\/td>\n<td>\u00c7ekya<\/td>\n<td>M\u00edstek<\/td>\n<td><a href=\"https:\/\/www.cka.cz\/cs\/svet-architektury\/seznam-architektu\/ing-arch-zezula-kamil\">530 Kamil Zezula<\/a><\/td>\n<td>ING. ARCH. KAMIL ZEZULA<\/td>\n<\/tr>\n<tr>\n<td>1356<\/td>\n<td>\u00c7ekya<\/td>\n<td>Mari\u00e1nsk\u00e9 L\u00e1zn\u011b<\/td>\n<td><a href=\"https:\/\/www.cka.cz\/cs\/svet-architektury\/seznam-architektu\/ing-arch-urbanec-dalibor\">531 Dalibor Urbanec<\/a><\/td>\n<td>ING. ARCH. DALIBOR URBANEC<\/td>\n<\/tr>\n<tr>\n<td>1357<\/td>\n<td>\u00c7ekya<\/td>\n<td>Hradec Kr\u00e1lov\u00e9<\/td>\n<td><a href=\"https:\/\/www.cka.cz\/cs\/svet-architektury\/seznam-architektu\/ing-arch-toman-libor\">532 Libor Toman<\/a><\/td>\n<td>ING. ARCH. LIBOR TOMAN<\/td>\n<\/tr>\n<tr>\n<td>1358<\/td>\n<td>\u00c7ekya<\/td>\n<td>Dob\u0159\u00ed\u0161<\/td>\n<td><a href=\"https:\/\/www.cka.cz\/cs\/svet-architektury\/seznam-architektu\/ing-arch-cvrcek-karel\">533 Karel Cvr\u010dek<\/a><\/td>\n<td>ING. ARCH. KAREL CVR\u010cEK<\/td>\n<\/tr>\n<tr>\n<td>1359<\/td>\n<td>\u00c7ekya<\/td>\n<td>Prag<\/td>\n<td><a href=\"https:\/\/www.cka.cz\/cs\/svet-architektury\/seznam-architektu\/ing-arch-malinsky-petr\">534 Petr Malinsk\u00fd<\/a><\/td>\n<td>ING. ARCH. PETR MALINSK\u00dd<\/td>\n<\/tr>\n<tr>\n<td>1360<\/td>\n<td>\u00c7ekya<\/td>\n<td>Prag<\/td>\n<td><a href=\"https:\/\/www.cka.cz\/cs\/svet-architektury\/seznam-architektu\/ing-arch-korenu-petr\">535 Petr Ko\u0159en\u00fd<\/a><\/td>\n<td>ING. ARCH. PETR KO\u0158EN\u00dd<\/td>\n<\/tr>\n<tr>\n<td>1361<\/td>\n<td>\u00c7ekya<\/td>\n<td>Prag<\/td>\n<td><a href=\"https:\/\/www.cka.cz\/cs\/svet-architektury\/seznam-architektu\/ing-arch-netscher-jan\">536 Jan Netscher<\/a><\/td>\n<td>ING. ARCH. JAN NETSCHER<\/td>\n<\/tr>\n<tr>\n<td>1362<\/td>\n<td>\u00c7ekya<\/td>\n<td>Prag<\/td>\n<td><a href=\"https:\/\/www.cka.cz\/cs\/svet-architektury\/seznam-architektu\/ing-arch-houba-matous\">537 Matou\u0161 Houba<\/a><\/td>\n<td>ING. ARCH. MATOU\u0160 HOUBA<\/td>\n<\/tr>\n<tr>\n<td>1363<\/td>\n<td>\u00c7ekya<\/td>\n<td>Prag<\/td>\n<td><a href=\"https:\/\/www.cka.cz\/cs\/svet-architektury\/seznam-architektu\/ing-arch-pesek-miroslav\">538 Miroslav Pe\u0161ek<\/a><\/td>\n<td>ING. ARCH. MIROSLAV PE\u0160EK<\/td>\n<\/tr>\n<tr>\n<td>1364<\/td>\n<td>\u00c7ekya<\/td>\n<td>Prag<\/td>\n<td><a href=\"https:\/\/www.cka.cz\/cs\/svet-architektury\/seznam-architektu\/doc-ing-arch-vanek-jan-csc\">539 Jan Van\u011bk<\/a><\/td>\n<td>DOC. ING. ARCH. JAN VAN\u011aK CSC.<\/td>\n<\/tr>\n<tr>\n<td>1365<\/td>\n<td>\u00c7ekya<\/td>\n<td>Prag<\/td>\n<td><a href=\"https:\/\/www.cka.cz\/cs\/svet-architektury\/seznam-architektu\/ing-arch-kocka-ivan\">540 Ivan Kocka<\/a><\/td>\n<td>ING. ARCH. IVAN KOCKA<\/td>\n<\/tr>\n<tr>\n<td>1366<\/td>\n<td>\u00c7ekya<\/td>\n<td>Prag<\/td>\n<td><a href=\"https:\/\/www.cka.cz\/cs\/svet-architektury\/seznam-architektu\/ing-arch-smolik-michal\">541 Michal \u0160mol\u00edk<\/a><\/td>\n<td>ING. ARCH. MICHAL \u0160MOL\u00cdK<\/td>\n<\/tr>\n<tr>\n<td>1367<\/td>\n<td>\u00c7ekya<\/td>\n<td>Prag<\/td>\n<td><a href=\"https:\/\/www.cka.cz\/cs\/svet-architektury\/seznam-architektu\/ing-arch-baroch-vaclav\">542 V\u00e1clav Baroch<\/a><\/td>\n<td>ING. ARCH. V\u00c1CLAV BAROCH<\/td>\n<\/tr>\n<tr>\n<td>1368<\/td>\n<td>\u00c7ekya<\/td>\n<td>Prag<\/td>\n<td><a href=\"https:\/\/www.cka.cz\/cs\/svet-architektury\/seznam-architektu\/ing-arch-houda-ales\">543 Ale\u0161 Houda<\/a><\/td>\n<td>ING. ARCH. ALE\u0160 HOUDA<\/td>\n<\/tr>\n<tr>\n<td>1369<\/td>\n<td>\u00c7ekya<\/td>\n<td>Prag<\/td>\n<td><a href=\"https:\/\/www.cka.cz\/cs\/svet-architektury\/seznam-architektu\/ing-arch-horejsi-ivan\">544 Ivan Ho\u0159ej\u0161\u00ed<\/a><\/td>\n<td>ING. ARCH. IVAN HO\u0158EJ\u0160\u00cd<\/td>\n<\/tr>\n<tr>\n<td>1370<\/td>\n<td>\u00c7ekya<\/td>\n<td>Prag<\/td>\n<td><a href=\"https:\/\/www.cka.cz\/cs\/svet-architektury\/seznam-architektu\/ing-arch-psenicka-zbynek\">545 Zbyn\u011bk P\u0161eni\u010dka<\/a><\/td>\n<td>ING. ARCH. ZBYN\u011aK P\u0160ENI\u010cKA<\/td>\n<\/tr>\n<tr>\n<td>1371<\/td>\n<td>\u00c7ekya<\/td>\n<td>Prag<\/td>\n<td><a href=\"https:\/\/www.cka.cz\/cs\/svet-architektury\/seznam-architektu\/ing-arch-fruhauf-alois\">546 Alois Fr\u00fchauf<\/a><\/td>\n<td>ING. ARCH. ALOIS FR\u00dcHAUF<\/td>\n<\/tr>\n<tr>\n<td>1372<\/td>\n<td>\u00c7ekya<\/td>\n<td>L\u00ed\u0161\u0165any<\/td>\n<td><a href=\"https:\/\/www.cka.cz\/cs\/svet-architektury\/seznam-architektu\/ing-arch-lanyova-alena\">547 Alena L\u00e1nyov\u00e1<\/a><\/td>\n<td>ING. ARCH. ALENA L\u00c1NYOV\u00c1<\/td>\n<\/tr>\n<tr>\n<td>1373<\/td>\n<td>\u00c7ekya<\/td>\n<td>\u010cesk\u00e9 Bud\u011bjovice<\/td>\n<td><a href=\"https:\/\/www.cka.cz\/cs\/svet-architektury\/seznam-architektu\/ing-arch-vubornu-pavel\">548 Pavel V\u00fdborn\u00fd<\/a><\/td>\n<td>ING. ARCH. PAVEL V\u00ddBORN\u00dd<\/td>\n<\/tr>\n<tr>\n<td>1374<\/td>\n<td>\u00c7ekya<\/td>\n<td>Zl\u00edn<\/td>\n<td><a href=\"https:\/\/www.cka.cz\/cs\/svet-architektury\/seznam-architektu\/ing-arch-dujka-vladimir\">549 Vladim\u00edr Dujka<\/a><\/td>\n<td>ING. ARCH. VLADIM\u00cdR DUJKA<\/td>\n<\/tr>\n<tr>\n<td>1375<\/td>\n<td>\u00c7ekya<\/td>\n<td>Ostrava<\/td>\n<td><a href=\"https:\/\/www.cka.cz\/cs\/svet-architektury\/seznam-architektu\/ing-arch-cvanda-petr\">550 Petr \u010cvanda<\/a><\/td>\n<td>ING. ARCH. PETR \u010cVANDA<\/td>\n<\/tr>\n<tr>\n<td>1376<\/td>\n<td>\u00c7ekya<\/td>\n<td>Jihlava<\/td>\n<td><a href=\"https:\/\/www.cka.cz\/cs\/svet-architektury\/seznam-architektu\/ing-arch-fousek-pavel\">551 Pavel Fousek<\/a><\/td>\n<td>ING. ARCH. PAVEL FOUSEK<\/td>\n<\/tr>\n<tr>\n<td>1377<\/td>\n<td>\u00c7ekya<\/td>\n<td>Jihlava<\/td>\n<td><a href=\"https:\/\/www.cka.cz\/cs\/svet-architektury\/seznam-architektu\/ing-arch-vonavka-petr\">552 Petr Vo\u0148avka<\/a><\/td>\n<td>ING. ARCH. PETR VO\u0147AVKA<\/td>\n<\/tr>\n<tr>\n<td>1378<\/td>\n<td>\u00c7ekya<\/td>\n<td>Brno<\/td>\n<td><a href=\"https:\/\/www.cka.cz\/cs\/svet-architektury\/seznam-architektu\/ing-arch-seibert-emil\">553 Emil Seibert<\/a><\/td>\n<td>ING. ARCH. EMIL SEIBERT<\/td>\n<\/tr>\n<tr>\n<td>1379<\/td>\n<td>\u00c7ekya<\/td>\n<td>Pardubice<\/td>\n<td><a href=\"https:\/\/www.cka.cz\/cs\/svet-architektury\/seznam-architektu\/ing-arch-kamenicka-michaela\">554 Michaela Kamenick\u00e1<\/a><\/td>\n<td>ING. ARCH. MICHAELA KAMENICK\u00c1<\/td>\n<\/tr>\n<tr>\n<td>1380<\/td>\n<td>\u00c7ekya<\/td>\n<td>Znojmo<\/td>\n<td><a href=\"https:\/\/www.cka.cz\/cs\/svet-architektury\/seznam-architektu\/ing-arch-orsiniova-natasa\">555 Nata\u0161a Orsinov\u00e1<\/a><\/td>\n<td>ING. ARCH. NATA\u0160A ORSINOV\u00c1<\/td>\n<\/tr>\n<tr>\n<td>1381<\/td>\n<td>\u00c7ekya<\/td>\n<td>Horom\u011b\u0159ice<\/td>\n<td><a href=\"https:\/\/www.cka.cz\/cs\/svet-architektury\/seznam-architektu\/akad-arch-hruschka-jan\">556 Jan Hruschka<\/a><\/td>\n<td>AKAD. ARCH. JAN HRUSCHKA<\/td>\n<\/tr>\n<tr>\n<td>1382<\/td>\n<td>\u00c7ekya<\/td>\n<td>Prag<\/td>\n<td><a href=\"https:\/\/www.cka.cz\/cs\/svet-architektury\/seznam-architektu\/akad-arch-jansa-milan\">557 Milan Jansa<\/a><\/td>\n<td>AKAD. ARCH. MILAN JANSA<\/td>\n<\/tr>\n<tr>\n<td>1383<\/td>\n<td>\u00c7ekya<\/td>\n<td>Prag<\/td>\n<td><a href=\"https:\/\/www.cka.cz\/cs\/svet-architektury\/seznam-architektu\/ing-arch-synovec-milos\">558 Milo\u0161 Synovec<\/a><\/td>\n<td>ING. ARCH. MILO\u0160 SYNOVEC<\/td>\n<\/tr>\n<tr>\n<td>1384<\/td>\n<td>\u00c7ekya<\/td>\n<td>Prag<\/td>\n<td><a href=\"https:\/\/www.cka.cz\/cs\/svet-architektury\/seznam-architektu\/ing-arch-hronova-hedvika\">559 Hedvika Hronov\u00e1<\/a><\/td>\n<td>ING. ARCH. HEDVIKA HRONOV\u00c1<\/td>\n<\/tr>\n<tr>\n<td>1385<\/td>\n<td>\u00c7ekya<\/td>\n<td>Prag<\/td>\n<td><a href=\"https:\/\/www.cka.cz\/cs\/svet-architektury\/seznam-architektu\/ing-arch-koutsku-karel\">560 Karel Koutsk\u00fd<\/a><\/td>\n<td>ING. ARCH. KAREL KOUTSK\u00dd<\/td>\n<\/tr>\n<tr>\n<td>1386<\/td>\n<td>\u00c7ekya<\/td>\n<td>Prag<\/td>\n<td><a href=\"https:\/\/www.cka.cz\/cs\/svet-architektury\/seznam-architektu\/doc-ing-arch-kotas-patrik\">561 Patrik Kotas<\/a><\/td>\n<td>DOC. ING. ARCH. PATRIK KOTAS<\/td>\n<\/tr>\n<tr>\n<td>1387<\/td>\n<td>\u00c7ekya<\/td>\n<td>Prag<\/td>\n<td><a href=\"https:\/\/www.cka.cz\/cs\/svet-architektury\/seznam-architektu\/ing-arch-dlabal-david\">562 David Dlabal<\/a><\/td>\n<td>ING. ARCH. DAVID DLABAL<\/td>\n<\/tr>\n<tr>\n<td>1388<\/td>\n<td>\u00c7ekya<\/td>\n<td>\u0158\u00ed\u010dany<\/td>\n<td><a href=\"https:\/\/www.cka.cz\/cs\/svet-architektury\/seznam-architektu\/ing-arch-podhajsky-tomas\">563 Tom\u00e1\u0161 Podhajsk\u00fd<\/a><\/td>\n<td>ING. ARCH. TOM\u00c1\u0160 PODHAJSK\u00dd<\/td>\n<\/tr>\n<tr>\n<td>1389<\/td>\n<td>\u00c7ekya<\/td>\n<td>Prag<\/td>\n<td><a href=\"https:\/\/www.cka.cz\/cs\/svet-architektury\/seznam-architektu\/ing-arch-nigrinova-milena\">564 Milena Nigrinov\u00e1<\/a><\/td>\n<td>ING. ARCH. MILENA NIGRINOV\u00c1<\/td>\n<\/tr>\n<tr>\n<td>1390<\/td>\n<td>\u00c7ekya<\/td>\n<td>Prag<\/td>\n<td><a href=\"https:\/\/www.cka.cz\/cs\/svet-architektury\/seznam-architektu\/ing-arch-matejovsky-lukas\">565 Luk\u00e1\u0161 Mat\u011bjovsk\u00fd<\/a><\/td>\n<td>ING. ARCH. LUK\u00c1\u0160 MAT\u011aJOVSK\u00dd<\/td>\n<\/tr>\n<tr>\n<td>1391<\/td>\n<td>\u00c7ekya<\/td>\n<td>Prag<\/td>\n<td><a href=\"https:\/\/www.cka.cz\/cs\/svet-architektury\/seznam-architektu\/ing-arch-cerny-radko\">566 Radko \u010cern\u00fd<\/a><\/td>\n<td>ING. ARCH. RADKO \u010cERN\u00dd<\/td>\n<\/tr>\n<tr>\n<td>1392<\/td>\n<td>\u00c7ekya<\/td>\n<td>Prag<\/td>\n<td><a href=\"https:\/\/www.cka.cz\/cs\/svet-architektury\/seznam-architektu\/ing-arch-sedlon-josef\">567 Josef Sedlo\u0148<\/a><\/td>\n<td>ING. ARCH. JOSEF SEDLO\u0147<\/td>\n<\/tr>\n<tr>\n<td>1393<\/td>\n<td>\u00c7ekya<\/td>\n<td>Prag<\/td>\n<td><a href=\"https:\/\/www.cka.cz\/cs\/svet-architektury\/seznam-architektu\/ing-arch-masek-petr\">568 Petr Ma\u0161ek<\/a><\/td>\n<td>ING. ARCH. PETR MA\u0160EK<\/td>\n<\/tr>\n<tr>\n<td>1394<\/td>\n<td>\u00c7ekya<\/td>\n<td>Prag<\/td>\n<td><a href=\"https:\/\/www.cka.cz\/cs\/svet-architektury\/seznam-architektu\/ing-arch-gotz-jiri\">569 Ji\u0159\u00ed Gotz<\/a><\/td>\n<td>ING. ARCH. JI\u0158\u00cd GOTZ<\/td>\n<\/tr>\n<tr>\n<td>1395<\/td>\n<td>\u00c7ekya<\/td>\n<td>Prag<\/td>\n<td><a href=\"https:\/\/www.cka.cz\/cs\/svet-architektury\/seznam-architektu\/ing-arch-gotzova-dagmar\">570 Dagmar G\u00f6tzov\u00e1<\/a><\/td>\n<td>ING. ARCH. DAGMAR G\u00d6TZOV\u00c1<\/td>\n<\/tr>\n<tr>\n<td>1396<\/td>\n<td>\u00c7ekya<\/td>\n<td>Prag<\/td>\n<td><a href=\"https:\/\/www.cka.cz\/cs\/svet-architektury\/seznam-architektu\/ing-arch-pribyl-lubomir\">571 Lubom\u00edr P\u0159ibyl<\/a><\/td>\n<td>ING. ARCH. LUBOM\u00cdR P\u0158IBYL<\/td>\n<\/tr>\n<tr>\n<td>1397<\/td>\n<td>\u00c7ekya<\/td>\n<td>Prag<\/td>\n<td><a href=\"https:\/\/www.cka.cz\/cs\/svet-architektury\/seznam-architektu\/ing-arch-kasparova-marie\">572 Marie Ka\u0161parov\u00e1<\/a><\/td>\n<td>ING. ARCH. MARIE KA\u0160PAROV\u00c1<\/td>\n<\/tr>\n<tr>\n<td>1398<\/td>\n<td>\u00c7ekya<\/td>\n<td>Kralovice<\/td>\n<td><a href=\"https:\/\/www.cka.cz\/cs\/svet-architektury\/seznam-architektu\/ing-arch-hammerschmied-jan\">573 Jan Hammerschmied<\/a><\/td>\n<td>ING. ARCH. JAN HAMMERSCHMIED<\/td>\n<\/tr>\n<tr>\n<td>1399<\/td>\n<td>\u00c7ekya<\/td>\n<td>Prag<\/td>\n<td><a href=\"https:\/\/www.cka.cz\/cs\/svet-architektury\/seznam-architektu\/prof-ing-arch-navratil-arnost-csc\">574 Arno\u0161t Navr\u00e1til<\/a><\/td>\n<td>PROF. ING. ARCH. ARNO\u0160T NAVR\u00c1TIL CSC.<\/td>\n<\/tr>\n<tr>\n<td>1400<\/td>\n<td>\u00c7ekya<\/td>\n<td>Prag<\/td>\n<td><a href=\"https:\/\/www.cka.cz\/cs\/svet-architektury\/seznam-architektu\/doc-ing-arch-kopriva-milos\">575 Milo\u0161 Kop\u0159iva<\/a><\/td>\n<td>PROF. ING. ARCH. MILO\u0160 KOP\u0158IVA<\/td>\n<\/tr>\n<tr>\n<td>1401<\/td>\n<td>\u00c7ekya<\/td>\n<td>Prag<\/td>\n<td><a href=\"https:\/\/www.cka.cz\/cs\/svet-architektury\/seznam-architektu\/ing-arch-kaplanova-jarmila\">576 Jarmila Kaplanov\u00e1<\/a><\/td>\n<td>ING. ARCH. JARMILA KAPLANOV\u00c1<\/td>\n<\/tr>\n<tr>\n<td>1402<\/td>\n<td>\u00c7ekya<\/td>\n<td>Prag<\/td>\n<td><a href=\"https:\/\/www.cka.cz\/cs\/svet-architektury\/seznam-architektu\/ing-arch-kaplan-ivan\">577 Ivan Kaplan<\/a><\/td>\n<td>ING. ARCH. IVAN KAPLAN<\/td>\n<\/tr>\n<tr>\n<td>1403<\/td>\n<td>\u00c7ekya<\/td>\n<td>Prag<\/td>\n<td><a href=\"https:\/\/www.cka.cz\/cs\/svet-architektury\/seznam-architektu\/ing-arch-vrzal-jiri\">578 Ji\u0159\u00ed Vrzal<\/a><\/td>\n<td>ING. ARCH. JI\u0158\u00cd VRZAL<\/td>\n<\/tr>\n<tr>\n<td>1404<\/td>\n<td>\u00c7ekya<\/td>\n<td>Prag<\/td>\n<td><a href=\"https:\/\/www.cka.cz\/cs\/svet-architektury\/seznam-architektu\/ing-akad-arch-krejci-petr\">579 Petr Krej\u010d\u00ed<\/a><\/td>\n<td>ING. AKAD. ARCH. PETR KREJ\u010c\u00cd<\/td>\n<\/tr>\n<tr>\n<td>1405<\/td>\n<td>\u00c7ekya<\/td>\n<td>Velk\u00e9 P\u0159\u00edlepy<\/td>\n<td><a href=\"https:\/\/www.cka.cz\/cs\/svet-architektury\/seznam-architektu\/ing-arch-pivonka-ludvik\">580 Ludv\u00edk Pivo\u0148ka<\/a><\/td>\n<td>ING. ARCH. LUDV\u00cdK PIVO\u0147KA<\/td>\n<\/tr>\n<tr>\n<td>1406<\/td>\n<td>\u00c7ekya<\/td>\n<td>Prag<\/td>\n<td><a href=\"https:\/\/www.cka.cz\/cs\/svet-architektury\/seznam-architektu\/ing-arch-david-josef\">581 Josef David<\/a><\/td>\n<td>ING. ARCH. JOSEF DAVID<\/td>\n<\/tr>\n<tr>\n<td>1407<\/td>\n<td>\u00c7ekya<\/td>\n<td>Hradec Kr\u00e1lov\u00e9<\/td>\n<td><a href=\"https:\/\/www.cka.cz\/cs\/svet-architektury\/seznam-architektu\/ing-arch-vasata-zdenek\">582 Zden\u011bk Va\u0161ata<\/a><\/td>\n<td>ING. ARCH. ZDEN\u011aK VA\u0160ATA<\/td>\n<\/tr>\n<tr>\n<td>1408<\/td>\n<td>\u00c7ekya<\/td>\n<td>\u010cesk\u00e9 Bud\u011bjovice<\/td>\n<td><a href=\"https:\/\/www.cka.cz\/cs\/svet-architektury\/seznam-architektu\/ing-arch-malec-antonin-1\">583 Anton\u00edn Malec<\/a><\/td>\n<td>ING. ARCH. ANTON\u00cdN MALEC<\/td>\n<\/tr>\n<tr>\n<td>1409<\/td>\n<td>\u00c7ekya<\/td>\n<td>Prag<\/td>\n<td><a href=\"https:\/\/www.cka.cz\/cs\/svet-architektury\/seznam-architektu\/ing-arch-dvorak-danes\">584 Dane\u0161 Dvo\u0159\u00e1k<\/a><\/td>\n<td>ING. ARCH. DANE\u0160 DVO\u0158\u00c1K<\/td>\n<\/tr>\n<tr>\n<td>1410<\/td>\n<td>\u00c7ekya<\/td>\n<td>\u010cesk\u00e9 Bud\u011bjovice<\/td>\n<td><a href=\"https:\/\/www.cka.cz\/cs\/svet-architektury\/seznam-architektu\/ing-arch-malec-martin\">585 Martin Malec<\/a><\/td>\n<td>ING. ARCH. MARTIN MALEC<\/td>\n<\/tr>\n<tr>\n<td>1411<\/td>\n<td>\u00c7ekya<\/td>\n<td>Mlad\u00e1 Bolesla<\/td>\n<td><a href=\"https:\/\/www.cka.cz\/cs\/svet-architektury\/seznam-architektu\/ing-arch-kucera-vladimir\">586 Vladim\u00edr Ku\u010dera<\/a><\/td>\n<td>ING. ARCH. VLADIM\u00cdR KU\u010cERA<\/td>\n<\/tr>\n<tr>\n<td>1412<\/td>\n<td>\u00c7ekya<\/td>\n<td>Prag<\/td>\n<td><a href=\"https:\/\/www.cka.cz\/cs\/svet-architektury\/seznam-architektu\/ing-arch-vokrouhlecka-hana\">587 Hana Vokrouhleck\u00e1<\/a><\/td>\n<td>ING. ARCH. HANA VOKROUHLECK\u00c1<\/td>\n<\/tr>\n<tr>\n<td>1413<\/td>\n<td>\u00c7ekya<\/td>\n<td>Vyso\u010dina<\/td>\n<td><a href=\"https:\/\/www.cka.cz\/cs\/svet-architektury\/seznam-architektu\/ing-arch-kyncl-pavel\">588 Pavel Kyncl<\/a><\/td>\n<td>ING. ARCH. PAVEL KYNCL<\/td>\n<\/tr>\n<tr>\n<td>1414<\/td>\n<td>\u00c7ekya<\/td>\n<td>Prag<\/td>\n<td><a href=\"https:\/\/www.cka.cz\/cs\/svet-architektury\/seznam-architektu\/ing-arch-dandova-magdalena\">589 Magdalena Dandov\u00e1<\/a><\/td>\n<td>ING. ARCH. MAGDALENA DANDOV\u00c1<\/td>\n<\/tr>\n<tr>\n<td>1415<\/td>\n<td>\u00c7ekya<\/td>\n<td>Prag<\/td>\n<td><a href=\"https:\/\/www.cka.cz\/cs\/svet-architektury\/seznam-architektu\/ing-arch-knejp-jaromir\">590 Jarom\u00edr Knejp<\/a><\/td>\n<td>ING. ARCH. JAROM\u00cdR KNEJP<\/td>\n<\/tr>\n<tr>\n<td>1416<\/td>\n<td>\u00c7ekya<\/td>\n<td>\u010cesk\u00e9 Bud\u011bjovice<\/td>\n<td><a href=\"https:\/\/www.cka.cz\/cs\/svet-architektury\/seznam-architektu\/ing-arch-hlousek-alois\">591 Alois Hlou\u0161ek<\/a><\/td>\n<td>ING. ARCH. ALOIS HLOU\u0160EK<\/td>\n<\/tr>\n<tr>\n<td>1417<\/td>\n<td>\u00c7ekya<\/td>\n<td>Prag<\/td>\n<td><a href=\"https:\/\/www.cka.cz\/cs\/svet-architektury\/seznam-architektu\/akad-arch-uhlir-vladimir\">592 Vladim\u00edr Uhl\u00ed\u0159<\/a><\/td>\n<td>AKAD. ARCH. VLADIM\u00cdR UHL\u00cd\u0158<\/td>\n<\/tr>\n<tr>\n<td>1418<\/td>\n<td>\u00c7ekya<\/td>\n<td>\u017datec<\/td>\n<td><a href=\"https:\/\/www.cka.cz\/cs\/svet-architektury\/seznam-architektu\/ing-arch-vanicek-jiri\">593 Ji\u0159\u00ed Van\u00ed\u010dek<\/a><\/td>\n<td>ING. ARCH. JI\u0158\u00cd VAN\u00cd\u010cEK<\/td>\n<\/tr>\n<tr>\n<td>1419<\/td>\n<td>\u00c7ekya<\/td>\n<td>V\u0161estudy<\/td>\n<td><a href=\"https:\/\/www.cka.cz\/cs\/svet-architektury\/seznam-architektu\/ing-arch-hanl-jiri\">594 Ji\u0159\u00ed H\u00e1nl<\/a><\/td>\n<td>ING. ARCH. JI\u0158\u00cd H\u00c1NL<\/td>\n<\/tr>\n<tr>\n<td>1420<\/td>\n<td>\u00c7ekya<\/td>\n<td>Prag<\/td>\n<td><a href=\"https:\/\/www.cka.cz\/cs\/svet-architektury\/seznam-architektu\/ing-arch-ehl-jiri\">595 Ji\u0159\u00ed Ehl<\/a><\/td>\n<td>ING. ARCH. JI\u0158\u00cd EHL<\/td>\n<\/tr>\n<tr>\n<td>1421<\/td>\n<td>\u00c7ekya<\/td>\n<td>Nov\u00fd Bor<\/td>\n<td><a href=\"https:\/\/www.cka.cz\/cs\/svet-architektury\/seznam-architektu\/ing-arch-knakal-jiri\">596 Ji\u0159\u00ed K\u0148\u00e1kal<\/a><\/td>\n<td>ING. ARCH. JI\u0158\u00cd K\u0147\u00c1KAL<\/td>\n<\/tr>\n<tr>\n<td>1422<\/td>\n<td>\u00c7ekya<\/td>\n<td>Prag<\/td>\n<td><a href=\"https:\/\/www.cka.cz\/cs\/svet-architektury\/seznam-architektu\/ing-arch-valouch-klement\">597 Klement Valouch<\/a><\/td>\n<td>ING. ARCH. KLEMENT VALOUCH<\/td>\n<\/tr>\n<tr>\n<td>1423<\/td>\n<td>\u00c7ekya<\/td>\n<td>Rokycany<\/td>\n<td><a href=\"https:\/\/www.cka.cz\/cs\/svet-architektury\/seznam-architektu\/ing-arch-lukes-milan\">598 Milan Luke\u0161<\/a><\/td>\n<td>ING. ARCH. MILAN LUKE\u0160<\/td>\n<\/tr>\n<tr>\n<td>1424<\/td>\n<td>\u00c7ekya<\/td>\n<td>Prag<\/td>\n<td><a href=\"https:\/\/www.cka.cz\/cs\/svet-architektury\/seznam-architektu\/ing-arch-dohnalova-daniela\">599 Daniela Dohnalov\u00e1<\/a><\/td>\n<td>ING. ARCH. DANIELA DOHNALOV\u00c1<\/td>\n<\/tr>\n<tr>\n<td>1425<\/td>\n<td>\u00c7ekya<\/td>\n<td>Pardubice<\/td>\n<td><a href=\"https:\/\/www.cka.cz\/cs\/svet-architektury\/seznam-architektu\/ing-arch-mensik-jaroslav\">600 Jaroslav Men\u0161\u00edk<\/a><\/td>\n<td>ING. ARCH. JAROSLAV MEN\u0160\u00cdK<\/td>\n<\/tr>\n<tr>\n<td>1426<\/td>\n<td>\u00c7ekya<\/td>\n<td>Ok\u0159\u00ed\u0161ky<\/td>\n<td><a href=\"https:\/\/www.cka.cz\/cs\/svet-architektury\/seznam-architektu\/ing-arch-velc-milan\">601 Milan Velc<\/a><\/td>\n<td>ING. ARCH. MILAN VELC<\/td>\n<\/tr>\n<tr>\n<td>1427<\/td>\n<td>\u00c7ekya<\/td>\n<td>Zl\u00edn<\/td>\n<td><a href=\"https:\/\/www.cka.cz\/cs\/svet-architektury\/seznam-architektu\/ing-arch-haluzik-zdenek\">602 Zden\u011bk Haluz\u00edk<\/a><\/td>\n<td>ING. ARCH. ZDEN\u011aK HALUZ\u00cdK<\/td>\n<\/tr>\n<tr>\n<td>1428<\/td>\n<td>\u00c7ekya<\/td>\n<td>Prag<\/td>\n<td><a href=\"https:\/\/www.cka.cz\/cs\/svet-architektury\/seznam-architektu\/ing-arch-lhotak-zdenek\">603 Zden\u011bk Lhot\u00e1k<\/a><\/td>\n<td>ING. ARCH. ZDEN\u011aK LHOT\u00c1K<\/td>\n<\/tr>\n<tr>\n<td>1429<\/td>\n<td>\u00c7ekya<\/td>\n<td>Liberec<\/td>\n<td><a href=\"https:\/\/www.cka.cz\/cs\/svet-architektury\/seznam-architektu\/ing-arch-zrnik-milan\">604 Milan Zrn\u00edk<\/a><\/td>\n<td>ING. ARCH. MILAN ZRN\u00cdK<\/td>\n<\/tr>\n<tr>\n<td>1430<\/td>\n<td>\u00c7ekya<\/td>\n<td>Prag<\/td>\n<td><a href=\"https:\/\/www.cka.cz\/cs\/svet-architektury\/seznam-architektu\/ing-arch-pav-petr\">605 Petr P\u00e1v<\/a><\/td>\n<td>ING. ARCH. PETR P\u00c1V<\/td>\n<\/tr>\n<tr>\n<td>1431<\/td>\n<td>\u00c7ekya<\/td>\n<td>\u010cesk\u00e9 Bud\u011bjovice<\/td>\n<td><a href=\"https:\/\/www.cka.cz\/cs\/svet-architektury\/seznam-architektu\/ing-arch-petrlik-frantisek\">606 Franti\u0161ek Petrl\u00edk<\/a><\/td>\n<td>ING. ARCH. FRANTI\u0160EK PETRL\u00cdK<\/td>\n<\/tr>\n<tr>\n<td>1432<\/td>\n<td>\u00c7ekya<\/td>\n<td>Machov<\/td>\n<td><a href=\"https:\/\/www.cka.cz\/cs\/svet-architektury\/seznam-architektu\/ing-arch-jirasek-tomas\">607 Tom\u00e1\u0161 Jir\u00e1sek<\/a><\/td>\n<td>ING. ARCH. TOM\u00c1\u0160 JIR\u00c1SEK<\/td>\n<\/tr>\n<tr>\n<td>1433<\/td>\n<td>\u00c7ekya<\/td>\n<td>Prag<\/td>\n<td><a href=\"https:\/\/www.cka.cz\/cs\/svet-architektury\/seznam-architektu\/ing-arch-michalek-jiri-csc\">608 Ji\u0159\u00ed Mich\u00e1lek<\/a><\/td>\n<td>ING. ARCH. JI\u0158\u00cd MICH\u00c1LEK CSC.<\/td>\n<\/tr>\n<tr>\n<td>1434<\/td>\n<td>\u00c7ekya<\/td>\n<td>Prag<\/td>\n<td><a href=\"https:\/\/www.cka.cz\/cs\/svet-architektury\/seznam-architektu\/ing-arch-kasl-jan\">609 Jan Kasl<\/a><\/td>\n<td>ING. ARCH. JAN KASL<\/td>\n<\/tr>\n<tr>\n<td>1435<\/td>\n<td>\u00c7ekya<\/td>\n<td>Li\u0161ov<\/td>\n<td><a href=\"https:\/\/www.cka.cz\/cs\/svet-architektury\/seznam-architektu\/ing-arch-myslivecek-jiri\">610 Ji\u0159\u00ed Myslive\u010dek<\/a><\/td>\n<td>ING. ARCH. JI\u0158\u00cd MYSLIVE\u010cEK<\/td>\n<\/tr>\n<tr>\n<td>1436<\/td>\n<td>\u00c7ekya<\/td>\n<td>Prag<\/td>\n<td><a href=\"https:\/\/www.cka.cz\/cs\/svet-architektury\/seznam-architektu\/ing-arch-auer-zdenek\">611 Zden\u011bk Auer<\/a><\/td>\n<td>ING. ARCH. ZDEN\u011aK AUER<\/td>\n<\/tr>\n<tr>\n<td>1437<\/td>\n<td>\u00c7ekya<\/td>\n<td>Prag<\/td>\n<td><a href=\"https:\/\/www.cka.cz\/cs\/svet-architektury\/seznam-architektu\/ing-arch-blazek-zdenek\">612 Zden\u011bk Bla\u017eek<\/a><\/td>\n<td>ING. ARCH. ZDEN\u011aK BLA\u017dEK<\/td>\n<\/tr>\n<tr>\n<td>1438<\/td>\n<td>\u00c7ekya<\/td>\n<td>Ro\u010dov<\/td>\n<td><a href=\"https:\/\/www.cka.cz\/cs\/svet-architektury\/seznam-architektu\/ing-arch-chlouba-karel\">613 Karel Chlouba<\/a><\/td>\n<td>ING. ARCH. KAREL CHLOUBA<\/td>\n<\/tr>\n<tr>\n<td>1439<\/td>\n<td>\u00c7ekya<\/td>\n<td>Prag<\/td>\n<td><a href=\"https:\/\/www.cka.cz\/cs\/svet-architektury\/seznam-architektu\/ing-arch-durdik-petr\">614 Petr Durd\u00edk<\/a><\/td>\n<td>ING. ARCH. PETR DURD\u00cdK<\/td>\n<\/tr>\n<tr>\n<td>1440<\/td>\n<td>\u00c7ekya<\/td>\n<td>Hradec Kr\u00e1lov\u00e9<\/td>\n<td><a href=\"https:\/\/www.cka.cz\/cs\/svet-architektury\/seznam-architektu\/ing-arch-kralik-emil\">615 Emil Kr\u00e1l\u00edk<\/a><\/td>\n<td>ING. ARCH. EMIL KR\u00c1L\u00cdK<\/td>\n<\/tr>\n<tr>\n<td>1441<\/td>\n<td>\u00c7ekya<\/td>\n<td>Ostrava<\/td>\n<td><a href=\"https:\/\/www.cka.cz\/cs\/svet-architektury\/seznam-architektu\/ing-arch-luzarova-ludmila\">616 Ludmila Luzarov\u00e1<\/a><\/td>\n<td>ING. ARCH. LUDMILA LUZAROV\u00c1<\/td>\n<\/tr>\n<tr>\n<td>1442<\/td>\n<td>\u00c7ekya<\/td>\n<td>Prag<\/td>\n<td><a href=\"https:\/\/www.cka.cz\/cs\/svet-architektury\/seznam-architektu\/ing-arch-medova-blanka\">617 Blanka Medov\u00e1<\/a><\/td>\n<td>ING. ARCH. BLANKA MEDOV\u00c1<\/td>\n<\/tr>\n<tr>\n<td>1443<\/td>\n<td>\u00c7ekya<\/td>\n<td>Fr\u00fddek M\u00edstek<\/td>\n<td><a href=\"https:\/\/www.cka.cz\/cs\/svet-architektury\/seznam-architektu\/ing-arch-slosar-ivo\">618 Ivo \u0160losar<\/a><\/td>\n<td>ING. ARCH. IVO \u0160LOSAR<\/td>\n<\/tr>\n<tr>\n<td>1444<\/td>\n<td>\u00c7ekya<\/td>\n<td>Brno<\/td>\n<td><a href=\"https:\/\/www.cka.cz\/cs\/svet-architektury\/seznam-architektu\/ing-arch-kabelac-ivo\">619 Ivo Kabel\u00e1\u010d<\/a><\/td>\n<td>ING. ARCH. IVO KABEL\u00c1\u010c<\/td>\n<\/tr>\n<tr>\n<td>1445<\/td>\n<td>\u00c7ekya<\/td>\n<td>Brno<\/td>\n<td><a href=\"https:\/\/www.cka.cz\/cs\/svet-architektury\/seznam-architektu\/doc-ing-arch-vodickova-eva-csc\">620 Eva Vodi\u010dkov\u00e1<\/a><\/td>\n<td>DOC. ING. ARCH. EVA VODI\u010cKOV\u00c1 CSC.<\/td>\n<\/tr>\n<tr>\n<td>1446<\/td>\n<td>\u00c7ekya<\/td>\n<td>Libereck\u00fd kraj<\/td>\n<td><a href=\"https:\/\/www.cka.cz\/cs\/svet-architektury\/seznam-architektu\/ing-arch-tomesek-martin\">621 Martin Tome\u0161ek<\/a><\/td>\n<td>ING. ARCH. MARTIN TOME\u0160EK<\/td>\n<\/tr>\n<tr>\n<td>1447<\/td>\n<td>\u00c7ekya<\/td>\n<td>Ostrava<\/td>\n<td><a href=\"https:\/\/www.cka.cz\/cs\/svet-architektury\/seznam-architektu\/ing-arch-kupka-zdenek\">622 Zden\u011bk Kupka<\/a><\/td>\n<td>ING. ARCH. ZDEN\u011aK KUPKA<\/td>\n<\/tr>\n<tr>\n<td>1448<\/td>\n<td>\u00c7ekya<\/td>\n<td>Vyso\u010dina<\/td>\n<td><a href=\"https:\/\/www.cka.cz\/cs\/svet-architektury\/seznam-architektu\/ing-arch-nevole-jan\">623 Jan Nevole<\/a><\/td>\n<td>ING. ARCH. JAN NEVOLE<\/td>\n<\/tr>\n<tr>\n<td>1449<\/td>\n<td>\u00c7ekya<\/td>\n<td>Vyso\u010dina<\/td>\n<td><a href=\"https:\/\/www.cka.cz\/cs\/svet-architektury\/seznam-architektu\/ing-arch-vacha-jiri\">624 Ji\u0159\u00ed V\u00e1cha<\/a><\/td>\n<td>ING. ARCH. JI\u0158\u00cd V\u00c1CHA<\/td>\n<\/tr>\n<tr>\n<td>1450<\/td>\n<td>\u00c7ekya<\/td>\n<td>Prag<\/td>\n<td><a href=\"https:\/\/www.cka.cz\/cs\/svet-architektury\/seznam-architektu\/ing-arch-loos-ivo\">625 Ivo Loos<\/a><\/td>\n<td>ING. ARCH. IVO LOOS<\/td>\n<\/tr>\n<tr>\n<td>1451<\/td>\n<td>\u00c7ekya<\/td>\n<td>Prag<\/td>\n<td><a href=\"https:\/\/www.cka.cz\/cs\/svet-architektury\/seznam-architektu\/ing-rihosek-miroslav\">626 Miroslav \u0158iho\u0161ek<\/a><\/td>\n<td>ING. MIROSLAV \u0158IHO\u0160EK<\/td>\n<\/tr>\n<tr>\n<td>1452<\/td>\n<td>\u00c7ekya<\/td>\n<td>Picin<\/td>\n<td><a href=\"https:\/\/www.cka.cz\/cs\/svet-architektury\/seznam-architektu\/rndr-kupkova-lenka\">627 Lenka Kupkov\u00e1<\/a><\/td>\n<td>RNDR. LENKA KUPKOV\u00c1<\/td>\n<\/tr>\n<tr>\n<td>1453<\/td>\n<td>\u00c7ekya<\/td>\n<td>Pr\u016fhonice<\/td>\n<td><a href=\"https:\/\/www.cka.cz\/cs\/svet-architektury\/seznam-architektu\/ing-arch-schranil-rudolf\">628 Rudolf Schr\u00e1nil<\/a><\/td>\n<td>ING. ARCH. RUDOLF SCHR\u00c1NIL<\/td>\n<\/tr>\n<tr>\n<td>1454<\/td>\n<td>\u00c7ekya<\/td>\n<td>Brno<\/td>\n<td><a href=\"https:\/\/www.cka.cz\/cs\/svet-architektury\/seznam-architektu\/ing-arch-kostalova-alena\">629 Alena Ko\u0161\u0165\u00e1lov\u00e1<\/a><\/td>\n<td>ING. ARCH. ALENA KO\u0160\u0164\u00c1LOV\u00c1<\/td>\n<\/tr>\n<tr>\n<td>1455<\/td>\n<td>\u00c7ekya<\/td>\n<td>Prag<\/td>\n<td><a href=\"https:\/\/www.cka.cz\/cs\/svet-architektury\/seznam-architektu\/akad-arch-kulistak-jiri\">630 Ji\u0159\u00ed Kuli\u0161\u0165\u00e1k<\/a><\/td>\n<td>AKAD. ARCH. JI\u0158\u00cd KULI\u0160\u0164\u00c1K<\/td>\n<\/tr>\n<tr>\n<td>1456<\/td>\n<td>\u00c7ekya<\/td>\n<td>Ostrava<\/td>\n<td><a href=\"https:\/\/www.cka.cz\/cs\/svet-architektury\/seznam-architektu\/ing-arch-prazak-vladimir\">631 Vladim\u00edr Pra\u017e\u00e1k<\/a><\/td>\n<td>ING. ARCH. VLADIM\u00cdR PRA\u017d\u00c1K<\/td>\n<\/tr>\n<tr>\n<td>1457<\/td>\n<td>\u00c7ekya<\/td>\n<td>Ostrava<\/td>\n<td><a href=\"https:\/\/www.cka.cz\/cs\/svet-architektury\/seznam-architektu\/ing-arch-sikora-vitold\">632 Vitold Sikora<\/a><\/td>\n<td>ING. ARCH. VITOLD SIKORA<\/td>\n<\/tr>\n<tr>\n<td>1458<\/td>\n<td>\u00c7ekya<\/td>\n<td>Olomouc<\/td>\n<td><a href=\"https:\/\/www.cka.cz\/cs\/svet-architektury\/seznam-architektu\/ing-arch-kolar-ctirad\">633 Ctirad Kol\u00e1\u0159<\/a><\/td>\n<td>ING. ARCH. CTIRAD KOL\u00c1\u0158<\/td>\n<\/tr>\n<tr>\n<td>1459<\/td>\n<td>\u00c7ekya<\/td>\n<td>Brno<\/td>\n<td><a href=\"https:\/\/www.cka.cz\/cs\/svet-architektury\/seznam-architektu\/ing-arch-hanis-lubos\">634 Lubo\u0161 Hani\u0161<\/a><\/td>\n<td>ING. ARCH. LUBO\u0160 HANI\u0160<\/td>\n<\/tr>\n<tr>\n<td>1460<\/td>\n<td>\u00c7ekya<\/td>\n<td>Brno<\/td>\n<td><a href=\"https:\/\/www.cka.cz\/cs\/svet-architektury\/seznam-architektu\/ing-arch-myslivec-josef\">635 Josef Myslivec<\/a><\/td>\n<td>ING. ARCH. JOSEF MYSLIVEC<\/td>\n<\/tr>\n<tr>\n<td>1461<\/td>\n<td>\u00c7ekya<\/td>\n<td>Prag<\/td>\n<td><a href=\"https:\/\/www.cka.cz\/cs\/svet-architektury\/seznam-architektu\/ing-akad-arch-davidova-marie\">636 Marie Davidov\u00e1<\/a><\/td>\n<td>ING. AKAD. ARCH. MARIE DAVIDOV\u00c1<\/td>\n<\/tr>\n<tr>\n<td>1462<\/td>\n<td>\u00c7ekya<\/td>\n<td>Prost\u011bjov<\/td>\n<td><a href=\"https:\/\/www.cka.cz\/cs\/svet-architektury\/seznam-architektu\/ing-mlcoch-zdenek\">637 Zden\u011bk Ml\u010doch<\/a><\/td>\n<td>ING. ZDEN\u011aK ML\u010cOCH<\/td>\n<\/tr>\n<tr>\n<td>1463<\/td>\n<td>\u00c7ekya<\/td>\n<td>Prag<\/td>\n<td><a href=\"https:\/\/www.cka.cz\/cs\/svet-architektury\/seznam-architektu\/ing-arch-stransku-stanislav\">638 Stanislav Str\u00e1nsk\u00fd<\/a><\/td>\n<td>ING. ARCH. STANISLAV STR\u00c1NSK\u00dd<\/td>\n<\/tr>\n<tr>\n<td>1464<\/td>\n<td>\u00c7ekya<\/td>\n<td>Prag<\/td>\n<td><a href=\"https:\/\/www.cka.cz\/cs\/svet-architektury\/seznam-architektu\/wasserbauer-zdenek\">639 Zden\u011bk Wasserbauer<\/a><\/td>\n<td>ZDEN\u011aK WASSERBAUER<\/td>\n<\/tr>\n<tr>\n<td>1465<\/td>\n<td>\u00c7ekya<\/td>\n<td>\u00dasteck\u00fd kraj<\/td>\n<td><a href=\"https:\/\/www.cka.cz\/cs\/svet-architektury\/seznam-architektu\/ing-drtikol-jiri\">640 Ji\u0159\u00ed Drtikol<\/a><\/td>\n<td>ING. JI\u0158\u00cd DRTIKOL<\/td>\n<\/tr>\n<tr>\n<td>1466<\/td>\n<td>\u00c7ekya<\/td>\n<td>Prag<\/td>\n<td><a href=\"https:\/\/www.cka.cz\/cs\/svet-architektury\/seznam-architektu\/cisar-karel\">641 Karel C\u00edsa\u0159<\/a><\/td>\n<td>KAREL C\u00cdSA\u0158<\/td>\n<\/tr>\n<tr>\n<td>1467<\/td>\n<td>\u00c7ekya<\/td>\n<td>Moravskoslezsk\u00fd<\/td>\n<td><a href=\"https:\/\/www.cka.cz\/cs\/svet-architektury\/seznam-architektu\/ing-arch-hrna-radomir\">642 Radom\u00edr Hr\u0148a<\/a><\/td>\n<td>ING. ARCH. RADOM\u00cdR HR\u0147A<\/td>\n<\/tr>\n<tr>\n<td>1468<\/td>\n<td>\u00c7ekya<\/td>\n<td>Prag<\/td>\n<td><a href=\"https:\/\/www.cka.cz\/cs\/svet-architektury\/seznam-architektu\/ing-karasek-jan\">643 Jan Kar\u00e1sek<\/a><\/td>\n<td>ING. JAN KAR\u00c1SEK<\/td>\n<\/tr>\n<tr>\n<td>1469<\/td>\n<td>\u00c7ekya<\/td>\n<td>Jihomoravsk\u00fd<\/td>\n<td><a href=\"https:\/\/www.cka.cz\/cs\/svet-architektury\/seznam-architektu\/ing-gacov-ivan\">644 Ivan Gacov<\/a><\/td>\n<td>ING. IVAN GACOV<\/td>\n<\/tr>\n<tr>\n<td>1470<\/td>\n<td>\u00c7ekya<\/td>\n<td>ING. KAREL DRHOVSK\u00dd<\/td>\n<td><a href=\"https:\/\/www.cka.cz\/cs\/svet-architektury\/seznam-architektu\/ing-drhovsku-karel\">645 Karel Drhovsk\u00fd<\/a><\/td>\n<td>ING. KAREL DRHOVSK\u00dd<\/td>\n<\/tr>\n<tr>\n<td>1471<\/td>\n<td>\u00c7ekya<\/td>\n<td>Brno<\/td>\n<td><a href=\"https:\/\/www.cka.cz\/cs\/svet-architektury\/seznam-architektu\/ing-zimova-eliska\">646 Eli\u0161ka Zimov\u00e1<\/a><\/td>\n<td>ING. ELI\u0160KA ZIMOV\u00c1<\/td>\n<\/tr>\n<tr>\n<td>1472<\/td>\n<td>\u00c7ekya<\/td>\n<td>Prag<\/td>\n<td><a href=\"https:\/\/www.cka.cz\/cs\/svet-architektury\/seznam-architektu\/ing-arch-stempel-jan\">647 J\u00e1n Stempel<\/a><\/td>\n<td>PROF. ING. ARCH. J\u00c1N STEMPEL<\/td>\n<\/tr>\n<tr>\n<td>1473<\/td>\n<td>\u00c7ekya<\/td>\n<td>St\u0159edo\u010desk\u00fd kraj<\/td>\n<td><a href=\"https:\/\/www.cka.cz\/cs\/svet-architektury\/seznam-architektu\/ing-arch-vavrin-mikolas\">648 Mikol\u00e1\u0161 Vav\u0159\u00edn<\/a><\/td>\n<td>ING. ARCH. MIKOL\u00c1\u0160 VAV\u0158\u00cdN<\/td>\n<\/tr>\n<tr>\n<td>1474<\/td>\n<td>\u00c7ekya<\/td>\n<td>Prag<\/td>\n<td><a href=\"https:\/\/www.cka.cz\/cs\/svet-architektury\/seznam-architektu\/ing-arch-veselu-jiri\">649 Ji\u0159\u00ed Vesel\u00fd<\/a><\/td>\n<td>ING. ARCH. JI\u0158\u00cd VESEL\u00dd<\/td>\n<\/tr>\n<tr>\n<td>1475<\/td>\n<td>\u00c7ekya<\/td>\n<td>Pardubick\u00fd kraj<\/td>\n<td><a href=\"https:\/\/www.cka.cz\/cs\/svet-architektury\/seznam-architektu\/ing-arch-fila-libor\">650 Libor F\u00edla<\/a><\/td>\n<td>ING. ARCH. LIBOR F\u00cdLA<\/td>\n<\/tr>\n<tr>\n<td>1476<\/td>\n<td>\u00c7ekya<\/td>\n<td>Smolnice<\/td>\n<td><a href=\"https:\/\/www.cka.cz\/cs\/svet-architektury\/seznam-architektu\/ing-arch-vrchlavska-hana\">651 Hana Vrchlavsk\u00e1<\/a><\/td>\n<td>ING. ARCH. HANA VRCHLAVSK\u00c1<\/td>\n<\/tr>\n<tr>\n<td>1477<\/td>\n<td>\u00c7ekya<\/td>\n<td>Prag<\/td>\n<td><a href=\"https:\/\/www.cka.cz\/cs\/svet-architektury\/seznam-architektu\/akad-arch-sramek-michal\">652 Michal \u0160r\u00e1mek<\/a><\/td>\n<td>AKAD. ARCH. MICHAL \u0160R\u00c1MEK<\/td>\n<\/tr>\n<tr>\n<td>1478<\/td>\n<td>\u00c7ekya<\/td>\n<td>Prag<\/td>\n<td><a href=\"https:\/\/www.cka.cz\/cs\/svet-architektury\/seznam-architektu\/ing-mackovic-vladimir\">653 Vladim\u00edr Mackovi\u010d<\/a><\/td>\n<td>ING. VLADIM\u00cdR MACKOVI\u010c<\/td>\n<\/tr>\n<tr>\n<td>1479<\/td>\n<td>\u00c7ekya<\/td>\n<td>Labem<\/td>\n<td><a href=\"https:\/\/www.cka.cz\/cs\/svet-architektury\/seznam-architektu\/ing-arch-stanko-tomas\">654 Tom\u00e1\u0161 Stanko<\/a><\/td>\n<td>ING. ARCH. TOM\u00c1\u0160 STANKO<\/td>\n<\/tr>\n<tr>\n<td>1480<\/td>\n<td>\u00c7ekya<\/td>\n<td>Krom\u011b\u0159\u00ed\u017e<\/td>\n<td><a href=\"https:\/\/www.cka.cz\/cs\/svet-architektury\/seznam-architektu\/ing-arch-vrtal-josef\">655 Josef Vrtal<\/a><\/td>\n<td>ING. ARCH. JOSEF VRTAL<\/td>\n<\/tr>\n<tr>\n<td>1481<\/td>\n<td>\u00c7ekya<\/td>\n<td>Brno<\/td>\n<td><a href=\"https:\/\/www.cka.cz\/cs\/svet-architektury\/seznam-architektu\/ing-arch-skrabal-jindrich\">656 Jind\u0159ich \u0160krabal<\/a><\/td>\n<td>ING. ARCH. JIND\u0158ICH \u0160KRABAL<\/td>\n<\/tr>\n<tr>\n<td>1482<\/td>\n<td>\u00c7ekya<\/td>\n<td>Prag<\/td>\n<td><a href=\"https:\/\/www.cka.cz\/cs\/svet-architektury\/seznam-architektu\/ing-arch-hancl-jan\">657 Jan Han\u010dl<\/a><\/td>\n<td>ING. ARCH. JAN HAN\u010cL<\/td>\n<\/tr>\n<tr>\n<td>1483<\/td>\n<td>\u00c7ekya<\/td>\n<td>Prag<\/td>\n<td><a href=\"https:\/\/www.cka.cz\/cs\/svet-architektury\/seznam-architektu\/ing-arch-sejkora-lubos\">658 Lubo\u0161 Sejkora<\/a><\/td>\n<td>ING. ARCH. LUBO\u0160 SEJKORA<\/td>\n<\/tr>\n<tr>\n<td>1484<\/td>\n<td>\u00c7ekya<\/td>\n<td>Prag<\/td>\n<td><a href=\"https:\/\/www.cka.cz\/cs\/svet-architektury\/seznam-architektu\/ing-arch-kotacka-alexandr\">659 Alexandr Kota\u010dka<\/a><\/td>\n<td>ING. ARCH. ALEXANDR KOTA\u010cKA<\/td>\n<\/tr>\n<tr>\n<td>1485<\/td>\n<td>\u00c7ekya<\/td>\n<td>Prag<\/td>\n<td><a href=\"https:\/\/www.cka.cz\/cs\/svet-architektury\/seznam-architektu\/ing-akad-arch-filsak-karel\">660 Karel Filsak<\/a><\/td>\n<td>ING. AKAD. ARCH. KAREL FILSAK<\/td>\n<\/tr>\n<tr>\n<td>1486<\/td>\n<td>\u00c7ekya<\/td>\n<td>Prag<\/td>\n<td><a href=\"https:\/\/www.cka.cz\/cs\/svet-architektury\/seznam-architektu\/ing-arch-vala-jiri\">661 Ji\u0159\u00ed V\u00e1la<\/a><\/td>\n<td>ING. ARCH. JI\u0158\u00cd V\u00c1LA<\/td>\n<\/tr>\n<tr>\n<td>1487<\/td>\n<td>\u00c7ekya<\/td>\n<td>Prag<\/td>\n<td><a href=\"https:\/\/www.cka.cz\/cs\/svet-architektury\/seznam-architektu\/ing-arch-suhajik-ivan\">662 Ivan \u0160uhaj\u00edk<\/a><\/td>\n<td>ING. ARCH. IVAN \u0160UHAJ\u00cdK<\/td>\n<\/tr>\n<tr>\n<td>1488<\/td>\n<td>\u00c7ekya<\/td>\n<td>Prag<\/td>\n<td><a href=\"https:\/\/www.cka.cz\/cs\/svet-architektury\/seznam-architektu\/doc-ing-arch-horky-ivan-drsc\">663 Ivan Hork\u00fd<\/a><\/td>\n<td>DOC. ING. ARCH. IVAN HORK\u00dd DRSC.<\/td>\n<\/tr>\n<tr>\n<td>1489<\/td>\n<td>\u00c7ekya<\/td>\n<td>Prag<\/td>\n<td><a href=\"https:\/\/www.cka.cz\/cs\/svet-architektury\/seznam-architektu\/ing-arch-mrazek-karel\">664 Karel Mr\u00e1zek<\/a><\/td>\n<td>ING. ARCH. KAREL MR\u00c1ZEK<\/td>\n<\/tr>\n<tr>\n<td>1490<\/td>\n<td>\u00c7ekya<\/td>\n<td>Prag<\/td>\n<td><a href=\"https:\/\/www.cka.cz\/cs\/svet-architektury\/seznam-architektu\/ing-arch-sedlacek-jiri\">665 Ji\u0159\u00ed Sedl\u00e1\u010dek<\/a><\/td>\n<td>ING. ARCH. JI\u0158\u00cd SEDL\u00c1\u010cEK<\/td>\n<\/tr>\n<tr>\n<td>1491<\/td>\n<td>\u00c7ekya<\/td>\n<td>Prag<\/td>\n<td><a href=\"https:\/\/www.cka.cz\/cs\/svet-architektury\/seznam-architektu\/ing-arch-zentel-jiri\">666 Ji\u0159\u00ed \u017dentel<\/a><\/td>\n<td>ING. ARCH. JI\u0158\u00cd \u017dENTEL<\/td>\n<\/tr>\n<tr>\n<td>1492<\/td>\n<td>\u00c7ekya<\/td>\n<td>Prag<\/td>\n<td><a href=\"https:\/\/www.cka.cz\/cs\/svet-architektury\/seznam-architektu\/ing-arch-pospisil-josef\">667 Josef Posp\u00ed\u0161il<\/a><\/td>\n<td>ING. ARCH. JOSEF POSP\u00cd\u0160IL<\/td>\n<\/tr>\n<tr>\n<td>1493<\/td>\n<td>\u00c7ekya<\/td>\n<td>Prag<\/td>\n<td><a href=\"https:\/\/www.cka.cz\/cs\/svet-architektury\/seznam-architektu\/ing-havlik-frantisek\">668 Franti\u0161ek Havl\u00edk<\/a><\/td>\n<td>ING. FRANTI\u0160EK HAVL\u00cdK<\/td>\n<\/tr>\n<tr>\n<td>1494<\/td>\n<td>\u00c7ekya<\/td>\n<td>Prag<\/td>\n<td><a href=\"https:\/\/www.cka.cz\/cs\/svet-architektury\/seznam-architektu\/ing-arch-kroha-alexandr\">669 Alexandr Kroha<\/a><\/td>\n<td>ING. ARCH. ALEXANDR KROHA<\/td>\n<\/tr>\n<tr>\n<td>1495<\/td>\n<td>\u00c7ekya<\/td>\n<td>Prag<\/td>\n<td><a href=\"https:\/\/www.cka.cz\/cs\/svet-architektury\/seznam-architektu\/ing-arch-hrcek-pavel\">670 Pavel Hr\u010dek<\/a><\/td>\n<td>ING. ARCH. PAVEL HR\u010cEK<\/td>\n<\/tr>\n<tr>\n<td>1496<\/td>\n<td>\u00c7ekya<\/td>\n<td>Prag<\/td>\n<td><a href=\"https:\/\/www.cka.cz\/cs\/svet-architektury\/seznam-architektu\/ing-arch-cibulova-petra\">671 Petra Cibulov\u00e1<\/a><\/td>\n<td>ING. ARCH. PETRA CIBULOV\u00c1<\/td>\n<\/tr>\n<tr>\n<td>1497<\/td>\n<td>\u00c7ekya<\/td>\n<td>Prag<\/td>\n<td><a href=\"https:\/\/www.cka.cz\/cs\/svet-architektury\/seznam-architektu\/ing-arch-adamovsky-vaclav\">672 V\u00e1clav Adamovsk\u00fd<\/a><\/td>\n<td>ING. ARCH. V\u00c1CLAV ADAMOVSK\u00dd<\/td>\n<\/tr>\n<tr>\n<td>1498<\/td>\n<td>\u00c7ekya<\/td>\n<td>Prag<\/td>\n<td><a href=\"https:\/\/www.cka.cz\/cs\/svet-architektury\/seznam-architektu\/ing-arch-bocek-pavel\">673 Pavel Bo\u010dek<\/a><\/td>\n<td>ING. ARCH. PAVEL BO\u010cEK<\/td>\n<\/tr>\n<tr>\n<td>1499<\/td>\n<td>\u00c7ekya<\/td>\n<td>Prag<\/td>\n<td><a href=\"https:\/\/www.cka.cz\/cs\/svet-architektury\/seznam-architektu\/ing-arch-labonkova-hana\">674 Hana Labonkov\u00e1<\/a><\/td>\n<td>ING. ARCH. HANA LABONKOV\u00c1<\/td>\n<\/tr>\n<tr>\n<td>1500<\/td>\n<td>\u00c7ekya<\/td>\n<td>Kladno<\/td>\n<td><a href=\"https:\/\/www.cka.cz\/cs\/svet-architektury\/seznam-architektu\/ing-arch-krauskopf-jan\">675 Jan Krauskopf<\/a><\/td>\n<td>ING. ARCH. JAN KRAUSKOPF<\/td>\n<\/tr>\n<tr>\n<td>1501<\/td>\n<td>\u00c7ekya<\/td>\n<td>Prag<\/td>\n<td><a href=\"https:\/\/www.cka.cz\/cs\/svet-architektury\/seznam-architektu\/ing-arch-prenosil-petr\">676 Petr P\u0159enosil<\/a><\/td>\n<td>ING. ARCH. PETR P\u0158ENOSIL<\/td>\n<\/tr>\n<tr>\n<td>1502<\/td>\n<td>\u00c7ekya<\/td>\n<td>Prag<\/td>\n<td><a href=\"https:\/\/www.cka.cz\/cs\/svet-architektury\/seznam-architektu\/akad-arch-borl-jiri\">677 Ji\u0159\u00ed Borl<\/a><\/td>\n<td>AKAD. ARCH. JI\u0158\u00cd BORL<\/td>\n<\/tr>\n<tr>\n<td>1503<\/td>\n<td>\u00c7ekya<\/td>\n<td>Prag<\/td>\n<td><a href=\"https:\/\/www.cka.cz\/cs\/svet-architektury\/seznam-architektu\/ing-arch-veprek-karel\">678 Karel Vep\u0159ek<\/a><\/td>\n<td>ING. ARCH. KAREL VEP\u0158EK<\/td>\n<\/tr>\n<tr>\n<td>1504<\/td>\n<td>\u00c7ekya<\/td>\n<td>K\u0159enice<\/td>\n<td><a href=\"https:\/\/www.cka.cz\/cs\/svet-architektury\/seznam-architektu\/ing-arch-kratochvil-petr\">679 Petr Kratochv\u00edl<\/a><\/td>\n<td>ING. ARCH. PETR KRATOCHV\u00cdL<\/td>\n<\/tr>\n<tr>\n<td>1505<\/td>\n<td>\u00c7ekya<\/td>\n<td>Prag<\/td>\n<td><a href=\"https:\/\/www.cka.cz\/cs\/svet-architektury\/seznam-architektu\/ing-arch-vinterova-alena\">680 Alena Vinterov\u00e1<\/a><\/td>\n<td>ING. ARCH. ALENA VINTEROV\u00c1<\/td>\n<\/tr>\n<tr>\n<td>1506<\/td>\n<td>\u00c7ekya<\/td>\n<td>Labem<\/td>\n<td><a href=\"https:\/\/www.cka.cz\/cs\/svet-architektury\/seznam-architektu\/ing-arch-stastny-zdenek\">681 Zden\u011bk \u0160\u0165astn\u00fd<\/a><\/td>\n<td>ING. ARCH. ZDEN\u011aK \u0160\u0164ASTN\u00dd<\/td>\n<\/tr>\n<tr>\n<td>1507<\/td>\n<td>\u00c7ekya<\/td>\n<td>Prag<\/td>\n<td><a href=\"https:\/\/www.cka.cz\/cs\/svet-architektury\/seznam-architektu\/ing-arch-lacina-vladimir\">682 Vladim\u00edr Lacina<\/a><\/td>\n<td>ING. ARCH. VLADIM\u00cdR LACINA<\/td>\n<\/tr>\n<tr>\n<td>1508<\/td>\n<td>\u00c7ekya<\/td>\n<td>Prag<\/td>\n<td><a href=\"https:\/\/www.cka.cz\/cs\/svet-architektury\/seznam-architektu\/ing-arch-veselu-ladislav\">683 Ladislav Vesel\u00fd<\/a><\/td>\n<td>ING. ARCH. LADISLAV VESEL\u00dd<\/td>\n<\/tr>\n<tr>\n<td>1509<\/td>\n<td>\u00c7ekya<\/td>\n<td>Libereck\u00fd kraj<\/td>\n<td><a href=\"https:\/\/www.cka.cz\/cs\/svet-architektury\/seznam-architektu\/ing-arch-stepanek-miloslav\">684 Miloslav \u0160t\u011bp\u00e1nek<\/a><\/td>\n<td>ING. ARCH. MILOSLAV \u0160T\u011aP\u00c1NEK<\/td>\n<\/tr>\n<tr>\n<td>1510<\/td>\n<td>\u00c7ekya<\/td>\n<td>Libereck\u00fd kraj<\/td>\n<td><a href=\"https:\/\/www.cka.cz\/cs\/svet-architektury\/seznam-architektu\/ing-arch-beranova-jarmila\">685 Jarmila Beranov\u00e1<\/a><\/td>\n<td>ING. ARCH. JARMILA BERANOV\u00c1<\/td>\n<\/tr>\n<tr>\n<td>1511<\/td>\n<td>\u00c7ekya<\/td>\n<td>Vyso\u010dina<\/td>\n<td><a href=\"https:\/\/www.cka.cz\/cs\/svet-architektury\/seznam-architektu\/ing-hruzova-jarmila\">686 Jarmila Hr\u016fzov\u00e1<\/a><\/td>\n<td>ING. JARMILA HR\u016eZOV\u00c1<\/td>\n<\/tr>\n<tr>\n<td>1512<\/td>\n<td>\u00c7ekya<\/td>\n<td>Mari\u00e1nsk\u00e9 L\u00e1zn\u011b<\/td>\n<td><a href=\"https:\/\/www.cka.cz\/cs\/svet-architektury\/seznam-architektu\/ing-arch-kunert-pavel\">687 Pavel Kunert<\/a><\/td>\n<td>ING. ARCH. PAVEL KUNERT<\/td>\n<\/tr>\n<tr>\n<td>1513<\/td>\n<td>\u00c7ekya<\/td>\n<td>Mari\u00e1nsk\u00e9 L\u00e1zn\u011b<\/td>\n<td><a href=\"https:\/\/www.cka.cz\/cs\/svet-architektury\/seznam-architektu\/ing-arch-franta-zdenek\">688 Zden\u011bk Franta<\/a><\/td>\n<td>ING. ARCH. ZDEN\u011aK FRANTA<\/td>\n<\/tr>\n<tr>\n<td>1514<\/td>\n<td>\u00c7ekya<\/td>\n<td>St\u0159edo\u010desk\u00fd kraj<\/td>\n<td><a href=\"https:\/\/www.cka.cz\/cs\/svet-architektury\/seznam-architektu\/ing-stocesova-anna\">689 Anna Sto\u010desov\u00e1<\/a><\/td>\n<td>ING. ANNA STO\u010cESOV\u00c1<\/td>\n<\/tr>\n<tr>\n<td>1515<\/td>\n<td>\u00c7ekya<\/td>\n<td>\u010cesk\u00fd Krumlov<\/td>\n<td><a href=\"https:\/\/www.cka.cz\/cs\/svet-architektury\/seznam-architektu\/ing-bartak-petr\">690 Petr Bart\u00e1k<\/a><\/td>\n<td>ING. PETR BART\u00c1K<\/td>\n<\/tr>\n<tr>\n<td>1516<\/td>\n<td>\u00c7ekya<\/td>\n<td>St\u0159edo\u010desk\u00fd kraj<\/td>\n<td><a href=\"https:\/\/www.cka.cz\/cs\/svet-architektury\/seznam-architektu\/ing-arch-pasek-petr\">691 Petr Pa\u0161ek<\/a><\/td>\n<td>ING. ARCH. PETR PA\u0160EK<\/td>\n<\/tr>\n<tr>\n<td>1517<\/td>\n<td>\u00c7ekya<\/td>\n<td>Prag<\/td>\n<td><a href=\"https:\/\/www.cka.cz\/cs\/svet-architektury\/seznam-architektu\/ing-arch-dlabal-stanislav\">692 Stanislav Dlabal<\/a><\/td>\n<td>ING. ARCH. STANISLAV DLABAL<\/td>\n<\/tr>\n<tr>\n<td>1518<\/td>\n<td>\u00c7ekya<\/td>\n<td>St\u0159edo\u010desk\u00fd kraj<\/td>\n<td><a href=\"https:\/\/www.cka.cz\/cs\/svet-architektury\/seznam-architektu\/ing-arch-zelenka-josef\">693 Josef Zelenka<\/a><\/td>\n<td>ING. ARCH. JOSEF ZELENKA<\/td>\n<\/tr>\n<tr>\n<td>1519<\/td>\n<td>\u00c7ekya<\/td>\n<td>Prag<\/td>\n<td><a href=\"https:\/\/www.cka.cz\/cs\/svet-architektury\/seznam-architektu\/ing-arch-zikmund-jan\">694 Jan Zikmund<\/a><\/td>\n<td>ING. ARCH. JAN ZIKMUND<\/td>\n<\/tr>\n<tr>\n<td>1520<\/td>\n<td>\u00c7ekya<\/td>\n<td>Brno<\/td>\n<td><a href=\"https:\/\/www.cka.cz\/cs\/svet-architektury\/seznam-architektu\/ing-arch-manak-hynek\">695 Hynek Ma\u0148\u00e1k<\/a><\/td>\n<td>ING. ARCH. HYNEK MA\u0147\u00c1K<\/td>\n<\/tr>\n<tr>\n<td>1521<\/td>\n<td>\u00c7ekya<\/td>\n<td>Olomouc<\/td>\n<td><a href=\"https:\/\/www.cka.cz\/cs\/svet-architektury\/seznam-architektu\/ing-arch-dostal-josef\">696 Josef Dost\u00e1l<\/a><\/td>\n<td>ING. ARCH. JOSEF DOST\u00c1L<\/td>\n<\/tr>\n<tr>\n<td>1522<\/td>\n<td>\u00c7ekya<\/td>\n<td>Brno<\/td>\n<td><a href=\"https:\/\/www.cka.cz\/cs\/svet-architektury\/seznam-architektu\/ing-arch-vanek-jaroslav\">697 Jaroslav Van\u011bk<\/a><\/td>\n<td>ING. ARCH. JAROSLAV VAN\u011aK<\/td>\n<\/tr>\n<tr>\n<td>1523<\/td>\n<td>\u00c7ekya<\/td>\n<td>Brno<\/td>\n<td><a href=\"https:\/\/www.cka.cz\/cs\/svet-architektury\/seznam-architektu\/ing-janickova-vera\">698 V\u011bra Jan\u00ed\u010dkov\u00e1<\/a><\/td>\n<td>ING. V\u011aRA JAN\u00cd\u010cKOV\u00c1<\/td>\n<\/tr>\n<tr>\n<td>1524<\/td>\n<td>\u00c7ekya<\/td>\n<td>Moravskoslezsk\u00fd kraj<\/td>\n<td><a href=\"https:\/\/www.cka.cz\/cs\/svet-architektury\/seznam-architektu\/ing-arch-lichnovsku-petr\">699 Petr Lichnovsk\u00fd<\/a><\/td>\n<td>ING. ARCH. PETR LICHNOVSK\u00dd<\/td>\n<\/tr>\n<tr>\n<td>1525<\/td>\n<td>\u00c7ekya<\/td>\n<td>Kr\u00e1lov\u00e9hradeck\u00fd kraj<\/td>\n<td><a href=\"https:\/\/www.cka.cz\/cs\/svet-architektury\/seznam-architektu\/ing-arch-herbst-vladimir\">700 Vladim\u00edr Herbst<\/a><\/td>\n<td>ING. ARCH. VLADIM\u00cdR HERBST<\/td>\n<\/tr>\n<tr>\n<td>1526<\/td>\n<td>\u00c7ekya<\/td>\n<td>Kr\u00e1lov\u00e9hradeck\u00fd kraj<\/td>\n<td><a href=\"https:\/\/www.cka.cz\/cs\/svet-architektury\/seznam-architektu\/ing-arch-petrak-josef\">701 Josef Petr\u00e1k<\/a><\/td>\n<td>ING. ARCH. JOSEF PETR\u00c1K<\/td>\n<\/tr>\n<tr>\n<td>1527<\/td>\n<td>\u00c7ekya<\/td>\n<td>Pardubick\u00fd kraj<\/td>\n<td><a href=\"https:\/\/www.cka.cz\/cs\/svet-architektury\/seznam-architektu\/ing-arch-cihacek-jan\">702 Jan \u010cih\u00e1\u010dek<\/a><\/td>\n<td>ING. ARCH. JAN \u010cIH\u00c1\u010cEK<\/td>\n<\/tr>\n<tr>\n<td>1528<\/td>\n<td>\u00c7ekya<\/td>\n<td>Jihomoravsk\u00fd kraj<\/td>\n<td><a href=\"https:\/\/www.cka.cz\/cs\/svet-architektury\/seznam-architektu\/ing-arch-jasek-zdenek\">703 Zden\u011bk Ja\u0161ek<\/a><\/td>\n<td>ING. ARCH. ZDEN\u011aK JA\u0160EK<\/td>\n<\/tr>\n<tr>\n<td>1529<\/td>\n<td>\u00c7ekya<\/td>\n<td>Jihomoravsk\u00fd kraj<\/td>\n<td><a href=\"https:\/\/www.cka.cz\/cs\/svet-architektury\/seznam-architektu\/ing-arch-nemec-josef\">704 Josef N\u011bmec<\/a><\/td>\n<td>ING. ARCH. JOSEF N\u011aMEC<\/td>\n<\/tr>\n<tr>\n<td>1530<\/td>\n<td>\u00c7ekya<\/td>\n<td>Jihomoravsk\u00fd kraj<\/td>\n<td><a href=\"https:\/\/www.cka.cz\/cs\/svet-architektury\/seznam-architektu\/ing-arch-maskova-zora\">705 Zora Ma\u0161kov\u00e1<\/a><\/td>\n<td>ING. ARCH. ZORA MA\u0160KOV\u00c1<\/td>\n<\/tr>\n<tr>\n<td>1531<\/td>\n<td>\u00c7ekya<\/td>\n<td>Opava<\/td>\n<td><a href=\"https:\/\/www.cka.cz\/cs\/svet-architektury\/seznam-architektu\/ing-arch-stromsky-karel\">706 Karel Stromsk\u00fd<\/a><\/td>\n<td>ING. ARCH. KAREL STROMSK\u00dd<\/td>\n<\/tr>\n<tr>\n<td>1532<\/td>\n<td>\u00c7ekya<\/td>\n<td>Jihomoravsk\u00fd kraj<\/td>\n<td><a href=\"https:\/\/www.cka.cz\/cs\/svet-architektury\/seznam-architektu\/ing-arch-franek-zdenek\">707 Zden\u011bk Fr\u00e1nek<\/a><\/td>\n<td>ING. ARCH. ZDEN\u011aK FR\u00c1NEK<\/td>\n<\/tr>\n<tr>\n<td>1533<\/td>\n<td>\u00c7ekya<\/td>\n<td>Vyso\u010dina<\/td>\n<td><a href=\"https:\/\/www.cka.cz\/cs\/svet-architektury\/seznam-architektu\/ing-arch-juda-josef\">708 Josef Juda<\/a><\/td>\n<td>ING. ARCH. JOSEF JUDA<\/td>\n<\/tr>\n<tr>\n<td>1534<\/td>\n<td>\u00c7ekya<\/td>\n<td>Jihomoravsk\u00fd kraj<\/td>\n<td><a href=\"https:\/\/www.cka.cz\/cs\/svet-architektury\/seznam-architektu\/ing-arch-kropac-miroslav\">709 Miroslav Krop\u00e1\u010d<\/a><\/td>\n<td>ING. ARCH. MIROSLAV KROP\u00c1\u010c<\/td>\n<\/tr>\n<tr>\n<td>1535<\/td>\n<td>\u00c7ekya<\/td>\n<td>Moravskoslezsk\u00fd kraj<\/td>\n<td><a href=\"https:\/\/www.cka.cz\/cs\/svet-architektury\/seznam-architektu\/ing-arch-firla-bronislav\">710 Bronislav Firla<\/a><\/td>\n<td>ING. ARCH. BRONISLAV FIRLA<\/td>\n<\/tr>\n<tr>\n<td>1536<\/td>\n<td>\u00c7ekya<\/td>\n<td>Brno<\/td>\n<td><a href=\"https:\/\/www.cka.cz\/cs\/svet-architektury\/seznam-architektu\/ing-arch-rada-pavel\">711 Pavel Rada<\/a><\/td>\n<td>ING. ARCH. PAVEL RADA<\/td>\n<\/tr>\n<tr>\n<td>1537<\/td>\n<td>\u00c7ekya<\/td>\n<td>Ostrava<\/td>\n<td><a href=\"https:\/\/www.cka.cz\/cs\/svet-architektury\/seznam-architektu\/ing-arch-hoferek-jaroslav\">712 Jaroslav Hoferek<\/a><\/td>\n<td>ING. ARCH. JAROSLAV HOFEREK<\/td>\n<\/tr>\n<tr>\n<td>1538<\/td>\n<td>\u00c7ekya<\/td>\n<td>Brno<\/td>\n<td><a href=\"https:\/\/www.cka.cz\/cs\/svet-architektury\/seznam-architektu\/ing-arch-konicarova-eva\">713 Eva Konicarov\u00e1<\/a><\/td>\n<td>ING. ARCH. EVA KONICAROV\u00c1<\/td>\n<\/tr>\n<tr>\n<td>1539<\/td>\n<td>\u00c7ekya<\/td>\n<td>Brno<\/td>\n<td><a href=\"https:\/\/www.cka.cz\/cs\/svet-architektury\/seznam-architektu\/ing-arch-bublakova-eva\">714 Eva Bubl\u00e1kov\u00e1<\/a><\/td>\n<td>ING. ARCH. EVA BUBL\u00c1KOV\u00c1<\/td>\n<\/tr>\n<tr>\n<td>1540<\/td>\n<td>\u00c7ekya<\/td>\n<td>Brno<\/td>\n<td><a href=\"https:\/\/www.cka.cz\/cs\/svet-architektury\/seznam-architektu\/ing-arch-spurnu-miroslav\">715 Miroslav Spurn\u00fd<\/a><\/td>\n<td>ING. ARCH. MIROSLAV SPURN\u00dd<\/td>\n<\/tr>\n<tr>\n<td>1541<\/td>\n<td>\u00c7ekya<\/td>\n<td>Prag<\/td>\n<td><a href=\"https:\/\/www.cka.cz\/cs\/svet-architektury\/seznam-architektu\/ing-arch-pechar-zdenek\">716 Zden\u011bk Pechar<\/a><\/td>\n<td>ING. ARCH. ZDEN\u011aK PECHAR<\/td>\n<\/tr>\n<tr>\n<td>1542<\/td>\n<td>\u00c7ekya<\/td>\n<td>Prag<\/td>\n<td><a href=\"https:\/\/www.cka.cz\/cs\/svet-architektury\/seznam-architektu\/ing-arch-cajthaml-miloslav\">717 Miloslav Cajthaml<\/a><\/td>\n<td>ING. ARCH. MILOSLAV CAJTHAML<\/td>\n<\/tr>\n<tr>\n<td>1543<\/td>\n<td>\u00c7ekya<\/td>\n<td>Prag<\/td>\n<td><a href=\"https:\/\/www.cka.cz\/cs\/svet-architektury\/seznam-architektu\/ing-arch-cajthamlova-neda\">718 Neda Cajthamlov\u00e1<\/a><\/td>\n<td>ING. ARCH. NEDA CAJTHAMLOV\u00c1<\/td>\n<\/tr>\n<tr>\n<td>1544<\/td>\n<td>\u00c7ekya<\/td>\n<td>Vltavou<\/td>\n<td><a href=\"https:\/\/www.cka.cz\/cs\/svet-architektury\/seznam-architektu\/ing-arch-kobera-jiri\">719 Ji\u0159\u00ed Kobera<\/a><\/td>\n<td>ING. ARCH. JI\u0158\u00cd KOBERA<\/td>\n<\/tr>\n<tr>\n<td>1545<\/td>\n<td>\u00c7ekya<\/td>\n<td>Prag<\/td>\n<td><a href=\"https:\/\/www.cka.cz\/cs\/svet-architektury\/seznam-architektu\/ing-arch-kosek-jaroslav\">720 Jaroslav Kosek<\/a><\/td>\n<td>ING. ARCH. JAROSLAV KOSEK<\/td>\n<\/tr>\n<tr>\n<td>1546<\/td>\n<td>\u00c7ekya<\/td>\n<td>Prag<\/td>\n<td><a href=\"https:\/\/www.cka.cz\/cs\/svet-architektury\/seznam-architektu\/akad-arch-chmelova-jana\">721 Jana Chmelov\u00e1<\/a><\/td>\n<td>AKAD. ARCH. JANA CHMELOV\u00c1<\/td>\n<\/tr>\n<tr>\n<td>1547<\/td>\n<td>\u00c7ekya<\/td>\n<td>Prag<\/td>\n<td><a href=\"https:\/\/www.cka.cz\/cs\/svet-architektury\/seznam-architektu\/ing-arch-dvorak-jiri\">722 \u200b\u200bJi\u0159\u00ed Dvo\u0159\u00e1k<\/a><\/td>\n<td>ING. ARCH. JI\u0158\u00cd DVO\u0158\u00c1K<\/td>\n<\/tr>\n<tr>\n<td>1548<\/td>\n<td>\u00c7ekya<\/td>\n<td>Prag<\/td>\n<td><a href=\"https:\/\/www.cka.cz\/cs\/svet-architektury\/seznam-architektu\/ing-arch-muzik-jan\">723 Jan Mu\u017e\u00edk<\/a><\/td>\n<td>ING. ARCH. JAN MU\u017d\u00cdK<\/td>\n<\/tr>\n<tr>\n<td>1549<\/td>\n<td>\u00c7ekya<\/td>\n<td>Prag<\/td>\n<td><a href=\"https:\/\/www.cka.cz\/cs\/svet-architektury\/seznam-architektu\/ing-arch-habanec-libor\">724 Libor Habanec<\/a><\/td>\n<td>ING. ARCH. LIBOR HABANEC<\/td>\n<\/tr>\n<tr>\n<td>1550<\/td>\n<td>\u00c7ekya<\/td>\n<td>Prag<\/td>\n<td><a href=\"https:\/\/www.cka.cz\/cs\/svet-architektury\/seznam-architektu\/akad-arch-cajthaml-jakub\">725 Jakub Cajthaml<\/a><\/td>\n<td>AKAD. ARCH. JAKUB CAJTHAML<\/td>\n<\/tr>\n<tr>\n<td>1551<\/td>\n<td>\u00c7ekya<\/td>\n<td>Prag<\/td>\n<td><a href=\"https:\/\/www.cka.cz\/cs\/svet-architektury\/seznam-architektu\/ing-arch-dydovic-pavel\">726 Pavel Dydovic<\/a><\/td>\n<td>ING. ARCH. PAVEL DYDOVI\u010c<\/td>\n<\/tr>\n<tr>\n<td>1552<\/td>\n<td>\u00c7ekya<\/td>\n<td>Prag<\/td>\n<td><a href=\"https:\/\/www.cka.cz\/cs\/svet-architektury\/seznam-architektu\/ing-arch-cermak-karel\">727 Karel \u010cerm\u00e1k<\/a><\/td>\n<td>ING. ARCH. KAREL \u010cERM\u00c1K<\/td>\n<\/tr>\n<tr>\n<td>1553<\/td>\n<td>\u00c7ekya<\/td>\n<td>Prag<\/td>\n<td><a href=\"https:\/\/www.cka.cz\/cs\/svet-architektury\/seznam-architektu\/ing-arch-bajcurova-marie\">728 Marie Bajcurov\u00e1<\/a><\/td>\n<td>ING. ARCH. MARIE BAJCUROV\u00c1<\/td>\n<\/tr>\n<tr>\n<td>1554<\/td>\n<td>\u00c7ekya<\/td>\n<td>Prag<\/td>\n<td><a href=\"https:\/\/www.cka.cz\/cs\/svet-architektury\/seznam-architektu\/ing-arch-dostal-petr\">729 Petr Dostal<\/a><\/td>\n<td>ING. ARCH. PETR DOST\u00c1L<\/td>\n<\/tr>\n<tr>\n<td>1555<\/td>\n<td>\u00c7ekya<\/td>\n<td>Ostrava<\/td>\n<td><a href=\"https:\/\/www.cka.cz\/cs\/svet-architektury\/seznam-architektu\/ing-arch-pospisil-ivan\">730 Ivan Posp\u00ed\u0161il<\/a><\/td>\n<td>ING. ARCH. IVAN POSP\u00cd\u0160IL<\/td>\n<\/tr>\n<tr>\n<td>1556<\/td>\n<td>\u00c7ekya<\/td>\n<td>Prag<\/td>\n<td><a href=\"https:\/\/www.cka.cz\/cs\/svet-architektury\/seznam-architektu\/ing-arch-jadrnickova-jitka\">731 Jitka Jadrn\u00ed\u010dkov\u00e1<\/a><\/td>\n<td>ING. ARCH. JITKA JADRN\u00cd\u010cKOV\u00c1<\/td>\n<\/tr>\n<tr>\n<td>1557<\/td>\n<td>\u00c7ekya<\/td>\n<td>Prag<\/td>\n<td><a href=\"https:\/\/www.cka.cz\/cs\/svet-architektury\/seznam-architektu\/ing-akad-arch-krska-josef\">732 Josef Kr\u0161ka<\/a><\/td>\n<td>ING. AKAD. ARCH. JOSEF KR\u0160KA<\/td>\n<\/tr>\n<tr>\n<td>1558<\/td>\n<td>\u00c7ekya<\/td>\n<td>St\u0159edo\u010desk\u00fd kraj<\/td>\n<td><a href=\"https:\/\/www.cka.cz\/cs\/svet-architektury\/seznam-architektu\/ing-arch-svatonova-lenka\">733 Lenka Svato\u0148ov\u00e1<\/a><\/td>\n<td>ING. ARCH. LENKA SVATO\u0147OV\u00c1<\/td>\n<\/tr>\n<tr>\n<td>1559<\/td>\n<td>\u00c7ekya<\/td>\n<td>Prag<\/td>\n<td><a href=\"https:\/\/www.cka.cz\/cs\/svet-architektury\/seznam-architektu\/ing-arch-hubicka-stanislav\">734 Stanislav Hubi\u010dka<\/a><\/td>\n<td>ING. ARCH. STANISLAV HUBI\u010cKA<\/td>\n<\/tr>\n<tr>\n<td>1560<\/td>\n<td>\u00c7ekya<\/td>\n<td>Prag<\/td>\n<td><a href=\"https:\/\/www.cka.cz\/cs\/svet-architektury\/seznam-architektu\/ing-arch-pokojova-dana\">735 Dana Pokojov\u00e1<\/a><\/td>\n<td>ING. ARCH. DANA POKOJOV\u00c1<\/td>\n<\/tr>\n<tr>\n<td>1561<\/td>\n<td>\u00c7ekya<\/td>\n<td>Prag<\/td>\n<td><a href=\"https:\/\/www.cka.cz\/cs\/svet-architektury\/seznam-architektu\/ing-arch-tucek-viktor\">736 Viktor Tu\u010dek<\/a><\/td>\n<td>ING. ARCH. VIKTOR TU\u010cEK<\/td>\n<\/tr>\n<tr>\n<td>1562<\/td>\n<td>\u00c7ekya<\/td>\n<td>St\u0159edo\u010desk\u00fd kraj<\/td>\n<td><a href=\"https:\/\/www.cka.cz\/cs\/svet-architektury\/seznam-architektu\/ing-arch-buranova-jirina\">737 Ji\u0159ina Burianov\u00e1<\/a><\/td>\n<td>ING. ARCH. JI\u0158INA BURIANOV\u00c1<\/td>\n<\/tr>\n<tr>\n<td>1563<\/td>\n<td>\u00c7ekya<\/td>\n<td>Plzen<\/td>\n<td><a href=\"https:\/\/www.cka.cz\/cs\/svet-architektury\/seznam-architektu\/akad-arch-smolik-vaclav\">738 Vaclav Smolik<\/a><\/td>\n<td>AKAD. ARCH. V\u00c1CLAV \u0160MOL\u00cdK<\/td>\n<\/tr>\n<tr>\n<td>1564<\/td>\n<td>\u00c7ekya<\/td>\n<td>Jihomoravsk\u00fd kraj<\/td>\n<td><a href=\"https:\/\/www.cka.cz\/cs\/svet-architektury\/seznam-architektu\/ing-arch-rybak-jindrich\">739 Jindrich Rybak<\/a><\/td>\n<td>ING. ARCH. JIND\u0158ICH<\/td>\n<\/tr>\n<tr>\n<td>1565<\/td>\n<td>\u00c7ekya<\/td>\n<td>Plze\u0148sk\u00fd kraj<\/td>\n<td><a href=\"https:\/\/www.cka.cz\/cs\/svet-architektury\/seznam-architektu\/ing-arch-mauritz-milan\">740 Milano Mauritz<\/a><\/td>\n<td>ING. ARCH. MILAN MAURITZ<\/td>\n<\/tr>\n<tr>\n<td>1566<\/td>\n<td>\u00c7ekya<\/td>\n<td>St\u0159edo\u010desk\u00fd kraj<\/td>\n<td><a href=\"https:\/\/www.cka.cz\/cs\/svet-architektury\/seznam-architektu\/ing-weber-martin\">741 Martin Weber<\/a><\/td>\n<td>ING. MARTIN WEBER<\/td>\n<\/tr>\n<tr>\n<td>1567<\/td>\n<td>\u00c7ekya<\/td>\n<td>Prag<\/td>\n<td><a href=\"https:\/\/www.cka.cz\/cs\/svet-architektury\/seznam-architektu\/ing-arch-stasek-jan\">742 Jan Sta\u0161ek<\/a><\/td>\n<td>ING. ARCH. JAN STA\u0160EK<\/td>\n<\/tr>\n<tr>\n<td>1568<\/td>\n<td>\u00c7ekya<\/td>\n<td>Jihomoravsk\u00fd kraj<\/td>\n<td><a href=\"https:\/\/www.cka.cz\/cs\/svet-architektury\/seznam-architektu\/ing-arch-navratil-emil\">743 Emil Navr\u00e1til<\/a><\/td>\n<td>ING. ARCH. EMIL NAVR\u00c1TIL<\/td>\n<\/tr>\n<tr>\n<td>1569<\/td>\n<td>\u00c7ekya<\/td>\n<td>Olomouc<\/td>\n<td><a href=\"https:\/\/www.cka.cz\/cs\/svet-architektury\/seznam-architektu\/ing-arch-poulova-olga\">744 Olga Poulov\u00e1<\/a><\/td>\n<td>ING. ARCH. OLGA POULOV\u00c1<\/td>\n<\/tr>\n<tr>\n<td>1570<\/td>\n<td>\u00c7ekya<\/td>\n<td>Zlinj<\/td>\n<td><a href=\"https:\/\/www.cka.cz\/cs\/svet-architektury\/seznam-architektu\/ing-arch-bergmannova-tatjana\">745 Tatjana Bergmannov\u00e1<\/a><\/td>\n<td>ING. ARCH. TATJANA BERGMANNOV\u00c1<\/td>\n<\/tr>\n<tr>\n<td>1571<\/td>\n<td>\u00c7ekya<\/td>\n<td>Kr\u00e1lov\u00e9hradeck\u00fd kraj<\/td>\n<td><a href=\"https:\/\/www.cka.cz\/cs\/svet-architektury\/seznam-architektu\/ing-arch-krticka-ales\">746 Ale\u0161 Krti\u010dka<\/a><\/td>\n<td>ING. ARCH. ALE\u0160 KRTI\u010cKA<\/td>\n<\/tr>\n<tr>\n<td>1572<\/td>\n<td>\u00c7ekya<\/td>\n<td>Moravskoslezsk\u00fd kraj<\/td>\n<td><a href=\"https:\/\/www.cka.cz\/cs\/svet-architektury\/seznam-architektu\/ing-arch-simickova-jana\">747 Jana Simickova<\/a><\/td>\n<td>ING. ARCH. JANA \u0160IM\u00cd\u010cKOV\u00c1<\/td>\n<\/tr>\n<tr>\n<td>1573<\/td>\n<td>\u00c7ekya<\/td>\n<td>Olomouc<\/td>\n<td><a href=\"https:\/\/www.cka.cz\/cs\/svet-architektury\/seznam-architektu\/ing-arch-braunerova-jarmila\">748 Jarmila Braunerov\u00e1<\/a><\/td>\n<td>ING. ARCH. JARMILA BRAUNEROV\u00c1<\/td>\n<\/tr>\n<tr>\n<td>1574<\/td>\n<td>\u00c7ekya<\/td>\n<td>Zl\u00edn<\/td>\n<td><a href=\"https:\/\/www.cka.cz\/cs\/svet-architektury\/seznam-architektu\/ing-arch-melicharek-josef\">749 Josef Melich\u00e1rek<\/a><\/td>\n<td>ING. ARCH. JOSEF MELICH\u00c1REK<\/td>\n<\/tr>\n<tr>\n<td>1575<\/td>\n<td>\u00c7ekya<\/td>\n<td>Ostrava<\/td>\n<td><a href=\"https:\/\/www.cka.cz\/cs\/svet-architektury\/seznam-architektu\/ing-arch-kuba-evzen\">750 Eugene K\u00fcba<\/a><\/td>\n<td>ING. ARCH. EV\u017dEN KUBA<\/td>\n<\/tr>\n<tr>\n<td>1576<\/td>\n<td>\u00c7ekya<\/td>\n<td>Kr\u00e1lov\u00e9hradeck\u00fd kraj<\/td>\n<td><a href=\"https:\/\/www.cka.cz\/cs\/svet-architektury\/seznam-architektu\/ing-arch-koutova-alena\">751 Alena Koutova<\/a><\/td>\n<td>ING. ARCH. ALENA KOUTOV\u00c1<\/td>\n<\/tr>\n<tr>\n<td>1577<\/td>\n<td>\u00c7ekya<\/td>\n<td>Kr\u00e1lov\u00e9hradeck\u00fd kraj<\/td>\n<td><a href=\"https:\/\/www.cka.cz\/cs\/svet-architektury\/seznam-architektu\/ing-arch-vychodil-tomas\">752 Tomas Vychodil<\/a><\/td>\n<td>ING. ARCH. TOM\u00c1\u0160 VYCHODIL<\/td>\n<\/tr>\n<tr>\n<td>1578<\/td>\n<td>\u00c7ekya<\/td>\n<td>Moravskoslezsk\u00fd kraj<\/td>\n<td><a href=\"https:\/\/www.cka.cz\/cs\/svet-architektury\/seznam-architektu\/ing-arch-rosypal-dusan\">753 Dusan Rosypal<\/a><\/td>\n<td>ING. ARCH. DU\u0160AN ROSYPAL<\/td>\n<\/tr>\n<tr>\n<td>1579<\/td>\n<td>\u00c7ekya<\/td>\n<td>Brno<\/td>\n<td><a href=\"https:\/\/www.cka.cz\/cs\/svet-architektury\/seznam-architektu\/ing-arch-streit-evzen\">754 Ev\u017een \u0160treit<\/a><\/td>\n<td>ING. ARCH. EV\u017dEN \u0160TREIT<\/td>\n<\/tr>\n<tr>\n<td>1580<\/td>\n<td>\u00c7ekya<\/td>\n<td>Brno<\/td>\n<td><a href=\"https:\/\/www.cka.cz\/cs\/svet-architektury\/seznam-architektu\/ing-arch-mensik-karel\">755 Karel Men\u0161\u00edk<\/a><\/td>\n<td>ING. ARCH. KAREL MEN\u0160\u00cdK<\/td>\n<\/tr>\n<tr>\n<td>1581<\/td>\n<td>\u00c7ekya<\/td>\n<td>Kr\u00e1lov\u00e9hradeck\u00fd kraj<\/td>\n<td><a href=\"https:\/\/www.cka.cz\/cs\/svet-architektury\/seznam-architektu\/ing-arch-kout-vaclav\">756 Vaclav Kout<\/a><\/td>\n<td>ING. ARCH. V\u00c1CLAV KOUT<\/td>\n<\/tr>\n<tr>\n<td>1582<\/td>\n<td>\u00c7ekya<\/td>\n<td>Brno<\/td>\n<td><a href=\"https:\/\/www.cka.cz\/cs\/svet-architektury\/seznam-architektu\/ing-arch-jansku-zdenek\">757 Zdenek Jansky<\/a><\/td>\n<td>ING. ARCH. ZDEN\u011aK JANSK\u00dd<\/td>\n<\/tr>\n<tr>\n<td>1583<\/td>\n<td>\u00c7ekya<\/td>\n<td>Prag<\/td>\n<td><a href=\"https:\/\/www.cka.cz\/cs\/svet-architektury\/seznam-architektu\/ing-arch-staudner-ivo\">758 Ivo Staudner<\/a><\/td>\n<td>ING. ARCH. IVO \u0160TAUDNER<\/td>\n<\/tr>\n<tr>\n<td>1584<\/td>\n<td>\u00c7ekya<\/td>\n<td>Jihlava<\/td>\n<td><a href=\"https:\/\/www.cka.cz\/cs\/svet-architektury\/seznam-architektu\/ing-arch-pribova-marta\">759 Marta P\u0159ibov\u00e1<\/a><\/td>\n<td>ING. ARCH. MARTA P\u0158IBOV\u00c1<\/td>\n<\/tr>\n<tr>\n<td>1585<\/td>\n<td>\u00c7ekya<\/td>\n<td>Labem<\/td>\n<td><a href=\"https:\/\/www.cka.cz\/cs\/svet-architektury\/seznam-architektu\/ing-arch-kotis-lubos\">760 Lubo\u0161 Koti\u0161<\/a><\/td>\n<td>ING. ARCH. LUBO\u0160 KOTI\u0160<\/td>\n<\/tr>\n<tr>\n<td>1586<\/td>\n<td>\u00c7ekya<\/td>\n<td>Prag<\/td>\n<td><a href=\"https:\/\/www.cka.cz\/cs\/svet-architektury\/seznam-architektu\/ing-arch-janouskova-tamara\">761 Tamara Janouskova<\/a><\/td>\n<td>ING. ARCH. TAMARA JANOU\u0160KOV\u00c1<\/td>\n<\/tr>\n<tr>\n<td>1587<\/td>\n<td>\u00c7ekya<\/td>\n<td>St\u0159edo\u010desk\u00fd kraj<\/td>\n<td><a href=\"https:\/\/www.cka.cz\/cs\/svet-architektury\/seznam-architektu\/ing-arch-sterba-jiri\">762 Ji\u0159\u00ed \u0160t\u011brba<\/a><\/td>\n<td>ING. ARCH. JI\u0158\u00cd \u0160T\u011aRBA<\/td>\n<\/tr>\n<tr>\n<td>1588<\/td>\n<td>\u00c7ekya<\/td>\n<td>Kr\u00e1lov\u00e9hradeck\u00fd kraj<\/td>\n<td><a href=\"https:\/\/www.cka.cz\/cs\/svet-architektury\/seznam-architektu\/ing-arch-hochman-jan\">763 Jan Hochman<\/a><\/td>\n<td>ING. ARCH. JAN HOCHMAN<\/td>\n<\/tr>\n<tr>\n<td>1589<\/td>\n<td>\u00c7ekya<\/td>\n<td>P\u00edsek<\/td>\n<td><a href=\"https:\/\/www.cka.cz\/cs\/svet-architektury\/seznam-architektu\/ing-arch-monhart-libor\">764 Libor Monhart<\/a><\/td>\n<td>ING. ARCH. LIBOR MONHART<\/td>\n<\/tr>\n<tr>\n<td>1590<\/td>\n<td>\u00c7ekya<\/td>\n<td>Prag<\/td>\n<td><a href=\"https:\/\/www.cka.cz\/cs\/svet-architektury\/seznam-architektu\/akad-arch-sulc-rudolf\">765 Rudolf \u0160ulc<\/a><\/td>\n<td>AKAD. ARCH. RUDOLF \u0160ULC<\/td>\n<\/tr>\n<tr>\n<td>1591<\/td>\n<td>\u00c7ekya<\/td>\n<td>Prag<\/td>\n<td><a href=\"https:\/\/www.cka.cz\/cs\/svet-architektury\/seznam-architektu\/ing-arch-monzer-ladislav\">766 Ladislav Monzer<\/a><\/td>\n<td>ING. ARCH. LADISLAV MONZER<\/td>\n<\/tr>\n<tr>\n<td>1592<\/td>\n<td>\u00c7ekya<\/td>\n<td>Prag<\/td>\n<td><a href=\"https:\/\/www.cka.cz\/cs\/svet-architektury\/seznam-architektu\/ing-arch-slach-karel\">767 Karel Slach<\/a><\/td>\n<td>ING. ARCH. KAREL SLACH<\/td>\n<\/tr>\n<tr>\n<td>1593<\/td>\n<td>\u00c7ekya<\/td>\n<td>Kr\u00e1lov\u00e9hradeck\u00fd kraj<\/td>\n<td><a href=\"https:\/\/www.cka.cz\/cs\/svet-architektury\/seznam-architektu\/ing-arch-kaskova-alexandra\">768 Alexandra Kaskov\u00e1<\/a><\/td>\n<td>ING. ARCH. ALEXANDRA KASKOV\u00c1<\/td>\n<\/tr>\n<tr>\n<td>1594<\/td>\n<td>\u00c7ekya<\/td>\n<td>Prag<\/td>\n<td><a href=\"https:\/\/www.cka.cz\/cs\/svet-architektury\/seznam-architektu\/ing-arch-soukenikova-vera\">769 V\u011bra Souken\u00edkov\u00e1<\/a><\/td>\n<td>ING. ARCH. V\u011aRA SOUKEN\u00cdKOV\u00c1<\/td>\n<\/tr>\n<tr>\n<td>1595<\/td>\n<td>\u00c7ekya<\/td>\n<td>Prag<\/td>\n<td><a href=\"https:\/\/www.cka.cz\/cs\/svet-architektury\/seznam-architektu\/ing-arch-dankova-eva\">770 Eva Dankova<\/a><\/td>\n<td>ING. ARCH. EVA DA\u0147KOV\u00c1<\/td>\n<\/tr>\n<tr>\n<td>1596<\/td>\n<td>\u00c7ekya<\/td>\n<td>Prag<\/td>\n<td><a href=\"https:\/\/www.cka.cz\/cs\/svet-architektury\/seznam-architektu\/ing-arch-hubikova-marie\">771 Marie Hub\u00edkov\u00e1<\/a><\/td>\n<td>ING. ARCH. MARIE HUB\u00cdKOV\u00c1<\/td>\n<\/tr>\n<tr>\n<td>1597<\/td>\n<td>\u00c7ekya<\/td>\n<td>Prag<\/td>\n<td><a href=\"https:\/\/www.cka.cz\/cs\/svet-architektury\/seznam-architektu\/ing-arch-heidler-stanislav\">772 Stanislav Heidler<\/a><\/td>\n<td>ING. ARCH. STANISLAV HEIDLER<\/td>\n<\/tr>\n<tr>\n<td>1598<\/td>\n<td>\u00c7ekya<\/td>\n<td>Prag<\/td>\n<td><a href=\"https:\/\/www.cka.cz\/cs\/svet-architektury\/seznam-architektu\/ing-arch-kovalcik-vit\">773 V\u00edt Koval\u010d\u00edk<\/a><\/td>\n<td>ING. ARCH. V\u00cdT KOVAL\u010c\u00cdK<\/td>\n<\/tr>\n<tr>\n<td>1599<\/td>\n<td>\u00c7ekya<\/td>\n<td>Prag<\/td>\n<td><a href=\"https:\/\/www.cka.cz\/cs\/svet-architektury\/seznam-architektu\/ing-arch-hrochova-zuzana\">774 Zuzana Hrochov\u00e1<\/a><\/td>\n<td>ING. ARCH. ZUZANA HROCHOV\u00c1<\/td>\n<\/tr>\n<tr>\n<td>1600<\/td>\n<td>\u00c7ekya<\/td>\n<td>Prag<\/td>\n<td><a href=\"https:\/\/www.cka.cz\/cs\/svet-architektury\/seznam-architektu\/ing-arch-ilincev-orlin\">775 Orlin Ilinchev<\/a><\/td>\n<td>ING. ARCH. ORLIN ILIN\u010cEV<\/td>\n<\/tr>\n<tr>\n<td>1601<\/td>\n<td>\u00c7ekya<\/td>\n<td>Prag<\/td>\n<td><a href=\"https:\/\/www.cka.cz\/cs\/svet-architektury\/seznam-architektu\/ing-arch-feistner-martin\">776 Martin Feistner<\/a><\/td>\n<td>ING. ARCH. MARTIN FEISTNER<\/td>\n<\/tr>\n<tr>\n<td>1602<\/td>\n<td>\u00c7ekya<\/td>\n<td>Prag<\/td>\n<td><a href=\"https:\/\/www.cka.cz\/cs\/svet-architektury\/seznam-architektu\/ing-arch-hanzlik-jiri\">777 Ji\u0159\u00ed Hanzl\u00edk<\/a><\/td>\n<td>ING. ARCH. JI\u0158\u00cd HANZL\u00cdK<\/td>\n<\/tr>\n<tr>\n<td>1603<\/td>\n<td>\u00c7ekya<\/td>\n<td>Prag<\/td>\n<td><a href=\"https:\/\/www.cka.cz\/cs\/svet-architektury\/seznam-architektu\/ing-arch-neumann-petr\">778 Petr Neumann<\/a><\/td>\n<td>ING. ARCH. PETR NEUMANN<\/td>\n<\/tr>\n<tr>\n<td>1604<\/td>\n<td>\u00c7ekya<\/td>\n<td>Prag<\/td>\n<td><a href=\"https:\/\/www.cka.cz\/cs\/svet-architektury\/seznam-architektu\/ing-arch-ilincev-miroslav\">779 Miroslav Ilinchev<\/a><\/td>\n<td>ING. ARCH. MIROSLAV ILIN\u010cEV<\/td>\n<\/tr>\n<tr>\n<td>1605<\/td>\n<td>\u00c7ekya<\/td>\n<td>Prag<\/td>\n<td><a href=\"https:\/\/www.cka.cz\/cs\/svet-architektury\/seznam-architektu\/ing-arch-novotny-frantisek\">780 Frantisek Novotny<\/a><\/td>\n<td>ING. ARCH. FRANTI\u0160EK NOVOTN\u00dd<\/td>\n<\/tr>\n<tr>\n<td>1606<\/td>\n<td>\u00c7ekya<\/td>\n<td>Prag<\/td>\n<td><a href=\"https:\/\/www.cka.cz\/cs\/svet-architektury\/seznam-architektu\/ing-arch-kopp-jan\">781 Jan Kopp<\/a><\/td>\n<td>ING. ARCH. JAN KOPP<\/td>\n<\/tr>\n<tr>\n<td>1607<\/td>\n<td>\u00c7ekya<\/td>\n<td>Prag<\/td>\n<td><a href=\"https:\/\/www.cka.cz\/cs\/svet-architektury\/seznam-architektu\/ing-arch-krizova-lenka\">782 Lenka K\u0159\u00ed\u017eov\u00e1<\/a><\/td>\n<td>ING. ARCH. LENKA K\u0158\u00cd\u017dOV\u00c1<\/td>\n<\/tr>\n<tr>\n<td>1608<\/td>\n<td>\u00c7ekya<\/td>\n<td>Prag<\/td>\n<td><a href=\"https:\/\/www.cka.cz\/cs\/svet-architektury\/seznam-architektu\/ing-arch-kotrba-ales\">783 Ale\u0161 Kotrba<\/a><\/td>\n<td>ING. ARCH. ALE\u0160 KOTRBA<\/td>\n<\/tr>\n<tr>\n<td>1609<\/td>\n<td>\u00c7ekya<\/td>\n<td>Plze\u0148sk\u00fd kraj<\/td>\n<td><a href=\"https:\/\/www.cka.cz\/cs\/svet-architektury\/seznam-architektu\/ing-arch-drda-jaroslav\">784 Jaroslav Drda<\/a><\/td>\n<td>ING. ARCH. JAROSLAV DRDA<\/td>\n<\/tr>\n<tr>\n<td>1610<\/td>\n<td>\u00c7ekya<\/td>\n<td>Prag<\/td>\n<td><a href=\"https:\/\/www.cka.cz\/cs\/svet-architektury\/seznam-architektu\/ing-arch-zverina-pavel\">785 Pavel Zv\u011b\u0159ina<\/a><\/td>\n<td>ING. ARCH. PAVEL ZV\u011a\u0158INA<\/td>\n<\/tr>\n<tr>\n<td>1611<\/td>\n<td>\u00c7ekya<\/td>\n<td>Prag<\/td>\n<td><a href=\"https:\/\/www.cka.cz\/cs\/svet-architektury\/seznam-architektu\/ing-arch-kostal-jiri\">786 Ji\u0159\u00ed Ko\u0161\u0165\u00e1l<\/a><\/td>\n<td>ING. ARCH. JI\u0158\u00cd KO\u0160\u0164\u00c1L<\/td>\n<\/tr>\n<tr>\n<td>1612<\/td>\n<td>\u00c7ekya<\/td>\n<td>Prag<\/td>\n<td><a href=\"https:\/\/www.cka.cz\/cs\/svet-architektury\/seznam-architektu\/ing-arch-adamek-jan\">787 Jan Adamek<\/a><\/td>\n<td>ING. ARCH. JAN AD\u00c1MEK<\/td>\n<\/tr>\n<tr>\n<td>1613<\/td>\n<td>\u00c7ekya<\/td>\n<td>St\u0159edo\u010desk\u00fd kraj<\/td>\n<td><a href=\"https:\/\/www.cka.cz\/cs\/svet-architektury\/seznam-architektu\/ing-akad-arch-kafka-jiri\">788 Ji\u0159\u00ed Kafka<\/a><\/td>\n<td>AKAD. ARCH. ING. JI\u0158\u00cd KAFKA<\/td>\n<\/tr>\n<tr>\n<td>1614<\/td>\n<td>\u00c7ekya<\/td>\n<td>Prag<\/td>\n<td><a href=\"https:\/\/www.cka.cz\/cs\/svet-architektury\/seznam-architektu\/akad-arch-brix-michal\">789 Michal Brix<\/a><\/td>\n<td>AKAD. ARCH. MICHAL BRIX<\/td>\n<\/tr>\n<tr>\n<td>1615<\/td>\n<td>\u00c7ekya<\/td>\n<td>Prag<\/td>\n<td><a href=\"https:\/\/www.cka.cz\/cs\/svet-architektury\/seznam-architektu\/ing-arch-valtr-vaclav\">790 Vaclav Valtr<\/a><\/td>\n<td>ING. ARCH. V\u00c1CLAV VALTR<\/td>\n<\/tr>\n<tr>\n<td>1616<\/td>\n<td>\u00c7ekya<\/td>\n<td>Prag<\/td>\n<td><a href=\"https:\/\/www.cka.cz\/cs\/svet-architektury\/seznam-architektu\/ing-akad-arch-kovalcikova-dagmar\">791 Dagmar Koval\u010d\u00edkov\u00e1<\/a><\/td>\n<td>ING. AKAD. ARCH. DAGMAR KOVAL\u010c\u00cdKOV\u00c1<\/td>\n<\/tr>\n<tr>\n<td>1617<\/td>\n<td>\u00c7ekya<\/td>\n<td>Prag<\/td>\n<td><a href=\"https:\/\/www.cka.cz\/cs\/svet-architektury\/seznam-architektu\/akad-arch-toman-stanislav\">792 Stanislav Toman<\/a><\/td>\n<td>AKAD. ARCH. STANISLAV TOMAN<\/td>\n<\/tr>\n<tr>\n<td>1618<\/td>\n<td>\u00c7ekya<\/td>\n<td>Prag<\/td>\n<td><a href=\"https:\/\/www.cka.cz\/cs\/svet-architektury\/seznam-architektu\/ing-boucek-hynek\">793 Hynek Bou\u010dek<\/a><\/td>\n<td>ING. HYNEK BOU\u010cEK<\/td>\n<\/tr>\n<tr>\n<td>1619<\/td>\n<td>\u00c7ekya<\/td>\n<td>Labem<\/td>\n<td><a href=\"https:\/\/www.cka.cz\/cs\/svet-architektury\/seznam-architektu\/ing-arch-burda-josef\">794 Josef Burda<\/a><\/td>\n<td>ING. ARCH. JOSEF BURDA<\/td>\n<\/tr>\n<tr>\n<td>1620<\/td>\n<td>\u00c7ekya<\/td>\n<td>Prag<\/td>\n<td><a href=\"https:\/\/www.cka.cz\/cs\/svet-architektury\/seznam-architektu\/ing-arch-kolarova-eliska\">795 Eli\u0161ka Kol\u00e1\u0159ov\u00e1<\/a><\/td>\n<td>ING. ARCH. ELI\u0160KA KOL\u00c1\u0158OV\u00c1<\/td>\n<\/tr>\n<tr>\n<td>1621<\/td>\n<td>\u00c7ekya<\/td>\n<td>Prag<\/td>\n<td><a href=\"https:\/\/www.cka.cz\/cs\/svet-architektury\/seznam-architektu\/ing-arch-benesova-miroslava\">796 Miroslava Bene\u0161ov\u00e1<\/a><\/td>\n<td>ING. ARCH. MIROSLAVA BENE\u0160OV\u00c1<\/td>\n<\/tr>\n<tr>\n<td>1622<\/td>\n<td>\u00c7ekya<\/td>\n<td>Prag<\/td>\n<td><a href=\"https:\/\/www.cka.cz\/cs\/svet-architektury\/seznam-architektu\/ing-arch-novak-jiri\">797 Ji\u0159\u00ed Nov\u00e1k<\/a><\/td>\n<td>ING. ARCH. JI\u0158\u00cd NOV\u00c1K<\/td>\n<\/tr>\n<tr>\n<td>1623<\/td>\n<td>\u00c7ekya<\/td>\n<td>Prag<\/td>\n<td><a href=\"https:\/\/www.cka.cz\/cs\/svet-architektury\/seznam-architektu\/ing-arch-malina-pavel\">798 Pavel Malina<\/a><\/td>\n<td>ING. ARCH. PAVEL MALINA<\/td>\n<\/tr>\n<tr>\n<td>1624<\/td>\n<td>\u00c7ekya<\/td>\n<td>Prag<\/td>\n<td><a href=\"https:\/\/www.cka.cz\/cs\/svet-architektury\/seznam-architektu\/ing-arch-podpera-blahomir\">799 Blahom\u00edr Podp\u011bra<\/a><\/td>\n<td>ING. ARCH. BLAHOM\u00cdR PODP\u011aRA<\/td>\n<\/tr>\n<tr>\n<td>1625<\/td>\n<td>\u00c7ekya<\/td>\n<td>Prag<\/td>\n<td><a href=\"https:\/\/www.cka.cz\/cs\/svet-architektury\/seznam-architektu\/ing-arch-lasek-jiri\">800 Ji\u0159\u00ed L\u00e1\u0161ek<\/a><\/td>\n<td>ING. ARCH. JI\u0158\u00cd L\u00c1\u0160EK<\/td>\n<\/tr>\n<tr>\n<td>1626<\/td>\n<td>\u00c7ekya<\/td>\n<td>Prag<\/td>\n<td><a href=\"https:\/\/www.cka.cz\/cs\/svet-architektury\/seznam-architektu\/ing-akad-arch-fenclova-daniela\">801 Daniela Fenclov\u00e1<\/a><\/td>\n<td>ING. AKAD. ARCH. DANIELA FENCLOV\u00c1<\/td>\n<\/tr>\n<tr>\n<td>1627<\/td>\n<td>\u00c7ekya<\/td>\n<td>Jiho\u010desk\u00fd kraj<\/td>\n<td><a href=\"https:\/\/www.cka.cz\/cs\/svet-architektury\/seznam-architektu\/ing-arch-kalina-vaclav\">802 Vaclav Kalina<\/a><\/td>\n<td>ING. ARCH. V\u00c1CLAV KALINA<\/td>\n<\/tr>\n<tr>\n<td>1628<\/td>\n<td>\u00c7ekya<\/td>\n<td>Plze\u0148<\/td>\n<td><a href=\"https:\/\/www.cka.cz\/cs\/svet-architektury\/seznam-architektu\/ing-arch-kantner-jiri\">803 Ji\u0159\u00ed Kantner<\/a><\/td>\n<td>ING. ARCH. JI\u0158\u00cd KANTNER<\/td>\n<\/tr>\n<tr>\n<td>1629<\/td>\n<td>\u00c7ekya<\/td>\n<td>Prag<\/td>\n<td><a href=\"https:\/\/www.cka.cz\/cs\/svet-architektury\/seznam-architektu\/ing-arch-borovicka-jan\">804 Jan Borovi\u010dka<\/a><\/td>\n<td>ING. ARCH. JAN BOROVI\u010cKA<\/td>\n<\/tr>\n<tr>\n<td>1630<\/td>\n<td>\u00c7ekya<\/td>\n<td>Plze\u0148<\/td>\n<td><a href=\"https:\/\/www.cka.cz\/cs\/svet-architektury\/seznam-architektu\/ing-arch-tuckova-hana\">805 Hana Tu\u010dkov\u00e1<\/a><\/td>\n<td>ING. ARCH. HANA TU\u010cKOV\u00c1<\/td>\n<\/tr>\n<tr>\n<td>1631<\/td>\n<td>\u00c7ekya<\/td>\n<td>Prag<\/td>\n<td><a href=\"https:\/\/www.cka.cz\/cs\/svet-architektury\/seznam-architektu\/ing-arch-lejsek-pavel\">806 Pavel Lejsek<\/a><\/td>\n<td>ING. ARCH. PAVEL LEJSEK<\/td>\n<\/tr>\n<tr>\n<td>1632<\/td>\n<td>\u00c7ekya<\/td>\n<td>St\u0159edo\u010desk\u00fd kraj<\/td>\n<td><a href=\"https:\/\/www.cka.cz\/cs\/svet-architektury\/seznam-architektu\/ing-arch-bradac-josef\">807 Josef Brad\u00e1\u010d<\/a><\/td>\n<td>ING. ARCH. JOSEF BRAD\u00c1\u010c<\/td>\n<\/tr>\n<tr>\n<td>1633<\/td>\n<td>\u00c7ekya<\/td>\n<td>\u010cesk\u00e9 Bud\u011bjovice<\/td>\n<td><a href=\"https:\/\/www.cka.cz\/cs\/svet-architektury\/seznam-architektu\/ing-arch-urbanec-zdenek\">808 Zdenek Urbanec<\/a><\/td>\n<td>ING. ARCH. ZDEN\u011aK URBANEC<\/td>\n<\/tr>\n<tr>\n<td>1634<\/td>\n<td>\u00c7ekya<\/td>\n<td>Kr\u00e1lov\u00e9hradeck\u00fd kraj<\/td>\n<td><a href=\"https:\/\/www.cka.cz\/cs\/svet-architektury\/seznam-architektu\/ing-arch-skalicky-alexandr\">809 Alexandr Skalick\u00fd<\/a><\/td>\n<td>ING. ARCH. ALEXANDR SKALICK\u00dd<\/td>\n<\/tr>\n<tr>\n<td>1635<\/td>\n<td>\u00c7ekya<\/td>\n<td>Jiho\u010desk\u00fd kraj<\/td>\n<td><a href=\"https:\/\/www.cka.cz\/cs\/svet-architektury\/seznam-architektu\/ing-arch-homolka-milan\">810 Milano Homolka<\/a><\/td>\n<td>ING. ARCH. MILAN HOMOLKA<\/td>\n<\/tr>\n<tr>\n<td>1636<\/td>\n<td>\u00c7ekya<\/td>\n<td>Labem<\/td>\n<td><a href=\"https:\/\/www.cka.cz\/cs\/svet-architektury\/seznam-architektu\/ing-arch-fikarova-jitka\">811 Jitka Fikarov\u00e1<\/a><\/td>\n<td>ING. ARCH. JITKA FIKAROV\u00c1<\/td>\n<\/tr>\n<tr>\n<td>1637<\/td>\n<td>\u00c7ekya<\/td>\n<td>Prag<\/td>\n<td><a href=\"https:\/\/www.cka.cz\/cs\/svet-architektury\/seznam-architektu\/ing-arch-durdikova-helena\">812 Helena Durd\u00edkov\u00e1<\/a><\/td>\n<td>ING. ARCH. HELENA DURD\u00cdKOV\u00c1<\/td>\n<\/tr>\n<tr>\n<td>1638<\/td>\n<td>\u00c7ekya<\/td>\n<td>Brno<\/td>\n<td><a href=\"https:\/\/www.cka.cz\/cs\/svet-architektury\/seznam-architektu\/ing-arch-palacka-alena\">813 Alena Palacka<\/a><\/td>\n<td>ING. ARCH. ALENA PALACK\u00c1<\/td>\n<\/tr>\n<tr>\n<td>1639<\/td>\n<td>\u00c7ekya<\/td>\n<td>Zl\u00edn<\/td>\n<td><a href=\"https:\/\/www.cka.cz\/cs\/svet-architektury\/seznam-architektu\/ing-arch-psencik-leopold\">814 Leopold P\u0161en\u010d\u00edk<\/a><\/td>\n<td>ING. ARCH. LEOPOLD P\u0160EN\u010c\u00cdK<\/td>\n<\/tr>\n<tr>\n<td>1640<\/td>\n<td>\u00c7ekya<\/td>\n<td>Brno<\/td>\n<td><a href=\"https:\/\/www.cka.cz\/cs\/svet-architektury\/seznam-architektu\/ing-arch-sevcik-zdenek\">815 Zdenek Sevcik<\/a><\/td>\n<td>ING. ARCH. ZDEN\u011aK \u0160EV\u010c\u00cdK<\/td>\n<\/tr>\n<tr>\n<td>1641<\/td>\n<td>\u00c7ekya<\/td>\n<td>Pardubick\u00fd kraj<\/td>\n<td><a href=\"https:\/\/www.cka.cz\/cs\/svet-architektury\/seznam-architektu\/ing-arch-rerucha-jiri\">816 Ji\u0159\u00ed \u0158e\u0159ucha<\/a><\/td>\n<td>ING. ARCH. JI\u0158\u00cd \u0158E\u0158UCHA<\/td>\n<\/tr>\n<tr>\n<td>1642<\/td>\n<td>\u00c7ekya<\/td>\n<td>Jiho\u010desk\u00fd kraj<\/td>\n<td><a href=\"https:\/\/www.cka.cz\/cs\/svet-architektury\/seznam-architektu\/ing-arch-lang-zdenek\">817 Zdenek Lang<\/a><\/td>\n<td>ING. ARCH. ZDEN\u011aK LANG<\/td>\n<\/tr>\n<tr>\n<td>1643<\/td>\n<td>\u00c7ekya<\/td>\n<td>Jiho\u010desk\u00fd kraj<\/td>\n<td><a href=\"https:\/\/www.cka.cz\/cs\/svet-architektury\/seznam-architektu\/ing-arch-stee-petr\">818 Petr St\u00e9e<\/a><\/td>\n<td>ING. ARCH. PETR ST\u00c9E<\/td>\n<\/tr>\n<tr>\n<td>1644<\/td>\n<td>\u00c7ekya<\/td>\n<td>Jiho\u010desk\u00fd kraj<\/td>\n<td><a href=\"https:\/\/www.cka.cz\/cs\/svet-architektury\/seznam-architektu\/ing-arch-konicar-pavel\">819 Pavel Konicar<\/a><\/td>\n<td>ING. ARCH. PAVEL KONICAR<\/td>\n<\/tr>\n<tr>\n<td>1645<\/td>\n<td>\u00c7ekya<\/td>\n<td>Jiho\u010desk\u00fd kraj<\/td>\n<td><a href=\"https:\/\/www.cka.cz\/cs\/svet-architektury\/seznam-architektu\/ing-arch-dolezal-jan\">820 Jan Dole\u017eal<\/a><\/td>\n<td>ING. ARCH. JAN DOLE\u017dAL<\/td>\n<\/tr>\n<tr>\n<td>1646<\/td>\n<td>\u00c7ekya<\/td>\n<td>Ostrava<\/td>\n<td><a href=\"https:\/\/www.cka.cz\/cs\/svet-architektury\/seznam-architektu\/ing-arch-carbol-lubomir\">821 Lubom\u00edr Carbol<\/a><\/td>\n<td>ING. ARCH. LUBOM\u00cdR CARBOL<\/td>\n<\/tr>\n<tr>\n<td>1647<\/td>\n<td>\u00c7ekya<\/td>\n<td>Zl\u00ednsk\u00fd kraj<\/td>\n<td><a href=\"https:\/\/www.cka.cz\/cs\/svet-architektury\/seznam-architektu\/ing-arch-kalivoda-vladimir-1\">822 Vladimir Kalivoda<\/a><\/td>\n<td>ING. ARCH. VLADIM\u00cdR KALIVODA<\/td>\n<\/tr>\n<tr>\n<td>1648<\/td>\n<td>\u00c7ekya<\/td>\n<td>Jiho\u010desk\u00fd kraj<\/td>\n<td><a href=\"https:\/\/www.cka.cz\/cs\/svet-architektury\/seznam-architektu\/ing-arch-keith-jan\">823 Jan Keith<\/a><\/td>\n<td>ING. ARCH. JAN KEITH<\/td>\n<\/tr>\n<tr>\n<td>1649<\/td>\n<td>\u00c7ekya<\/td>\n<td>Kr\u00e1lov\u00e9hradeck\u00fd kraj<\/td>\n<td><a href=\"https:\/\/www.cka.cz\/cs\/svet-architektury\/seznam-architektu\/ing-arch-wagner-alexandr\">824 Alexandr Wagner<\/a><\/td>\n<td>ING. ARCH. ALEXANDR WAGNER<\/td>\n<\/tr>\n<tr>\n<td>1650<\/td>\n<td>\u00c7ekya<\/td>\n<td>Olomouc<\/td>\n<td><a href=\"https:\/\/www.cka.cz\/cs\/svet-architektury\/seznam-architektu\/akad-soch-lubic-martin\">825 Martin Lubi\u010d<\/a><\/td>\n<td>AKAD. SOCH. MARTIN LUBI\u010c<\/td>\n<\/tr>\n<tr>\n<td>1651<\/td>\n<td>\u00c7ekya<\/td>\n<td>Olomouc<\/td>\n<td><a href=\"https:\/\/www.cka.cz\/cs\/svet-architektury\/seznam-architektu\/ing-arch-opletal-ladislav\">826 Ladislav Opletal<\/a><\/td>\n<td>ING. ARCH. LADISLAV OPLETAL<\/td>\n<\/tr>\n<tr>\n<td>1652<\/td>\n<td>\u00c7ekya<\/td>\n<td>Zl\u00ednsk\u00fd kraj<\/td>\n<td><a href=\"https:\/\/www.cka.cz\/cs\/svet-architektury\/seznam-architektu\/ing-arch-hainc-pavel-csc\">827 Pavel Hainc<\/a><\/td>\n<td>ING. ARCH. PAVEL HAINC CSC.<\/td>\n<\/tr>\n<tr>\n<td>SIRA<\/td>\n<td>\u00dcLKE<\/td>\n<td>\u015eEH\u0130R<\/td>\n<td>F\u0130RMA<\/td>\n<td><\/td>\n<\/tr>\n<tr>\n<td>1653<\/td>\n<td>\u00c7ekya<\/td>\n<td>Prag<\/td>\n<td><a href=\"https:\/\/www.cka.cz\/cs\/svet-architektury\/seznam-architektu\/doc-ing-arch-stipek-jan\">3 Jan \u0160t\u00edpek<\/a><\/td>\n<td>DOC. ING. ARCH. JAN \u0160T\u00cdPEK<\/td>\n<\/tr>\n<tr>\n<td>1654<\/td>\n<td>\u00c7ekya<\/td>\n<td>Prag<\/td>\n<td><a href=\"https:\/\/www.cka.cz\/cs\/svet-architektury\/seznam-architektu\/ing-arch-aulicky-vaclav\">4 V\u00e1clav Aulick\u00fd<\/a><\/td>\n<td>SPOJPROJEKT PRAHA<\/td>\n<\/tr>\n<tr>\n<td>1655<\/td>\n<td>\u00c7ekya<\/td>\n<td>P\u0159erov<\/td>\n<td><a href=\"https:\/\/www.cka.cz\/cs\/svet-architektury\/seznam-architektu\/ing-arch-zalud-stanislav\">5 Stanislav \u017dalud<\/a><\/td>\n<td>ING. ARCH. STANISLAV \u017dALUD<\/td>\n<\/tr>\n<tr>\n<td>1656<\/td>\n<td>\u00c7ekya<\/td>\n<td>Prag<\/td>\n<td><a href=\"https:\/\/www.cka.cz\/cs\/svet-architektury\/seznam-architektu\/ing-arch-vrana-josef\">6 Josef Vrana<\/a><\/td>\n<td>ING. ARCH. JOSEF VRANA<\/td>\n<\/tr>\n<tr>\n<td>1657<\/td>\n<td>\u00c7ekya<\/td>\n<td>Liberec<\/td>\n<td><a href=\"https:\/\/www.cka.cz\/cs\/svet-architektury\/seznam-architektu\/ing-arch-kousal-radim\">7 Radim Kousal<\/a><\/td>\n<td>ING. ARCH. RADIM KOUSAL<\/td>\n<\/tr>\n<tr>\n<td>1658<\/td>\n<td>\u00c7ekya<\/td>\n<td>Kr\u00e1lov\u00e9<\/td>\n<td><a href=\"https:\/\/www.cka.cz\/cs\/svet-architektury\/seznam-architektu\/ing-arch-falta-bedrich\">8 Bed\u0159ich Falta<\/a><\/td>\n<td>ING. ARCH. BED\u0158ICH FALTA<\/td>\n<\/tr>\n<tr>\n<td>1659<\/td>\n<td>\u00c7ekya<\/td>\n<td>Pilsen<\/td>\n<td><a href=\"https:\/\/www.cka.cz\/cs\/svet-architektury\/seznam-architektu\/ing-arch-cihak-zdenek\">9 Zden\u011bk \u010cih\u00e1k<\/a><\/td>\n<td>ING. ARCH. ZDEN\u011aK \u010cIH\u00c1K<\/td>\n<\/tr>\n<tr>\n<td>1660<\/td>\n<td>\u00c7ekya<\/td>\n<td>Karlovy Vary<\/td>\n<td><a href=\"https:\/\/www.cka.cz\/cs\/svet-architektury\/seznam-architektu\/ing-arch-mraz-petr\">10 Petr Mr\u00e1z<\/a><\/td>\n<td>ING. ARCH. PETR MR\u00c1Z<\/td>\n<\/tr>\n<tr>\n<td>1661<\/td>\n<td>\u00c7ekya<\/td>\n<td>Prag<\/td>\n<td><a href=\"https:\/\/www.cka.cz\/cs\/svet-architektury\/seznam-architektu\/ing-arch-sebek-vaclav\">11 V\u00e1clav \u0160ebek<\/a><\/td>\n<td>ING. ARCH. V\u00c1CLAV \u0160EBEK<\/td>\n<\/tr>\n<tr>\n<td>1662<\/td>\n<td>\u00c7ekya<\/td>\n<td>Pardubice<\/td>\n<td><a href=\"https:\/\/www.cka.cz\/cs\/svet-architektury\/seznam-architektu\/ing-arch-kopecky-miroslav-csc\">12 Miroslav Kopeck\u00fd<\/a><\/td>\n<td>ING. ARCH. MIROSLAV KOPECK\u00dd CSC.<\/td>\n<\/tr>\n<tr>\n<td>1663<\/td>\n<td>\u00c7ekya<\/td>\n<td>Prag<\/td>\n<td><a href=\"https:\/\/www.cka.cz\/cs\/svet-architektury\/seznam-architektu\/ing-arch-lauermann-lev\">13 Lev Lauermann<\/a><\/td>\n<td>ING. ARCH. LEV LAUERMANN<\/td>\n<\/tr>\n<tr>\n<td>1664<\/td>\n<td>\u00c7ekya<\/td>\n<td>Hradec Kr\u00e1lov\u00e9<\/td>\n<td><a href=\"https:\/\/www.cka.cz\/cs\/svet-architektury\/seznam-architektu\/ing-arch-plocek-karel\">14 Karel Plocek<\/a><\/td>\n<td>ING. ARCH. KAREL PLOCEK<\/td>\n<\/tr>\n<tr>\n<td>1665<\/td>\n<td>\u00c7ekya<\/td>\n<td>Klentnice<\/td>\n<td><a href=\"https:\/\/www.cka.cz\/cs\/svet-architektury\/seznam-architektu\/ing-arch-borak-dalibor\">15 Dalibor Bor\u00e1k<\/a><\/td>\n<td>ING. ARCH. DALIBOR BOR\u00c1K<\/td>\n<\/tr>\n<tr>\n<td>1666<\/td>\n<td>\u00c7ekya<\/td>\n<td>Prag<\/td>\n<td><a href=\"https:\/\/www.cka.cz\/cs\/svet-architektury\/seznam-architektu\/ing-arch-pata-lubos\">16 Lubo\u0161 Pata<\/a><\/td>\n<td>ING. ARCH. LUBO\u0160 PATA<\/td>\n<\/tr>\n<tr>\n<td>1667<\/td>\n<td>\u00c7ekya<\/td>\n<td>\u00davaly<\/td>\n<td><a href=\"https:\/\/www.cka.cz\/cs\/svet-architektury\/seznam-architektu\/prof-ing-arch-masak-miroslav\">17 Miroslav Mas\u00e1k<\/a><\/td>\n<td>PROF. ING. ARCH. MIROSLAV MAS\u00c1K<\/td>\n<\/tr>\n<tr>\n<td>1668<\/td>\n<td>\u00c7ekya<\/td>\n<td>Bud\u011bjovice<\/td>\n<td><a href=\"https:\/\/www.cka.cz\/cs\/svet-architektury\/seznam-architektu\/ing-arch-krocak-jaromir\">18 Jarom\u00edr Kro\u010d\u00e1k<\/a><\/td>\n<td>ING. ARCH. JAROM\u00cdR KRO\u010c\u00c1K<\/td>\n<\/tr>\n<tr>\n<td>1669<\/td>\n<td>\u00c7ekya<\/td>\n<td>Podkrkono\u0161\u00ed<\/td>\n<td><a href=\"https:\/\/www.cka.cz\/cs\/svet-architektury\/seznam-architektu\/ing-arch-peterka-martin\">19 Martin Peterka<\/a><\/td>\n<td>ING. ARCH. MARTIN PETERKA<\/td>\n<\/tr>\n<tr>\n<td>1670<\/td>\n<td>\u00c7ekya<\/td>\n<td>Prag<\/td>\n<td><a href=\"https:\/\/www.cka.cz\/cs\/svet-architektury\/seznam-architektu\/ing-arch-linek-jan\">20 Jan L\u00ednek<\/a><\/td>\n<td>ING. ARCH. JAN L\u00cdNEK<\/td>\n<\/tr>\n<tr>\n<td>1671<\/td>\n<td>\u00c7ekya<\/td>\n<td>Prag<\/td>\n<td><a href=\"https:\/\/www.cka.cz\/cs\/svet-architektury\/seznam-architektu\/ing-arch-rothbauerova-vitezslava\">21 V\u00edt\u011bzslava Rothbauerov\u00e1<\/a><\/td>\n<td>ING. ARCH. V\u00cdT\u011aZSLAVA ROTHBAUEROV\u00c1<\/td>\n<\/tr>\n<tr>\n<td>1672<\/td>\n<td>\u00c7ekya<\/td>\n<td>Karlovy Vary<\/td>\n<td><a href=\"https:\/\/www.cka.cz\/cs\/svet-architektury\/seznam-architektu\/ing-arch-mundil-richard\">22 Richard Mundil<\/a><\/td>\n<td>ING. ARCH. RICHARD MUNDIL<\/td>\n<\/tr>\n<tr>\n<td>1673<\/td>\n<td>\u00c7ekya<\/td>\n<td>Prag<\/td>\n<td><a href=\"https:\/\/www.cka.cz\/cs\/svet-architektury\/seznam-architektu\/ing-arch-sedlak-jan\">23 Jan Sedl\u00e1k<\/a><\/td>\n<td>ING. ARCH. JAN SEDL\u00c1K<\/td>\n<\/tr>\n<tr>\n<td>1674<\/td>\n<td>\u00c7ekya<\/td>\n<td>Prag<\/td>\n<td><a href=\"https:\/\/www.cka.cz\/cs\/svet-architektury\/seznam-architektu\/ing-arch-spacek-jiri\">24 Ji\u0159\u00ed \u0160pa\u010dek<\/a><\/td>\n<td>ING. ARCH. JI\u0158\u00cd \u0160PA\u010cEK<\/td>\n<\/tr>\n<tr>\n<td>1675<\/td>\n<td>\u00c7ekya<\/td>\n<td>Liberec<\/td>\n<td><a href=\"https:\/\/www.cka.cz\/cs\/svet-architektury\/seznam-architektu\/ing-arch-patrny-josef-1\">25 Josef Patrn\u00fd<\/a><\/td>\n<td>ING. ARCH. JOSEF PATRN\u00dd<\/td>\n<\/tr>\n<tr>\n<td>1676<\/td>\n<td>\u00c7ekya<\/td>\n<td>Nerudova<\/td>\n<td><a href=\"https:\/\/www.cka.cz\/cs\/svet-architektury\/seznam-architektu\/ing-arch-erban-libor\">26 Libor Erban<\/a><\/td>\n<td>ING. ARCH. LIBOR ERBAN<\/td>\n<\/tr>\n<tr>\n<td>1677<\/td>\n<td>\u00c7ekya<\/td>\n<td>Hostivice<\/td>\n<td><a href=\"https:\/\/www.cka.cz\/cs\/svet-architektury\/seznam-architektu\/ing-arch-korner-milan\">27 Milan K\u00f6rner<\/a><\/td>\n<td>ING. ARCH. MILAN K\u00d6RNER<\/td>\n<\/tr>\n<tr>\n<td>1678<\/td>\n<td>\u00c7ekya<\/td>\n<td>Prag<\/td>\n<td><a href=\"https:\/\/www.cka.cz\/cs\/svet-architektury\/seznam-architektu\/ing-steflicek-jan\">28 Jan \u0160tefl\u00ed\u010dek<\/a><\/td>\n<td>ING. JAN \u0160TEFL\u00cd\u010cEK<\/td>\n<\/tr>\n<tr>\n<td>1679<\/td>\n<td>\u00c7ekya<\/td>\n<td>Labem<\/td>\n<td><a href=\"https:\/\/www.cka.cz\/cs\/svet-architektury\/seznam-architektu\/ing-akad-arch-gabriel-michal\">29 Michal Gabriel<\/a><\/td>\n<td>ING. AKAD. ARCH. MICHAL GABRIEL<\/td>\n<\/tr>\n<tr>\n<td>1680<\/td>\n<td>\u00c7ekya<\/td>\n<td>Prag<\/td>\n<td><a href=\"https:\/\/www.cka.cz\/cs\/svet-architektury\/seznam-architektu\/prof-ing-arch-rajnis-martin\">30 Martin Rajni\u0161<\/a><\/td>\n<td>PROF. ING. ARCH. MARTIN RAJNI\u0160<\/td>\n<\/tr>\n<tr>\n<td>1681<\/td>\n<td>\u00c7ekya<\/td>\n<td>Modrava<\/td>\n<td><a href=\"https:\/\/www.cka.cz\/cs\/svet-architektury\/seznam-architektu\/akad-arch-hodan-vaclav\">31 V\u00e1clav Hodan<\/a><\/td>\n<td>AKAD. ARCH. V\u00c1CLAV HODAN<\/td>\n<\/tr>\n<tr>\n<td>1682<\/td>\n<td>\u00c7ekya<\/td>\n<td>Usti<\/td>\n<td><a href=\"https:\/\/www.cka.cz\/cs\/svet-architektury\/seznam-architektu\/ing-arch-kubricht-martin\">32 Martin Kubricht<\/a><\/td>\n<td>ING. ARCH. MARTIN KUBRICHT<\/td>\n<\/tr>\n<tr>\n<td>1683<\/td>\n<td>\u00c7ekya<\/td>\n<td>Brno<\/td>\n<td><a href=\"https:\/\/www.cka.cz\/cs\/svet-architektury\/seznam-architektu\/doc-ing-arch-hrusa-petr\">33 Petr Hr\u016f\u0161a<\/a><\/td>\n<td>PROF. ING. ARCH. PETR HR\u016e\u0160A<\/td>\n<\/tr>\n<tr>\n<td>1684<\/td>\n<td>\u00c7ekya<\/td>\n<td>Brno<\/td>\n<td><a href=\"https:\/\/www.cka.cz\/cs\/svet-architektury\/seznam-architektu\/prof-ing-otruba-ivar-csc\">34 Ivar Otruba<\/a><\/td>\n<td>PROF. ING. IVAR OTRUBA CSC.<\/td>\n<\/tr>\n<tr>\n<td>1685<\/td>\n<td>\u00c7ekya<\/td>\n<td>Hav\u00ed\u0159ov<\/td>\n<td><a href=\"https:\/\/www.cka.cz\/cs\/svet-architektury\/seznam-architektu\/ing-arch-kiszka-josef\">35 Josef Kiszka<\/a><\/td>\n<td>ING. ARCH. JOSEF KISZKA<\/td>\n<\/tr>\n<tr>\n<td>1686<\/td>\n<td>\u00c7ekya<\/td>\n<td>Brno<\/td>\n<td><a href=\"https:\/\/www.cka.cz\/cs\/svet-architektury\/seznam-architektu\/ing-arch-miksik-jiri\">36 Ji\u0159\u00ed Mik\u0161\u00edk<\/a><\/td>\n<td>ING. ARCH. JI\u0158\u00cd MIK\u0160\u00cdK<\/td>\n<\/tr>\n<tr>\n<td>1687<\/td>\n<td>\u00c7ekya<\/td>\n<td>Ostrova\u010dice<\/td>\n<td><a href=\"https:\/\/www.cka.cz\/cs\/svet-architektury\/seznam-architektu\/ing-subr-jaroslav\">37 Jaroslav \u0160ubr<\/a><\/td>\n<td>ING. JAROSLAV \u0160UBR<\/td>\n<\/tr>\n<tr>\n<td>1688<\/td>\n<td>\u00c7ekya<\/td>\n<td>Brno<\/td>\n<td><a href=\"https:\/\/www.cka.cz\/cs\/svet-architektury\/seznam-architektu\/doc-ing-arch-low-jiri\">38 Ji\u0159\u00ed L\u00f6w<\/a><\/td>\n<td>DOC. ING. ARCH. JI\u0158\u00cd L\u00d6W<\/td>\n<\/tr>\n<tr>\n<td>1689<\/td>\n<td>\u00c7ekya<\/td>\n<td>Brno<\/td>\n<td><a href=\"https:\/\/www.cka.cz\/cs\/svet-architektury\/seznam-architektu\/ing-arch-zlamal-tomas\">39 Tom\u00e1\u0161 Zl\u00e1mal<\/a><\/td>\n<td>ING. ARCH. TOM\u00c1\u0160 ZL\u00c1MAL<\/td>\n<\/tr>\n<tr>\n<td>1690<\/td>\n<td>\u00c7ekya<\/td>\n<td>Prag<\/td>\n<td><a href=\"https:\/\/www.cka.cz\/cs\/svet-architektury\/seznam-architektu\/doc-ing-horky-jaroslav\">40 Jaroslav Hork\u00fd<\/a><\/td>\n<td>DOC. ING. JAROSLAV HORKY<\/td>\n<\/tr>\n<tr>\n<td>1691<\/td>\n<td>\u00c7ekya<\/td>\n<td>Prag<\/td>\n<td><a href=\"https:\/\/www.cka.cz\/cs\/svet-architektury\/seznam-architektu\/prof-akad-arch-fiser-jan\">41 Jan Fi\u0161er<\/a><\/td>\n<td>PROF. AKAD. ARCH. JAN FI\u0160ER<\/td>\n<\/tr>\n<tr>\n<td>1692<\/td>\n<td>\u00c7ekya<\/td>\n<td>Prag<\/td>\n<td><a href=\"https:\/\/www.cka.cz\/cs\/svet-architektury\/seznam-architektu\/akad-arch-klima-milan\">42 Milan Kl\u00edma<\/a><\/td>\n<td>AKAD. ARCH. MILAN KL\u00cdMA<\/td>\n<\/tr>\n<tr>\n<td>1693<\/td>\n<td>\u00c7ekya<\/td>\n<td>Prag<\/td>\n<td><a href=\"https:\/\/www.cka.cz\/cs\/svet-architektury\/seznam-architektu\/akad-arch-ing-arch-vrana-jan\">43 Jan Vrana<\/a><\/td>\n<td>AKAD. ARCH. ING. ARCH. JAN VRANA<\/td>\n<\/tr>\n<tr>\n<td>1694<\/td>\n<td>\u00c7ekya<\/td>\n<td>Karlovy Vary<\/td>\n<td><a href=\"https:\/\/www.cka.cz\/cs\/svet-architektury\/seznam-architektu\/ing-arch-kosek-lubomir\">44 Lubom\u00edr Ko\u0161ek<\/a><\/td>\n<td>ING. ARCH. LUBOM\u00cdR KO\u0160EK<\/td>\n<\/tr>\n<tr>\n<td>1695<\/td>\n<td>\u00c7ekya<\/td>\n<td>Prag<\/td>\n<td><a href=\"https:\/\/www.cka.cz\/cs\/svet-architektury\/seznam-architektu\/ing-arch-sborwitz-michal\">45 Michal Sborwitz<\/a><\/td>\n<td>ING. ARCH. MICHAL SBORWITZ<\/td>\n<\/tr>\n<tr>\n<td>1696<\/td>\n<td>\u00c7ekya<\/td>\n<td>Prag<\/td>\n<td><a href=\"https:\/\/www.cka.cz\/cs\/svet-architektury\/seznam-architektu\/akad-arch-smolik-frantisek\">46 Franti\u0161ek \u0160mol\u00edk<\/a><\/td>\n<td>AKAD. ARCH. FRANTI\u0160EK \u0160MOL\u00cdK<\/td>\n<\/tr>\n<tr>\n<td>1697<\/td>\n<td>\u00c7ekya<\/td>\n<td>Prag<\/td>\n<td><a href=\"https:\/\/www.cka.cz\/cs\/svet-architektury\/seznam-architektu\/ing-arch-kanturek-jiri\">47 Ji\u0159\u00ed Kant\u016frek<\/a><\/td>\n<td>ING. ARCH. JI\u0158\u00cd KANT\u016eREK<\/td>\n<\/tr>\n<tr>\n<td>1698<\/td>\n<td>\u00c7ekya<\/td>\n<td>Trmice<\/td>\n<td><a href=\"https:\/\/www.cka.cz\/cs\/svet-architektury\/seznam-architektu\/ing-arch-novak-vladimir-1\">48 Vladim\u00edr Nov\u00e1k<\/a><\/td>\n<td>ING. ARCH. VLADIM\u00cdR NOV\u00c1K<\/td>\n<\/tr>\n<tr>\n<td>1699<\/td>\n<td>\u00c7ekya<\/td>\n<td>Prag<\/td>\n<td><a href=\"https:\/\/www.cka.cz\/cs\/svet-architektury\/seznam-architektu\/prof-akad-arch-keil-petr\">49 Petr Keil<\/a><\/td>\n<td>PROF. AKAD. ARCH. PETR KEIL<\/td>\n<\/tr>\n<tr>\n<td>1700<\/td>\n<td>\u00c7ekya<\/td>\n<td>Prag<\/td>\n<td><a href=\"https:\/\/www.cka.cz\/cs\/svet-architektury\/seznam-architektu\/ing-arch-kratky-vladimir\">50 Vladim\u00edr Kr\u00e1tk\u00fd<\/a><\/td>\n<td>ING. ARCH. VLADIM\u00cdR KR\u00c1TK\u00dd<\/td>\n<\/tr>\n<tr>\n<td>1701<\/td>\n<td>\u00c7ekya<\/td>\n<td>Pr\u016fhonice<\/td>\n<td><a href=\"https:\/\/www.cka.cz\/cs\/svet-architektury\/seznam-architektu\/ing-sonsky-drahoslav-csc\">51 Drahoslav \u0160onsk\u00fd<\/a><\/td>\n<td>ING. DRAHOSLAV SONSKY CSC.<\/td>\n<\/tr>\n<tr>\n<td>1702<\/td>\n<td>\u00c7ekya<\/td>\n<td>Ku\u0159im<\/td>\n<td><a href=\"https:\/\/www.cka.cz\/cs\/svet-architektury\/seznam-architektu\/ing-arch-burian-ales\">52 Ale\u0161 Burian<\/a><\/td>\n<td>ING. ARCH. ALE\u0160 BURIAN<\/td>\n<\/tr>\n<tr>\n<td>1703<\/td>\n<td>\u00c7ekya<\/td>\n<td>Brno<\/td>\n<td><a href=\"https:\/\/www.cka.cz\/cs\/svet-architektury\/seznam-architektu\/akad-arch-sapak-jan\">53 Jan Sap\u00e1k<\/a><\/td>\n<td>AKAD. ARCH. JAN SAP\u00c1K<\/td>\n<\/tr>\n<tr>\n<td>1704<\/td>\n<td>\u00c7ekya<\/td>\n<td>P\u0159erov<\/td>\n<td><a href=\"https:\/\/www.cka.cz\/cs\/svet-architektury\/seznam-architektu\/ing-arch-brauner-petr\">54 Petr Brauner<\/a><\/td>\n<td>ING. ARCH. PETR BRAUNER<\/td>\n<\/tr>\n<tr>\n<td>1705<\/td>\n<td>\u00c7ekya<\/td>\n<td>Brno<\/td>\n<td><a href=\"https:\/\/www.cka.cz\/cs\/svet-architektury\/seznam-architektu\/akad-arch-vrana-frantisek\">55 Franti\u0161ek Vr\u00e1na<\/a><\/td>\n<td>AKAD. ARCH. FRANTI\u0160EK VR\u00c1NA<\/td>\n<\/tr>\n<tr>\n<td>1706<\/td>\n<td>\u00c7ekya<\/td>\n<td>Brno<\/td>\n<td><a href=\"https:\/\/www.cka.cz\/cs\/svet-architektury\/seznam-architektu\/ing-arch-josifek-jaroslav\">56 Jaroslav Jos\u00edfek<\/a><\/td>\n<td>ING. ARCH. JAROSLAV JOS\u00cdFEK<\/td>\n<\/tr>\n<tr>\n<td>1707<\/td>\n<td>\u00c7ekya<\/td>\n<td>Brno<\/td>\n<td><a href=\"https:\/\/www.cka.cz\/cs\/svet-architektury\/seznam-architektu\/ing-arch-rudis-viktor\">57 Viktor Rudi\u0161<\/a><\/td>\n<td>ING. ARCH. VIKTOR RUDI\u0160<\/td>\n<\/tr>\n<tr>\n<td>1708<\/td>\n<td>\u00c7ekya<\/td>\n<td>Brno<\/td>\n<td><a href=\"https:\/\/www.cka.cz\/cs\/svet-architektury\/seznam-architektu\/ing-arch-cuhel-vladimir\">58 Vladim\u00edr \u010cuhel<\/a><\/td>\n<td>ING. ARCH. VLADIM\u00cdR \u010cUHEL<\/td>\n<\/tr>\n<tr>\n<td>1709<\/td>\n<td>\u00c7ekya<\/td>\n<td>Olomuk<\/td>\n<td><a href=\"https:\/\/www.cka.cz\/cs\/svet-architektury\/seznam-architektu\/ing-arch-janu-alois\">59 Alois Jan\u016f<\/a><\/td>\n<td>ING. ARCH. ALOIS JAN\u016e<\/td>\n<\/tr>\n<tr>\n<td>1710<\/td>\n<td>\u00c7ekya<\/td>\n<td>Brno<\/td>\n<td><a href=\"https:\/\/www.cka.cz\/cs\/svet-architektury\/seznam-architektu\/ing-arch-simecek-pavel\">60 Pavel \u0160ime\u010dek<\/a><\/td>\n<td>ING. ARCH. PAVEL \u0160IME\u010cEK<\/td>\n<\/tr>\n<tr>\n<td>1711<\/td>\n<td>\u00c7ekya<\/td>\n<td>Ostrava<\/td>\n<td><a href=\"https:\/\/www.cka.cz\/cs\/svet-architektury\/seznam-architektu\/ing-arch-sedlecky-jaroslav\">61 Jaroslav Sedleck\u00fd<\/a><\/td>\n<td>ING. ARCH. JAROSLAV SEDLECK\u00dd<\/td>\n<\/tr>\n<tr>\n<td>1712<\/td>\n<td>\u00c7ekya<\/td>\n<td>Prag<\/td>\n<td><a href=\"https:\/\/www.cka.cz\/cs\/svet-architektury\/seznam-architektu\/ing-arch-koukol-ivo\">62 Ivo Koukol<\/a><\/td>\n<td>ING. ARCH. IVO KOUKOL<\/td>\n<\/tr>\n<tr>\n<td>1713<\/td>\n<td>\u00c7ekya<\/td>\n<td>Prag<\/td>\n<td><a href=\"https:\/\/www.cka.cz\/cs\/svet-architektury\/seznam-architektu\/ing-nettwall-karel\">63 Karel Nettwall<\/a><\/td>\n<td>ING. KAREL NETTWALL<\/td>\n<\/tr>\n<tr>\n<td>1714<\/td>\n<td>\u00c7ekya<\/td>\n<td>Prag<\/td>\n<td><a href=\"https:\/\/www.cka.cz\/cs\/svet-architektury\/seznam-architektu\/ing-arch-tuma-miroslav\">64 Miroslav T\u016fma<\/a><\/td>\n<td>ING. ARCH. MIROSLAV T\u016eMA<\/td>\n<\/tr>\n<tr>\n<td>1715<\/td>\n<td>\u00c7ekya<\/td>\n<td>Prag<\/td>\n<td><a href=\"https:\/\/www.cka.cz\/cs\/svet-architektury\/seznam-architektu\/ing-novotny-tomas\">65 Tom\u00e1\u0161 Novotn\u00fd<\/a><\/td>\n<td>ING. TOM\u00c1\u0160 NOVOTN\u00dd<\/td>\n<\/tr>\n<tr>\n<td>1716<\/td>\n<td>\u00c7ekya<\/td>\n<td>Prag<\/td>\n<td><a href=\"https:\/\/www.cka.cz\/cs\/svet-architektury\/seznam-architektu\/akad-arch-kerel-jan\">66 Jan Kerel<\/a><\/td>\n<td>AKAD. ARCH. JAN KEREL<\/td>\n<\/tr>\n<tr>\n<td>1717<\/td>\n<td>\u00c7ekya<\/td>\n<td>Prag<\/td>\n<td><a href=\"https:\/\/www.cka.cz\/cs\/svet-architektury\/seznam-architektu\/akad-arch-vratnik-ladislav\">67 Ladislav Vr\u00e1tn\u00edk<\/a><\/td>\n<td>AKAD. ARCH. LADISLAV VR\u00c1TN\u00cdK<\/td>\n<\/tr>\n<tr>\n<td>1718<\/td>\n<td>\u00c7ekya<\/td>\n<td>Prag<\/td>\n<td><a href=\"https:\/\/www.cka.cz\/cs\/svet-architektury\/seznam-architektu\/doc-ing-arch-schleger-eduard\">68 Eduard Schleger<\/a><\/td>\n<td>DOC. ING. ARCH. EDUARD SCHLEGER<\/td>\n<\/tr>\n<tr>\n<td>1719<\/td>\n<td>\u00c7ekya<\/td>\n<td>Prag<\/td>\n<td><a href=\"https:\/\/www.cka.cz\/cs\/svet-architektury\/seznam-architektu\/ing-arch-kotik-martin\">69 Martin Kot\u00edk<\/a><\/td>\n<td>ING. ARCH. MARTIN KOT\u00cdK<\/td>\n<\/tr>\n<tr>\n<td>1720<\/td>\n<td>\u00c7ekya<\/td>\n<td>Prag<\/td>\n<td><a href=\"https:\/\/www.cka.cz\/cs\/svet-architektury\/seznam-architektu\/akad-arch-alda-vaclav\">70 V\u00e1clav Alda<\/a><\/td>\n<td>AKAD. ARCH. V\u00c1CLAV ALDA<\/td>\n<\/tr>\n<tr>\n<td>1721<\/td>\n<td>\u00c7ekya<\/td>\n<td>Prag<\/td>\n<td><a href=\"https:\/\/www.cka.cz\/cs\/svet-architektury\/seznam-architektu\/ing-akad-arch-stulc-vladimir\">71 Vladim\u00edr \u0160tulc<\/a><\/td>\n<td>ING. AKAD. ARCH. VLADIM\u00cdR \u0160TULC<\/td>\n<\/tr>\n<tr>\n<td>1722<\/td>\n<td>\u00c7ekya<\/td>\n<td>Prag<\/td>\n<td><a href=\"https:\/\/www.cka.cz\/cs\/svet-architektury\/seznam-architektu\/akad-arch-belohlavek-ludek\">72 Lud\u011bk B\u011blohl\u00e1vek<\/a><\/td>\n<td>AKAD. ARCH. LUD\u011aK B\u011aLOHL\u00c1VEK<\/td>\n<\/tr>\n<tr>\n<td>1723<\/td>\n<td>\u00c7ekya<\/td>\n<td>Prag<\/td>\n<td><a href=\"https:\/\/www.cka.cz\/cs\/svet-architektury\/seznam-architektu\/dr-ing-arch-kuca-otakar\">73 Otakar Ku\u010da<\/a><\/td>\n<td>DR. ING. ARCH. OTAKAR KU\u010cA<\/td>\n<\/tr>\n<tr>\n<td>1724<\/td>\n<td>\u00c7ekya<\/td>\n<td>Prag<\/td>\n<td><a href=\"https:\/\/www.cka.cz\/cs\/svet-architektury\/seznam-architektu\/ing-arch-lang-ales\">74 Ale\u0161 Lang<\/a><\/td>\n<td>ING. ARCH. ALE\u0160 LANG<\/td>\n<\/tr>\n<tr>\n<td>1725<\/td>\n<td>\u00c7ekya<\/td>\n<td>Labem<\/td>\n<td><a href=\"https:\/\/www.cka.cz\/cs\/svet-architektury\/seznam-architektu\/ing-arch-havlik-zdenek\">75 Zden\u011bk Havl\u00edk<\/a><\/td>\n<td>ING. ARCH. ZDEN\u011aK HAVL\u00cdK<\/td>\n<\/tr>\n<tr>\n<td>1726<\/td>\n<td>\u00c7ekya<\/td>\n<td>Prag<\/td>\n<td><a href=\"https:\/\/www.cka.cz\/cs\/svet-architektury\/seznam-architektu\/akad-arch-polacek-jaroslav\">76 Jaroslav Pol\u00e1\u010dek<\/a><\/td>\n<td>AKAD. ARCH. JAROSLAV POL\u00c1\u010cEK<\/td>\n<\/tr>\n<tr>\n<td>1727<\/td>\n<td>\u00c7ekya<\/td>\n<td>Prag<\/td>\n<td><a href=\"https:\/\/www.cka.cz\/cs\/svet-architektury\/seznam-architektu\/ing-arch-koucky-roman\">77 Roman Kouck\u00fd<\/a><\/td>\n<td>ING. ARCH. ROMAN KOUCK\u00dd<\/td>\n<\/tr>\n<tr>\n<td>1728<\/td>\n<td>\u00c7ekya<\/td>\n<td>Teplice<\/td>\n<td><a href=\"https:\/\/www.cka.cz\/cs\/svet-architektury\/seznam-architektu\/ing-arch-misek-milan\">78 Milan M\u00ed\u0161ek<\/a><\/td>\n<td>ING. ARCH. MILAN M\u00cd\u0160EK<\/td>\n<\/tr>\n<tr>\n<td>1729<\/td>\n<td>\u00c7ekya<\/td>\n<td>Prag<\/td>\n<td><a href=\"https:\/\/www.cka.cz\/cs\/svet-architektury\/seznam-architektu\/ing-arch-vavra-zdenek\">79 Zden\u011bk V\u00e1vra<\/a><\/td>\n<td>ING. ARCH. ZDEN\u011aK<\/td>\n<\/tr>\n<tr>\n<td>1730<\/td>\n<td>\u00c7ekya<\/td>\n<td>Prag<\/td>\n<td><a href=\"https:\/\/www.cka.cz\/cs\/svet-architektury\/seznam-architektu\/ing-arch-doubner-karel\">80 Karel Doubner<\/a><\/td>\n<td>ING. ARCH. KAREL DOUBNER<\/td>\n<\/tr>\n<tr>\n<td>1731<\/td>\n<td>\u00c7ekya<\/td>\n<td>Prag<\/td>\n<td><a href=\"https:\/\/www.cka.cz\/cs\/svet-architektury\/seznam-architektu\/ing-arch-santavy-tomas\">81 Tom\u00e1\u0161 \u0160antav\u00fd<\/a><\/td>\n<td>ING. ARCH. TOM\u00c1\u0160 \u0160ANTAV\u00dd<\/td>\n<\/tr>\n<tr>\n<td>1732<\/td>\n<td>\u00c7ekya<\/td>\n<td>Brno<\/td>\n<td><a href=\"https:\/\/www.cka.cz\/cs\/svet-architektury\/seznam-architektu\/ing-arch-zertova-ruzena\">82 R\u016f\u017eena \u017dertov\u00e1<\/a><\/td>\n<td>ING. ARCH. R\u016e\u017dENA \u017dERTOV\u00c1<\/td>\n<\/tr>\n<tr>\n<td>1733<\/td>\n<td>\u00c7ekya<\/td>\n<td>Ostrava<\/td>\n<td><a href=\"https:\/\/www.cka.cz\/cs\/svet-architektury\/seznam-architektu\/ing-arch-klimes-ivo\">83 Ivo Klime\u0161<\/a><\/td>\n<td>ING. ARCH. IVO KLIME\u0160<\/td>\n<\/tr>\n<tr>\n<td>1734<\/td>\n<td>\u00c7ekya<\/td>\n<td>Brno<\/td>\n<td><a href=\"https:\/\/www.cka.cz\/cs\/svet-architektury\/seznam-architektu\/ing-damec-jiri\">84 Ji\u0159\u00ed Damec<\/a><\/td>\n<td>ING. JI\u0158\u00cd DAMEC<\/td>\n<\/tr>\n<tr>\n<td>1735<\/td>\n<td>\u00c7ekya<\/td>\n<td>Brno<\/td>\n<td><a href=\"https:\/\/www.cka.cz\/cs\/svet-architektury\/seznam-architektu\/ing-arch-grym-ludvik\">85 Ludv\u00edk Grym<\/a><\/td>\n<td>ING. ARCH. LUDV\u00cdK GRYM<\/td>\n<\/tr>\n<tr>\n<td>1736<\/td>\n<td>\u00c7ekya<\/td>\n<td>Zl\u00edn<\/td>\n<td><a href=\"https:\/\/www.cka.cz\/cs\/svet-architektury\/seznam-architektu\/ing-arch-habarta-jaroslav\">86 Jaroslav Habarta<\/a><\/td>\n<td>ING. ARCH. JAROSLAV HABARTA<\/td>\n<\/tr>\n<tr>\n<td>1737<\/td>\n<td>\u00c7ekya<\/td>\n<td>Ostrava<\/td>\n<td><a href=\"https:\/\/www.cka.cz\/cs\/svet-architektury\/seznam-architektu\/ing-arch-nemec-ladislav\">87 Ladislav N\u011bmec<\/a><\/td>\n<td>ING. ARCH. LADISLAV<\/td>\n<\/tr>\n<tr>\n<td>1738<\/td>\n<td>\u00c7ekya<\/td>\n<td>Brno<\/td>\n<td><a href=\"https:\/\/www.cka.cz\/cs\/svet-architektury\/seznam-architektu\/ing-arch-dohnal-viktor\">88 Viktor Dohnal<\/a><\/td>\n<td>ING. ARCH. VIKTOR<\/td>\n<\/tr>\n<tr>\n<td>1739<\/td>\n<td>\u00c7ekya<\/td>\n<td>Brno<\/td>\n<td><a href=\"https:\/\/www.cka.cz\/cs\/svet-architektury\/seznam-architektu\/ing-arch-mencl-vaclav\">89 V\u00e1clav Mencl<\/a><\/td>\n<td>ING. ARCH. V\u00c1CLAV MENCL<\/td>\n<\/tr>\n<tr>\n<td>1740<\/td>\n<td>\u00c7ekya<\/td>\n<td>Brno<\/td>\n<td><a href=\"https:\/\/www.cka.cz\/cs\/svet-architektury\/seznam-architektu\/ing-arch-kovarik-martin-ph-d\">90 Martin Kova\u0159\u00edk<\/a><\/td>\n<td>ING. ARCH. MARTIN KOVA\u0158\u00cdK PH.D.<\/td>\n<\/tr>\n<tr>\n<td>1741<\/td>\n<td>\u00c7ekya<\/td>\n<td>Brno<\/td>\n<td><a href=\"https:\/\/www.cka.cz\/cs\/svet-architektury\/seznam-architektu\/ing-tupa-jana\">91 Jana Tup\u00e1<\/a><\/td>\n<td>ING. JANA TUP\u00c1<\/td>\n<\/tr>\n<tr>\n<td>1742<\/td>\n<td>\u00c7ekya<\/td>\n<td>Prag<\/td>\n<td><a href=\"https:\/\/www.cka.cz\/cs\/svet-architektury\/seznam-architektu\/ing-arch-bocan-jan\">92 Jan Bo\u010dan<\/a><\/td>\n<td>ING. ARCH. JAN BO\u010cAN<\/td>\n<\/tr>\n<tr>\n<td>1743<\/td>\n<td>\u00c7ekya<\/td>\n<td>Prag<\/td>\n<td><a href=\"https:\/\/www.cka.cz\/cs\/svet-architektury\/seznam-architektu\/doc-ing-arch-brix-tomas\">93 Tom\u00e1\u0161 Brix<\/a><\/td>\n<td>DOC. ING. ARCH. TOM\u00c1\u0160 BRIX<\/td>\n<\/tr>\n<tr>\n<td>1744<\/td>\n<td>\u00c7ekya<\/td>\n<td>Prag<\/td>\n<td><a href=\"https:\/\/www.cka.cz\/cs\/svet-architektury\/seznam-architektu\/ing-arch-hurka-jiri\">94 Ji\u0159\u00ed H\u016frka<\/a><\/td>\n<td>ING. ARCH. JI\u0158\u00cd H\u016eRKA<\/td>\n<\/tr>\n<tr>\n<td>1745<\/td>\n<td>\u00c7ekya<\/td>\n<td>Prag<\/td>\n<td><a href=\"https:\/\/www.cka.cz\/cs\/svet-architektury\/seznam-architektu\/ing-arch-pribyl-kvetoslav\">95 Kv\u011btoslav P\u0159ibyl<\/a><\/td>\n<td>ING. ARCH. KV\u011aTOSLAV P\u0158IBYL<\/td>\n<\/tr>\n<tr>\n<td>1746<\/td>\n<td>\u00c7ekya<\/td>\n<td>Prag<\/td>\n<td><a href=\"https:\/\/www.cka.cz\/cs\/svet-architektury\/seznam-architektu\/ing-arch-brzobohaty-petr\">96 Petr Brzobohat\u00fd<\/a><\/td>\n<td>ING. ARCH. PETR BRZOBOHAT\u00dd<\/td>\n<\/tr>\n<tr>\n<td>1747<\/td>\n<td>\u00c7ekya<\/td>\n<td>Prag<\/td>\n<td><a href=\"https:\/\/www.cka.cz\/cs\/svet-architektury\/seznam-architektu\/ing-arch-kordovska-pavla\">97 Pavla Kordovsk\u00e1<\/a><\/td>\n<td>ING. ARCH. PAVLA KORDOVSK\u00c1<\/td>\n<\/tr>\n<tr>\n<td>1748<\/td>\n<td>\u00c7ekya<\/td>\n<td>Prag<\/td>\n<td><a href=\"https:\/\/www.cka.cz\/cs\/svet-architektury\/seznam-architektu\/ing-arch-novotna-jana\">98 Jana Novotn\u00e1<\/a><\/td>\n<td>ING. ARCH. JANA NOVOTN\u00c1<\/td>\n<\/tr>\n<tr>\n<td>1749<\/td>\n<td>\u00c7ekya<\/td>\n<td>Prag<\/td>\n<td><a href=\"https:\/\/www.cka.cz\/cs\/svet-architektury\/seznam-architektu\/ing-arch-gjuric-alexander\">99 Alexander Gjuri\u010d<\/a><\/td>\n<td>ING. ARCH. ALEXANDER GJURI\u010c<\/td>\n<\/tr>\n<tr>\n<td>1750<\/td>\n<td>\u00c7ekya<\/td>\n<td>Karlovy Vary<\/td>\n<td><a href=\"https:\/\/www.cka.cz\/cs\/svet-architektury\/seznam-architektu\/ing-arch-karas-michal\">100 Michal Karas<\/a><\/td>\n<td>ING. ARCH. MICHAL KARAS<\/td>\n<\/tr>\n<tr>\n<td>1751<\/td>\n<td>\u00c7ekya<\/td>\n<td>Lu\u017enic\u00ed<\/td>\n<td><a href=\"https:\/\/www.cka.cz\/cs\/svet-architektury\/seznam-architektu\/ing-arch-konopka-ladislav\">101 Ladislav Konopka<\/a><\/td>\n<td>ING. ARCH. LADISLAV KONOPKA<\/td>\n<\/tr>\n<tr>\n<td>1752<\/td>\n<td>\u00c7ekya<\/td>\n<td>Liberec<\/td>\n<td><a href=\"https:\/\/www.cka.cz\/cs\/svet-architektury\/seznam-architektu\/prof-ing-arch-akad-arch-suchomel-jiri\">102 Ji\u0159\u00ed Suchomel<\/a><\/td>\n<td>PROF. ING. ARCH. AKAD.ARCH. JI\u0158\u00cd SUCHOMEL<\/td>\n<\/tr>\n<tr>\n<td>1753<\/td>\n<td>\u00c7ekya<\/td>\n<td>Liberec<\/td>\n<td><a href=\"https:\/\/www.cka.cz\/cs\/svet-architektury\/seznam-architektu\/ing-arch-vanecek-pavel\">103 Pavel Van\u011b\u010dek<\/a><\/td>\n<td>ING. ARCH. PAVEL VAN\u011a\u010cEK<\/td>\n<\/tr>\n<tr>\n<td>1754<\/td>\n<td>\u00c7ekya<\/td>\n<td>\u010cesk\u00e9 Bud\u011bjovice<\/td>\n<td><a href=\"https:\/\/www.cka.cz\/cs\/svet-architektury\/seznam-architektu\/ing-arch-polcarova-dagmar\">104 Dagmar Polcarov\u00e1<\/a><\/td>\n<td>ING. ARCH. DAGMAR POLCAROV\u00c1<\/td>\n<\/tr>\n<tr>\n<td>1755<\/td>\n<td>\u00c7ekya<\/td>\n<td>\u010cesk\u00e9 Bud\u011bjovice<\/td>\n<td><a href=\"https:\/\/www.cka.cz\/cs\/svet-architektury\/seznam-architektu\/ing-arch-bruha-jiri\">105 Ji\u0159\u00ed Br\u016fha<\/a><\/td>\n<td>ING. ARCH. JI\u0158\u00cd BR\u016eHA<\/td>\n<\/tr>\n<tr>\n<td>1756<\/td>\n<td>\u00c7ekya<\/td>\n<td>Prag<\/td>\n<td><a href=\"https:\/\/www.cka.cz\/cs\/svet-architektury\/seznam-architektu\/akad-arch-lasovsky-jiri-1\">106 Ji\u0159\u00ed Lasovsk\u00fd<\/a><\/td>\n<td>AKAD. ARCH. JI\u0158\u00cd LASOVSK\u00dd<\/td>\n<\/tr>\n<tr>\n<td>1757<\/td>\n<td>\u00c7ekya<\/td>\n<td>\u010cesk\u00e9 Bud\u011bjovice<\/td>\n<td><a href=\"https:\/\/www.cka.cz\/cs\/svet-architektury\/seznam-architektu\/ing-arch-cepek-boris\">107 Boris \u010cepek<\/a><\/td>\n<td>ING. ARCH. BORIS \u010cEPEK<\/td>\n<\/tr>\n<tr>\n<td>1758<\/td>\n<td>\u00c7ekya<\/td>\n<td>Pardubice<\/td>\n<td><a href=\"https:\/\/www.cka.cz\/cs\/svet-architektury\/seznam-architektu\/ing-arch-ziegler-ladislav\">108 Ladislav Ziegler<\/a><\/td>\n<td>ING. ARCH. LADISLAV ZIEGLER<\/td>\n<\/tr>\n<tr>\n<td>1759<\/td>\n<td>\u00c7ekya<\/td>\n<td>Prag<\/td>\n<td><a href=\"https:\/\/www.cka.cz\/cs\/svet-architektury\/seznam-architektu\/ing-arch-fortl-karel\">109 Karel Fo\u0159tl<\/a><\/td>\n<td>ING. ARCH. KAREL FO\u0158TL<\/td>\n<\/tr>\n<tr>\n<td>1760<\/td>\n<td>\u00c7ekya<\/td>\n<td>Bene\u0161ov<\/td>\n<td><a href=\"https:\/\/www.cka.cz\/cs\/svet-architektury\/seznam-architektu\/ing-arch-spacek-jan\">110 Jan \u0160pa\u010dek<\/a><\/td>\n<td>ING. ARCH. JAN \u0160PA\u010cEK<\/td>\n<\/tr>\n<tr>\n<td>1761<\/td>\n<td>\u00c7ekya<\/td>\n<td>Liberec<\/td>\n<td><a href=\"https:\/\/www.cka.cz\/cs\/svet-architektury\/seznam-architektu\/ing-arch-macek-vaclav\">111 V\u00e1clav Macek<\/a><\/td>\n<td>ING. ARCH. V\u00c1CLAV MACEK<\/td>\n<\/tr>\n<tr>\n<td>1762<\/td>\n<td>\u00c7ekya<\/td>\n<td>Mnichovice<\/td>\n<td><a href=\"https:\/\/www.cka.cz\/cs\/svet-architektury\/seznam-architektu\/ing-arch-bezpalec-tomas\">112 Tom\u00e1\u0161 Bezpalec<\/a><\/td>\n<td>ING. ARCH. TOM\u00c1\u0160 BEZPALEC<\/td>\n<\/tr>\n<tr>\n<td>1763<\/td>\n<td>\u00c7ekya<\/td>\n<td>Prag<\/td>\n<td><a href=\"https:\/\/www.cka.cz\/cs\/svet-architektury\/seznam-architektu\/akad-arch-novacek-jaroslav\">113 Jaroslav Nov\u00e1\u010dek<\/a><\/td>\n<td>AKAD. ARCH. JAROSLAV NOV\u00c1\u010cEK<\/td>\n<\/tr>\n<tr>\n<td>1764<\/td>\n<td>\u00c7ekya<\/td>\n<td>Karlovy Vary<\/td>\n<td><a href=\"https:\/\/www.cka.cz\/cs\/svet-architektury\/seznam-architektu\/ing-arch-sejvl-jiri\">114 Ji\u0159\u00ed \u0160ejvl<\/a><\/td>\n<td>ING. ARCH. JI\u0158\u00cd \u0160EJVL<\/td>\n<\/tr>\n<tr>\n<td>1765<\/td>\n<td>\u00c7ekya<\/td>\n<td>Prag<\/td>\n<td><a href=\"https:\/\/www.cka.cz\/cs\/svet-architektury\/seznam-architektu\/ing-arch-vavrik-ivan\">115 Ivan Vav\u0159\u00edk<\/a><\/td>\n<td>ING. ARCH. IVAN VAV\u0158\u00cdK<\/td>\n<\/tr>\n<tr>\n<td>1766<\/td>\n<td>\u00c7ekya<\/td>\n<td>Cheb<\/td>\n<td><a href=\"https:\/\/www.cka.cz\/cs\/svet-architektury\/seznam-architektu\/ing-arch-vystyd-ludek\">116 Lud\u011bk Vystyd<\/a><\/td>\n<td>ING. ARCH. LUD\u011aK VYSTYD<\/td>\n<\/tr>\n<tr>\n<td>1767<\/td>\n<td>\u00c7ekya<\/td>\n<td>Prag<\/td>\n<td><a href=\"https:\/\/www.cka.cz\/cs\/svet-architektury\/seznam-architektu\/ing-arch-svoboda-petr-1\">117 Petr Svoboda<\/a><\/td>\n<td>ING. ARCH. PETR SVOBODA<\/td>\n<\/tr>\n<tr>\n<td>1768<\/td>\n<td>\u00c7ekya<\/td>\n<td>Nov\u00fd Kn\u00edn<\/td>\n<td><a href=\"https:\/\/www.cka.cz\/cs\/svet-architektury\/seznam-architektu\/ing-arch-rothbauer-zdenek\">118 Zden\u011bk Rothbauer<\/a><\/td>\n<td>ING. ARCH. ZDEN\u011aK ROTHBAUER<\/td>\n<\/tr>\n<tr>\n<td>1769<\/td>\n<td>\u00c7ekya<\/td>\n<td>Prag<\/td>\n<td><a href=\"https:\/\/www.cka.cz\/cs\/svet-architektury\/seznam-architektu\/ing-arch-safer-jaroslav\">119 Jaroslav \u0160afer<\/a><\/td>\n<td>PROF. ING. ARCH. JAROSLAV \u0160AFER<\/td>\n<\/tr>\n<tr>\n<td>1770<\/td>\n<td>\u00c7ekya<\/td>\n<td>Prag<\/td>\n<td><a href=\"https:\/\/www.cka.cz\/cs\/svet-architektury\/seznam-architektu\/ing-arch-pleskot-josef\">120 Josef Pleskot<\/a><\/td>\n<td>ING. ARCH. JOSEF PLESKOT<\/td>\n<\/tr>\n<tr>\n<td>1771<\/td>\n<td>\u00c7ekya<\/td>\n<td>Prag<\/td>\n<td><a href=\"https:\/\/www.cka.cz\/cs\/svet-architektury\/seznam-architektu\/prof-ing-arch-hlavacek-emil-drsc\">121 Emil Hlav\u00e1\u010dek<\/a><\/td>\n<td>PROF. ING. ARCH. EMIL HLAV\u00c1\u010cEK DRSC.<\/td>\n<\/tr>\n<tr>\n<td>1772<\/td>\n<td>\u00c7ekya<\/td>\n<td>Prag<\/td>\n<td><a href=\"https:\/\/www.cka.cz\/cs\/svet-architektury\/seznam-architektu\/ing-arch-prager-karel\">122 Karel Prager<\/a><\/td>\n<td>ING. ARCH. KAREL PRAGER<\/td>\n<\/tr>\n<tr>\n<td>1773<\/td>\n<td>\u00c7ekya<\/td>\n<td>Rudolfov<\/td>\n<td><a href=\"https:\/\/www.cka.cz\/cs\/svet-architektury\/seznam-architektu\/ing-arch-kovar-stanislav-csc\">123 Stanislav Kov\u00e1\u0159<\/a><\/td>\n<td>ING. ARCH. STANISLAV KOV\u00c1\u0158 CSC.<\/td>\n<\/tr>\n<tr>\n<td>1774<\/td>\n<td>\u00c7ekya<\/td>\n<td>Jesenice<\/td>\n<td><a href=\"https:\/\/www.cka.cz\/cs\/svet-architektury\/seznam-architektu\/ing-arch-eisenreich-jiri\">124 Ji\u0159\u00ed Eisenreich<\/a><\/td>\n<td>ING. ARCH. JI\u0158\u00cd EISENREICH<\/td>\n<\/tr>\n<tr>\n<td>1775<\/td>\n<td>\u00c7ekya<\/td>\n<td>Plze\u0148<\/td>\n<td><a href=\"https:\/\/www.cka.cz\/cs\/svet-architektury\/seznam-architektu\/ing-arch-mastny-vaclav\">125 V\u00e1clav Mastn\u00fd<\/a><\/td>\n<td>ING. ARCH. V\u00c1CLAV<\/td>\n<\/tr>\n<tr>\n<td>1776<\/td>\n<td>\u00c7ekya<\/td>\n<td>Prag<\/td>\n<td><a href=\"https:\/\/www.cka.cz\/cs\/svet-architektury\/seznam-architektu\/akad-arch-cejka-miloslav\">126 Miloslav \u010cejka<\/a><\/td>\n<td>AKAD. ARCH. MILOSLAV \u010cEJKA<\/td>\n<\/tr>\n<tr>\n<td>1777<\/td>\n<td>\u00c7ekya<\/td>\n<td>Prag<\/td>\n<td><a href=\"https:\/\/www.cka.cz\/cs\/svet-architektury\/seznam-architektu\/ing-arch-rokosova-eva\">127 Eva Rokosov\u00e1<\/a><\/td>\n<td>ING. ARCH. EVA ROKOSOV\u00c1<\/td>\n<\/tr>\n<tr>\n<td>1778<\/td>\n<td>\u00c7ekya<\/td>\n<td>Dob\u0159ichovice<\/td>\n<td><a href=\"https:\/\/www.cka.cz\/cs\/svet-architektury\/seznam-architektu\/ing-arch-tunka-martin-csc\">128 Martin Tunka<\/a><\/td>\n<td>ING. ARCH. MARTIN TUNKA CSC.<\/td>\n<\/tr>\n<tr>\n<td>1779<\/td>\n<td>\u00c7ekya<\/td>\n<td>Prag<\/td>\n<td><a href=\"https:\/\/www.cka.cz\/cs\/svet-architektury\/seznam-architektu\/ing-arch-akad-arch-liesler-lukas\">129 Luk\u00e1\u0161 Liesler<\/a><\/td>\n<td>ING. ARCH. AKAD.ARCH. LUK\u00c1\u0160 LIESLER<\/td>\n<\/tr>\n<tr>\n<td>1780<\/td>\n<td>\u00c7ekya<\/td>\n<td>Hradec Kr\u00e1lov\u00e9<\/td>\n<td><a href=\"https:\/\/www.cka.cz\/cs\/svet-architektury\/seznam-architektu\/ing-arch-horsku-miroslav\">130 Miroslav Horsk\u00fd<\/a><\/td>\n<td>ING. ARCH. MIROSLAV HORSK\u00dd<\/td>\n<\/tr>\n<tr>\n<td>1781<\/td>\n<td>\u00c7ekya<\/td>\n<td>Prag<\/td>\n<td><a href=\"https:\/\/www.cka.cz\/cs\/svet-architektury\/seznam-architektu\/prof-ing-arch-slapeta-vladimir-drsc\">131 Vladim\u00edr \u0160lapeta<\/a><\/td>\n<td>PROF. ING. ARCH. VLADIM\u00cdR \u0160LAPETA DRSC.<\/td>\n<\/tr>\n<tr>\n<td>1782<\/td>\n<td>\u00c7ekya<\/td>\n<td>Plze\u0148<\/td>\n<td><a href=\"https:\/\/www.cka.cz\/cs\/svet-architektury\/seznam-architektu\/ing-arch-soukup-jan\">132 Jan Soukup<\/a><\/td>\n<td>ING. ARCH. JAN SOUKUP<\/td>\n<\/tr>\n<tr>\n<td>1783<\/td>\n<td>\u00c7ekya<\/td>\n<td>Liberec<\/td>\n<td><a href=\"https:\/\/www.cka.cz\/cs\/svet-architektury\/seznam-architektu\/ing-arch-janousek-pavel\">133 Pavel Janou\u0161ek<\/a><\/td>\n<td>ING. ARCH. PAVEL JANOU\u0160EK<\/td>\n<\/tr>\n<tr>\n<td>1784<\/td>\n<td>\u00c7ekya<\/td>\n<td>Pardubice<\/td>\n<td><a href=\"https:\/\/www.cka.cz\/cs\/svet-architektury\/seznam-architektu\/ing-arch-macas-sobeslav\">134 Sob\u011bslav Macas<\/a><\/td>\n<td>ING. ARCH. SOB\u011aSLAV MACAS<\/td>\n<\/tr>\n<tr>\n<td>1785<\/td>\n<td>\u00c7ekya<\/td>\n<td>Pardubice<\/td>\n<td><a href=\"https:\/\/www.cka.cz\/cs\/svet-architektury\/seznam-architektu\/ing-arch-driml-lubomir\">135 Lubom\u00edr Driml<\/a><\/td>\n<td>ING. ARCH. LUBOM\u00cdR DRIML<\/td>\n<\/tr>\n<tr>\n<td>1786<\/td>\n<td>\u00c7ekya<\/td>\n<td>Liberec<\/td>\n<td><a href=\"https:\/\/www.cka.cz\/cs\/svet-architektury\/seznam-architektu\/ing-arch-patrny-josef\">136 Josef Patrn\u00fd<\/a><\/td>\n<td>ING. ARCH. JOSEF PATRN\u00dd<\/td>\n<\/tr>\n<tr>\n<td>1787<\/td>\n<td>\u00c7ekya<\/td>\n<td>Prag<\/td>\n<td><a href=\"https:\/\/www.cka.cz\/cs\/svet-architektury\/seznam-architektu\/prof-ing-akad-arch-sramkova-alena\">137 Alena \u0160r\u00e1mkov\u00e1<\/a><\/td>\n<td>PROF. ING. AKAD. ARCH. ALENA \u0160R\u00c1MKOV\u00c1<\/td>\n<\/tr>\n<tr>\n<td>1788<\/td>\n<td>\u00c7ekya<\/td>\n<td>Orlick\u00fdch Hor\u00e1ch<\/td>\n<td><a href=\"https:\/\/www.cka.cz\/cs\/svet-architektury\/seznam-architektu\/ing-arch-suda-petr\">138 Petr \u0160uda<\/a><\/td>\n<td>ING. ARCH. PETR \u0160UDA<\/td>\n<\/tr>\n<tr>\n<td>1789<\/td>\n<td>\u00c7ekya<\/td>\n<td>Prag<\/td>\n<td><a href=\"https:\/\/www.cka.cz\/cs\/svet-architektury\/seznam-architektu\/ing-arch-kozel-jan\">139 Jan Kozel<\/a><\/td>\n<td>ING. ARCH. JAN KOZEL<\/td>\n<\/tr>\n<tr>\n<td>1790<\/td>\n<td>\u00c7ekya<\/td>\n<td>Prag<\/td>\n<td><a href=\"https:\/\/www.cka.cz\/cs\/svet-architektury\/seznam-architektu\/akad-arch-susta-jaroslav\">140 Jaroslav \u0160usta<\/a><\/td>\n<td>AKAD. ARCH. JAROSLAV \u0160USTA<\/td>\n<\/tr>\n<tr>\n<td>1791<\/td>\n<td>\u00c7ekya<\/td>\n<td>Prag<\/td>\n<td><a href=\"https:\/\/www.cka.cz\/cs\/svet-architektury\/seznam-architektu\/prof-ing-arch-kuna-zdenek\">141 Zden\u011bk Kuna<\/a><\/td>\n<td>PROF. ING. ARCH. ZDEN\u011aK KUNA<\/td>\n<\/tr>\n<tr>\n<td>1792<\/td>\n<td>\u00c7ekya<\/td>\n<td>\u010cesk\u00e9 Bud\u011bjovice<\/td>\n<td><a href=\"https:\/\/www.cka.cz\/cs\/svet-architektury\/seznam-architektu\/ing-arch-stritecky-jiri\">142 Ji\u0159\u00ed St\u0159\u00edteck\u00fd<\/a><\/td>\n<td>ING. ARCH. JI\u0158\u00cd ST\u0158\u00cdTECK\u00dd<\/td>\n<\/tr>\n<tr>\n<td>1793<\/td>\n<td>\u00c7ekya<\/td>\n<td>\u010cesk\u00e9 Bud\u011bjovice<\/td>\n<td><a href=\"https:\/\/www.cka.cz\/cs\/svet-architektury\/seznam-architektu\/ing-arch-sova-bohdan\">143 Bohdan Sova<\/a><\/td>\n<td>ING. ARCH. BOHDAN SOVA<\/td>\n<\/tr>\n<tr>\n<td>1794<\/td>\n<td>\u00c7ekya<\/td>\n<td>Prag<\/td>\n<td><a href=\"https:\/\/www.cka.cz\/cs\/svet-architektury\/seznam-architektu\/ing-arch-stefek-ludek\">144 Lud\u011bk \u0160tefek<\/a><\/td>\n<td>ING. ARCH. LUD\u011aK \u0160TEFEK<\/td>\n<\/tr>\n<tr>\n<td>1795<\/td>\n<td>\u00c7ekya<\/td>\n<td>Liberec<\/td>\n<td><a href=\"https:\/\/www.cka.cz\/cs\/svet-architektury\/seznam-architektu\/ing-arch-hubacek-karel\">145 Karel Hub\u00e1\u010dek<\/a><\/td>\n<td>ING. ARCH. KAREL HUB\u00c1\u010cEK<\/td>\n<\/tr>\n<tr>\n<td>1796<\/td>\n<td>\u00c7ekya<\/td>\n<td>Prag<\/td>\n<td><a href=\"https:\/\/www.cka.cz\/cs\/svet-architektury\/seznam-architektu\/ing-arch-machoninova-vera\">146 V\u011bra Machoninov\u00e1<\/a><\/td>\n<td>ING. ARCH. V\u011aRA MACHONINOV\u00c1<\/td>\n<\/tr>\n<tr>\n<td>1797<\/td>\n<td>\u00c7ekya<\/td>\n<td>Prag<\/td>\n<td><a href=\"https:\/\/www.cka.cz\/cs\/svet-architektury\/seznam-architektu\/ing-akad-arch-prikryl-emil\">147 Emil P\u0159ikryl<\/a><\/td>\n<td>ING. AKAD. ARCH. EMIL P\u0158IKRYL<\/td>\n<\/tr>\n<tr>\n<td>1798<\/td>\n<td>\u00c7ekya<\/td>\n<td>Rokycany<\/td>\n<td><a href=\"https:\/\/www.cka.cz\/cs\/svet-architektury\/seznam-architektu\/ing-arch-drchal-vaclav\">148 V\u00e1clav Drchal<\/a><\/td>\n<td>ING. ARCH. V\u00c1CLAV DRCHAL<\/td>\n<\/tr>\n<tr>\n<td>1799<\/td>\n<td>\u00c7ekya<\/td>\n<td>Prag<\/td>\n<td><a href=\"https:\/\/www.cka.cz\/cs\/svet-architektury\/seznam-architektu\/akad-arch-capkova-ivana\">149 Ivana \u010capkov\u00e1<\/a><\/td>\n<td>AKAD. ARCH. IVANA \u010cAPKOV\u00c1<\/td>\n<\/tr>\n<tr>\n<td>1800<\/td>\n<td>\u00c7ekya<\/td>\n<td>Doma\u017elice<\/td>\n<td><a href=\"https:\/\/www.cka.cz\/cs\/svet-architektury\/seznam-architektu\/ing-arch-batelka-josef\">150 Josef Batelka<\/a><\/td>\n<td>ING. ARCH. JOSEF BATELKA<\/td>\n<\/tr>\n<tr>\n<td>1801<\/td>\n<td>\u00c7ekya<\/td>\n<td>Olomouc<\/td>\n<td><a href=\"https:\/\/www.cka.cz\/cs\/svet-architektury\/seznam-architektu\/ing-arch-novacek-jaroslav\">151 Jaroslav Nov\u00e1\u010dek<\/a><\/td>\n<td>ING. ARCH. JAROSLAV NOV\u00c1\u010cEK<\/td>\n<\/tr>\n<tr>\n<td>1802<\/td>\n<td>\u00c7ekya<\/td>\n<td>Plze\u0148<\/td>\n<td><a href=\"https:\/\/www.cka.cz\/cs\/svet-architektury\/seznam-architektu\/ing-arch-salat-karel\">152 Karel Sal\u00e1t<\/a><\/td>\n<td>ING. ARCH. KAREL SAL\u00c1T<\/td>\n<\/tr>\n<tr>\n<td>1803<\/td>\n<td>\u00c7ekya<\/td>\n<td>Prag<\/td>\n<td><a href=\"https:\/\/www.cka.cz\/cs\/svet-architektury\/seznam-architektu\/ing-arch-kadlec-karel\">153 Karel Kadlec<\/a><\/td>\n<td>ING. ARCH. KAREL KADLEC<\/td>\n<\/tr>\n<tr>\n<td>1804<\/td>\n<td>\u00c7ekya<\/td>\n<td>Hradec Kr\u00e1lov\u00e9<\/td>\n<td><a href=\"https:\/\/www.cka.cz\/cs\/svet-architektury\/seznam-architektu\/ing-arch-kadecka-miroslav\">154 Miroslav Kade\u010dka<\/a><\/td>\n<td>ING. ARCH. MIROSLAV KADE\u010cKA<\/td>\n<\/tr>\n<tr>\n<td>1805<\/td>\n<td>\u00c7ekya<\/td>\n<td>Most<\/td>\n<td><a href=\"https:\/\/www.cka.cz\/cs\/svet-architektury\/seznam-architektu\/ing-arch-hasik-jan\">155 Jan Has\u00edk<\/a><\/td>\n<td>ING. ARCH. JAN HAS\u00cdK<\/td>\n<\/tr>\n<tr>\n<td>1806<\/td>\n<td>\u00c7ekya<\/td>\n<td>Liberec<\/td>\n<td><a href=\"https:\/\/www.cka.cz\/cs\/svet-architektury\/seznam-architektu\/ing-arch-ulmann-miroslav\">156 Miroslav Ulmann<\/a><\/td>\n<td>ING. ARCH. MIROSLAV ULMANN<\/td>\n<\/tr>\n<tr>\n<td>1807<\/td>\n<td>\u00c7ekya<\/td>\n<td>Zl\u00edn<\/td>\n<td><a href=\"https:\/\/www.cka.cz\/cs\/svet-architektury\/seznam-architektu\/ing-tuzarova-katerina\">157 Kate\u0159ina Tuzarov\u00e1<\/a><\/td>\n<td>ING. KATE\u0158INA TUZAROV\u00c1<\/td>\n<\/tr>\n<tr>\n<td>1808<\/td>\n<td>\u00c7ekya<\/td>\n<td>Fr\u00fddek M\u00edstek<\/td>\n<td><a href=\"https:\/\/www.cka.cz\/cs\/svet-architektury\/seznam-architektu\/ing-arch-bichler-vlastimil\">158 Vlastimil Bichler<\/a><\/td>\n<td>ING. ARCH. VLASTIMIL BICHLER<\/td>\n<\/tr>\n<tr>\n<td>1809<\/td>\n<td>\u00c7ekya<\/td>\n<td>Hav\u00ed\u0159ov<\/td>\n<td><a href=\"https:\/\/www.cka.cz\/cs\/svet-architektury\/seznam-architektu\/ing-arch-chmiel-oskar\">159 Oskar Chmiel<\/a><\/td>\n<td>ING. ARCH. OSKAR CHMIEL<\/td>\n<\/tr>\n<tr>\n<td>1810<\/td>\n<td>\u00c7ekya<\/td>\n<td>Lednice<\/td>\n<td><a href=\"https:\/\/www.cka.cz\/cs\/svet-architektury\/seznam-architektu\/dr-ing-nepomucku-petr\">160 Petr Nepomuck\u00fd<\/a><\/td>\n<td>DR.ING. PETR NEPOMUCK\u00dd<\/td>\n<\/tr>\n<tr>\n<td>1811<\/td>\n<td>\u00c7ekya<\/td>\n<td>Brno<\/td>\n<td><a href=\"https:\/\/www.cka.cz\/cs\/svet-architektury\/seznam-architektu\/ing-damcova-eva\">161 Eva Damcov\u00e1<\/a><\/td>\n<td>ING. EVA DAMCOV\u00c1<\/td>\n<\/tr>\n<tr>\n<td>1812<\/td>\n<td>\u00c7ekya<\/td>\n<td>Zl\u00edn<\/td>\n<td><a href=\"https:\/\/www.cka.cz\/cs\/svet-architektury\/seznam-architektu\/ing-arch-pribyl-zdenek\">162 Zden\u011bk P\u0159ibyl<\/a><\/td>\n<td>ING. ARCH. ZDEN\u011aK P\u0158IBYL<\/td>\n<\/tr>\n<tr>\n<td>1813<\/td>\n<td>\u00c7ekya<\/td>\n<td>Brno<\/td>\n<td><a href=\"https:\/\/www.cka.cz\/cs\/svet-architektury\/seznam-architektu\/ing-arch-pech-zbynek\">163 Zbyn\u011bk Pech<\/a><\/td>\n<td>ING. ARCH. ZBYN\u011aK PECH<\/td>\n<\/tr>\n<tr>\n<td>1814<\/td>\n<td>\u00c7ekya<\/td>\n<td>Beclav<\/td>\n<td><a href=\"https:\/\/www.cka.cz\/cs\/svet-architektury\/seznam-architektu\/ing-arch-bozek-karel\">164 Karel Bo\u017eek<\/a><\/td>\n<td>ING. ARCH. KAREL BO\u017dEK<\/td>\n<\/tr>\n<tr>\n<td>1815<\/td>\n<td>\u00c7ekya<\/td>\n<td>Ostrava<\/td>\n<td><a href=\"https:\/\/www.cka.cz\/cs\/svet-architektury\/seznam-architektu\/ing-arch-havlicek-josef\">165 Josef Havl\u00ed\u010dek<\/a><\/td>\n<td>ING. ARCH. JOSEF HAVL\u00cd\u010cEK<\/td>\n<\/tr>\n<tr>\n<td>1816<\/td>\n<td>\u00c7ekya<\/td>\n<td>Ostrava<\/td>\n<td><a href=\"https:\/\/www.cka.cz\/cs\/svet-architektury\/seznam-architektu\/ing-arch-vitoul-ladislav\">166 Ladislav Vitoul<\/a><\/td>\n<td>ING. ARCH. LADISLAV VITOUL<\/td>\n<\/tr>\n<tr>\n<td>1817<\/td>\n<td>\u00c7ekya<\/td>\n<td>Moravsk\u00e9 Kn\u00ednice<\/td>\n<td><a href=\"https:\/\/www.cka.cz\/cs\/svet-architektury\/seznam-architektu\/ing-vlcek-kvetoslav\">167 Kv\u011btoslav Vl\u010dek<\/a><\/td>\n<td>ING. KV\u011aTOSLAV VL\u010cEK<\/td>\n<\/tr>\n<tr>\n<td>1818<\/td>\n<td>\u00c7ekya<\/td>\n<td>Prag<\/td>\n<td><a href=\"https:\/\/www.cka.cz\/cs\/svet-architektury\/seznam-architektu\/ing-arch-klen-jiri\">168 Ji\u0159\u00ed Klen<\/a><\/td>\n<td>ING. ARCH. JI\u0158\u00cd KLEN<\/td>\n<\/tr>\n<tr>\n<td>1819<\/td>\n<td>\u00c7ekya<\/td>\n<td>Brno<\/td>\n<td><a href=\"https:\/\/www.cka.cz\/cs\/svet-architektury\/seznam-architektu\/ing-arch-srubar-pavel\">169 Pavel \u0160ruba\u0159<\/a><\/td>\n<td>ING. ARCH. PAVEL \u0160RUBA\u0158<\/td>\n<\/tr>\n<tr>\n<td>1820<\/td>\n<td>\u00c7ekya<\/td>\n<td>Ostrava<\/td>\n<td><a href=\"https:\/\/www.cka.cz\/cs\/svet-architektury\/seznam-architektu\/ing-arch-svoboda-milan\">170 Milan Svoboda<\/a><\/td>\n<td>ING. ARCH. MILAN SVOBODA<\/td>\n<\/tr>\n<tr>\n<td>1821<\/td>\n<td>\u00c7ekya<\/td>\n<td>Zl\u00edn<\/td>\n<td><a href=\"https:\/\/www.cka.cz\/cs\/svet-architektury\/seznam-architektu\/ing-arch-bergmann-ivan\">171 Ivan Bergmann<\/a><\/td>\n<td>ING. ARCH. IVAN BERGMANN<\/td>\n<\/tr>\n<tr>\n<td>1822<\/td>\n<td>\u00c7ekya<\/td>\n<td>Brno<\/td>\n<td><a href=\"https:\/\/www.cka.cz\/cs\/svet-architektury\/seznam-architektu\/prof-ing-arch-kyselka-mojmir-csc\">172 Mojm\u00edr Kyselka<\/a><\/td>\n<td>PROF. ING. ARCH. MOJM\u00cdR KYSELKA CSC.<\/td>\n<\/tr>\n<tr>\n<td>1823<\/td>\n<td>\u00c7ekya<\/td>\n<td>Prag<\/td>\n<td><a href=\"https:\/\/www.cka.cz\/cs\/svet-architektury\/seznam-architektu\/ing-arch-vrabel-jan\">173 Jan Vrabel<\/a><\/td>\n<td>ING. ARCH. JAN VRABEL<\/td>\n<\/tr>\n<tr>\n<td>1824<\/td>\n<td>\u00c7ekya<\/td>\n<td>Brno<\/td>\n<td><a href=\"https:\/\/www.cka.cz\/cs\/svet-architektury\/seznam-architektu\/prof-ing-arch-pelcak-petr\">174 Petr Pel\u010d\u00e1k<\/a><\/td>\n<td>PROF. ING. ARCH. PETR PEL\u010c\u00c1K<\/td>\n<\/tr>\n<tr>\n<td>1825<\/td>\n<td>\u00c7ekya<\/td>\n<td>Majetin<\/td>\n<td><a href=\"https:\/\/www.cka.cz\/cs\/svet-architektury\/seznam-architektu\/ing-arch-pluskal-radim\">175 Radim Pluskal<\/a><\/td>\n<td>ING. ARCH. RADIM PLUSKAL<\/td>\n<\/tr>\n<tr>\n<td>1826<\/td>\n<td>\u00c7ekya<\/td>\n<td>Brno<\/td>\n<td><a href=\"https:\/\/www.cka.cz\/cs\/svet-architektury\/seznam-architektu\/ing-arch-michal-zdenek\">176 Zden\u011bk Michal<\/a><\/td>\n<td>ING. ARCH. ZDEN\u011aK MICHAL<\/td>\n<\/tr>\n<tr>\n<td>1827<\/td>\n<td>\u00c7ekya<\/td>\n<td>Prost\u011bjov<\/td>\n<td><a href=\"https:\/\/www.cka.cz\/cs\/svet-architektury\/seznam-architektu\/ing-arch-prikryl-jan\">177 Jan P\u0159ikryl<\/a><\/td>\n<td>ING. ARCH. JAN P\u0158IKRYL<\/td>\n<\/tr>\n<tr>\n<td>1828<\/td>\n<td>\u00c7ekya<\/td>\n<td>Brno<\/td>\n<td><a href=\"https:\/\/www.cka.cz\/cs\/svet-architektury\/seznam-architektu\/ing-arch-klajmon-vladimir\">178 Vladim\u00edr Klajmon<\/a><\/td>\n<td>ING. ARCH. VLADIM\u00cdR KLAJMON<\/td>\n<\/tr>\n<tr>\n<td>1829<\/td>\n<td>\u00c7ekya<\/td>\n<td>Prag<\/td>\n<td><a href=\"https:\/\/www.cka.cz\/cs\/svet-architektury\/seznam-architektu\/arch-novacek-jan\">179 Jan Nov\u00e1\u010dek<\/a><\/td>\n<td>ARCH. JAN NOV\u00c1\u010cEK<\/td>\n<\/tr>\n<tr>\n<td>1830<\/td>\n<td>\u00c7ekya<\/td>\n<td>Troubsko Veselka<\/td>\n<td><a href=\"https:\/\/www.cka.cz\/cs\/svet-architektury\/seznam-architektu\/ing-wagnerova-eva\">180 Eva Wagnerov\u00e1<\/a><\/td>\n<td>ING. EVA WAGNEROV\u00c1<\/td>\n<\/tr>\n<tr>\n<td>1831<\/td>\n<td>\u00c7ekya<\/td>\n<td>Brno<\/td>\n<td><a href=\"https:\/\/www.cka.cz\/cs\/svet-architektury\/seznam-architektu\/ing-finstrlova-helena\">181 Helena Finstrlov\u00e1<\/a><\/td>\n<td>ING. HELENA FINSTRLOV\u00c1<\/td>\n<\/tr>\n<tr>\n<td>1832<\/td>\n<td>\u00c7ekya<\/td>\n<td>Plze\u0148<\/td>\n<td><a href=\"https:\/\/www.cka.cz\/cs\/svet-architektury\/seznam-architektu\/ing-arch-hysek-oldrich\">182 Old\u0159ich Hysek<\/a><\/td>\n<td>ING. ARCH. OLD\u0158ICH HYSEK<\/td>\n<\/tr>\n<tr>\n<td>1833<\/td>\n<td>\u00c7ekya<\/td>\n<td>Prag<\/td>\n<td><a href=\"https:\/\/www.cka.cz\/cs\/svet-architektury\/seznam-architektu\/ing-arch-riha-martin\">183 Martin \u0158\u00edha<\/a><\/td>\n<td>ING. ARCH. MARTIN \u0158\u00cdHA<\/td>\n<\/tr>\n<tr>\n<td>1834<\/td>\n<td>\u00c7ekya<\/td>\n<td>Opava<\/td>\n<td><a href=\"https:\/\/www.cka.cz\/cs\/svet-architektury\/seznam-architektu\/ing-arch-kovar-jan\">184 Jan Kov\u00e1\u0159<\/a><\/td>\n<td>ING. ARCH. JAN KOV\u00c1\u0158<\/td>\n<\/tr>\n<tr>\n<td>1835<\/td>\n<td>\u00c7ekya<\/td>\n<td>Liberec<\/td>\n<td><a href=\"https:\/\/www.cka.cz\/cs\/svet-architektury\/seznam-architektu\/rndr-postolka-vaclav\">185 V\u00e1clav Po\u0161tolka<\/a><\/td>\n<td>RNDR. V\u00c1CLAV PO\u0160TOLKA<\/td>\n<\/tr>\n<tr>\n<td>1836<\/td>\n<td>\u00c7ekya<\/td>\n<td>Prag<\/td>\n<td><a href=\"https:\/\/www.cka.cz\/cs\/svet-architektury\/seznam-architektu\/doc-ing-arch-oberstein-ivo-csc\">186 Ivo Oberstein<\/a><\/td>\n<td>DOC. ING. ARCH. IVO OBERSTEIN CSC.<\/td>\n<\/tr>\n<tr>\n<td>1837<\/td>\n<td>\u00c7ekya<\/td>\n<td>Prag<\/td>\n<td><a href=\"https:\/\/www.cka.cz\/cs\/svet-architektury\/seznam-architektu\/akad-arch-spacek-jaromir\">187 Jarom\u00edr \u0160pa\u010dek<\/a><\/td>\n<td>AKAD. ARCH. JAROM\u00cdR \u0160PA\u010cEK<\/td>\n<\/tr>\n<tr>\n<td>1838<\/td>\n<td>\u00c7ekya<\/td>\n<td>Plze\u0148<\/td>\n<td><a href=\"https:\/\/www.cka.cz\/cs\/svet-architektury\/seznam-architektu\/ing-valtr-pavel\">188 Pavel Valtr<\/a><\/td>\n<td>ING. PAVEL VALTR<\/td>\n<\/tr>\n<tr>\n<td>1839<\/td>\n<td>\u00c7ekya<\/td>\n<td>Prag<\/td>\n<td><a href=\"https:\/\/www.cka.cz\/cs\/svet-architektury\/seznam-architektu\/ing-arch-holzel-zdenek\">189 Zden\u011bk H\u00f6lzel<\/a><\/td>\n<td>ING. ARCH. ZDEN\u011aK H\u00d6LZEL<\/td>\n<\/tr>\n<tr>\n<td>1840<\/td>\n<td>\u00c7ekya<\/td>\n<td>Prag<\/td>\n<td><a href=\"https:\/\/www.cka.cz\/cs\/svet-architektury\/seznam-architektu\/ing-arch-matejka-vaclav\">190 V\u00e1clav Mat\u011bjka<\/a><\/td>\n<td>ING. ARCH. V\u00c1CLAV MAT\u011aJKA<\/td>\n<\/tr>\n<tr>\n<td>1841<\/td>\n<td>\u00c7ekya<\/td>\n<td>Prag<\/td>\n<td><a href=\"https:\/\/www.cka.cz\/cs\/svet-architektury\/seznam-architektu\/ing-arch-seho-hana\">191 Hana Seho<\/a><\/td>\n<td>ING. ARCH. HANA SEHO<\/td>\n<\/tr>\n<tr>\n<td>1842<\/td>\n<td>\u00c7ekya<\/td>\n<td>Prag<\/td>\n<td><a href=\"https:\/\/www.cka.cz\/cs\/svet-architektury\/seznam-architektu\/ing-arch-base-miroslav\">192 Miroslav Ba\u0161e<\/a><\/td>\n<td>ING. ARCH. MIROSLAV BA\u0160E<\/td>\n<\/tr>\n<tr>\n<td>1843<\/td>\n<td>\u00c7ekya<\/td>\n<td>Prag<\/td>\n<td><a href=\"https:\/\/www.cka.cz\/cs\/svet-architektury\/seznam-architektu\/ing-akad-arch-kralicek-vaclav\">193 V\u00e1clav Kr\u00e1l\u00ed\u010dek<\/a><\/td>\n<td>ING. AKAD. ARCH. V\u00c1CLAV KR\u00c1L\u00cd\u010cEK<\/td>\n<\/tr>\n<tr>\n<td>1844<\/td>\n<td>\u00c7ekya<\/td>\n<td>Karlovy Vary<\/td>\n<td><a href=\"https:\/\/www.cka.cz\/cs\/svet-architektury\/seznam-architektu\/ing-arch-mundilova-marie\">194 Marie Mundilov\u00e1<\/a><\/td>\n<td>ING. ARCH. MARIE MUNDILOV\u00c1<\/td>\n<\/tr>\n<tr>\n<td>1845<\/td>\n<td>\u00c7ekya<\/td>\n<td>Prag<\/td>\n<td><a href=\"https:\/\/www.cka.cz\/cs\/svet-architektury\/seznam-architektu\/ing-arch-zima-jaroslav\">195 Jaroslav Zima<\/a><\/td>\n<td>ING. ARCH. JAROSLAV ZIMA<\/td>\n<\/tr>\n<tr>\n<td>1846<\/td>\n<td>\u00c7ekya<\/td>\n<td>Plze\u0148<\/td>\n<td><a href=\"https:\/\/www.cka.cz\/cs\/svet-architektury\/seznam-architektu\/ing-arch-baxa-jan\">196 Jan Baxa<\/a><\/td>\n<td>ING. ARCH. JAN BAXA<\/td>\n<\/tr>\n<tr>\n<td>1847<\/td>\n<td>\u00c7ekya<\/td>\n<td>Prag<\/td>\n<td><a href=\"https:\/\/www.cka.cz\/cs\/svet-architektury\/seznam-architektu\/doc-ing-arch-cigler-jakub\">197 Jakub Cigler<\/a><\/td>\n<td>DOC. ING. ARCH. JAKUB CIGLER<\/td>\n<\/tr>\n<tr>\n<td>1848<\/td>\n<td>\u00c7ekya<\/td>\n<td>Prag<\/td>\n<td><a href=\"https:\/\/www.cka.cz\/cs\/svet-architektury\/seznam-architektu\/ing-arch-martinkova-alena\">198 Alena Mart\u00ednkov\u00e1<\/a><\/td>\n<td>ING. ARCH. ALENA MART\u00cdNKOV\u00c1<\/td>\n<\/tr>\n<tr>\n<td>1849<\/td>\n<td>\u00c7ekya<\/td>\n<td>Prag<\/td>\n<td><a href=\"https:\/\/www.cka.cz\/cs\/svet-architektury\/seznam-architektu\/ing-arch-prouza-tomas\">199 Tom\u00e1\u0161 Prouza<\/a><\/td>\n<td>ING. ARCH. TOM\u00c1\u0160 PROUZA<\/td>\n<\/tr>\n<tr>\n<td>1850<\/td>\n<td>\u00c7ekya<\/td>\n<td>Prag<\/td>\n<td><a href=\"https:\/\/www.cka.cz\/cs\/svet-architektury\/seznam-architektu\/ing-arch-fiala-stanislav\">200 Stanislav Fiala<\/a><\/td>\n<td>ING. ARCH. STANISLAV FIALA<\/td>\n<\/tr>\n<tr>\n<td>1851<\/td>\n<td>\u00c7ekya<\/td>\n<td>Prag<\/td>\n<td><a href=\"https:\/\/www.cka.cz\/cs\/svet-architektury\/seznam-architektu\/ing-arch-fiala-milan\">201 Milan Fiala<\/a><\/td>\n<td>ING. ARCH. MILAN FIALA<\/td>\n<\/tr>\n<tr>\n<td>1852<\/td>\n<td>\u00c7ekya<\/td>\n<td>Prag<\/td>\n<td><a href=\"https:\/\/www.cka.cz\/cs\/svet-architektury\/seznam-architektu\/akad-arch-nemec-martin\">202 Martin N\u011bmec<\/a><\/td>\n<td>AKAD. ARCH. MARTIN N\u011aMEC<\/td>\n<\/tr>\n<tr>\n<td>1853<\/td>\n<td>\u00c7ekya<\/td>\n<td>Prag<\/td>\n<td><a href=\"https:\/\/www.cka.cz\/cs\/svet-architektury\/seznam-architektu\/ing-arch-filsak-karel\">203 Karel Filsak<\/a><\/td>\n<td>ING. ARCH. KAREL FILSAK<\/td>\n<\/tr>\n<tr>\n<td>1854<\/td>\n<td>\u00c7ekya<\/td>\n<td>Pardubice<\/td>\n<td><a href=\"https:\/\/www.cka.cz\/cs\/svet-architektury\/seznam-architektu\/ing-arch-petran-miroslav\">204 Miroslav Petr\u00e1\u0148<\/a><\/td>\n<td>ING. ARCH. MIROSLAV PETR\u00c1\u0147<\/td>\n<\/tr>\n<tr>\n<td>1855<\/td>\n<td>\u00c7ekya<\/td>\n<td>Litomy\u0161le<\/td>\n<td><a href=\"https:\/\/www.cka.cz\/cs\/svet-architektury\/seznam-architektu\/ing-arch-barta-radim\">205 Radim B\u00e1rta<\/a><\/td>\n<td>ING. ARCH. RADIM B\u00c1RTA<\/td>\n<\/tr>\n<tr>\n<td>1856<\/td>\n<td>\u00c7ekya<\/td>\n<td>Prag<\/td>\n<td><a href=\"https:\/\/www.cka.cz\/cs\/svet-architektury\/seznam-architektu\/ing-arch-dohnal-tomas\">206 Tom\u00e1\u0161 Dohnal<\/a><\/td>\n<td>ING. ARCH. TOM\u00c1\u0160 DOHNAL<\/td>\n<\/tr>\n<tr>\n<td>1857<\/td>\n<td>\u00c7ekya<\/td>\n<td>\u010cesk\u00e9 Bud\u011bjovice<\/td>\n<td><a href=\"https:\/\/www.cka.cz\/cs\/svet-architektury\/seznam-architektu\/ing-arch-skalicku-jiri\">207 Ji\u0159\u00ed Skalick\u00fd<\/a><\/td>\n<td>ING. ARCH. JI\u0158\u00cd SKALICK\u00dd<\/td>\n<\/tr>\n<tr>\n<td>1858<\/td>\n<td>\u00c7ekya<\/td>\n<td>Prag<\/td>\n<td><a href=\"https:\/\/www.cka.cz\/cs\/svet-architektury\/seznam-architektu\/ing-arch-spackova-ladislava\">208 Ladislava \u0160pa\u010dkov\u00e1<\/a><\/td>\n<td>ING. ARCH. LADISLAVA \u0160PA\u010cKOV\u00c1<\/td>\n<\/tr>\n<tr>\n<td>1859<\/td>\n<td>\u00c7ekya<\/td>\n<td>Prag<\/td>\n<td><a href=\"https:\/\/www.cka.cz\/cs\/svet-architektury\/seznam-architektu\/ing-arch-machova-ludmila\">209 Ludmila Machov\u00e1<\/a><\/td>\n<td>ING. ARCH. LUDMILA MACHOV\u00c1<\/td>\n<\/tr>\n<tr>\n<td>1860<\/td>\n<td>\u00c7ekya<\/td>\n<td>Prag<\/td>\n<td><a href=\"https:\/\/www.cka.cz\/cs\/svet-architektury\/seznam-architektu\/akad-arch-lasovsky-jiri\">210 Ji\u0159\u00ed Lasovsk\u00fd<\/a><\/td>\n<td>AKAD. ARCH. JI\u0158\u00cd LASOVSK\u00dd<\/td>\n<\/tr>\n<tr>\n<td>1861<\/td>\n<td>\u00c7ekya<\/td>\n<td>Prag<\/td>\n<td><a href=\"https:\/\/www.cka.cz\/cs\/svet-architektury\/seznam-architektu\/ing-arch-akad-arch-vanickova-nadezda\">211 Nad\u011b\u017eda Van\u00ed\u010dkov\u00e1<\/a><\/td>\n<td>ING. ARCH. AKAD. ARCH. NAD\u011a\u017dDA VAN\u00cd\u010cKOV\u00c1<\/td>\n<\/tr>\n<tr>\n<td>1862<\/td>\n<td>\u00c7ekya<\/td>\n<td>Prag<\/td>\n<td><a href=\"https:\/\/www.cka.cz\/cs\/svet-architektury\/seznam-architektu\/ing-arch-prada-david\">212 David P\u0159\u00e1da<\/a><\/td>\n<td>ING. ARCH. DAVID P\u0158\u00c1DA<\/td>\n<\/tr>\n<tr>\n<td>1863<\/td>\n<td>\u00c7ekya<\/td>\n<td>Brno<\/td>\n<td><a href=\"https:\/\/www.cka.cz\/cs\/svet-architektury\/seznam-architektu\/ing-arch-gregorcik-jiri\">213 Ji\u0159\u00ed G\u0159egor\u010d\u00edk<\/a><\/td>\n<td>ING. ARCH. JI\u0158\u00cd G\u0158EGOR\u010c\u00cdK<\/td>\n<\/tr>\n<tr>\n<td>1864<\/td>\n<td>\u00c7ekya<\/td>\n<td>Prag<\/td>\n<td><a href=\"https:\/\/www.cka.cz\/cs\/svet-architektury\/seznam-architektu\/ing-arch-vysinova-jarmila\">214 Jarmila Vy\u0161\u00ednov\u00e1<\/a><\/td>\n<td>ING. ARCH. JARMILA VY\u0160\u00cdNOV\u00c1<\/td>\n<\/tr>\n<tr>\n<td>1865<\/td>\n<td>\u00c7ekya<\/td>\n<td>Prag<\/td>\n<td><a href=\"https:\/\/www.cka.cz\/cs\/svet-architektury\/seznam-architektu\/ing-arch-frydecky-vaclav\">215 V\u00e1clav Frydeck\u00fd<\/a><\/td>\n<td>ING. ARCH. V\u00c1CLAV FRYDECK\u00dd<\/td>\n<\/tr>\n<tr>\n<td>1866<\/td>\n<td>\u00c7ekya<\/td>\n<td>\u00dast\u00ed nad Labem<\/td>\n<td><a href=\"https:\/\/www.cka.cz\/cs\/svet-architektury\/seznam-architektu\/ing-arch-johanovsku-miroslav\">216 Miroslav Johanovsk\u00fd<\/a><\/td>\n<td>ING. ARCH. MIROSLAV JOHANOVSK\u00dd<\/td>\n<\/tr>\n<tr>\n<td>1867<\/td>\n<td>\u00c7ekya<\/td>\n<td>Labem<\/td>\n<td><a href=\"https:\/\/www.cka.cz\/cs\/svet-architektury\/seznam-architektu\/ing-arch-zeman-jan\">217 Jan Zeman<\/a><\/td>\n<td>ING. ARCH. JAN ZEMAN<\/td>\n<\/tr>\n<tr>\n<td>1868<\/td>\n<td>\u00c7ekya<\/td>\n<td>Nov\u00fd Bor<\/td>\n<td><a href=\"https:\/\/www.cka.cz\/cs\/svet-architektury\/seznam-architektu\/ing-arch-hejduk-mita\">218 M\u00ed\u0165a Hejduk<\/a><\/td>\n<td>ING. ARCH. M\u00cd\u0164A HEJDUK<\/td>\n<\/tr>\n<tr>\n<td>1869<\/td>\n<td>\u00c7ekya<\/td>\n<td>Prag<\/td>\n<td><a href=\"https:\/\/www.cka.cz\/cs\/svet-architektury\/seznam-architektu\/ing-arch-firbas-karel-csc\">219 Karel Firbas<\/a><\/td>\n<td>ING. ARCH. KAREL FIRBAS CSC.<\/td>\n<\/tr>\n<tr>\n<td>1870<\/td>\n<td>\u00c7ekya<\/td>\n<td>Karlovy Vary<\/td>\n<td><a href=\"https:\/\/www.cka.cz\/cs\/svet-architektury\/seznam-architektu\/akad-arch-polony-antonin\">220 Anton\u00edn Polony<\/a><\/td>\n<td>AKAD. ARCH. ANTON\u00cdN POLONY<\/td>\n<\/tr>\n<tr>\n<td>1871<\/td>\n<td>\u00c7ekya<\/td>\n<td>Dagmar Nov\u00e1<\/td>\n<td><a href=\"https:\/\/www.cka.cz\/cs\/svet-architektury\/seznam-architektu\/ing-arch-nova-dagmar\">221 Dagmar Nov\u00e1<\/a><\/td>\n<td>ING. ARCH. DAGMAR NOV\u00c1<\/td>\n<\/tr>\n<tr>\n<td>1872<\/td>\n<td>\u00c7ekya<\/td>\n<td>Host\u00fdnem<\/td>\n<td><a href=\"https:\/\/www.cka.cz\/cs\/svet-architektury\/seznam-architektu\/ing-arch-belik-vit\">222 V\u00edt B\u011bl\u00edk<\/a><\/td>\n<td>ING. ARCH. V\u00cdT B\u011aL\u00cdK<\/td>\n<\/tr>\n<tr>\n<td>1873<\/td>\n<td>\u00c7ekya<\/td>\n<td>Olomouc<\/td>\n<td><a href=\"https:\/\/www.cka.cz\/cs\/svet-architektury\/seznam-architektu\/ing-fingerova-radmila\">223 Radmila Fingerov\u00e1<\/a><\/td>\n<td>ING. RADMILA FINGEROV\u00c1<\/td>\n<\/tr>\n<tr>\n<td>1874<\/td>\n<td>\u00c7ekya<\/td>\n<td>Brno<\/td>\n<td><a href=\"https:\/\/www.cka.cz\/cs\/svet-architektury\/seznam-architektu\/ing-arch-zima-vaclav-csc\">224 V\u00e1clav Zima<\/a><\/td>\n<td>ING. ARCH. V\u00c1CLAV ZIMA CSC.<\/td>\n<\/tr>\n<tr>\n<td>1875<\/td>\n<td>\u00c7ekya<\/td>\n<td>Brno<\/td>\n<td><a href=\"https:\/\/www.cka.cz\/cs\/svet-architektury\/seznam-architektu\/ing-arch-zabrodska-zdena\">225 Zdena Z\u00e1brodsk\u00e1<\/a><\/td>\n<td>ING. ARCH. ZDENA Z\u00c1BRODSK\u00c1<\/td>\n<\/tr>\n<tr>\n<td>1876<\/td>\n<td>\u00c7ekya<\/td>\n<td>Vala\u0161sk\u00e9 Mezi\u0159\u00ed\u010d\u00ed<\/td>\n<td><a href=\"https:\/\/www.cka.cz\/cs\/svet-architektury\/seznam-architektu\/ing-arch-zert-petr\">226 Petr \u017dert<\/a><\/td>\n<td>ING. ARCH. PETR \u017dERT<\/td>\n<\/tr>\n<tr>\n<td>1877<\/td>\n<td>\u00c7ekya<\/td>\n<td>Olomouc<\/td>\n<td><a href=\"https:\/\/www.cka.cz\/cs\/svet-architektury\/seznam-architektu\/ing-arch-smoldas-jan\">227 Jan \u0160moldas<\/a><\/td>\n<td>ING. ARCH. JAN \u0160MOLDAS<\/td>\n<\/tr>\n<tr>\n<td>1878<\/td>\n<td>\u00c7ekya<\/td>\n<td>Brno<\/td>\n<td><a href=\"https:\/\/www.cka.cz\/cs\/svet-architektury\/seznam-architektu\/ing-arch-dokoupil-jaroslav\">228 Jaroslav Dokoupil<\/a><\/td>\n<td>ING. ARCH. JAROSLAV DOKOUPIL<\/td>\n<\/tr>\n<tr>\n<td>1879<\/td>\n<td>\u00c7ekya<\/td>\n<td>Z\u00e1b\u0159eh<\/td>\n<td><a href=\"https:\/\/www.cka.cz\/cs\/svet-architektury\/seznam-architektu\/ing-akad-arch-svoboda-ondrej\">229 Ond\u0159ej Svoboda<\/a><\/td>\n<td>ING. AKAD. ARCH. OND\u0158EJ SVOBODA<\/td>\n<\/tr>\n<tr>\n<td>1880<\/td>\n<td>\u00c7ekya<\/td>\n<td>Opava<\/td>\n<td><a href=\"https:\/\/www.cka.cz\/cs\/svet-architektury\/seznam-architektu\/ing-arch-horak-jiri-2\">230 Ji\u0159\u00ed Hor\u00e1k<\/a><\/td>\n<td>ING. ARCH. JI\u0158\u00cd HOR\u00c1K<\/td>\n<\/tr>\n<tr>\n<td>1881<\/td>\n<td>\u00c7ekya<\/td>\n<td>Brno<\/td>\n<td><a href=\"https:\/\/www.cka.cz\/cs\/svet-architektury\/seznam-architektu\/ing-arch-velehradsku-miroslav\">231 Miroslav Velehradsk\u00fd<\/a><\/td>\n<td>ING. ARCH. MIROSLAV VELEHRADSK\u00dd<\/td>\n<\/tr>\n<tr>\n<td>1882<\/td>\n<td>\u00c7ekya<\/td>\n<td>Ro\u017enov pod Radho\u0161t\u011bm<\/td>\n<td><a href=\"https:\/\/www.cka.cz\/cs\/svet-architektury\/seznam-architektu\/ing-kovarik-jiri\">232 Ji\u0159\u00ed Kova\u0159\u00edk<\/a><\/td>\n<td>ING. JI\u0158\u00cd KOVA\u0158\u00cdK<\/td>\n<\/tr>\n<tr>\n<td>1883<\/td>\n<td>\u00c7ekya<\/td>\n<td>Olomouc<\/td>\n<td><a href=\"https:\/\/www.cka.cz\/cs\/svet-architektury\/seznam-architektu\/ing-arch-polach-jan\">233 Jan Pol\u00e1ch<\/a><\/td>\n<td>ING. ARCH. JAN POL\u00c1CH<\/td>\n<\/tr>\n<tr>\n<td>1884<\/td>\n<td>\u00c7ekya<\/td>\n<td>Ro\u017enov pod Radho\u0161t\u011bm<\/td>\n<td><a href=\"https:\/\/www.cka.cz\/cs\/svet-architektury\/seznam-architektu\/ing-arch-hromadka-libor\">234 Libor Hrom\u00e1dka<\/a><\/td>\n<td>ING. ARCH. LIBOR HROM\u00c1DKA<\/td>\n<\/tr>\n<tr>\n<td>1885<\/td>\n<td>\u00c7ekya<\/td>\n<td>Ku\u0159im<\/td>\n<td><a href=\"https:\/\/www.cka.cz\/cs\/svet-architektury\/seznam-architektu\/ing-arch-kren-bronislav\">235 Bronislav K\u0159en<\/a><\/td>\n<td>ING. ARCH. BRONISLAV K\u0158EN<\/td>\n<\/tr>\n<tr>\n<td>1886<\/td>\n<td>\u00c7ekya<\/td>\n<td>Brno<\/td>\n<td><a href=\"https:\/\/www.cka.cz\/cs\/svet-architektury\/seznam-architektu\/ing-arch-drncova-sarka\">236 \u0160\u00e1rka Drncov\u00e1<\/a><\/td>\n<td>ING. ARCH. \u0160\u00c1RKA DRNCOV\u00c1<\/td>\n<\/tr>\n<tr>\n<td>1887<\/td>\n<td>\u00c7ekya<\/td>\n<td>Brno<\/td>\n<td><a href=\"https:\/\/www.cka.cz\/cs\/svet-architektury\/seznam-architektu\/ing-arch-drapal-emil\">237 Emil Dr\u00e1pal<\/a><\/td>\n<td>ING. ARCH. EMIL DR\u00c1PAL<\/td>\n<\/tr>\n<tr>\n<td>1888<\/td>\n<td>\u00c7ekya<\/td>\n<td>Brno<\/td>\n<td><a href=\"https:\/\/www.cka.cz\/cs\/svet-architektury\/seznam-architektu\/ing-arch-velek-jiri\">238 Ji\u0159\u00ed Velek<\/a><\/td>\n<td>ING. ARCH. JI\u0158\u00cd VELEK<\/td>\n<\/tr>\n<tr>\n<td>1889<\/td>\n<td>\u00c7ekya<\/td>\n<td>Olomouc<\/td>\n<td><a href=\"https:\/\/www.cka.cz\/cs\/svet-architektury\/seznam-architektu\/ing-arch-bendova-jana\">239 Jana Bendov\u00e1<\/a><\/td>\n<td>ING. ARCH. JANA BENDOV\u00c1<\/td>\n<\/tr>\n<tr>\n<td>1890<\/td>\n<td>\u00c7ekya<\/td>\n<td>Olomouc<\/td>\n<td><a href=\"https:\/\/www.cka.cz\/cs\/svet-architektury\/seznam-architektu\/ing-arch-polesnu-vladimir\">240 Vladim\u00edr Polesn\u00fd<\/a><\/td>\n<td>ING. ARCH. VLADIM\u00cdR POLESN\u00dd<\/td>\n<\/tr>\n<tr>\n<td>1891<\/td>\n<td>\u00c7ekya<\/td>\n<td>Olomouc<\/td>\n<td><a href=\"https:\/\/www.cka.cz\/cs\/svet-architektury\/seznam-architektu\/ing-arch-cernousek-tomas\">241 Tom\u00e1\u0161 \u010cernou\u0161ek<\/a><\/td>\n<td>ING. ARCH. TOM\u00c1\u0160 \u010cERNOU\u0160EK<\/td>\n<\/tr>\n<tr>\n<td>1892<\/td>\n<td>\u00c7ekya<\/td>\n<td>Solanec<\/td>\n<td><a href=\"https:\/\/www.cka.cz\/cs\/svet-architektury\/seznam-architektu\/ing-arch-fiedler-vladimir\">242 Vladim\u00edr Fiedler<\/a><\/td>\n<td>ING. ARCH. VLADIM\u00cdR FIEDLER<\/td>\n<\/tr>\n<tr>\n<td>1893<\/td>\n<td>\u00c7ekya<\/td>\n<td>Zlin<\/td>\n<td><a href=\"https:\/\/www.cka.cz\/cs\/svet-architektury\/seznam-architektu\/ing-arch-zahorak-jiri\">243 Ji\u0159\u00ed Z\u00e1ho\u0159\u00e1k<\/a><\/td>\n<td>ING. ARCH. JI\u0158\u00cd Z\u00c1HO\u0158\u00c1K<\/td>\n<\/tr>\n<tr>\n<td>1894<\/td>\n<td>\u00c7ekya<\/td>\n<td>Brno<\/td>\n<td><a href=\"https:\/\/www.cka.cz\/cs\/svet-architektury\/seznam-architektu\/ing-arch-mlejnek-milan\">244 Milan Mlejnek<\/a><\/td>\n<td>ING. ARCH. MILAN MLEJNEK<\/td>\n<\/tr>\n<tr>\n<td>1895<\/td>\n<td>\u00c7ekya<\/td>\n<td>Brno<\/td>\n<td><a href=\"https:\/\/www.cka.cz\/cs\/svet-architektury\/seznam-architektu\/ing-arch-mackerle-pavel\">245 Pavel Mackerle<\/a><\/td>\n<td>ING. ARCH. PAVEL MACKERLE<\/td>\n<\/tr>\n<tr>\n<td>1896<\/td>\n<td>\u00c7ekya<\/td>\n<td>Brno<\/td>\n<td><a href=\"https:\/\/www.cka.cz\/cs\/svet-architektury\/seznam-architektu\/ing-arch-zabrodsky-jakub\">246 Jakub Z\u00e1brodsk\u00fd<\/a><\/td>\n<td>ING. ARCH. JAKUB Z\u00c1BRODSK\u00dd<\/td>\n<\/tr>\n<tr>\n<td>1897<\/td>\n<td>\u00c7ekya<\/td>\n<td>Hradec Kr\u00e1lov\u00e9<\/td>\n<td><a href=\"https:\/\/www.cka.cz\/cs\/svet-architektury\/seznam-architektu\/ing-arch-zidka-jiri\">247 Ji\u0159\u00ed Z\u00eddka<\/a><\/td>\n<td>ING. ARCH. JI\u0158\u00cd Z\u00cdDKA<\/td>\n<\/tr>\n<tr>\n<td>1898<\/td>\n<td>\u00c7ekya<\/td>\n<td>Prag<\/td>\n<td><a href=\"https:\/\/www.cka.cz\/cs\/svet-architektury\/seznam-architektu\/prof-ing-arch-labus-ladislav\">248 Ladislav L\u00e1bus<\/a><\/td>\n<td>PROF. ING. ARCH. LADISLAV L\u00c1BUS<\/td>\n<\/tr>\n<tr>\n<td>1899<\/td>\n<td>\u00c7ekya<\/td>\n<td>Prag<\/td>\n<td><a href=\"https:\/\/www.cka.cz\/cs\/svet-architektury\/seznam-architektu\/ing-arch-salda-vojtech\">249 Vojt\u011bch \u0160alda<\/a><\/td>\n<td>ING. ARCH. VOJT\u011aCH \u0160ALDA<\/td>\n<\/tr>\n<tr>\n<td>1900<\/td>\n<td>\u00c7ekya<\/td>\n<td>Karlovy Vary<\/td>\n<td><a href=\"https:\/\/www.cka.cz\/cs\/svet-architektury\/seznam-architektu\/ing-arch-tuma-vitezslav\">250 V\u00edt\u011bzslav T\u016fma<\/a><\/td>\n<td>ING. ARCH. V\u00cdT\u011aZSLAV T\u016eMA<\/td>\n<\/tr>\n<tr>\n<td>1901<\/td>\n<td>\u00c7ekya<\/td>\n<td>Prag<\/td>\n<td><a href=\"https:\/\/www.cka.cz\/cs\/svet-architektury\/seznam-architektu\/ing-arch-frolik-petr\">251 Petr Frol\u00edk<\/a><\/td>\n<td>ING. ARCH. PETR FROL\u00cdK<\/td>\n<\/tr>\n<tr>\n<td>1902<\/td>\n<td>\u00c7ekya<\/td>\n<td>Prag<\/td>\n<td><a href=\"https:\/\/www.cka.cz\/cs\/svet-architektury\/seznam-architektu\/ing-arch-kubista-jiri\">252 Ji\u0159\u00ed Kubi\u0161ta<\/a><\/td>\n<td>ING. ARCH. JI\u0158\u00cd KUBI\u0160TA<\/td>\n<\/tr>\n<tr>\n<td>1903<\/td>\n<td>\u00c7ekya<\/td>\n<td>Prag<\/td>\n<td><a href=\"https:\/\/www.cka.cz\/cs\/svet-architektury\/seznam-architektu\/ing-arch-gopfert-miroslav\">253 Miroslav Gopfert<\/a><\/td>\n<td>ING. ARCH. MIROSLAV GOPFERT<\/td>\n<\/tr>\n<tr>\n<td>1904<\/td>\n<td>\u00c7ekya<\/td>\n<td>Vltavou<\/td>\n<td><a href=\"https:\/\/www.cka.cz\/cs\/svet-architektury\/seznam-architektu\/ing-arch-louda-jan\">254 Jan Louda<\/a><\/td>\n<td>ING. ARCH. JAN LOUDA<\/td>\n<\/tr>\n<tr>\n<td>1905<\/td>\n<td>\u00c7ekya<\/td>\n<td>\u0160estajovice<\/td>\n<td><a href=\"https:\/\/www.cka.cz\/cs\/svet-architektury\/seznam-architektu\/ing-arch-pirout-bohumil\">255 Bohumil Pirout<\/a><\/td>\n<td>ING. ARCH. BOHUMIL PIROUT<\/td>\n<\/tr>\n<tr>\n<td>1906<\/td>\n<td>\u00c7ekya<\/td>\n<td>Prag<\/td>\n<td><a href=\"https:\/\/www.cka.cz\/cs\/svet-architektury\/seznam-architektu\/ing-arch-kordovsku-petr\">256 Petr Kordovsk\u00fd<\/a><\/td>\n<td>ING. ARCH. PETR KORDOVSK\u00dd<\/td>\n<\/tr>\n<tr>\n<td>1907<\/td>\n<td>\u00c7ekya<\/td>\n<td>Prag<\/td>\n<td><a href=\"https:\/\/www.cka.cz\/cs\/svet-architektury\/seznam-architektu\/doc-ing-arch-jiran-zdenek\">257 Zden\u011bk Jiran<\/a><\/td>\n<td>PROF. ING. ARCH. ZDEN\u011aK JIRAN<\/td>\n<\/tr>\n<tr>\n<td>1908<\/td>\n<td>\u00c7ekya<\/td>\n<td>Prag<\/td>\n<td><a href=\"https:\/\/www.cka.cz\/cs\/svet-architektury\/seznam-architektu\/ing-arch-plicka-ivan\">258 Ivan Plicka<\/a><\/td>\n<td>ING. ARCH. IVAN PLICKA<\/td>\n<\/tr>\n<tr>\n<td>1909<\/td>\n<td>\u00c7ekya<\/td>\n<td>Kosmonosy<\/td>\n<td><a href=\"https:\/\/www.cka.cz\/cs\/svet-architektury\/seznam-architektu\/ing-arch-kadlec-zdenek\">259 Zden\u011bk Kadlec<\/a><\/td>\n<td>ING. ARCH. ZDEN\u011aK KADLEC<\/td>\n<\/tr>\n<tr>\n<td>1910<\/td>\n<td>\u00c7ekya<\/td>\n<td>Fry\u0161t\u00e1t<\/td>\n<td><a href=\"https:\/\/www.cka.cz\/cs\/svet-architektury\/seznam-architektu\/ing-galuszka-edvard\">260 Edvard Galuszka<\/a><\/td>\n<td>ING. EDVARD GALUSZKA<\/td>\n<\/tr>\n<tr>\n<td>1911<\/td>\n<td>\u00c7ekya<\/td>\n<td>T\u00e1bor<\/td>\n<td><a href=\"https:\/\/www.cka.cz\/cs\/svet-architektury\/seznam-architektu\/ing-arch-stach-jan\">261 Jan Stach<\/a><\/td>\n<td>ING. ARCH. JAN STACH<\/td>\n<\/tr>\n<tr>\n<td>1912<\/td>\n<td>\u00c7ekya<\/td>\n<td>Hradec Kr\u00e1lov\u00e9<\/td>\n<td><a href=\"https:\/\/www.cka.cz\/cs\/svet-architektury\/seznam-architektu\/ing-arch-pur-alexander\">262 Alexander Pur<\/a><\/td>\n<td>ING. ARCH. ALEXANDER PUR<\/td>\n<\/tr>\n<tr>\n<td>1913<\/td>\n<td>\u00c7ekya<\/td>\n<td>Prag<\/td>\n<td><a href=\"https:\/\/www.cka.cz\/cs\/svet-architektury\/seznam-architektu\/ing-kubovy-miroslav\">263 Miroslav Kubov\u00fd<\/a><\/td>\n<td>ING. MIROSLAV KUBOV\u00dd<\/td>\n<\/tr>\n<tr>\n<td>1914<\/td>\n<td>\u00c7ekya<\/td>\n<td>Lednice na Morav\u011b<\/td>\n<td><a href=\"https:\/\/www.cka.cz\/cs\/svet-architektury\/seznam-architektu\/dr-ing-wilhelmova-dana\">264 Dana Wilhelmov\u00e1<\/a><\/td>\n<td>DR.ING. DANA WILHELMOV\u00c1<\/td>\n<\/tr>\n<tr>\n<td>1915<\/td>\n<td>\u00c7ekya<\/td>\n<td>\u010cesk\u00e9 Bud\u011bjovice<\/td>\n<td><a href=\"https:\/\/www.cka.cz\/cs\/svet-architektury\/seznam-architektu\/ing-arch-timr-martin\">265 Martin Timr<\/a><\/td>\n<td>ING. ARCH. MARTIN TIMR<\/td>\n<\/tr>\n<tr>\n<td>1916<\/td>\n<td>\u00c7ekya<\/td>\n<td>\u010cesk\u00e9 Bud\u011bjovice<\/td>\n<td><a href=\"https:\/\/www.cka.cz\/cs\/svet-architektury\/seznam-architektu\/ing-arch-dvorak-antonin\">266 Anton\u00edn Dvo\u0159\u00e1k<\/a><\/td>\n<td>ING. ARCH. ANTON\u00cdN DVO\u0158\u00c1K<\/td>\n<\/tr>\n<tr>\n<td>1917<\/td>\n<td>\u00c7ekya<\/td>\n<td>Pardubice<\/td>\n<td><a href=\"https:\/\/www.cka.cz\/cs\/svet-architektury\/seznam-architektu\/ing-arch-kosar-milan\">267 Milan Ko\u0161a\u0159<\/a><\/td>\n<td>ING. ARCH. MILAN KO\u0160A\u0158<\/td>\n<\/tr>\n<tr>\n<td>1918<\/td>\n<td>\u00c7ekya<\/td>\n<td>Sezimovo \u00dast\u00ed<\/td>\n<td><a href=\"https:\/\/www.cka.cz\/cs\/svet-architektury\/seznam-architektu\/ing-arch-storch-bohuslav\">268 Bohuslav \u0160torch<\/a><\/td>\n<td>ING. ARCH. BOHUSLAV \u0160TORCH<\/td>\n<\/tr>\n<tr>\n<td>1919<\/td>\n<td>\u00c7ekya<\/td>\n<td>Prag<\/td>\n<td><a href=\"https:\/\/www.cka.cz\/cs\/svet-architektury\/seznam-architektu\/ing-arch-haase-milos\">269 Milo\u0161 Haase<\/a><\/td>\n<td>ING. ARCH. MILO\u0160 HAASE<\/td>\n<\/tr>\n<tr>\n<td>1920<\/td>\n<td>\u00c7ekya<\/td>\n<td>Prag<\/td>\n<td><a href=\"https:\/\/www.cka.cz\/cs\/svet-architektury\/seznam-architektu\/doc-ing-akad-arch-psenicka-frantisek-csc\">270 Franti\u0161ek P\u0161eni\u010dka<\/a><\/td>\n<td>DOC. AKAD. ARCH. ING. FRANTI\u0160EK P\u0160ENI\u010cKA CSC.<\/td>\n<\/tr>\n<tr>\n<td>1921<\/td>\n<td>\u00c7ekya<\/td>\n<td>Kozlovice<\/td>\n<td><a href=\"https:\/\/www.cka.cz\/cs\/svet-architektury\/seznam-architektu\/ing-arch-cvicek-vaclav\">271 V\u00e1clav Cvi\u010dek<\/a><\/td>\n<td>ING. ARCH. V\u00c1CLAV CVI\u010cEK<\/td>\n<\/tr>\n<tr>\n<td>1922<\/td>\n<td>\u00c7ekya<\/td>\n<td>Prag<\/td>\n<td><a href=\"https:\/\/www.cka.cz\/cs\/svet-architektury\/seznam-architektu\/akad-arch-matyas-josef\">272 Josef Maty\u00e1\u0161<\/a><\/td>\n<td>AKAD. ARCH. JOSEF MATY\u00c1\u0160<\/td>\n<\/tr>\n<tr>\n<td>1923<\/td>\n<td>\u00c7ekya<\/td>\n<td>Plze\u0148<\/td>\n<td><a href=\"https:\/\/www.cka.cz\/cs\/svet-architektury\/seznam-architektu\/ing-arch-ulc-vaclav\">273 V\u00e1clav Ul\u010d<\/a><\/td>\n<td>ING. ARCH. V\u00c1CLAV UL\u010c<\/td>\n<\/tr>\n<tr>\n<td>1924<\/td>\n<td>\u00c7ekya<\/td>\n<td>Prag<\/td>\n<td><a href=\"https:\/\/www.cka.cz\/cs\/svet-architektury\/seznam-architektu\/ing-arch-doutlik-lubos\">274 Lubo\u0161 Doutl\u00edk<\/a><\/td>\n<td>ING. ARCH. LUBO\u0160 DOUTL\u00cdK<\/td>\n<\/tr>\n<tr>\n<td>1925<\/td>\n<td>\u00c7ekya<\/td>\n<td>Jesenice u Prahy<\/td>\n<td><a href=\"https:\/\/www.cka.cz\/cs\/svet-architektury\/seznam-architektu\/ing-arch-buchar-jan\">275 Jan Buchar<\/a><\/td>\n<td>ING. ARCH. JAN BUCHAR<\/td>\n<\/tr>\n<tr>\n<td>1926<\/td>\n<td>\u00c7ekya<\/td>\n<td>Prag<\/td>\n<td><a href=\"https:\/\/www.cka.cz\/cs\/svet-architektury\/seznam-architektu\/akad-arch-veselu-jiri\">276 Ji\u0159\u00ed Vesel\u00fd<\/a><\/td>\n<td>AKAD. ARCH. JI\u0158\u00cd VESEL\u00dd<\/td>\n<\/tr>\n<tr>\n<td>1927<\/td>\n<td>\u00c7ekya<\/td>\n<td>Prag<\/td>\n<td><a href=\"https:\/\/www.cka.cz\/cs\/svet-architektury\/seznam-architektu\/ing-akad-arch-suchy-miroslav\">277 Miroslav Such\u00fd<\/a><\/td>\n<td>ING. AKAD. ARCH. MIROSLAV SUCH\u00dd<\/td>\n<\/tr>\n<tr>\n<td>1928<\/td>\n<td>\u00c7ekya<\/td>\n<td>Prag<\/td>\n<td><a href=\"https:\/\/www.cka.cz\/cs\/svet-architektury\/seznam-architektu\/ing-arch-drexler-petr\">278 Petr Drexler<\/a><\/td>\n<td>ING. ARCH. PETR DREXLER<\/td>\n<\/tr>\n<tr>\n<td>1929<\/td>\n<td>\u00c7ekya<\/td>\n<td>Vele\u0161\u00edn<\/td>\n<td><a href=\"https:\/\/www.cka.cz\/cs\/svet-architektury\/seznam-architektu\/ing-arch-marik-vaclav\">279 V\u00e1clav Ma\u0159\u00edk<\/a><\/td>\n<td>ING. ARCH. V\u00c1CLAV MA\u0158\u00cdK<\/td>\n<\/tr>\n<tr>\n<td>1930<\/td>\n<td>\u00c7ekya<\/td>\n<td>Prag<\/td>\n<td><a href=\"https:\/\/www.cka.cz\/cs\/svet-architektury\/seznam-architektu\/ing-arch-svec-stanislav\">280 Stanislav \u0160vec<\/a><\/td>\n<td>ING. ARCH. STANISLAV \u0160VEC<\/td>\n<\/tr>\n<tr>\n<td>1931<\/td>\n<td>\u00c7ekya<\/td>\n<td>\u010cesk\u00e9 Bud\u011bjovice<\/td>\n<td><a href=\"https:\/\/www.cka.cz\/cs\/svet-architektury\/seznam-architektu\/ing-arch-danek-jaroslav\">281 Jaroslav Dan\u011bk<\/a><\/td>\n<td>ING. ARCH. JAROSLAV DAN\u011aK<\/td>\n<\/tr>\n<tr>\n<td>1932<\/td>\n<td>\u00c7ekya<\/td>\n<td>Opava<\/td>\n<td><a href=\"https:\/\/www.cka.cz\/cs\/svet-architektury\/seznam-architektu\/ing-arch-bendik-zdenek\">282 Zden\u011bk Bend\u00edk<\/a><\/td>\n<td>ING. ARCH. ZDEN\u011aK BEND\u00cdK<\/td>\n<\/tr>\n<tr>\n<td>1933<\/td>\n<td>\u00c7ekya<\/td>\n<td>Brno<\/td>\n<td><a href=\"https:\/\/www.cka.cz\/cs\/svet-architektury\/seznam-architektu\/ing-arch-vagner-silvestr\">283 Silvestr V\u00e1gner<\/a><\/td>\n<td>PROF. ING. ARCH. SILVESTR V\u00c1GNER CSC.<\/td>\n<\/tr>\n<tr>\n<td>1934<\/td>\n<td>\u00c7ekya<\/td>\n<td>Brno<\/td>\n<td><a href=\"https:\/\/www.cka.cz\/cs\/svet-architektury\/seznam-architektu\/ing-arch-dolezel-karel\">284 Karel Dole\u017eel<\/a><\/td>\n<td>ING. ARCH. KAREL DOLE\u017dEL<\/td>\n<\/tr>\n<tr>\n<td>1935<\/td>\n<td>\u00c7ekya<\/td>\n<td>Brno<\/td>\n<td><a href=\"https:\/\/www.cka.cz\/cs\/svet-architektury\/seznam-architektu\/ing-arch-miksik-martin\">285 Martin Mik\u0161\u00edk<\/a><\/td>\n<td>ING. ARCH. MARTIN MIK\u0160\u00cdK<\/td>\n<\/tr>\n<tr>\n<td>1936<\/td>\n<td>\u00c7ekya<\/td>\n<td>Lelekovice<\/td>\n<td><a href=\"https:\/\/www.cka.cz\/cs\/svet-architektury\/seznam-architektu\/ing-arch-krivinka-gustav\">286 Gustav K\u0159ivinka<\/a><\/td>\n<td>ING. ARCH. GUSTAV K\u0158IVINKA<\/td>\n<\/tr>\n<tr>\n<td>1937<\/td>\n<td>\u00c7ekya<\/td>\n<td>Brno<\/td>\n<td><a href=\"https:\/\/www.cka.cz\/cs\/svet-architektury\/seznam-architektu\/ing-arch-sugl-jan\">287 Jan \u0160ugl<\/a><\/td>\n<td>ING. ARCH. JAN \u0160UGL<\/td>\n<\/tr>\n<tr>\n<td>1938<\/td>\n<td>\u00c7ekya<\/td>\n<td>Brno<\/td>\n<td><a href=\"https:\/\/www.cka.cz\/cs\/svet-architektury\/seznam-architektu\/ing-arch-silhava-vlasta\">288 Vlasta \u0160ilhav\u00e1<\/a><\/td>\n<td>ING. ARCH. VLASTA \u0160ILHAV\u00c1<\/td>\n<\/tr>\n<tr>\n<td>1939<\/td>\n<td>\u00c7ekya<\/td>\n<td>Ostrava<\/td>\n<td><a href=\"https:\/\/www.cka.cz\/cs\/svet-architektury\/seznam-architektu\/ing-arch-sonovsky-tomas\">289 Tom\u00e1\u0161 \u0160onovsk\u00fd<\/a><\/td>\n<td>ING. ARCH. TOM\u00c1\u0160 \u0160ONOVSK\u00dd<\/td>\n<\/tr>\n<tr>\n<td>1940<\/td>\n<td>\u00c7ekya<\/td>\n<td>Opava<\/td>\n<td><a href=\"https:\/\/www.cka.cz\/cs\/svet-architektury\/seznam-architektu\/ing-arch-horak-jiri\">290 Ji\u0159\u00ed Hor\u00e1k<\/a><\/td>\n<td>ING. ARCH. JI\u0158\u00cd HOR\u00c1K<\/td>\n<\/tr>\n<tr>\n<td>1941<\/td>\n<td>\u00c7ekya<\/td>\n<td>Brno<\/td>\n<td><a href=\"https:\/\/www.cka.cz\/cs\/svet-architektury\/seznam-architektu\/ing-arch-rudis-martin\">291 Martin Rudi\u0161<\/a><\/td>\n<td>ING. ARCH. MARTIN RUDI\u0160<\/td>\n<\/tr>\n<tr>\n<td>1942<\/td>\n<td>\u00c7ekya<\/td>\n<td>Brno<\/td>\n<td><a href=\"https:\/\/www.cka.cz\/cs\/svet-architektury\/seznam-architektu\/ing-arch-havlik-vaclav-m\">292 V\u00e1clav Martin Havl\u00edk<\/a><\/td>\n<td>ING. ARCH. V\u00c1CLAV MARTIN HAVL\u00cdK<\/td>\n<\/tr>\n<tr>\n<td>1943<\/td>\n<td>\u00c7ekya<\/td>\n<td>Olomouc<\/td>\n<td><a href=\"https:\/\/www.cka.cz\/cs\/svet-architektury\/seznam-architektu\/ing-arch-kucirek-ivo\">293 Ivo Ku\u010d\u00edrek<\/a><\/td>\n<td>ING. ARCH. IVO KU\u010c\u00cdREK<\/td>\n<\/tr>\n<tr>\n<td>1944<\/td>\n<td>\u00c7ekya<\/td>\n<td>Brno<\/td>\n<td><a href=\"https:\/\/www.cka.cz\/cs\/svet-architektury\/seznam-architektu\/ing-arch-vaculikova-marta\">294 Marta Vacul\u00edkov\u00e1<\/a><\/td>\n<td>ING. ARCH. MARTA VACUL\u00cdKOV\u00c1<\/td>\n<\/tr>\n<tr>\n<td>1945<\/td>\n<td>\u00c7ekya<\/td>\n<td>Brno<\/td>\n<td><a href=\"https:\/\/www.cka.cz\/cs\/svet-architektury\/seznam-architektu\/doc-ing-arch-wahla-ivan\">295 Ivan Wahla<\/a><\/td>\n<td>DOC. ING. ARCH. IVAN WAHLA<\/td>\n<\/tr>\n<tr>\n<td>1946<\/td>\n<td>\u00c7ekya<\/td>\n<td>Brno<\/td>\n<td><a href=\"https:\/\/www.cka.cz\/cs\/svet-architektury\/seznam-architektu\/ing-arch-kartous-josef\">296 Josef Kartous<\/a><\/td>\n<td>ING. ARCH. JOSEF KARTOUS<\/td>\n<\/tr>\n<tr>\n<td>1947<\/td>\n<td>\u00c7ekya<\/td>\n<td>Olomouc<\/td>\n<td><a href=\"https:\/\/www.cka.cz\/cs\/svet-architektury\/seznam-architektu\/ing-arch-janda-josef\">297 Josef Janda<\/a><\/td>\n<td>ING. ARCH. JOSEF JANDA<\/td>\n<\/tr>\n<tr>\n<td>1948<\/td>\n<td>\u00c7ekya<\/td>\n<td>Brno<\/td>\n<td><a href=\"https:\/\/www.cka.cz\/cs\/svet-architektury\/seznam-architektu\/ing-arch-hros-ivan\">298 Ivan Hro\u0161<\/a><\/td>\n<td>ING. ARCH. IVAN HRO\u0160<\/td>\n<\/tr>\n<tr>\n<td>1949<\/td>\n<td>\u00c7ekya<\/td>\n<td>Ostrava<\/td>\n<td><a href=\"https:\/\/www.cka.cz\/cs\/svet-architektury\/seznam-architektu\/ing-arch-zemanova-magdalena\">299 Magdal\u00e9na Zemanov\u00e1<\/a><\/td>\n<td>ING. ARCH. MAGDAL\u00c9NA ZEMANOV\u00c1<\/td>\n<\/tr>\n<tr>\n<td>1950<\/td>\n<td>\u00c7ekya<\/td>\n<td>Brno<\/td>\n<td><a href=\"https:\/\/www.cka.cz\/cs\/svet-architektury\/seznam-architektu\/ing-arch-kucera-premysl\">300 P\u0159emysl Ku\u010dera<\/a><\/td>\n<td>ING. ARCH. P\u0158EMYSL KU\u010cERA<\/td>\n<\/tr>\n<tr>\n<td>1951<\/td>\n<td>\u00c7ekya<\/td>\n<td>Brno<\/td>\n<td><a href=\"https:\/\/www.cka.cz\/cs\/svet-architektury\/seznam-architektu\/ing-arch-plachy-bretislav\">301 B\u0159etislav Plach\u00fd<\/a><\/td>\n<td>ING. ARCH. B\u0158ETISLAV PLACH\u00dd<\/td>\n<\/tr>\n<tr>\n<td>1952<\/td>\n<td>\u00c7ekya<\/td>\n<td>Brno<\/td>\n<td><a href=\"https:\/\/www.cka.cz\/cs\/svet-architektury\/seznam-architektu\/ing-arch-coufal-ilja\">302 Ilja Coufal<\/a><\/td>\n<td>ING. ARCH. ILJA COUFAL<\/td>\n<\/tr>\n<tr>\n<td>1953<\/td>\n<td>\u00c7ekya<\/td>\n<td>Brno<\/td>\n<td><a href=\"https:\/\/www.cka.cz\/cs\/svet-architektury\/seznam-architektu\/ing-arch-vlcek-libor\">303 Libor Vl\u010dek<\/a><\/td>\n<td>ING. ARCH. LIBOR VL\u010cEK<\/td>\n<\/tr>\n<tr>\n<td>1954<\/td>\n<td>\u00c7ekya<\/td>\n<td>Ok\u0159\u00ed\u0161ky<\/td>\n<td><a href=\"https:\/\/www.cka.cz\/cs\/svet-architektury\/seznam-architektu\/ing-arch-hasek-jiri\">304 Ji\u0159\u00ed Ha\u0161ek<\/a><\/td>\n<td>ING. ARCH. JI\u0158\u00cd HA\u0160EK<\/td>\n<\/tr>\n<tr>\n<td>1955<\/td>\n<td>\u00c7ekya<\/td>\n<td>Brno<\/td>\n<td><a href=\"https:\/\/www.cka.cz\/cs\/svet-architektury\/seznam-architektu\/ing-akad-arch-velek-jan\">305 Jan Velek<\/a><\/td>\n<td>ING. AKAD. ARCH. JAN VELEK<\/td>\n<\/tr>\n<tr>\n<td>1956<\/td>\n<td>\u00c7ekya<\/td>\n<td>Zl\u00edn<\/td>\n<td><a href=\"https:\/\/www.cka.cz\/cs\/svet-architektury\/seznam-architektu\/ing-arch-chladek-zdenek\">306 Zden\u011bk Chl\u00e1dek<\/a><\/td>\n<td>ING. ARCH. ZDEN\u011aK CHL\u00c1DEK<\/td>\n<\/tr>\n<tr>\n<td>1957<\/td>\n<td>\u00c7ekya<\/td>\n<td>Brno<\/td>\n<td><a href=\"https:\/\/www.cka.cz\/cs\/svet-architektury\/seznam-architektu\/doc-ing-arch-rusin-tomas\">307 Tom\u00e1\u0161 Rus\u00edn<\/a><\/td>\n<td>DOC. ING. ARCH. TOM\u00c1\u0160 RUS\u00cdN<\/td>\n<\/tr>\n<tr>\n<td>1958<\/td>\n<td>\u00c7ekya<\/td>\n<td>Brno<\/td>\n<td><a href=\"https:\/\/www.cka.cz\/cs\/svet-architektury\/seznam-architektu\/ing-arch-vacha-jiri-1\">308 Ji\u0159\u00ed V\u00e1cha<\/a><\/td>\n<td>ING. ARCH. JI\u0158\u00cd V\u00c1CHA<\/td>\n<\/tr>\n<tr>\n<td>1959<\/td>\n<td>\u00c7ekya<\/td>\n<td>Brno<\/td>\n<td><a href=\"https:\/\/www.cka.cz\/cs\/svet-architektury\/seznam-architektu\/ing-arch-rihak-zdenek\">309 Zden\u011bk \u0158ih\u00e1k<\/a><\/td>\n<td>ING. ARCH. ZDEN\u011aK \u0158IH\u00c1K<\/td>\n<\/tr>\n<tr>\n<td>1960<\/td>\n<td>\u00c7ekya<\/td>\n<td>B\u0159ezina<\/td>\n<td><a href=\"https:\/\/www.cka.cz\/cs\/svet-architektury\/seznam-architektu\/ing-arch-kramolisova-ludmila\">310 Ludmila Kramoli\u0161ov\u00e1<\/a><\/td>\n<td>ING. ARCH. LUDMILA KRAMOLI\u0160OV\u00c1<\/td>\n<\/tr>\n<tr>\n<td>1961<\/td>\n<td>\u00c7ekya<\/td>\n<td>Brno<\/td>\n<td><a href=\"https:\/\/www.cka.cz\/cs\/svet-architektury\/seznam-architektu\/rndr-stransku-karel\">311 Karel Str\u00e1nsk\u00fd<\/a><\/td>\n<td>RNDR. KAREL STR\u00c1NSK\u00dd<\/td>\n<\/tr>\n<tr>\n<td>1962<\/td>\n<td>\u00c7ekya<\/td>\n<td>Brno<\/td>\n<td><a href=\"https:\/\/www.cka.cz\/cs\/svet-architektury\/seznam-architektu\/ing-arch-fixel-jiri\">312 Ji\u0159\u00ed Fixel<\/a><\/td>\n<td>ING. ARCH. JI\u0158\u00cd FIXEL<\/td>\n<\/tr>\n<tr>\n<td>1963<\/td>\n<td>\u00c7ekya<\/td>\n<td>Brno<\/td>\n<td><a href=\"https:\/\/www.cka.cz\/cs\/svet-architektury\/seznam-architektu\/ing-arch-matonoha-michal\">313 Michal Matonoha<\/a><\/td>\n<td>ING. ARCH. MICHAL MATONOHA<\/td>\n<\/tr>\n<tr>\n<td>1964<\/td>\n<td>\u00c7ekya<\/td>\n<td>Lipov<\/td>\n<td><a href=\"https:\/\/www.cka.cz\/cs\/svet-architektury\/seznam-architektu\/ing-arch-machalek-frantisek\">314 Franti\u0161ek Mach\u00e1lek<\/a><\/td>\n<td>ING. ARCH. FRANTI\u0160EK MACH\u00c1LEK<\/td>\n<\/tr>\n<tr>\n<td>1965<\/td>\n<td>\u00c7ekya<\/td>\n<td>Veli\u010dkou<\/td>\n<td><a href=\"https:\/\/www.cka.cz\/cs\/svet-architektury\/seznam-architektu\/ing-arch-vajcner-petr\">315 Petr Vaj\u010dner<\/a><\/td>\n<td>ING. ARCH. PETR VAJ\u010cNER<\/td>\n<\/tr>\n<tr>\n<td>1966<\/td>\n<td>\u00c7ekya<\/td>\n<td>Prag<\/td>\n<td><a href=\"https:\/\/www.cka.cz\/cs\/svet-architektury\/seznam-architektu\/ing-arch-dudek-oldrich-csc\">316 Old\u0159ich Dudek<\/a><\/td>\n<td>ING. ARCH. OLD\u0158ICH DUDEK CSC.<\/td>\n<\/tr>\n<tr>\n<td>1967<\/td>\n<td>\u00c7ekya<\/td>\n<td>Prag<\/td>\n<td><a href=\"https:\/\/www.cka.cz\/cs\/svet-architektury\/seznam-architektu\/ing-arch-stradal-borek\">317 Borek Str\u00e1dal<\/a><\/td>\n<td>ING. ARCH. BOREK STR\u00c1DAL<\/td>\n<\/tr>\n<tr>\n<td>1968<\/td>\n<td>\u00c7ekya<\/td>\n<td>Prag<\/td>\n<td><a href=\"https:\/\/www.cka.cz\/cs\/svet-architektury\/seznam-architektu\/ing-arch-krivohlavkova-zuzana\">318 Zuzana K\u0159ivohl\u00e1vkov\u00e1<\/a><\/td>\n<td>ING. ARCH. ZUZANA K\u0158IVOHL\u00c1VKOV\u00c1<\/td>\n<\/tr>\n<tr>\n<td>1969<\/td>\n<td>\u00c7ekya<\/td>\n<td>Prag<\/td>\n<td><a href=\"https:\/\/www.cka.cz\/cs\/svet-architektury\/seznam-architektu\/ing-arch-jarnik-josef\">319 Josef Jarn\u00edk<\/a><\/td>\n<td>ING. ARCH. JOSEF JARN\u00cdK<\/td>\n<\/tr>\n<tr>\n<td>1970<\/td>\n<td>\u00c7ekya<\/td>\n<td>Prag<\/td>\n<td><a href=\"https:\/\/www.cka.cz\/cs\/svet-architektury\/seznam-architektu\/ing-akad-arch-lalak-ivan\">320 Ivan Lal\u00e1k<\/a><\/td>\n<td>ING. AKAD. ARCH. IVAN LAL\u00c1K<\/td>\n<\/tr>\n<tr>\n<td>1971<\/td>\n<td>\u00c7ekya<\/td>\n<td>Prag<\/td>\n<td><a href=\"https:\/\/www.cka.cz\/cs\/svet-architektury\/seznam-architektu\/ing-arch-labonek-petr-csc\">321 Petr Labonek<\/a><\/td>\n<td>ING. ARCH. PETR LABONEK CSC.<\/td>\n<\/tr>\n<tr>\n<td>1972<\/td>\n<td>\u00c7ekya<\/td>\n<td>Mlad\u00e1 Boleslav<\/td>\n<td><a href=\"https:\/\/www.cka.cz\/cs\/svet-architektury\/seznam-architektu\/ing-arch-kukral-ondrej\">322 Ond\u0159ej Kukral<\/a><\/td>\n<td>ING. ARCH. OND\u0158EJ KUKRAL<\/td>\n<\/tr>\n<tr>\n<td>1973<\/td>\n<td>\u00c7ekya<\/td>\n<td>Prag<\/td>\n<td><a href=\"https:\/\/www.cka.cz\/cs\/svet-architektury\/seznam-architektu\/ing-arch-steiner-jaroslav\">323 Jaroslav Steiner<\/a><\/td>\n<td>ING. ARCH. JAROSLAV STEINER<\/td>\n<\/tr>\n<tr>\n<td>1974<\/td>\n<td>\u00c7ekya<\/td>\n<td>Chrudim<\/td>\n<td><a href=\"https:\/\/www.cka.cz\/cs\/svet-architektury\/seznam-architektu\/ing-arch-kohler-ivan\">324 Ivan Kohler<\/a><\/td>\n<td>ING. ARCH. IVAN KOHLER<\/td>\n<\/tr>\n<tr>\n<td>1975<\/td>\n<td>\u00c7ekya<\/td>\n<td>Prag<\/td>\n<td><a href=\"https:\/\/www.cka.cz\/cs\/svet-architektury\/seznam-architektu\/ing-arch-parma-milos-grigorij\">325 Milo\u0161 Grigorij Parma<\/a><\/td>\n<td>ING. ARCH. MILO\u0160 GRIGORIJ PARMA<\/td>\n<\/tr>\n<tr>\n<td>1976<\/td>\n<td>\u00c7ekya<\/td>\n<td>Prag<\/td>\n<td><a href=\"https:\/\/www.cka.cz\/cs\/svet-architektury\/seznam-architektu\/doc-ing-arch-tichu-ladislav-csc\">326 Ladislav Tich\u00fd<\/a><\/td>\n<td>DOC. ING. ARCH. LADISLAV TICH\u00dd CSC.<\/td>\n<\/tr>\n<tr>\n<td>1977<\/td>\n<td>\u00c7ekya<\/td>\n<td>Prag<\/td>\n<td><a href=\"https:\/\/www.cka.cz\/cs\/svet-architektury\/seznam-architektu\/doc-ing-arch-dvorak-vaclav-csc\">327 V\u00e1clav Dvo\u0159\u00e1k<\/a><\/td>\n<td>DOC. ING. ARCH. V\u00c1CLAV DVO\u0158\u00c1K CSC.<\/td>\n<\/tr>\n<tr>\n<td>1978<\/td>\n<td>\u00c7ekya<\/td>\n<td>Prag<\/td>\n<td><a href=\"https:\/\/www.cka.cz\/cs\/svet-architektury\/seznam-architektu\/ing-arch-kabelik-zbynek\">328 Zbyn\u011bk Kabel\u00edk<\/a><\/td>\n<td>ING. ARCH. ZBYN\u011aK KABEL\u00cdK<\/td>\n<\/tr>\n<tr>\n<td>1979<\/td>\n<td>\u00c7ekya<\/td>\n<td>Litom\u011b\u0159ice<\/td>\n<td><a href=\"https:\/\/www.cka.cz\/cs\/svet-architektury\/seznam-architektu\/ing-arch-antosova-jarmila\">329 Jarmila Anto\u0161ov\u00e1<\/a><\/td>\n<td>ING. ARCH. JARMILA ANTO\u0160OV\u00c1<\/td>\n<\/tr>\n<tr>\n<td>1980<\/td>\n<td>\u00c7ekya<\/td>\n<td>Prag<\/td>\n<td><a href=\"https:\/\/www.cka.cz\/cs\/svet-architektury\/seznam-architektu\/ing-arch-fehrer-viktor\">330 Viktor Fehrer<\/a><\/td>\n<td>ING. ARCH. VIKTOR FEHRER<\/td>\n<\/tr>\n<tr>\n<td>1981<\/td>\n<td>\u00c7ekya<\/td>\n<td>Prag<\/td>\n<td><a href=\"https:\/\/www.cka.cz\/cs\/svet-architektury\/seznam-architektu\/ing-arch-pesek-dalibor\">331 Dalibor Pe\u0161ek<\/a><\/td>\n<td>ING. ARCH. DALIBOR PE\u0160EK<\/td>\n<\/tr>\n<tr>\n<td>1982<\/td>\n<td>\u00c7ekya<\/td>\n<td>Prag<\/td>\n<td><a href=\"https:\/\/www.cka.cz\/cs\/svet-architektury\/seznam-architektu\/ing-arch-pec-frantisek\">332 Franti\u0161ek P\u00e9\u010d<\/a><\/td>\n<td>ING. ARCH. FRANTI\u0160EK P\u00c9\u010c<\/td>\n<\/tr>\n<tr>\n<td>1983<\/td>\n<td>\u00c7ekya<\/td>\n<td>Prag<\/td>\n<td><a href=\"https:\/\/www.cka.cz\/cs\/svet-architektury\/seznam-architektu\/ing-arch-marek-jan\">333 Jan Marek<\/a><\/td>\n<td>ING. ARCH. JAN MAREK<\/td>\n<\/tr>\n<tr>\n<td>1984<\/td>\n<td>\u00c7ekya<\/td>\n<td>Prag<\/td>\n<td><a href=\"https:\/\/www.cka.cz\/cs\/svet-architektury\/seznam-architektu\/ing-arch-dusek-jiri\">334 Ji\u0159\u00ed Du\u0161ek<\/a><\/td>\n<td>ING. ARCH. JI\u0158\u00cd DU\u0160EK<\/td>\n<\/tr>\n<tr>\n<td>1985<\/td>\n<td>\u00c7ekya<\/td>\n<td>Prag<\/td>\n<td><a href=\"https:\/\/www.cka.cz\/cs\/svet-architektury\/seznam-architektu\/ing-arch-srom-ivan\">335 Ivan \u0160rom<\/a><\/td>\n<td>ING. ARCH. IVAN \u0160ROM<\/td>\n<\/tr>\n<tr>\n<td>1986<\/td>\n<td>\u00c7ekya<\/td>\n<td>Brno<\/td>\n<td><a href=\"https:\/\/www.cka.cz\/cs\/svet-architektury\/seznam-architektu\/ing-arch-drapalova-olga\">336 Olga Dr\u00e1palov\u00e1<\/a><\/td>\n<td>ING. ARCH. OLGA DR\u00c1PALOV\u00c1<\/td>\n<\/tr>\n<tr>\n<td>1987<\/td>\n<td>\u00c7ekya<\/td>\n<td>Prag<\/td>\n<td><a href=\"https:\/\/www.cka.cz\/cs\/svet-architektury\/seznam-architektu\/ing-arch-sarapatka-milan\">337 Milan \u0160arapatka<\/a><\/td>\n<td>ING. ARCH. MILAN \u0160ARAPATKA<\/td>\n<\/tr>\n<tr>\n<td>1988<\/td>\n<td>\u00c7ekya<\/td>\n<td>Labem<\/td>\n<td><a href=\"https:\/\/www.cka.cz\/cs\/svet-architektury\/seznam-architektu\/ing-arch-krejci-vaclav\">338 V\u00e1clav Krej\u010d\u00ed<\/a><\/td>\n<td>ING. ARCH. V\u00c1CLAV KREJ\u010c\u00cd<\/td>\n<\/tr>\n<tr>\n<td>1989<\/td>\n<td>\u00c7ekya<\/td>\n<td>Prag<\/td>\n<td><a href=\"https:\/\/www.cka.cz\/cs\/svet-architektury\/seznam-architektu\/ing-arch-todl-marek\">339 Marek Todl<\/a><\/td>\n<td>ING. ARCH. MAREK TODL<\/td>\n<\/tr>\n<tr>\n<td>1990<\/td>\n<td>\u00c7ekya<\/td>\n<td>Prag<\/td>\n<td><a href=\"https:\/\/www.cka.cz\/cs\/svet-architektury\/seznam-architektu\/ing-arch-storch-martin\">340 Martin Storch<\/a><\/td>\n<td>ING. ARCH. MARTIN STORCH<\/td>\n<\/tr>\n<tr>\n<td>1991<\/td>\n<td>\u00c7ekya<\/td>\n<td>Prag<\/td>\n<td><a href=\"https:\/\/www.cka.cz\/cs\/svet-architektury\/seznam-architektu\/ing-arch-hubschmannova-anna\">341 Anna Hubschmannov\u00e1<\/a><\/td>\n<td>ING. ARCH. ANNA HUBSCHMANNOV\u00c1<\/td>\n<\/tr>\n<tr>\n<td>1992<\/td>\n<td>\u00c7ekya<\/td>\n<td>Prag<\/td>\n<td><a href=\"https:\/\/www.cka.cz\/cs\/svet-architektury\/seznam-architektu\/ing-arch-flasar-michal-csc\">342 Michal Fla\u0161ar<\/a><\/td>\n<td>ING. ARCH. MICHAL FLA\u0160AR CSC.<\/td>\n<\/tr>\n<tr>\n<td>1993<\/td>\n<td>\u00c7ekya<\/td>\n<td>Prag<\/td>\n<td><a href=\"https:\/\/www.cka.cz\/cs\/svet-architektury\/seznam-architektu\/ing-arch-kovar-karel\">343 Karel Kov\u00e1\u0159<\/a><\/td>\n<td>ING. ARCH. KAREL KOV\u00c1\u0158<\/td>\n<\/tr>\n<tr>\n<td>1994<\/td>\n<td>\u00c7ekya<\/td>\n<td>Prag<\/td>\n<td><a href=\"https:\/\/www.cka.cz\/cs\/svet-architektury\/seznam-architektu\/ing-arch-korecek-tomas\">344 Tom\u00e1\u0161 Kore\u010dek<\/a><\/td>\n<td>ING. ARCH. TOM\u00c1\u0160 KORE\u010cEK<\/td>\n<\/tr>\n<tr>\n<td>1995<\/td>\n<td>\u00c7ekya<\/td>\n<td>Prag<\/td>\n<td><a href=\"https:\/\/www.cka.cz\/cs\/svet-architektury\/seznam-architektu\/ing-arch-urbanova-hana\">345 Hana Urbanov\u00e1<\/a><\/td>\n<td>ING. ARCH. HANA URBANOV\u00c1<\/td>\n<\/tr>\n<tr>\n<td>1996<\/td>\n<td>\u00c7ekya<\/td>\n<td>Prag<\/td>\n<td><a href=\"https:\/\/www.cka.cz\/cs\/svet-architektury\/seznam-architektu\/ing-arch-nemec-jiri\">346 Ji\u0159\u00ed N\u011bmec<\/a><\/td>\n<td>ING. ARCH. JI\u0158\u00cd N\u011aMEC<\/td>\n<\/tr>\n<tr>\n<td>1997<\/td>\n<td>\u00c7ekya<\/td>\n<td>Prag<\/td>\n<td><a href=\"https:\/\/www.cka.cz\/cs\/svet-architektury\/seznam-architektu\/ing-arch-blazek-bohumil\">347 Bohumil Bla\u017eek<\/a><\/td>\n<td>ING. ARCH. BOHUMIL BLA\u017dEK<\/td>\n<\/tr>\n<tr>\n<td>1998<\/td>\n<td>\u00c7ekya<\/td>\n<td>Louny<\/td>\n<td><a href=\"https:\/\/www.cka.cz\/cs\/svet-architektury\/seznam-architektu\/ing-arch-cermak-pavel\">348 Pavel \u010cerm\u00e1k<\/a><\/td>\n<td>ING. ARCH. PAVEL \u010cERM\u00c1K<\/td>\n<\/tr>\n<tr>\n<td>1999<\/td>\n<td>\u00c7ekya<\/td>\n<td>Prag<\/td>\n<td><a href=\"https:\/\/www.cka.cz\/cs\/svet-architektury\/seznam-architektu\/ing-arch-nevole-milan\">349 Milan Nevole<\/a><\/td>\n<td>ING. ARCH. MILAN NEVOLE<\/td>\n<\/tr>\n<tr>\n<td>2000<\/td>\n<td>\u00c7ekya<\/td>\n<td>Prag<\/td>\n<td><a href=\"https:\/\/www.cka.cz\/cs\/svet-architektury\/seznam-architektu\/ing-arch-reichova-jana\">350 Jana Reichov\u00e1<\/a><\/td>\n<td>ING. ARCH. JANA REICHOV\u00c1<\/td>\n<\/tr>\n<tr>\n<td>2001<\/td>\n<td>\u00c7ekya<\/td>\n<td>Prag<\/td>\n<td><a href=\"https:\/\/www.cka.cz\/cs\/svet-architektury\/seznam-architektu\/ing-arch-dvorak-ladislav\">351 Ladislav Dvo\u0159\u00e1k<\/a><\/td>\n<td>ING. ARCH. LADISLAV DVO\u0158\u00c1K<\/td>\n<\/tr>\n<tr>\n<td>2002<\/td>\n<td>\u00c7ekya<\/td>\n<td>Prag<\/td>\n<td><a href=\"https:\/\/www.cka.cz\/cs\/svet-architektury\/seznam-architektu\/ing-arch-hemer-jan\">352 Jan Hemer<\/a><\/td>\n<td>ING. ARCH. JAN HEMER<\/td>\n<\/tr>\n<tr>\n<td>2003<\/td>\n<td>\u00c7ekya<\/td>\n<td>Prag<\/td>\n<td><a href=\"https:\/\/www.cka.cz\/cs\/svet-architektury\/seznam-architektu\/ing-arch-malenovsku-oldrich\">353 Oldi\u0159ch Malenovsk\u00fd<\/a><\/td>\n<td>ING. ARCH. OLDI\u0158CH MALENOVSK\u00dd<\/td>\n<\/tr>\n<tr>\n<td>2004<\/td>\n<td>\u00c7ekya<\/td>\n<td>Prag<\/td>\n<td><a href=\"https:\/\/www.cka.cz\/cs\/svet-architektury\/seznam-architektu\/ing-arch-brezina-ivan\">354 Ivan B\u0159ezina<\/a><\/td>\n<td>ING. ARCH. IVAN B\u0158EZINA<\/td>\n<\/tr>\n<tr>\n<td>2005<\/td>\n<td>\u00c7ekya<\/td>\n<td>Prag<\/td>\n<td><a href=\"https:\/\/www.cka.cz\/cs\/svet-architektury\/seznam-architektu\/ing-arch-mulac-vlastimil\">355 Vlastimil Mula\u010d<\/a><\/td>\n<td>ING. ARCH. VLASTIMIL MULA\u010c<\/td>\n<\/tr>\n<tr>\n<td>2006<\/td>\n<td>\u00c7ekya<\/td>\n<td>Prag<\/td>\n<td><a href=\"https:\/\/www.cka.cz\/cs\/svet-architektury\/seznam-architektu\/ing-arch-lenicek-petr\">356 Petr Len\u00ed\u010dek<\/a><\/td>\n<td>ING. ARCH. PETR LEN\u00cd\u010cEK<\/td>\n<\/tr>\n<tr>\n<td>2007<\/td>\n<td>\u00c7ekya<\/td>\n<td>\u00davaly<\/td>\n<td><a href=\"https:\/\/www.cka.cz\/cs\/svet-architektury\/seznam-architektu\/ing-arch-kruntorad-jaroslav\">357 Jaroslav Kruntor\u00e1d<\/a><\/td>\n<td>ING. ARCH. JAROSLAV KRUNTOR\u00c1D<\/td>\n<\/tr>\n<tr>\n<td>2008<\/td>\n<td>\u00c7ekya<\/td>\n<td>\u0160estajovice<\/td>\n<td><a href=\"https:\/\/www.cka.cz\/cs\/svet-architektury\/seznam-architektu\/ing-arch-nikel-leopold\">358 Leopold Nikel<\/a><\/td>\n<td>ING. ARCH. LEOPOLD NIKEL<\/td>\n<\/tr>\n<tr>\n<td>2009<\/td>\n<td>\u00c7ekya<\/td>\n<td>\u0160estajovice<\/td>\n<td><a href=\"https:\/\/www.cka.cz\/cs\/svet-architektury\/seznam-architektu\/ing-arch-niklova-radmila\">359 Radmila Niklov\u00e1<\/a><\/td>\n<td>ING. ARCH. RADMILA NIKLOV\u00c1<\/td>\n<\/tr>\n<tr>\n<td>2010<\/td>\n<td>\u00c7ekya<\/td>\n<td>Prag<\/td>\n<td><a href=\"https:\/\/www.cka.cz\/cs\/svet-architektury\/seznam-architektu\/ing-arch-faturikova-lenka\">360 Lenka Fatur\u00edkov\u00e1<\/a><\/td>\n<td>ING. ARCH. LENKA FATUR\u00cdKOV\u00c1<\/td>\n<\/tr>\n<tr>\n<td>2011<\/td>\n<td>\u00c7ekya<\/td>\n<td>Brno<\/td>\n<td><a href=\"https:\/\/www.cka.cz\/cs\/svet-architektury\/seznam-architektu\/ing-arch-smejkal-vladimir\">361 Vladim\u00edr Smejkal<\/a><\/td>\n<td>ING. ARCH. VLADIM\u00cdR SMEJKAL<\/td>\n<\/tr>\n<tr>\n<td>2012<\/td>\n<td>\u00c7ekya<\/td>\n<td>Brno<\/td>\n<td><a href=\"https:\/\/www.cka.cz\/cs\/svet-architektury\/seznam-architektu\/ing-arch-braunerova-pavla\">362 Pavla Zaviska Brauner<\/a><\/td>\n<td>ING. ARCH. PAVLA ZAVISKA BRAUNER<\/td>\n<\/tr>\n<tr>\n<td>2013<\/td>\n<td>\u00c7ekya<\/td>\n<td>Prag<\/td>\n<td><a href=\"https:\/\/www.cka.cz\/cs\/svet-architektury\/seznam-architektu\/ing-arch-stribrnu-miloslav-jiri\">363 Miloslav Ji\u0159\u00ed St\u0159\u00edbrn\u00fd<\/a><\/td>\n<td>ING. ARCH. MILOSLAV JI\u0158\u00cd ST\u0158\u00cdBRN\u00dd<\/td>\n<\/tr>\n<tr>\n<td>2014<\/td>\n<td>\u00c7ekya<\/td>\n<td>Prag<\/td>\n<td><a href=\"https:\/\/www.cka.cz\/cs\/svet-architektury\/seznam-architektu\/ing-arch-nebesky-jaroslav\">364 Jaroslav Nebesk\u00fd<\/a><\/td>\n<td>ING. ARCH. JAROSLAV NEBESK\u00dd<\/td>\n<\/tr>\n<tr>\n<td>2015<\/td>\n<td>\u00c7ekya<\/td>\n<td>Prag<\/td>\n<td><a href=\"https:\/\/www.cka.cz\/cs\/svet-architektury\/seznam-architektu\/ing-arch-slavicek-jaroslav\">365 Jaroslav Slav\u00ed\u010dek<\/a><\/td>\n<td>ING. ARCH. JAROSLAV SLAV\u00cd\u010cEK<\/td>\n<\/tr>\n<tr>\n<td>2016<\/td>\n<td>\u00c7ekya<\/td>\n<td>Labem<\/td>\n<td><a href=\"https:\/\/www.cka.cz\/cs\/svet-architektury\/seznam-architektu\/ing-arch-prenosil-ludek\">366 Lud\u011bk P\u0159enosil<\/a><\/td>\n<td>ING. ARCH. LUD\u011aK P\u0158ENOSIL<\/td>\n<\/tr>\n<tr>\n<td>2017<\/td>\n<td>\u00c7ekya<\/td>\n<td>Labem<\/td>\n<td><a href=\"https:\/\/www.cka.cz\/cs\/svet-architektury\/seznam-architektu\/ing-arch-stelzig-vratislav\">367 Vratislav \u0160telzig<\/a><\/td>\n<td>ING. ARCH. VRATISLAV \u0160TELZIG<\/td>\n<\/tr>\n<tr>\n<td>2018<\/td>\n<td>\u00c7ekya<\/td>\n<td>Prag<\/td>\n<td><a href=\"https:\/\/www.cka.cz\/cs\/svet-architektury\/seznam-architektu\/ing-arch-franc-stanislav\">368 Stanislav Franc<\/a><\/td>\n<td>ING. ARCH. STANISLAV FRANC<\/td>\n<\/tr>\n<tr>\n<td>2019<\/td>\n<td>\u00c7ekya<\/td>\n<td>Prag<\/td>\n<td><a href=\"https:\/\/www.cka.cz\/cs\/svet-architektury\/seznam-architektu\/ing-arch-sima-pavel\">369 Pavel \u0160\u00edma<\/a><\/td>\n<td>ING. ARCH. PAVEL \u0160\u00cdMA<\/td>\n<\/tr>\n<tr>\n<td>2020<\/td>\n<td>\u00c7ekya<\/td>\n<td>Prag<\/td>\n<td><a href=\"https:\/\/www.cka.cz\/cs\/svet-architektury\/seznam-architektu\/ing-arch-nemec-jan\">370 Jan N\u011bmec<\/a><\/td>\n<td>ING. ARCH. JAN N\u011aMEC<\/td>\n<\/tr>\n<tr>\n<td>2021<\/td>\n<td>\u00c7ekya<\/td>\n<td>Prag<\/td>\n<td><a href=\"https:\/\/www.cka.cz\/cs\/svet-architektury\/seznam-architektu\/ing-arch-ibl-michal\">371 Michal Ibl<\/a><\/td>\n<td>ING. ARCH. MICHAL IBL<\/td>\n<\/tr>\n<tr>\n<td>2022<\/td>\n<td>\u00c7ekya<\/td>\n<td>Brno<\/td>\n<td><a href=\"https:\/\/www.cka.cz\/cs\/svet-architektury\/seznam-architektu\/doc-ing-arch-drapal-jaroslav-csc\">372 Jaroslav Dr\u00e1pal<\/a><\/td>\n<td>DOC. ING. ARCH. JAROSLAV DR\u00c1PAL CSC.<\/td>\n<\/tr>\n<tr>\n<td>2023<\/td>\n<td>\u00c7ekya<\/td>\n<td>Fr\u00fddek-M\u00edstek<\/td>\n<td><a href=\"https:\/\/www.cka.cz\/cs\/svet-architektury\/seznam-architektu\/ing-arch-rybka-tomas\">373 Tom\u00e1\u0161 Rybka<\/a><\/td>\n<td>ING. ARCH. TOM\u00c1\u0160 RYBKA<\/td>\n<\/tr>\n<tr>\n<td>2024<\/td>\n<td>\u00c7ekya<\/td>\n<td>Fr\u00fddek-M\u00edstek<\/td>\n<td><a href=\"https:\/\/www.cka.cz\/cs\/svet-architektury\/seznam-architektu\/ing-arch-kucera-ladislav\">374 Ladislav Ku\u010dera<\/a><\/td>\n<td>ING. ARCH. LADISLAV KU\u010cERA<\/td>\n<\/tr>\n<tr>\n<td>2025<\/td>\n<td>\u00c7ekya<\/td>\n<td>Brno<\/td>\n<td><a href=\"https:\/\/www.cka.cz\/cs\/svet-architektury\/seznam-architektu\/ing-arch-kadlec-juraj\">375 Juraj Kadlec<\/a><\/td>\n<td>ING. ARCH. JURAJ KADLEC<\/td>\n<\/tr>\n<tr>\n<td>2026<\/td>\n<td>\u00c7ekya<\/td>\n<td>Kyjov<\/td>\n<td><a href=\"https:\/\/www.cka.cz\/cs\/svet-architektury\/seznam-architektu\/ing-arch-vasicek-vladimir\">376 Vladim\u00edr Va\u0161\u00ed\u010dek<\/a><\/td>\n<td>ING. ARCH. VLADIM\u00cdR VA\u0160\u00cd\u010cEK<\/td>\n<\/tr>\n<tr>\n<td>2027<\/td>\n<td>\u00c7ekya<\/td>\n<td>Otrokovice<\/td>\n<td><a href=\"https:\/\/www.cka.cz\/cs\/svet-architektury\/seznam-architektu\/ing-arch-pavlacky-radko\">377 Radko Pavlack\u00fd<\/a><\/td>\n<td>ING. ARCH. RADKO PAVLACK\u00dd<\/td>\n<\/tr>\n<tr>\n<td>2028<\/td>\n<td>\u00c7ekya<\/td>\n<td>Hav\u00ed\u0159ov<\/td>\n<td><a href=\"https:\/\/www.cka.cz\/cs\/svet-architektury\/seznam-architektu\/ing-arch-hartl-milan\">378 Milan Hartl<\/a><\/td>\n<td>ING. ARCH. MILAN HARTL<\/td>\n<\/tr>\n<tr>\n<td>2029<\/td>\n<td>\u00c7ekya<\/td>\n<td>Ostrava<\/td>\n<td><a href=\"https:\/\/www.cka.cz\/cs\/svet-architektury\/seznam-architektu\/ing-arch-kobersky-jiri\">379 Ji\u0159\u00ed Kob\u011brsk\u00fd<\/a><\/td>\n<td>ING. ARCH. JI\u0158\u00cd KOB\u011aRSK\u00dd<\/td>\n<\/tr>\n<tr>\n<td>2030<\/td>\n<td>\u00c7ekya<\/td>\n<td>Ostrava<\/td>\n<td><a href=\"https:\/\/www.cka.cz\/cs\/svet-architektury\/seznam-architektu\/ing-arch-saktor-igor\">380 Igor Saktor<\/a><\/td>\n<td>ING. ARCH. IGOR SAKTOR<\/td>\n<\/tr>\n<tr>\n<td>2031<\/td>\n<td>\u00c7ekya<\/td>\n<td>Metylovice<\/td>\n<td><a href=\"https:\/\/www.cka.cz\/cs\/svet-architektury\/seznam-architektu\/ing-arch-bilek-ales\">381 Ale\u0161 B\u00edlek<\/a><\/td>\n<td>ING. ARCH. ALE\u0160 B\u00cdLEK<\/td>\n<\/tr>\n<tr>\n<td>2032<\/td>\n<td>\u00c7ekya<\/td>\n<td>Brno<\/td>\n<td><a href=\"https:\/\/www.cka.cz\/cs\/svet-architektury\/seznam-architektu\/ing-arch-rosendorf-ales\">382 Ale\u0161 Rosendorf<\/a><\/td>\n<td>ING. ARCH. ALE\u0160 ROSENDORF<\/td>\n<\/tr>\n<tr>\n<td>2033<\/td>\n<td>\u00c7ekya<\/td>\n<td>Horn\u00ed Such\u00e1<\/td>\n<td><a href=\"https:\/\/www.cka.cz\/cs\/svet-architektury\/seznam-architektu\/ing-arch-adamcik-miroslav\">383 Miroslav Adam\u010d\u00edk<\/a><\/td>\n<td>ING. ARCH. MIROSLAV ADAM\u010c\u00cdK<\/td>\n<\/tr>\n<tr>\n<td>2034<\/td>\n<td>\u00c7ekya<\/td>\n<td>Ostrava<\/td>\n<td><a href=\"https:\/\/www.cka.cz\/cs\/svet-architektury\/seznam-architektu\/ing-arch-svoboda-stanislav\">384 Stanislav Svoboda<\/a><\/td>\n<td>ING. ARCH. STANISLAV SVOBODA<\/td>\n<\/tr>\n<tr>\n<td>2035<\/td>\n<td>\u00c7ekya<\/td>\n<td>Brno<\/td>\n<td><a href=\"https:\/\/www.cka.cz\/cs\/svet-architektury\/seznam-architektu\/ing-arch-psikal-vladimir\">385 Vladim\u00edr P\u0161ikal<\/a><\/td>\n<td>ING. ARCH. VLADIM\u00cdR P\u0160IKAL<\/td>\n<\/tr>\n<tr>\n<td>2036<\/td>\n<td>\u00c7ekya<\/td>\n<td>Brno<\/td>\n<td><a href=\"https:\/\/www.cka.cz\/cs\/svet-architektury\/seznam-architektu\/ing-arch-melichar-jan\">386 Jan Melichar<\/a><\/td>\n<td>ING. ARCH. JAN MELICHAR<\/td>\n<\/tr>\n<tr>\n<td>2037<\/td>\n<td>\u00c7ekya<\/td>\n<td>Brno<\/td>\n<td><a href=\"https:\/\/www.cka.cz\/cs\/svet-architektury\/seznam-architektu\/ing-arch-horakova-mariana\">387 Mariana Hor\u00e1kov\u00e1<\/a><\/td>\n<td>ING. ARCH. MARIANA HOR\u00c1KOV\u00c1<\/td>\n<\/tr>\n<tr>\n<td>2038<\/td>\n<td>\u00c7ekya<\/td>\n<td>Ostrava<\/td>\n<td><a href=\"https:\/\/www.cka.cz\/cs\/svet-architektury\/seznam-architektu\/ing-arch-fiser-jaromir\">388 Jarom\u00edr Fi\u0161er<\/a><\/td>\n<td>ING. ARCH. JAROM\u00cdR FI\u0160ER<\/td>\n<\/tr>\n<tr>\n<td>2039<\/td>\n<td>\u00c7ekya<\/td>\n<td>Brno<\/td>\n<td><a href=\"https:\/\/www.cka.cz\/cs\/svet-architektury\/seznam-architektu\/ing-arch-davidek-petr\">389 Petr Dav\u00eddek<\/a><\/td>\n<td>ING. ARCH. PETR DAV\u00cdDEK<\/td>\n<\/tr>\n<tr>\n<td>2040<\/td>\n<td>\u00c7ekya<\/td>\n<td>Velk\u00e9 B\u00edlovice<\/td>\n<td><a href=\"https:\/\/www.cka.cz\/cs\/svet-architektury\/seznam-architektu\/ing-arch-sindelarova-jarmila\">390 Jarmila \u0160indel\u00e1\u0159ov\u00e1<\/a><\/td>\n<td>ING. ARCH. JARMILA \u0160INDEL\u00c1\u0158OV\u00c1<\/td>\n<\/tr>\n<tr>\n<td>2041<\/td>\n<td>\u00c7ekya<\/td>\n<td>Brann\u00e1<\/td>\n<td><a href=\"https:\/\/www.cka.cz\/cs\/svet-architektury\/seznam-architektu\/ing-arch-mutnansky-lubos\">391 Lubo\u0161 Mut\u0148ansk\u00fd<\/a><\/td>\n<td>ING. ARCH. LUBO\u0160 MUT\u0147ANSK\u00dd<\/td>\n<\/tr>\n<tr>\n<td>2042<\/td>\n<td>\u00c7ekya<\/td>\n<td>Ostrava<\/td>\n<td><a href=\"https:\/\/www.cka.cz\/cs\/svet-architektury\/seznam-architektu\/ing-arch-sedlecku-pavel\">392 Pavel Sedleck\u00fd<\/a><\/td>\n<td>ING. ARCH. PAVEL SEDLECK\u00dd<\/td>\n<\/tr>\n<tr>\n<td>2043<\/td>\n<td>\u00c7ekya<\/td>\n<td>Ostrava<\/td>\n<td><a href=\"https:\/\/www.cka.cz\/cs\/svet-architektury\/seznam-architektu\/ing-arch-zeman-karel\">393 Karel Zeman<\/a><\/td>\n<td>ING. ARCH. KAREL ZEMAN<\/td>\n<\/tr>\n<tr>\n<td>2044<\/td>\n<td>\u00c7ekya<\/td>\n<td>Brno<\/td>\n<td><a href=\"https:\/\/www.cka.cz\/cs\/svet-architektury\/seznam-architektu\/ing-arch-valenta-petr\">394 Petr Valenta<\/a><\/td>\n<td>ING. ARCH. PETR VALENTA<\/td>\n<\/tr>\n<tr>\n<td>2045<\/td>\n<td>\u00c7ekya<\/td>\n<td>Brno<\/td>\n<td><a href=\"https:\/\/www.cka.cz\/cs\/svet-architektury\/seznam-architektu\/ing-arch-zelena-zora\">395 Zora Zelen\u00e1<\/a><\/td>\n<td>ING. ARCH. ZORA ZELEN\u00c1<\/td>\n<\/tr>\n<tr>\n<td>2046<\/td>\n<td>\u00c7ekya<\/td>\n<td>Prag<\/td>\n<td><a href=\"https:\/\/www.cka.cz\/cs\/svet-architektury\/seznam-architektu\/ing-arch-velisek-lukas\">396 Luk\u00e1\u0161 Vel\u00ed\u0161ek<\/a><\/td>\n<td>ING. ARCH. LUK\u00c1\u0160 VEL\u00cd\u0160EK<\/td>\n<\/tr>\n<tr>\n<td>2047<\/td>\n<td>\u00c7ekya<\/td>\n<td>Prag<\/td>\n<td><a href=\"https:\/\/www.cka.cz\/cs\/svet-architektury\/seznam-architektu\/ing-arch-dolezalova-emilie\">397 Emilie Dole\u017ealov\u00e1<\/a><\/td>\n<td>ING. ARCH. EMILIE DOLE\u017dALOV\u00c1<\/td>\n<\/tr>\n<tr>\n<td>2048<\/td>\n<td>\u00c7ekya<\/td>\n<td>Prag<\/td>\n<td><a href=\"https:\/\/www.cka.cz\/cs\/svet-architektury\/seznam-architektu\/akad-arch-simunkova-helena\">398 Helena \u0160im\u016fnkov\u00e1<\/a><\/td>\n<td>AKAD. ARCH. HELENA \u0160IM\u016eNKOV\u00c1<\/td>\n<\/tr>\n<tr>\n<td>2049<\/td>\n<td>\u00c7ekya<\/td>\n<td>Doksy<\/td>\n<td><a href=\"https:\/\/www.cka.cz\/cs\/svet-architektury\/seznam-architektu\/ing-arch-uchytil-jan\">399 Jan Uchytil<\/a><\/td>\n<td>ING. ARCH. JAN UCHYTIL<\/td>\n<\/tr>\n<tr>\n<td>2050<\/td>\n<td>\u00c7ekya<\/td>\n<td>Prag<\/td>\n<td><a href=\"https:\/\/www.cka.cz\/cs\/svet-architektury\/seznam-architektu\/ing-arch-holnova-zdenka\">400 Zde\u0148ka Holnov\u00e1<\/a><\/td>\n<td>ING. ARCH. ZDE\u0147KA HOLNOV\u00c1<\/td>\n<\/tr>\n<tr>\n<td>2051<\/td>\n<td>\u00c7ekya<\/td>\n<td>Prag<\/td>\n<td><a href=\"https:\/\/www.cka.cz\/cs\/svet-architektury\/seznam-architektu\/ing-arch-horava-tomas-csc\">401 Tom\u00e1\u0161 Ho\u0159ava<\/a><\/td>\n<td>ING. ARCH. TOM\u00c1\u0160 HO\u0158AVA CSC.<\/td>\n<\/tr>\n<tr>\n<td>2052<\/td>\n<td>\u00c7ekya<\/td>\n<td>Prag<\/td>\n<td><a href=\"https:\/\/www.cka.cz\/cs\/svet-architektury\/seznam-architektu\/ing-arch-voldrich-jaroslav\">402 Jaroslav Vold\u0159ich<\/a><\/td>\n<td>ING. ARCH. JAROSLAV VOLD\u0158ICH<\/td>\n<\/tr>\n<tr>\n<td>2053<\/td>\n<td>\u00c7ekya<\/td>\n<td>Prag<\/td>\n<td><a href=\"https:\/\/www.cka.cz\/cs\/svet-architektury\/seznam-architektu\/ing-arch-maryska-milic\">403 Mili\u010d Mary\u0161ka<\/a><\/td>\n<td>ING. ARCH. MILI\u010c MARY\u0160KA<\/td>\n<\/tr>\n<tr>\n<td>2054<\/td>\n<td>\u00c7ekya<\/td>\n<td>Prag<\/td>\n<td><a href=\"https:\/\/www.cka.cz\/cs\/svet-architektury\/seznam-architektu\/ing-arch-machac-milos\">404 Milo\u0161 Macha\u010d<\/a><\/td>\n<td>ING. ARCH. MILO\u0160 MACHA\u010c<\/td>\n<\/tr>\n<tr>\n<td>2055<\/td>\n<td>\u00c7ekya<\/td>\n<td>Prag<\/td>\n<td><a href=\"https:\/\/www.cka.cz\/cs\/svet-architektury\/seznam-architektu\/ing-arch-gudev-asen\">405 Asen Gudev<\/a><\/td>\n<td>ING. ARCH. ASEN GUDEV<\/td>\n<\/tr>\n<tr>\n<td>2056<\/td>\n<td>\u00c7ekya<\/td>\n<td>Prag<\/td>\n<td><a href=\"https:\/\/www.cka.cz\/cs\/svet-architektury\/seznam-architektu\/ing-arch-pilar-jiri\">406 Ji\u0159\u00ed Pila\u0159<\/a><\/td>\n<td>ING. ARCH. JI\u0158\u00cd PILA\u0158<\/td>\n<\/tr>\n<tr>\n<td>2057<\/td>\n<td>\u00c7ekya<\/td>\n<td>\u010cerno\u0161ice<\/td>\n<td><a href=\"https:\/\/www.cka.cz\/cs\/svet-architektury\/seznam-architektu\/ing-arch-liska-milan\">407 Milan Li\u0161ka<\/a><\/td>\n<td>ING. ARCH. MILAN LI\u0160KA<\/td>\n<\/tr>\n<tr>\n<td>2058<\/td>\n<td>\u00c7ekya<\/td>\n<td>Prag<\/td>\n<td><a href=\"https:\/\/www.cka.cz\/cs\/svet-architektury\/seznam-architektu\/ing-arch-valek-vladimir\">408 Vladim\u00edr Valek<\/a><\/td>\n<td>ING. ARCH. VLADIM\u00cdR VALEK<\/td>\n<\/tr>\n<tr>\n<td>2059<\/td>\n<td>\u00c7ekya<\/td>\n<td>Prag<\/td>\n<td><a href=\"https:\/\/www.cka.cz\/cs\/svet-architektury\/seznam-architektu\/ing-arch-merger-jiri\">409 Ji\u0159\u00ed Merger<\/a><\/td>\n<td>ING. ARCH. ET. ING. JI\u0158\u00cd MERGER<\/td>\n<\/tr>\n<tr>\n<td>2060<\/td>\n<td>\u00c7ekya<\/td>\n<td>Prag<\/td>\n<td><a href=\"https:\/\/www.cka.cz\/cs\/svet-architektury\/seznam-architektu\/ing-arch-studenu-antonin\">410 Anton\u00edn Studen\u00fd<\/a><\/td>\n<td>ING. ARCH. ANTON\u00cdN STUDEN\u00dd<\/td>\n<\/tr>\n<tr>\n<td>2061<\/td>\n<td>\u00c7ekya<\/td>\n<td>Prag<\/td>\n<td><a href=\"https:\/\/www.cka.cz\/cs\/svet-architektury\/seznam-architektu\/ing-arch-styblo-zbysek\">411 Zby\u0161ek St\u00fdblo<\/a><\/td>\n<td>ING. ARCH. ZBY\u0160EK ST\u00ddBLO<\/td>\n<\/tr>\n<tr>\n<td>2062<\/td>\n<td>\u00c7ekya<\/td>\n<td>Prag<\/td>\n<td><a href=\"https:\/\/www.cka.cz\/cs\/svet-architektury\/seznam-architektu\/ing-akad-arch-mojzis-jiri\">412 Ji\u0159\u00ed Moj\u017e\u00ed\u0161<\/a><\/td>\n<td>ING. AKAD. ARCH. JI\u0158\u00cd MOJ\u017d\u00cd\u0160<\/td>\n<\/tr>\n<tr>\n<td>2063<\/td>\n<td>\u00c7ekya<\/td>\n<td>Prag<\/td>\n<td><a href=\"https:\/\/www.cka.cz\/cs\/svet-architektury\/seznam-architektu\/ing-arch-stuchly-ivan-csc\">413 Ivan Stuchl\u00fd<\/a><\/td>\n<td>ING. ARCH. IVAN STUCHL\u00dd CSC.<\/td>\n<\/tr>\n<tr>\n<td>2064<\/td>\n<td>\u00c7ekya<\/td>\n<td>Labem<\/td>\n<td><a href=\"https:\/\/www.cka.cz\/cs\/svet-architektury\/seznam-architektu\/ing-arch-kucera-jiri-2\">414 Ji\u0159\u00ed Ku\u010dera<\/a><\/td>\n<td>ING. ARCH. JI\u0158\u00cd KU\u010cERA<\/td>\n<\/tr>\n<tr>\n<td>2065<\/td>\n<td>\u00c7ekya<\/td>\n<td>Prag<\/td>\n<td><a href=\"https:\/\/www.cka.cz\/cs\/svet-architektury\/seznam-architektu\/ing-arch-sladek-ivan\">415 Ivan Sl\u00e1dek<\/a><\/td>\n<td>ING. ARCH. IVAN SL\u00c1DEK<\/td>\n<\/tr>\n<tr>\n<td>2066<\/td>\n<td>\u00c7ekya<\/td>\n<td>Prag<\/td>\n<td><a href=\"https:\/\/www.cka.cz\/cs\/svet-architektury\/seznam-architektu\/ing-arch-ourecku-jaroslav\">416 Jaroslav Ou\u0159eck\u00fd<\/a><\/td>\n<td>ING. ARCH. JAROSLAV OU\u0158ECK\u00dd<\/td>\n<\/tr>\n<tr>\n<td>2067<\/td>\n<td>\u00c7ekya<\/td>\n<td>Prag<\/td>\n<td><a href=\"https:\/\/www.cka.cz\/cs\/svet-architektury\/seznam-architektu\/ing-arch-kuthan-milos\">417 Milo\u0161 Kuthan<\/a><\/td>\n<td>ING. ARCH. MILO\u0160 KUTHAN<\/td>\n<\/tr>\n<tr>\n<td>2068<\/td>\n<td>\u00c7ekya<\/td>\n<td>Prag<\/td>\n<td><a href=\"https:\/\/www.cka.cz\/cs\/svet-architektury\/seznam-architektu\/ing-arch-mach-rudolf\">418 Rudolf Mach<\/a><\/td>\n<td>ING. ARCH. RUDOLF MACH<\/td>\n<\/tr>\n<tr>\n<td>2069<\/td>\n<td>\u00c7ekya<\/td>\n<td>Prag<\/td>\n<td><a href=\"https:\/\/www.cka.cz\/cs\/svet-architektury\/seznam-architektu\/ing-arch-danda-vratislav\">419 Vratislav Danda<\/a><\/td>\n<td>ING. ARCH. VRATISLAV DANDA<\/td>\n<\/tr>\n<tr>\n<td>2070<\/td>\n<td>\u00c7ekya<\/td>\n<td>Prag<\/td>\n<td><a href=\"https:\/\/www.cka.cz\/cs\/svet-architektury\/seznam-architektu\/ing-arch-trojan-jiri\">420 Ji\u0159\u00ed Trojan<\/a><\/td>\n<td>ING. ARCH. JI\u0158\u00cd TROJAN<\/td>\n<\/tr>\n<tr>\n<td>2071<\/td>\n<td>\u00c7ekya<\/td>\n<td>Prag<\/td>\n<td><a href=\"https:\/\/www.cka.cz\/cs\/svet-architektury\/seznam-architektu\/ing-arch-pasek-karel\">421 Karel Pa\u0161ek<\/a><\/td>\n<td>ING. ARCH. KAREL PA\u0160EK<\/td>\n<\/tr>\n<tr>\n<td>2072<\/td>\n<td>\u00c7ekya<\/td>\n<td>Prag<\/td>\n<td><a href=\"https:\/\/www.cka.cz\/cs\/svet-architektury\/seznam-architektu\/akad-arch-kozeluhova-hana\">422 Hana Ko\u017eeluhov\u00e1<\/a><\/td>\n<td>AKAD. ARCH. HANA KO\u017dELUHOV\u00c1<\/td>\n<\/tr>\n<tr>\n<td>2073<\/td>\n<td>\u00c7ekya<\/td>\n<td>Prag<\/td>\n<td><a href=\"https:\/\/www.cka.cz\/cs\/svet-architektury\/seznam-architektu\/ing-arch-nemecek-vaclav\">423 V\u00e1clav N\u011bme\u010dek<\/a><\/td>\n<td>ING. ARCH. V\u00c1CLAV N\u011aME\u010cEK<\/td>\n<\/tr>\n<tr>\n<td>2074<\/td>\n<td>\u00c7ekya<\/td>\n<td>Jarmila M\u00fcllerov\u00e1<\/td>\n<td><a href=\"https:\/\/www.cka.cz\/cs\/svet-architektury\/seznam-architektu\/ing-mullerova-jarmila\">424 Jarmila M\u00fcllerov\u00e1<\/a><\/td>\n<td>ING. JARMILA M\u00dcLLEROV\u00c1<\/td>\n<\/tr>\n<tr>\n<td>2075<\/td>\n<td>\u00c7ekya<\/td>\n<td>Jind\u0159ich\u016fv Hradec<\/td>\n<td><a href=\"https:\/\/www.cka.cz\/cs\/svet-architektury\/seznam-architektu\/ing-arch-hudcova-zuzana\">425 Zuzana Hudcov\u00e1<\/a><\/td>\n<td>ING. ARCH. ZUZANA HUDCOV\u00c1<\/td>\n<\/tr>\n<tr>\n<td>2076<\/td>\n<td>\u00c7ekya<\/td>\n<td>Jind\u0159ich\u016fv Hradec<\/td>\n<td><a href=\"https:\/\/www.cka.cz\/cs\/svet-architektury\/seznam-architektu\/ing-arch-gantnerova-ivana\">426 Ivana Gantnerov\u00e1<\/a><\/td>\n<td>ING. ARCH. IVANA GANTNEROV\u00c1<\/td>\n<\/tr>\n<tr>\n<td>2077<\/td>\n<td>\u00c7ekya<\/td>\n<td>Spo\u0159ice<\/td>\n<td><a href=\"https:\/\/www.cka.cz\/cs\/svet-architektury\/seznam-architektu\/ing-arch-pachner-jaroslav\">427 Jaroslav Pachner<\/a><\/td>\n<td>ING. ARCH. JAROSLAV PACHNER<\/td>\n<\/tr>\n<tr>\n<td>2078<\/td>\n<td>\u00c7ekya<\/td>\n<td>Prag<\/td>\n<td><a href=\"https:\/\/www.cka.cz\/cs\/svet-architektury\/seznam-architektu\/ing-arch-gogela-karel\">428 Karel Gogela<\/a><\/td>\n<td>ING. ARCH. KAREL GOGELA<\/td>\n<\/tr>\n<tr>\n<td>2079<\/td>\n<td>\u00c7ekya<\/td>\n<td>Da\u010dice<\/td>\n<td><a href=\"https:\/\/www.cka.cz\/cs\/svet-architektury\/seznam-architektu\/ing-arch-dvorak-miroslav\">429 Miroslav Dvo\u0159\u00e1k<\/a><\/td>\n<td>ING. ARCH. MIROSLAV DVO\u0158\u00c1K<\/td>\n<\/tr>\n<tr>\n<td>2080<\/td>\n<td>\u00c7ekya<\/td>\n<td>Da\u010dice<\/td>\n<td><a href=\"https:\/\/www.cka.cz\/cs\/svet-architektury\/seznam-architektu\/ing-arch-kucera-pavel\">430 Pavel Ku\u010dera<\/a><\/td>\n<td>ING. ARCH. PAVEL KU\u010cERA<\/td>\n<\/tr>\n<tr>\n<td>2081<\/td>\n<td>\u00c7ekya<\/td>\n<td>Prag<\/td>\n<td><a href=\"https:\/\/www.cka.cz\/cs\/svet-architektury\/seznam-architektu\/ing-arch-cerny-zdenek\">431 Zden\u011bk \u010cern\u00fd<\/a><\/td>\n<td>ING. ARCH. ZDEN\u011aK \u010cERN\u00dd<\/td>\n<\/tr>\n<tr>\n<td>2082<\/td>\n<td>\u00c7ekya<\/td>\n<td>Prag<\/td>\n<td><a href=\"https:\/\/www.cka.cz\/cs\/svet-architektury\/seznam-architektu\/ing-arch-ruso-milan\">432 Milan Ruso<\/a><\/td>\n<td>ING. ARCH. MILAN RUSO<\/td>\n<\/tr>\n<tr>\n<td>2083<\/td>\n<td>\u00c7ekya<\/td>\n<td>Prag<\/td>\n<td><a href=\"https:\/\/www.cka.cz\/cs\/svet-architektury\/seznam-architektu\/ing-arch-sestakova-irena\">433 Irena \u0160est\u00e1kov\u00e1<\/a><\/td>\n<td>PROF. ING. ARCH. IRENA \u0160EST\u00c1KOV\u00c1<\/td>\n<\/tr>\n<tr>\n<td>2084<\/td>\n<td>\u00c7ekya<\/td>\n<td>Prag<\/td>\n<td><a href=\"https:\/\/www.cka.cz\/cs\/svet-architektury\/seznam-architektu\/ing-arch-sestak-jiri\">434 Ji\u0159\u00ed \u0160est\u00e1k<\/a><\/td>\n<td>ING. ARCH. JI\u0158\u00cd \u0160EST\u00c1K<\/td>\n<\/tr>\n<tr>\n<td>2085<\/td>\n<td>\u00c7ekya<\/td>\n<td>Roztoky<\/td>\n<td><a href=\"https:\/\/www.cka.cz\/cs\/svet-architektury\/seznam-architektu\/ing-arch-svabova-marie\">435 Marie \u0160v\u00e1bov\u00e1<\/a><\/td>\n<td>ING. ARCH. MARIE \u0160V\u00c1BOV\u00c1<\/td>\n<\/tr>\n<tr>\n<td>2086<\/td>\n<td>\u00c7ekya<\/td>\n<td>Prag<\/td>\n<td><a href=\"https:\/\/www.cka.cz\/cs\/svet-architektury\/seznam-architektu\/ing-akad-arch-zachova-hana\">436 Hana Zachov\u00e1<\/a><\/td>\n<td>ING. AKAD. ARCH. HANA ZACHOV\u00c1<\/td>\n<\/tr>\n<tr>\n<td>2087<\/td>\n<td>\u00c7ekya<\/td>\n<td>Zdice<\/td>\n<td><a href=\"https:\/\/www.cka.cz\/cs\/svet-architektury\/seznam-architektu\/ing-arch-koubek-pavel\">437 Pavel Koubek<\/a><\/td>\n<td>ING. ARCH. PAVEL KOUBEK<\/td>\n<\/tr>\n<tr>\n<td>2088<\/td>\n<td>\u00c7ekya<\/td>\n<td>Prag<\/td>\n<td><a href=\"https:\/\/www.cka.cz\/cs\/svet-architektury\/seznam-architektu\/ing-arch-dubsky-zbynek\">438 Zbyn\u011bk Dubsk\u00fd<\/a><\/td>\n<td>ING. ARCH. ZBYN\u011aK DUBSK\u00dd<\/td>\n<\/tr>\n<tr>\n<td>2089<\/td>\n<td>\u00c7ekya<\/td>\n<td>Prag<\/td>\n<td><a href=\"https:\/\/www.cka.cz\/cs\/svet-architektury\/seznam-architektu\/ing-arch-ciglin-ivan\">439 Ivan Cigl\u00edn<\/a><\/td>\n<td>ING. ARCH. IVAN CIGL\u00cdN<\/td>\n<\/tr>\n<tr>\n<td>2090<\/td>\n<td>\u00c7ekya<\/td>\n<td>Prag<\/td>\n<td><a href=\"https:\/\/www.cka.cz\/cs\/svet-architektury\/seznam-architektu\/ing-arch-novak-jiri-1\">440 Ji\u0159\u00ed Nov\u00e1k<\/a><\/td>\n<td>ING. ARCH. JI\u0158\u00cd NOV\u00c1K<\/td>\n<\/tr>\n<tr>\n<td>2091<\/td>\n<td>\u00c7ekya<\/td>\n<td>Prag<\/td>\n<td><a href=\"https:\/\/www.cka.cz\/cs\/svet-architektury\/seznam-architektu\/ing-arch-hajek-oldrich\">441 Old\u0159ich H\u00e1jek<\/a><\/td>\n<td>ING. ARCH. OLD\u0158ICH H\u00c1JEK<\/td>\n<\/tr>\n<tr>\n<td>2092<\/td>\n<td>\u00c7ekya<\/td>\n<td>Prag<\/td>\n<td><a href=\"https:\/\/www.cka.cz\/cs\/svet-architektury\/seznam-architektu\/ing-arch-makovec-jiri\">442 Ji\u0159\u00ed Makovec<\/a><\/td>\n<td>ING. ARCH. JI\u0158\u00cd MAKOVEC<\/td>\n<\/tr>\n<tr>\n<td>2093<\/td>\n<td>\u00c7ekya<\/td>\n<td>Chr\u00e1st<\/td>\n<td><a href=\"https:\/\/www.cka.cz\/cs\/svet-architektury\/seznam-architektu\/ing-arch-hrouda-vlastimil\">443 Vlastimil Hrouda<\/a><\/td>\n<td>ING. ARCH. VLASTIMIL HROUDA<\/td>\n<\/tr>\n<tr>\n<td>2094<\/td>\n<td>\u00c7ekya<\/td>\n<td>Jihlava<\/td>\n<td><a href=\"https:\/\/www.cka.cz\/cs\/svet-architektury\/seznam-architektu\/ing-arch-novak-tomas-1\">444 Tom\u00e1\u0161 Nov\u00e1k<\/a><\/td>\n<td>ING. ARCH. TOM\u00c1\u0160 NOV\u00c1K<\/td>\n<\/tr>\n<tr>\n<td>2095<\/td>\n<td>\u00c7ekya<\/td>\n<td>Brno<\/td>\n<td><a href=\"https:\/\/www.cka.cz\/cs\/svet-architektury\/seznam-architektu\/ing-arch-zezulka-bretislav\">445 B\u0159etislav Zezulka<\/a><\/td>\n<td>ING. ARCH. B\u0158ETISLAV ZEZULKA<\/td>\n<\/tr>\n<tr>\n<td>2096<\/td>\n<td>\u00c7ekya<\/td>\n<td>Brann\u00e1<\/td>\n<td><a href=\"https:\/\/www.cka.cz\/cs\/svet-architektury\/seznam-architektu\/ing-arch-hurnik-petr\">446 Petr Hurn\u00edk<\/a><\/td>\n<td>ING. ARCH. PETR HURN\u00cdK<\/td>\n<\/tr>\n<tr>\n<td>2097<\/td>\n<td>\u00c7ekya<\/td>\n<td>Zlin<\/td>\n<td><a href=\"https:\/\/www.cka.cz\/cs\/svet-architektury\/seznam-architektu\/ing-arch-baleja-miroslav\">447 Miroslav Baleja<\/a><\/td>\n<td>ING. ARCH. MIROSLAV BALEJA<\/td>\n<\/tr>\n<tr>\n<td>2098<\/td>\n<td>\u00c7ekya<\/td>\n<td>Olomouc<\/td>\n<td><a href=\"https:\/\/www.cka.cz\/cs\/svet-architektury\/seznam-architektu\/ing-arch-hotovu-karel\">448 Karel Hotov\u00fd<\/a><\/td>\n<td>ING. ARCH. KAREL HOTOV\u00dd<\/td>\n<\/tr>\n<tr>\n<td>2099<\/td>\n<td>\u00c7ekya<\/td>\n<td>Z\u00e1b\u0159eh<\/td>\n<td><a href=\"https:\/\/www.cka.cz\/cs\/svet-architektury\/seznam-architektu\/ing-arch-fabian-petr\">449 Petr Fabi\u00e1n<\/a><\/td>\n<td>ING. ARCH. PETR FABI\u00c1N<\/td>\n<\/tr>\n<tr>\n<td>2100<\/td>\n<td>\u00c7ekya<\/td>\n<td>Ostrava<\/td>\n<td><a href=\"https:\/\/www.cka.cz\/cs\/svet-architektury\/seznam-architektu\/ing-arch-kuba-roman\">450 Roman Kuba<\/a><\/td>\n<td>ING. ARCH. ROMAN KUBA<\/td>\n<\/tr>\n<tr>\n<td>2101<\/td>\n<td>\u00c7ekya<\/td>\n<td>Jesen\u00edk<\/td>\n<td><a href=\"https:\/\/www.cka.cz\/cs\/svet-architektury\/seznam-architektu\/ing-arch-solar-jiri\">451 Ji\u0159\u00ed \u0160olar<\/a><\/td>\n<td>ING. ARCH. JI\u0158\u00cd \u0160OLAR<\/td>\n<\/tr>\n<tr>\n<td>2102<\/td>\n<td>\u00c7ekya<\/td>\n<td>Prag<\/td>\n<td><a href=\"https:\/\/www.cka.cz\/cs\/svet-architektury\/seznam-architektu\/ing-arch-pipla-j-otto\">452 J. Otto P\u00edpla<\/a><\/td>\n<td>ING. ARCH. J. OTTO P\u00cdPLA<\/td>\n<\/tr>\n<tr>\n<td>2103<\/td>\n<td>\u00c7ekya<\/td>\n<td>Prag<\/td>\n<td><a href=\"https:\/\/www.cka.cz\/cs\/svet-architektury\/seznam-architektu\/ing-arch-cihal-jiri\">453 Ji\u0159\u00ed \u010c\u00edhal<\/a><\/td>\n<td>ING. ARCH. JI\u0158\u00cd \u010c\u00cdHAL<\/td>\n<\/tr>\n<tr>\n<td>2104<\/td>\n<td>\u00c7ekya<\/td>\n<td>Prag<\/td>\n<td><a href=\"https:\/\/www.cka.cz\/cs\/svet-architektury\/seznam-architektu\/ing-arch-cach-jan\">454 Jan Cach<\/a><\/td>\n<td>ING. ARCH. JAN CACH<\/td>\n<\/tr>\n<tr>\n<td>2105<\/td>\n<td>\u00c7ekya<\/td>\n<td>Pardubice<\/td>\n<td><a href=\"https:\/\/www.cka.cz\/cs\/svet-architektury\/seznam-architektu\/ing-arch-maler-pavel\">455 Pavel Male\u0159<\/a><\/td>\n<td>ING. ARCH. PAVEL MALE\u0158<\/td>\n<\/tr>\n<tr>\n<td>2106<\/td>\n<td>\u00c7ekya<\/td>\n<td>Prag<\/td>\n<td><a href=\"https:\/\/www.cka.cz\/cs\/svet-architektury\/seznam-architektu\/ing-arch-sourek-michal\">456 Michal \u0160ourek<\/a><\/td>\n<td>ING. ARCH. MICHAL \u0160OUREK<\/td>\n<\/tr>\n<tr>\n<td>2107<\/td>\n<td>\u00c7ekya<\/td>\n<td>Ch\u00fdn\u011b<\/td>\n<td><a href=\"https:\/\/www.cka.cz\/cs\/svet-architektury\/seznam-architektu\/akad-arch-kovar-petr\">457 Petr Kov\u00e1\u0159<\/a><\/td>\n<td>AKAD. ARCH. PETR KOV\u00c1\u0158<\/td>\n<\/tr>\n<tr>\n<td>2108<\/td>\n<td>\u00c7ekya<\/td>\n<td>Da\u010dice<\/td>\n<td><a href=\"https:\/\/www.cka.cz\/cs\/svet-architektury\/seznam-architektu\/ing-arch-lojka-jiri\">458 Ji\u0159\u00ed Lojka<\/a><\/td>\n<td>ING. ARCH. JI\u0158\u00cd LOJKA<\/td>\n<\/tr>\n<tr>\n<td>2109<\/td>\n<td>\u00c7ekya<\/td>\n<td>Prag<\/td>\n<td><a href=\"https:\/\/www.cka.cz\/cs\/svet-architektury\/seznam-architektu\/ing-arch-svatkova-bozena\">459 Bo\u017eena Sv\u00e1tkov\u00e1<\/a><\/td>\n<td>ING. ARCH. BO\u017dENA SV\u00c1TKOV\u00c1<\/td>\n<\/tr>\n<tr>\n<td>2110<\/td>\n<td>\u00c7ekya<\/td>\n<td>Chot\u011bbo\u0159<\/td>\n<td><a href=\"https:\/\/www.cka.cz\/cs\/svet-architektury\/seznam-architektu\/ing-arch-marek-jiri-1\">460 Ji\u0159\u00ed Marek<\/a><\/td>\n<td>ING. ARCH. JI\u0158\u00cd MAREK<\/td>\n<\/tr>\n<tr>\n<td>2111<\/td>\n<td>\u00c7ekya<\/td>\n<td>Plze\u0148<\/td>\n<td><a href=\"https:\/\/www.cka.cz\/cs\/svet-architektury\/seznam-architektu\/ing-arch-fara-oldrich\">461 Old\u0159ich F\u00e1ra<\/a><\/td>\n<td>ING. ARCH. OLD\u0158ICH F\u00c1RA<\/td>\n<\/tr>\n<tr>\n<td>2112<\/td>\n<td>\u00c7ekya<\/td>\n<td>Prag<\/td>\n<td><a href=\"https:\/\/www.cka.cz\/cs\/svet-architektury\/seznam-architektu\/ing-arch-girsa-vaclav\">462 V\u00e1clav Girsa<\/a><\/td>\n<td>ING. ARCH. V\u00c1CLAV GIRSA<\/td>\n<\/tr>\n<tr>\n<td>2113<\/td>\n<td>\u00c7ekya<\/td>\n<td>Vyso\u010dina<\/td>\n<td><a href=\"https:\/\/www.cka.cz\/cs\/svet-architektury\/seznam-architektu\/ing-arch-laub-frantisek\">463 Franti\u0161ek Laub<\/a><\/td>\n<td>ING. ARCH. FRANTI\u0160EK LAUB<\/td>\n<\/tr>\n<tr>\n<td>2114<\/td>\n<td>\u00c7ekya<\/td>\n<td>Prag<\/td>\n<td><a href=\"https:\/\/www.cka.cz\/cs\/svet-architektury\/seznam-architektu\/ing-arch-zeleny-jan\">464 Jan Zelen\u00fd<\/a><\/td>\n<td>ING. ARCH. JAN ZELEN\u00dd<\/td>\n<\/tr>\n<tr>\n<td>2115<\/td>\n<td>\u00c7ekya<\/td>\n<td>Prag<\/td>\n<td><a href=\"https:\/\/www.cka.cz\/cs\/svet-architektury\/seznam-architektu\/akad-arch-pucha-vladimir\">465 Vladim\u00edr P\u00fdcha<\/a><\/td>\n<td>AKAD. ARCH. VLADIM\u00cdR P\u00ddCHA<\/td>\n<\/tr>\n<tr>\n<td>2116<\/td>\n<td>\u00c7ekya<\/td>\n<td>Prag<\/td>\n<td><a href=\"https:\/\/www.cka.cz\/cs\/svet-architektury\/seznam-architektu\/ing-arch-klika-josef\">466 Josef Klika<\/a><\/td>\n<td>ING. ARCH. JOSEF KLIKA<\/td>\n<\/tr>\n<tr>\n<td>2117<\/td>\n<td>\u00c7ekya<\/td>\n<td>Prag<\/td>\n<td><a href=\"https:\/\/www.cka.cz\/cs\/svet-architektury\/seznam-architektu\/ing-arch-kantova-olga\">467 Olga Kantov\u00e1<\/a><\/td>\n<td>ING. ARCH. OLGA KANTOV\u00c1<\/td>\n<\/tr>\n<tr>\n<td>2118<\/td>\n<td>\u00c7ekya<\/td>\n<td>Brno<\/td>\n<td><a href=\"https:\/\/www.cka.cz\/cs\/svet-architektury\/seznam-architektu\/ing-arch-tihelka-zdenek\">468 Zden\u011bk Tihelka<\/a><\/td>\n<td>ING. ARCH. ZDEN\u011aK TIHELKA<\/td>\n<\/tr>\n<tr>\n<td>2119<\/td>\n<td>\u00c7ekya<\/td>\n<td>Brno<\/td>\n<td><a href=\"https:\/\/www.cka.cz\/cs\/svet-architektury\/seznam-architektu\/ing-arch-stolfa-jaromir\">469 Jarom\u00edr \u0160tolfa<\/a><\/td>\n<td>ING. ARCH. JAROM\u00cdR \u0160TOLFA<\/td>\n<\/tr>\n<tr>\n<td>2120<\/td>\n<td>\u00c7ekya<\/td>\n<td>Zl\u00edn<\/td>\n<td><a href=\"https:\/\/www.cka.cz\/cs\/svet-architektury\/seznam-architektu\/ing-arch-jungwirthova-daniela\">470 Daniela Jungwirthov\u00e1<\/a><\/td>\n<td>ING. ARCH. DANIELA JUNGWIRTHOV\u00c1<\/td>\n<\/tr>\n<tr>\n<td>2121<\/td>\n<td>\u00c7ekya<\/td>\n<td>Vyso\u010dina<\/td>\n<td><a href=\"https:\/\/www.cka.cz\/cs\/svet-architektury\/seznam-architektu\/ing-arch-sedlak-jan-1\">471 Jan Sedl\u00e1k<\/a><\/td>\n<td>ING. ARCH. JAN SEDL\u00c1K<\/td>\n<\/tr>\n<tr>\n<td>2122<\/td>\n<td>\u00c7ekya<\/td>\n<td>Zl\u00edn<\/td>\n<td><a href=\"https:\/\/www.cka.cz\/cs\/svet-architektury\/seznam-architektu\/ing-arch-jungwirth-ludvik\">472 Ludv\u00edk Jungwirth<\/a><\/td>\n<td>ING. ARCH. LUDV\u00cdK JUNGWIRTH<\/td>\n<\/tr>\n<tr>\n<td>2123<\/td>\n<td>\u00c7ekya<\/td>\n<td>Brno<\/td>\n<td><a href=\"https:\/\/www.cka.cz\/cs\/svet-architektury\/seznam-architektu\/ing-arch-sevcik-jiri\">473 Ji\u0159\u00ed \u0160ev\u010d\u00edk<\/a><\/td>\n<td>ING. ARCH. JI\u0158\u00cd \u0160EV\u010c\u00cdK<\/td>\n<\/tr>\n<tr>\n<td>2124<\/td>\n<td>\u00c7ekya<\/td>\n<td>Fr\u00fddek M\u00edstek<\/td>\n<td><a href=\"https:\/\/www.cka.cz\/cs\/svet-architektury\/seznam-architektu\/ing-akad-arch-friedl-jan\">474 Jan Friedl<\/a><\/td>\n<td>ING. AKAD. ARCH. JAN FRIEDL<\/td>\n<\/tr>\n<tr>\n<td>2125<\/td>\n<td>\u00c7ekya<\/td>\n<td>Ostrava<\/td>\n<td><a href=\"https:\/\/www.cka.cz\/cs\/svet-architektury\/seznam-architektu\/ing-arch-cablik-martin\">475 Martin \u010cabl\u00edk<\/a><\/td>\n<td>ING. ARCH. MARTIN \u010cABL\u00cdK<\/td>\n<\/tr>\n<tr>\n<td>2126<\/td>\n<td>\u00c7ekya<\/td>\n<td>Prag<\/td>\n<td><a href=\"https:\/\/www.cka.cz\/cs\/svet-architektury\/seznam-architektu\/ing-arch-hacmac-vaclav\">476 V\u00e1clav Hacmac<\/a><\/td>\n<td>ING. ARCH. V\u00c1CLAV HACMAC<\/td>\n<\/tr>\n<tr>\n<td>2127<\/td>\n<td>\u00c7ekya<\/td>\n<td>Prag<\/td>\n<td><a href=\"https:\/\/www.cka.cz\/cs\/svet-architektury\/seznam-architektu\/akad-arch-axmannova-vladimira\">477 Vladim\u00edra Axmannova<\/a><\/td>\n<td>AKAD. ARCH. VLADIM\u00cdRA AXMANNOVA<\/td>\n<\/tr>\n<tr>\n<td>2128<\/td>\n<td>\u00c7ekya<\/td>\n<td>Prag<\/td>\n<td><a href=\"https:\/\/www.cka.cz\/cs\/svet-architektury\/seznam-architektu\/ing-arch-panuscik-michal\">478 Michal Panu\u0161\u010d\u00edk<\/a><\/td>\n<td>ING. ARCH. MICHAL PANU\u0160\u010c\u00cdK<\/td>\n<\/tr>\n<tr>\n<td>2129<\/td>\n<td>\u00c7ekya<\/td>\n<td>Prag<\/td>\n<td><a href=\"https:\/\/www.cka.cz\/cs\/svet-architektury\/seznam-architektu\/ing-arch-hnizdil-ivan\">479 Ivan Hn\u00edzdil<\/a><\/td>\n<td>ING. ARCH. IVAN HN\u00cdZDIL<\/td>\n<\/tr>\n<tr>\n<td>2130<\/td>\n<td>\u00c7ekya<\/td>\n<td>Prag<\/td>\n<td><a href=\"https:\/\/www.cka.cz\/cs\/svet-architektury\/seznam-architektu\/ing-arch-teply-bohumil\">480 Bohumil Tepl\u00fd<\/a><\/td>\n<td>ING. ARCH. BOHUMIL TEPL\u00dd<\/td>\n<\/tr>\n<tr>\n<td>2131<\/td>\n<td>\u00c7ekya<\/td>\n<td>Prag<\/td>\n<td><a href=\"https:\/\/www.cka.cz\/cs\/svet-architektury\/seznam-architektu\/ing-arch-novak-jaroslav-csc\">481 Jaroslav Nov\u00e1k<\/a><\/td>\n<td>ING. ARCH. JAROSLAV NOV\u00c1K CSC.<\/td>\n<\/tr>\n<tr>\n<td>2132<\/td>\n<td>\u00c7ekya<\/td>\n<td>Prag<\/td>\n<td><a href=\"https:\/\/www.cka.cz\/cs\/svet-architektury\/seznam-architektu\/ing-arch-weisser-jiri\">482 Ji\u0159\u00ed Weisser<\/a><\/td>\n<td>ING. ARCH. JI\u0158\u00cd WEISSER<\/td>\n<\/tr>\n<tr>\n<td>2133<\/td>\n<td>\u00c7ekya<\/td>\n<td>Prag<\/td>\n<td><a href=\"https:\/\/www.cka.cz\/cs\/svet-architektury\/seznam-architektu\/ing-arch-soukup-miroslav\">483 Miroslav Soukup<\/a><\/td>\n<td>ING. ARCH. MIROSLAV SOUKUP<\/td>\n<\/tr>\n<tr>\n<td>2134<\/td>\n<td>\u00c7ekya<\/td>\n<td>Prag<\/td>\n<td><a href=\"https:\/\/www.cka.cz\/cs\/svet-architektury\/seznam-architektu\/ing-arch-vasko-jaroslav\">484 Jaroslav Va\u0161ko<\/a><\/td>\n<td>ING. ARCH. JAROSLAV VA\u0160KO<\/td>\n<\/tr>\n<tr>\n<td>2135<\/td>\n<td>\u00c7ekya<\/td>\n<td>Prag<\/td>\n<td><a href=\"https:\/\/www.cka.cz\/cs\/svet-architektury\/seznam-architektu\/ing-akad-arch-simonik-ivo\">485 Ivo \u0160imon\u00edk<\/a><\/td>\n<td>ING. AKAD. ARCH. IVO \u0160IMON\u00cdK<\/td>\n<\/tr>\n<tr>\n<td>2136<\/td>\n<td>\u00c7ekya<\/td>\n<td>Prag<\/td>\n<td><a href=\"https:\/\/www.cka.cz\/cs\/svet-architektury\/seznam-architektu\/ing-arch-kocian-bohuslav\">486 Bohuslav Koci\u00e1n<\/a><\/td>\n<td>ING. ARCH. BOHUSLAV KOCI\u00c1N<\/td>\n<\/tr>\n<tr>\n<td>2137<\/td>\n<td>\u00c7ekya<\/td>\n<td>Prag<\/td>\n<td><a href=\"https:\/\/www.cka.cz\/cs\/svet-architektury\/seznam-architektu\/ing-arch-honzatkova-zdenka\">487 Zde\u0148ka Honz\u00e1tkov\u00e1<\/a><\/td>\n<td>ING. ARCH. ZDE\u0147KA HONZ\u00c1TKOV\u00c1<\/td>\n<\/tr>\n<tr>\n<td>2138<\/td>\n<td>\u00c7ekya<\/td>\n<td>Plze\u0148<\/td>\n<td><a href=\"https:\/\/www.cka.cz\/cs\/svet-architektury\/seznam-architektu\/ing-arch-kodeda-oldrich\">488 Old\u0159ich Kodeda<\/a><\/td>\n<td>ING. ARCH. OLD\u0158ICH KODEDA<\/td>\n<\/tr>\n<tr>\n<td>2139<\/td>\n<td>\u00c7ekya<\/td>\n<td>Prag<\/td>\n<td><a href=\"https:\/\/www.cka.cz\/cs\/svet-architektury\/seznam-architektu\/ing-arch-monikova-olga\">489 Olga Mon\u00edkov\u00e1<\/a><\/td>\n<td>ING. ARCH. OLGA MON\u00cdKOV\u00c1<\/td>\n<\/tr>\n<tr>\n<td>2140<\/td>\n<td>\u00c7ekya<\/td>\n<td>Prag<\/td>\n<td><a href=\"https:\/\/www.cka.cz\/cs\/svet-architektury\/seznam-architektu\/ing-arch-paloch-vit\">490 V\u00edt Paloch<\/a><\/td>\n<td>ING. ARCH. V\u00cdT PALOCH<\/td>\n<\/tr>\n<tr>\n<td>2141<\/td>\n<td>\u00c7ekya<\/td>\n<td>Prag<\/td>\n<td><a href=\"https:\/\/www.cka.cz\/cs\/svet-architektury\/seznam-architektu\/ing-arch-dvorak-petr\">491 Petr Dvo\u0159\u00e1k<\/a><\/td>\n<td>ING. ARCH. PETR DVO\u0158\u00c1K<\/td>\n<\/tr>\n<tr>\n<td>2142<\/td>\n<td>\u00c7ekya<\/td>\n<td>\u010cesk\u00e1 L\u00edpa<\/td>\n<td><a href=\"https:\/\/www.cka.cz\/cs\/svet-architektury\/seznam-architektu\/ing-arch-pavljuk-miroslav\">492 MIroslav Pavljuk<\/a><\/td>\n<td>ING. ARCH. MIROSLAV PAVLJUK<\/td>\n<\/tr>\n<tr>\n<td>2143<\/td>\n<td>\u00c7ekya<\/td>\n<td>St\u0159edo\u010desk\u00fd kraj<\/td>\n<td><a href=\"https:\/\/www.cka.cz\/cs\/svet-architektury\/seznam-architektu\/akad-arch-horejsi-miroslav\">493 Miroslav Ho\u0159ej\u0161\u00ed<\/a><\/td>\n<td>AKAD. ARCH. MIROSLAV HO\u0158EJ\u0160\u00cd<\/td>\n<\/tr>\n<tr>\n<td>2144<\/td>\n<td>\u00c7ekya<\/td>\n<td>Prag<\/td>\n<td><a href=\"https:\/\/www.cka.cz\/cs\/svet-architektury\/seznam-architektu\/ing-arch-otevrel-lubos\">494 Lubo\u0161 Otev\u0159el<\/a><\/td>\n<td>ING. ARCH. LUBO\u0160 OTEV\u0158EL<\/td>\n<\/tr>\n<tr>\n<td>2145<\/td>\n<td>\u00c7ekya<\/td>\n<td>Labem<\/td>\n<td><a href=\"https:\/\/www.cka.cz\/cs\/svet-architektury\/seznam-architektu\/ing-arch-bima-pavel\">495 Pavel B\u00edma<\/a><\/td>\n<td>ING. ARCH. PAVEL B\u00cdMA<\/td>\n<\/tr>\n<tr>\n<td>2146<\/td>\n<td>\u00c7ekya<\/td>\n<td>Prag<\/td>\n<td><a href=\"https:\/\/www.cka.cz\/cs\/svet-architektury\/seznam-architektu\/ing-arch-dvorackova-vera\">496 V\u011bra Dvo\u0159\u00e1\u010dkov\u00e1<\/a><\/td>\n<td>ING. ARCH. V\u011aRA DVO\u0158\u00c1\u010cKOV\u00c1<\/td>\n<\/tr>\n<tr>\n<td>2147<\/td>\n<td>\u00c7ekya<\/td>\n<td>Prag<\/td>\n<td><a href=\"https:\/\/www.cka.cz\/cs\/svet-architektury\/seznam-architektu\/doc-ing-arch-welz-tomas-csc\">497 Tom\u00e1\u0161 Welz<\/a><\/td>\n<td>DOC. ING. ARCH. TOM\u00c1\u0160 WELZ CSC.<\/td>\n<\/tr>\n<tr>\n<td>2148<\/td>\n<td>\u00c7ekya<\/td>\n<td>Prag<\/td>\n<td><a href=\"https:\/\/www.cka.cz\/cs\/svet-architektury\/seznam-architektu\/ing-arch-houska-cestmir\">498 \u010cestm\u00edr Houska<\/a><\/td>\n<td>ING. ARCH. \u010cESTM\u00cdR HOUSKA<\/td>\n<\/tr>\n<tr>\n<td>2149<\/td>\n<td>\u00c7ekya<\/td>\n<td>Prag<\/td>\n<td><a href=\"https:\/\/www.cka.cz\/cs\/svet-architektury\/seznam-architektu\/ing-arch-justik-antonin\">499 Anton\u00edn Ju\u0161t\u00edk<\/a><\/td>\n<td>ING. ARCH. ANTON\u00cdN JU\u0160T\u00cdK<\/td>\n<\/tr>\n<tr>\n<td>2150<\/td>\n<td>\u00c7ekya<\/td>\n<td>Karlovy Vary<\/td>\n<td><a href=\"https:\/\/www.cka.cz\/cs\/svet-architektury\/seznam-architektu\/ing-arch-syrovy-vlastimil\">500 Vlastimil Syrov\u00fd<\/a><\/td>\n<td>ING. ARCH. VLASTIMIL SYROV\u00dd<\/td>\n<\/tr>\n<tr>\n<td>2151<\/td>\n<td>\u00c7ekya<\/td>\n<td>Drahovice<\/td>\n<td><a href=\"https:\/\/www.cka.cz\/cs\/svet-architektury\/seznam-architektu\/ing-arch-martinek-petr\">501 Petr Mart\u00ednek<\/a><\/td>\n<td>ING. ARCH. PETR MART\u00cdNEK<\/td>\n<\/tr>\n<tr>\n<td>2152<\/td>\n<td>\u00c7ekya<\/td>\n<td>Prag<\/td>\n<td><a href=\"https:\/\/www.cka.cz\/cs\/svet-architektury\/seznam-architektu\/ing-arch-kovarik-pavel\">502 Pavel Kova\u0159\u00edk<\/a><\/td>\n<td>ING. ARCH. PAVEL KOVA\u0158\u00cdK<\/td>\n<\/tr>\n<tr>\n<td>2153<\/td>\n<td>\u00c7ekya<\/td>\n<td>Trutnov<\/td>\n<td><a href=\"https:\/\/www.cka.cz\/cs\/svet-architektury\/seznam-architektu\/ing-arch-tomek-pavel\">503 Pavel Tomek<\/a><\/td>\n<td>ING. ARCH. PAVEL TOMEK<\/td>\n<\/tr>\n<tr>\n<td>2154<\/td>\n<td>\u00c7ekya<\/td>\n<td>Prag<\/td>\n<td><a href=\"https:\/\/www.cka.cz\/cs\/svet-architektury\/seznam-architektu\/ing-arch-sojka-miloslav\">504 Miloslav Sojka<\/a><\/td>\n<td>AKAD. ARCH. MILOSLAV SOJKA<\/td>\n<\/tr>\n<tr>\n<td>2155<\/td>\n<td>\u00c7ekya<\/td>\n<td>Ttrutnov<\/td>\n<td><a href=\"https:\/\/www.cka.cz\/cs\/svet-architektury\/seznam-architektu\/ing-arch-smilnicku-vladimir\">505 Vladim\u00edr Smilnick\u00fd<\/a><\/td>\n<td>ING. ARCH. VLADIM\u00cdR SMILNICK\u00dd<\/td>\n<\/tr>\n<tr>\n<td>2156<\/td>\n<td>\u00c7ekya<\/td>\n<td>Prag<\/td>\n<td><a href=\"https:\/\/www.cka.cz\/cs\/svet-architektury\/seznam-architektu\/ing-arch-smejkalova-dana\">506 Dana \u0160mejkalov\u00e1<\/a><\/td>\n<td>ING. ARCH. DANA \u0160MEJKALOV\u00c1<\/td>\n<\/tr>\n<tr>\n<td>2157<\/td>\n<td>\u00c7ekya<\/td>\n<td>Prag<\/td>\n<td><a href=\"https:\/\/www.cka.cz\/cs\/svet-architektury\/seznam-architektu\/ing-arch-gavlas-michal\">507 Michal Gavlas<\/a><\/td>\n<td>ING. ARCH. MICHAL GAVLAS<\/td>\n<\/tr>\n<tr>\n<td>2158<\/td>\n<td>\u00c7ekya<\/td>\n<td>Prag<\/td>\n<td><a href=\"https:\/\/www.cka.cz\/cs\/svet-architektury\/seznam-architektu\/ing-arch-holub-alexandr\">508 Alexandr Holub<\/a><\/td>\n<td>ING. ARCH. ALEXANDR HOLUB<\/td>\n<\/tr>\n<tr>\n<td>2159<\/td>\n<td>\u00c7ekya<\/td>\n<td>Unterbach<\/td>\n<td><a href=\"https:\/\/www.cka.cz\/cs\/svet-architektury\/seznam-architektu\/ing-arch-sacha-jan\">509 Jan \u0160\u00e1cha<\/a><\/td>\n<td>ING. ARCH. JAN \u0160\u00c1CHA<\/td>\n<\/tr>\n<tr>\n<td>2160<\/td>\n<td>\u00c7ekya<\/td>\n<td>Hradec Kr\u00e1lov\u00e9<\/td>\n<td><a href=\"https:\/\/www.cka.cz\/cs\/svet-architektury\/seznam-architektu\/ing-arch-hanus-zdenek\">510 Zden\u011bk Hanu\u0161<\/a><\/td>\n<td>ING. ARCH. ZDEN\u011aK HANU\u0160<\/td>\n<\/tr>\n<tr>\n<td>2161<\/td>\n<td>\u00c7ekya<\/td>\n<td>\u010cesk\u00e9 Bud\u011bjovice<\/td>\n<td><a href=\"https:\/\/www.cka.cz\/cs\/svet-architektury\/seznam-architektu\/ing-arch-hon-pavel\">511 Pavel Hon<\/a><\/td>\n<td>ING. ARCH. PAVEL HON<\/td>\n<\/tr>\n<tr>\n<td>2162<\/td>\n<td>\u00c7ekya<\/td>\n<td>Prag<\/td>\n<td><a href=\"https:\/\/www.cka.cz\/cs\/svet-architektury\/seznam-architektu\/ing-arch-kandl-vit\">512 V\u00edt K\u00e1ndl<\/a><\/td>\n<td>ING. ARCH. V\u00cdT K\u00c1NDL<\/td>\n<\/tr>\n<tr>\n<td>2163<\/td>\n<td>\u00c7ekya<\/td>\n<td>Hradec Kr\u00e1lov\u00e9<\/td>\n<td><a href=\"https:\/\/www.cka.cz\/cs\/svet-architektury\/seznam-architektu\/ing-arch-krejcik-jiri\">513 Ji\u0159\u00ed Krej\u010d\u00edk<\/a><\/td>\n<td>ING. ARCH. JI\u0158\u00cd KREJ\u010c\u00cdK<\/td>\n<\/tr>\n<tr>\n<td>2164<\/td>\n<td>\u00c7ekya<\/td>\n<td>Hradec Kr\u00e1lov\u00e9<\/td>\n<td><a href=\"https:\/\/www.cka.cz\/cs\/svet-architektury\/seznam-architektu\/ing-arch-semrad-oldrich\">514 Old\u0159ich Semr\u00e1d<\/a><\/td>\n<td>ING. ARCH. OLD\u0158ICH SEMR\u00c1D<\/td>\n<\/tr>\n<tr>\n<td>2165<\/td>\n<td>\u00c7ekya<\/td>\n<td>J\u00e1chymov<\/td>\n<td><a href=\"https:\/\/www.cka.cz\/cs\/svet-architektury\/seznam-architektu\/ing-arch-egert-jaroslav\">515 Jaroslav Egert<\/a><\/td>\n<td>ING. ARCH. JAROSLAV EGERT<\/td>\n<\/tr>\n<tr>\n<td>2166<\/td>\n<td>\u00c7ekya<\/td>\n<td>Prag<\/td>\n<td><a href=\"https:\/\/www.cka.cz\/cs\/svet-architektury\/seznam-architektu\/ing-arch-gattermayer-ondrej\">516 Ond\u0159ej Gattermayer<\/a><\/td>\n<td>ING. ARCH. OND\u0158EJ GATTERMAYER<\/td>\n<\/tr>\n<tr>\n<td>2167<\/td>\n<td>\u00c7ekya<\/td>\n<td>Prag<\/td>\n<td><a href=\"https:\/\/www.cka.cz\/cs\/svet-architektury\/seznam-architektu\/akad-arch-langr-adam\">517 Adam Langr<\/a><\/td>\n<td>AKAD. ARCH. ADAM LANGR<\/td>\n<\/tr>\n<tr>\n<td>2168<\/td>\n<td>\u00c7ekya<\/td>\n<td>Prag<\/td>\n<td><a href=\"https:\/\/www.cka.cz\/cs\/svet-architektury\/seznam-architektu\/ing-arch-jiroutek-jiri\">518 Ji\u0159\u00ed Jiroutek<\/a><\/td>\n<td>ING. ARCH. JI\u0158\u00cd JIROUTEK<\/td>\n<\/tr>\n<tr>\n<td>2169<\/td>\n<td>\u00c7ekya<\/td>\n<td>Prag<\/td>\n<td><a href=\"https:\/\/www.cka.cz\/cs\/svet-architektury\/seznam-architektu\/doc-ing-arch-kolarik-radek\">519 Radek Kola\u0159\u00edk<\/a><\/td>\n<td>DOC. ING. ARCH. RADEK KOLA\u0158\u00cdK<\/td>\n<\/tr>\n<tr>\n<td>2170<\/td>\n<td>\u00c7ekya<\/td>\n<td>Prag<\/td>\n<td><a href=\"https:\/\/www.cka.cz\/cs\/svet-architektury\/seznam-architektu\/ing-arch-haman-oleg\">520 Oleg Haman<\/a><\/td>\n<td>ING. ARCH. OLEG HAMAN<\/td>\n<\/tr>\n<tr>\n<td>2171<\/td>\n<td>\u00c7ekya<\/td>\n<td>Prag<\/td>\n<td><a href=\"https:\/\/www.cka.cz\/cs\/svet-architektury\/seznam-architektu\/ing-arch-maier-karel\">521 Karel Maier<\/a><\/td>\n<td>ING. ARCH. KAREL MAIER<\/td>\n<\/tr>\n<tr>\n<td>2172<\/td>\n<td>\u00c7ekya<\/td>\n<td>Zl\u00edn<\/td>\n<td><a href=\"https:\/\/www.cka.cz\/cs\/svet-architektury\/seznam-architektu\/ing-arch-simordova-jitka\">522 Jitka \u0160imordov\u00e1<\/a><\/td>\n<td>ING. ARCH. JITKA \u0160IMORDOV\u00c1<\/td>\n<\/tr>\n<tr>\n<td>2173<\/td>\n<td>\u00c7ekya<\/td>\n<td>Brno<\/td>\n<td><a href=\"https:\/\/www.cka.cz\/cs\/svet-architektury\/seznam-architektu\/ing-arch-povusilova-bohunka\">523 Bohunka Pov\u00fd\u0161ilov\u00e1<\/a><\/td>\n<td>ING. ARCH. BOHUNKA POV\u00dd\u0160ILOV\u00c1<\/td>\n<\/tr>\n<tr>\n<td>2174<\/td>\n<td>\u00c7ekya<\/td>\n<td>Ostrava<\/td>\n<td><a href=\"https:\/\/www.cka.cz\/cs\/svet-architektury\/seznam-architektu\/ing-arch-vitoulova-milena\">524 Milena Vitoulov\u00e1<\/a><\/td>\n<td>ING. ARCH. MILENA VITOULOV\u00c1<\/td>\n<\/tr>\n<tr>\n<td>2175<\/td>\n<td>\u00c7ekya<\/td>\n<td>Ostrava<\/td>\n<td><a href=\"https:\/\/www.cka.cz\/cs\/svet-architektury\/seznam-architektu\/ing-arch-haluza-jaroslav\">525 Jaroslav Haluza<\/a><\/td>\n<td>ING. ARCH. JAROSLAV HALUZA<\/td>\n<\/tr>\n<tr>\n<td>2176<\/td>\n<td>\u00c7ekya<\/td>\n<td>Opava<\/td>\n<td><a href=\"https:\/\/www.cka.cz\/cs\/svet-architektury\/seznam-architektu\/ing-arch-smarda-petr\">526 Petr \u0160marda<\/a><\/td>\n<td>ING. ARCH. PETR \u0160MARDA<\/td>\n<\/tr>\n<tr>\n<td>2177<\/td>\n<td>\u00c7ekya<\/td>\n<td>Opava<\/td>\n<td><a href=\"https:\/\/www.cka.cz\/cs\/svet-architektury\/seznam-architektu\/ing-arch-jancik-jaromir\">527 Jarom\u00edr Jan\u010d\u00edk<\/a><\/td>\n<td>ING. ARCH. JAROM\u00cdR JAN\u010c\u00cdK<\/td>\n<\/tr>\n<tr>\n<td>2178<\/td>\n<td>\u00c7ekya<\/td>\n<td>Lelekovice<\/td>\n<td><a href=\"https:\/\/www.cka.cz\/cs\/svet-architektury\/seznam-architektu\/ing-arch-stavinohova-magdalena\">528 Magdalena Stavinohov\u00e1<\/a><\/td>\n<td>ING. ARCH. MAGDALENA STAVINOHOV\u00c1<\/td>\n<\/tr>\n<tr>\n<td>2179<\/td>\n<td>\u00c7ekya<\/td>\n<td>Brno<\/td>\n<td><a href=\"https:\/\/www.cka.cz\/cs\/svet-architektury\/seznam-architektu\/ing-arch-cihelkova-jarmila\">529 Jarmila Cihelkov\u00e1<\/a><\/td>\n<td>ING. ARCH. JARMILA CIHELKOV\u00c1<\/td>\n<\/tr>\n<tr>\n<td>2180<\/td>\n<td>\u00c7ekya<\/td>\n<td>Olomouc<\/td>\n<td><a href=\"https:\/\/www.cka.cz\/cs\/svet-architektury\/seznam-architektu\/ing-arch-benda-david\">530 David Benda<\/a><\/td>\n<td>ING. ARCH. DAVID BENDA<\/td>\n<\/tr>\n<tr>\n<td>2181<\/td>\n<td>\u00c7ekya<\/td>\n<td>M\u00edstek<\/td>\n<td><a href=\"https:\/\/www.cka.cz\/cs\/svet-architektury\/seznam-architektu\/ing-arch-zezula-kamil\">531 Kamil Zezula<\/a><\/td>\n<td>ING. ARCH. KAMIL ZEZULA<\/td>\n<\/tr>\n<tr>\n<td>2182<\/td>\n<td>\u00c7ekya<\/td>\n<td>Mari\u00e1nsk\u00e9 L\u00e1zn\u011b<\/td>\n<td><a href=\"https:\/\/www.cka.cz\/cs\/svet-architektury\/seznam-architektu\/ing-arch-urbanec-dalibor\">532 Dalibor Urbanec<\/a><\/td>\n<td>ING. ARCH. DALIBOR URBANEC<\/td>\n<\/tr>\n<tr>\n<td>2183<\/td>\n<td>\u00c7ekya<\/td>\n<td>Hradec Kr\u00e1lov\u00e9<\/td>\n<td><a href=\"https:\/\/www.cka.cz\/cs\/svet-architektury\/seznam-architektu\/ing-arch-toman-libor\">533 Libor Toman<\/a><\/td>\n<td>ING. ARCH. LIBOR TOMAN<\/td>\n<\/tr>\n<tr>\n<td>2184<\/td>\n<td>\u00c7ekya<\/td>\n<td>Dob\u0159\u00ed\u0161<\/td>\n<td><a href=\"https:\/\/www.cka.cz\/cs\/svet-architektury\/seznam-architektu\/ing-arch-cvrcek-karel\">534 Karel Cvr\u010dek<\/a><\/td>\n<td>ING. ARCH. KAREL CVR\u010cEK<\/td>\n<\/tr>\n<tr>\n<td>2185<\/td>\n<td>\u00c7ekya<\/td>\n<td>Prag<\/td>\n<td><a href=\"https:\/\/www.cka.cz\/cs\/svet-architektury\/seznam-architektu\/ing-arch-malinsky-petr\">535 Petr Malinsk\u00fd<\/a><\/td>\n<td>ING. ARCH. PETR MALINSK\u00dd<\/td>\n<\/tr>\n<tr>\n<td>2186<\/td>\n<td>\u00c7ekya<\/td>\n<td>Prag<\/td>\n<td><a href=\"https:\/\/www.cka.cz\/cs\/svet-architektury\/seznam-architektu\/ing-arch-korenu-petr\">536 Petr Ko\u0159en\u00fd<\/a><\/td>\n<td>ING. ARCH. PETR KO\u0158EN\u00dd<\/td>\n<\/tr>\n<tr>\n<td>2187<\/td>\n<td>\u00c7ekya<\/td>\n<td>Prag<\/td>\n<td><a href=\"https:\/\/www.cka.cz\/cs\/svet-architektury\/seznam-architektu\/ing-arch-netscher-jan\">537 Jan Netscher<\/a><\/td>\n<td>ING. ARCH. JAN NETSCHER<\/td>\n<\/tr>\n<tr>\n<td>2188<\/td>\n<td>\u00c7ekya<\/td>\n<td>Prag<\/td>\n<td><a href=\"https:\/\/www.cka.cz\/cs\/svet-architektury\/seznam-architektu\/ing-arch-houba-matous\">538 Matou\u0161 Houba<\/a><\/td>\n<td>ING. ARCH. MATOU\u0160 HOUBA<\/td>\n<\/tr>\n<tr>\n<td>2189<\/td>\n<td>\u00c7ekya<\/td>\n<td>Prag<\/td>\n<td><a href=\"https:\/\/www.cka.cz\/cs\/svet-architektury\/seznam-architektu\/ing-arch-pesek-miroslav\">539 Miroslav Pe\u0161ek<\/a><\/td>\n<td>ING. ARCH. MIROSLAV PE\u0160EK<\/td>\n<\/tr>\n<tr>\n<td>2190<\/td>\n<td>\u00c7ekya<\/td>\n<td>Prag<\/td>\n<td><a href=\"https:\/\/www.cka.cz\/cs\/svet-architektury\/seznam-architektu\/doc-ing-arch-vanek-jan-csc\">540 Jan Van\u011bk<\/a><\/td>\n<td>DOC. ING. ARCH. JAN VAN\u011aK CSC.<\/td>\n<\/tr>\n<tr>\n<td>2191<\/td>\n<td>\u00c7ekya<\/td>\n<td>Prag<\/td>\n<td><a href=\"https:\/\/www.cka.cz\/cs\/svet-architektury\/seznam-architektu\/ing-arch-kocka-ivan\">541 Ivan Kocka<\/a><\/td>\n<td>ING. ARCH. IVAN KOCKA<\/td>\n<\/tr>\n<tr>\n<td>2192<\/td>\n<td>\u00c7ekya<\/td>\n<td>Prag<\/td>\n<td><a href=\"https:\/\/www.cka.cz\/cs\/svet-architektury\/seznam-architektu\/ing-arch-smolik-michal\">542 Michal \u0160mol\u00edk<\/a><\/td>\n<td>ING. ARCH. MICHAL \u0160MOL\u00cdK<\/td>\n<\/tr>\n<tr>\n<td>2193<\/td>\n<td>\u00c7ekya<\/td>\n<td>Prag<\/td>\n<td><a href=\"https:\/\/www.cka.cz\/cs\/svet-architektury\/seznam-architektu\/ing-arch-baroch-vaclav\">543 V\u00e1clav Baroch<\/a><\/td>\n<td>ING. ARCH. V\u00c1CLAV BAROCH<\/td>\n<\/tr>\n<tr>\n<td>2194<\/td>\n<td>\u00c7ekya<\/td>\n<td>Prag<\/td>\n<td><a href=\"https:\/\/www.cka.cz\/cs\/svet-architektury\/seznam-architektu\/ing-arch-houda-ales\">544 Ale\u0161 Houda<\/a><\/td>\n<td>ING. ARCH. ALE\u0160 HOUDA<\/td>\n<\/tr>\n<tr>\n<td>2195<\/td>\n<td>\u00c7ekya<\/td>\n<td>Prag<\/td>\n<td><a href=\"https:\/\/www.cka.cz\/cs\/svet-architektury\/seznam-architektu\/ing-arch-horejsi-ivan\">545 Ivan Ho\u0159ej\u0161\u00ed<\/a><\/td>\n<td>ING. ARCH. IVAN HO\u0158EJ\u0160\u00cd<\/td>\n<\/tr>\n<tr>\n<td>2196<\/td>\n<td>\u00c7ekya<\/td>\n<td>Prag<\/td>\n<td><a href=\"https:\/\/www.cka.cz\/cs\/svet-architektury\/seznam-architektu\/ing-arch-psenicka-zbynek\">546 Zbyn\u011bk P\u0161eni\u010dka<\/a><\/td>\n<td>ING. ARCH. ZBYN\u011aK P\u0160ENI\u010cKA<\/td>\n<\/tr>\n<tr>\n<td>2197<\/td>\n<td>\u00c7ekya<\/td>\n<td>Prag<\/td>\n<td><a href=\"https:\/\/www.cka.cz\/cs\/svet-architektury\/seznam-architektu\/ing-arch-fruhauf-alois\">547 Alois Fr\u00fchauf<\/a><\/td>\n<td>ING. ARCH. ALOIS FR\u00dcHAUF<\/td>\n<\/tr>\n<tr>\n<td>2198<\/td>\n<td>\u00c7ekya<\/td>\n<td>L\u00ed\u0161\u0165any<\/td>\n<td><a href=\"https:\/\/www.cka.cz\/cs\/svet-architektury\/seznam-architektu\/ing-arch-lanyova-alena\">548 Alena L\u00e1nyov\u00e1<\/a><\/td>\n<td>ING. ARCH. ALENA L\u00c1NYOV\u00c1<\/td>\n<\/tr>\n<tr>\n<td>2199<\/td>\n<td>\u00c7ekya<\/td>\n<td>\u010cesk\u00e9 Bud\u011bjovice<\/td>\n<td><a href=\"https:\/\/www.cka.cz\/cs\/svet-architektury\/seznam-architektu\/ing-arch-vubornu-pavel\">549 Pavel V\u00fdborn\u00fd<\/a><\/td>\n<td>ING. ARCH. PAVEL V\u00ddBORN\u00dd<\/td>\n<\/tr>\n<tr>\n<td>2200<\/td>\n<td>\u00c7ekya<\/td>\n<td>Zl\u00edn<\/td>\n<td><a href=\"https:\/\/www.cka.cz\/cs\/svet-architektury\/seznam-architektu\/ing-arch-dujka-vladimir\">550 Vladim\u00edr Dujka<\/a><\/td>\n<td>ING. ARCH. VLADIM\u00cdR DUJKA<\/td>\n<\/tr>\n<tr>\n<td>2201<\/td>\n<td>\u00c7ekya<\/td>\n<td>Ostrava<\/td>\n<td><a href=\"https:\/\/www.cka.cz\/cs\/svet-architektury\/seznam-architektu\/ing-arch-cvanda-petr\">551 Petr \u010cvanda<\/a><\/td>\n<td>ING. ARCH. PETR \u010cVANDA<\/td>\n<\/tr>\n<tr>\n<td>2202<\/td>\n<td>\u00c7ekya<\/td>\n<td>Jihlava<\/td>\n<td><a href=\"https:\/\/www.cka.cz\/cs\/svet-architektury\/seznam-architektu\/ing-arch-fousek-pavel\">552 Pavel Fousek<\/a><\/td>\n<td>ING. ARCH. PAVEL FOUSEK<\/td>\n<\/tr>\n<tr>\n<td>2203<\/td>\n<td>\u00c7ekya<\/td>\n<td>Jihlava<\/td>\n<td><a href=\"https:\/\/www.cka.cz\/cs\/svet-architektury\/seznam-architektu\/ing-arch-vonavka-petr\">553 Petr Vo\u0148avka<\/a><\/td>\n<td>ING. ARCH. PETR VO\u0147AVKA<\/td>\n<\/tr>\n<tr>\n<td>2204<\/td>\n<td>\u00c7ekya<\/td>\n<td>Brno<\/td>\n<td><a href=\"https:\/\/www.cka.cz\/cs\/svet-architektury\/seznam-architektu\/ing-arch-seibert-emil\">554 Emil Seibert<\/a><\/td>\n<td>ING. ARCH. EMIL SEIBERT<\/td>\n<\/tr>\n<tr>\n<td>2205<\/td>\n<td>\u00c7ekya<\/td>\n<td>Pardubice<\/td>\n<td><a href=\"https:\/\/www.cka.cz\/cs\/svet-architektury\/seznam-architektu\/ing-arch-kamenicka-michaela\">555 Michaela Kamenick\u00e1<\/a><\/td>\n<td>ING. ARCH. MICHAELA KAMENICK\u00c1<\/td>\n<\/tr>\n<tr>\n<td>2206<\/td>\n<td>\u00c7ekya<\/td>\n<td>Znojmo<\/td>\n<td><a href=\"https:\/\/www.cka.cz\/cs\/svet-architektury\/seznam-architektu\/ing-arch-orsiniova-natasa\">556 Nata\u0161a Orsinov\u00e1<\/a><\/td>\n<td>ING. ARCH. NATA\u0160A ORSINOV\u00c1<\/td>\n<\/tr>\n<tr>\n<td>2207<\/td>\n<td>\u00c7ekya<\/td>\n<td>Horom\u011b\u0159ice<\/td>\n<td><a href=\"https:\/\/www.cka.cz\/cs\/svet-architektury\/seznam-architektu\/akad-arch-hruschka-jan\">557 Jan Hruschka<\/a><\/td>\n<td>AKAD. ARCH. JAN HRUSCHKA<\/td>\n<\/tr>\n<tr>\n<td>2208<\/td>\n<td>\u00c7ekya<\/td>\n<td>Prag<\/td>\n<td><a href=\"https:\/\/www.cka.cz\/cs\/svet-architektury\/seznam-architektu\/akad-arch-jansa-milan\">558 Milan Jansa<\/a><\/td>\n<td>AKAD. ARCH. MILAN JANSA<\/td>\n<\/tr>\n<tr>\n<td>2209<\/td>\n<td>\u00c7ekya<\/td>\n<td>Prag<\/td>\n<td><a href=\"https:\/\/www.cka.cz\/cs\/svet-architektury\/seznam-architektu\/ing-arch-synovec-milos\">559 Milo\u0161 Synovec<\/a><\/td>\n<td>ING. ARCH. MILO\u0160 SYNOVEC<\/td>\n<\/tr>\n<tr>\n<td>2210<\/td>\n<td>\u00c7ekya<\/td>\n<td>Prag<\/td>\n<td><a href=\"https:\/\/www.cka.cz\/cs\/svet-architektury\/seznam-architektu\/ing-arch-hronova-hedvika\">560 Hedvika Hronov\u00e1<\/a><\/td>\n<td>ING. ARCH. HEDVIKA HRONOV\u00c1<\/td>\n<\/tr>\n<tr>\n<td>2211<\/td>\n<td>\u00c7ekya<\/td>\n<td>Prag<\/td>\n<td><a href=\"https:\/\/www.cka.cz\/cs\/svet-architektury\/seznam-architektu\/ing-arch-koutsku-karel\">561 Karel Koutsk\u00fd<\/a><\/td>\n<td>ING. ARCH. KAREL KOUTSK\u00dd<\/td>\n<\/tr>\n<tr>\n<td>2212<\/td>\n<td>\u00c7ekya<\/td>\n<td>Prag<\/td>\n<td><a href=\"https:\/\/www.cka.cz\/cs\/svet-architektury\/seznam-architektu\/doc-ing-arch-kotas-patrik\">562 Patrik Kotas<\/a><\/td>\n<td>DOC. ING. ARCH. PATRIK KOTAS<\/td>\n<\/tr>\n<tr>\n<td>2213<\/td>\n<td>\u00c7ekya<\/td>\n<td>Prag<\/td>\n<td><a href=\"https:\/\/www.cka.cz\/cs\/svet-architektury\/seznam-architektu\/ing-arch-dlabal-david\">563 David Dlabal<\/a><\/td>\n<td>ING. ARCH. DAVID DLABAL<\/td>\n<\/tr>\n<tr>\n<td>2214<\/td>\n<td>\u00c7ekya<\/td>\n<td>\u0158\u00ed\u010dany<\/td>\n<td><a href=\"https:\/\/www.cka.cz\/cs\/svet-architektury\/seznam-architektu\/ing-arch-podhajsky-tomas\">564 Tom\u00e1\u0161 Podhajsk\u00fd<\/a><\/td>\n<td>ING. ARCH. TOM\u00c1\u0160 PODHAJSK\u00dd<\/td>\n<\/tr>\n<tr>\n<td>2215<\/td>\n<td>\u00c7ekya<\/td>\n<td>Prag<\/td>\n<td><a href=\"https:\/\/www.cka.cz\/cs\/svet-architektury\/seznam-architektu\/ing-arch-nigrinova-milena\">565 Milena Nigrinov\u00e1<\/a><\/td>\n<td>ING. ARCH. MILENA NIGRINOV\u00c1<\/td>\n<\/tr>\n<tr>\n<td>2216<\/td>\n<td>\u00c7ekya<\/td>\n<td>Prag<\/td>\n<td><a href=\"https:\/\/www.cka.cz\/cs\/svet-architektury\/seznam-architektu\/ing-arch-matejovsky-lukas\">566 Luk\u00e1\u0161 Mat\u011bjovsk\u00fd<\/a><\/td>\n<td>ING. ARCH. LUK\u00c1\u0160 MAT\u011aJOVSK\u00dd<\/td>\n<\/tr>\n<tr>\n<td>2217<\/td>\n<td>\u00c7ekya<\/td>\n<td>Prag<\/td>\n<td><a href=\"https:\/\/www.cka.cz\/cs\/svet-architektury\/seznam-architektu\/ing-arch-cerny-radko\">567 Radko \u010cern\u00fd<\/a><\/td>\n<td>ING. ARCH. RADKO \u010cERN\u00dd<\/td>\n<\/tr>\n<tr>\n<td>2218<\/td>\n<td>\u00c7ekya<\/td>\n<td>Prag<\/td>\n<td><a href=\"https:\/\/www.cka.cz\/cs\/svet-architektury\/seznam-architektu\/ing-arch-sedlon-josef\">568 Josef Sedlo\u0148<\/a><\/td>\n<td>ING. ARCH. JOSEF SEDLO\u0147<\/td>\n<\/tr>\n<tr>\n<td>2219<\/td>\n<td>\u00c7ekya<\/td>\n<td>Prag<\/td>\n<td><a href=\"https:\/\/www.cka.cz\/cs\/svet-architektury\/seznam-architektu\/ing-arch-masek-petr\">569 Petr Ma\u0161ek<\/a><\/td>\n<td>ING. ARCH. PETR MA\u0160EK<\/td>\n<\/tr>\n<tr>\n<td>2220<\/td>\n<td>\u00c7ekya<\/td>\n<td>Prag<\/td>\n<td><a href=\"https:\/\/www.cka.cz\/cs\/svet-architektury\/seznam-architektu\/ing-arch-gotz-jiri\">570 Ji\u0159\u00ed Gotz<\/a><\/td>\n<td>ING. ARCH. JI\u0158\u00cd GOTZ<\/td>\n<\/tr>\n<tr>\n<td>2221<\/td>\n<td>\u00c7ekya<\/td>\n<td>Prag<\/td>\n<td><a href=\"https:\/\/www.cka.cz\/cs\/svet-architektury\/seznam-architektu\/ing-arch-gotzova-dagmar\">571 Dagmar G\u00f6tzov\u00e1<\/a><\/td>\n<td>ING. ARCH. DAGMAR G\u00d6TZOV\u00c1<\/td>\n<\/tr>\n<tr>\n<td>2222<\/td>\n<td>\u00c7ekya<\/td>\n<td>Prag<\/td>\n<td><a href=\"https:\/\/www.cka.cz\/cs\/svet-architektury\/seznam-architektu\/ing-arch-pribyl-lubomir\">572 Lubom\u00edr P\u0159ibyl<\/a><\/td>\n<td>ING. ARCH. LUBOM\u00cdR P\u0158IBYL<\/td>\n<\/tr>\n<tr>\n<td>2223<\/td>\n<td>\u00c7ekya<\/td>\n<td>Prag<\/td>\n<td><a href=\"https:\/\/www.cka.cz\/cs\/svet-architektury\/seznam-architektu\/ing-arch-kasparova-marie\">573 Marie Ka\u0161parov\u00e1<\/a><\/td>\n<td>ING. ARCH. MARIE KA\u0160PAROV\u00c1<\/td>\n<\/tr>\n<tr>\n<td>2224<\/td>\n<td>\u00c7ekya<\/td>\n<td>Kralovice<\/td>\n<td><a href=\"https:\/\/www.cka.cz\/cs\/svet-architektury\/seznam-architektu\/ing-arch-hammerschmied-jan\">574 Jan Hammerschmied<\/a><\/td>\n<td>ING. ARCH. JAN HAMMERSCHMIED<\/td>\n<\/tr>\n<tr>\n<td>2225<\/td>\n<td>\u00c7ekya<\/td>\n<td>Prag<\/td>\n<td><a href=\"https:\/\/www.cka.cz\/cs\/svet-architektury\/seznam-architektu\/prof-ing-arch-navratil-arnost-csc\">575 Arno\u0161t Navr\u00e1til<\/a><\/td>\n<td>PROF. ING. ARCH. ARNO\u0160T NAVR\u00c1TIL CSC.<\/td>\n<\/tr>\n<tr>\n<td>2226<\/td>\n<td>\u00c7ekya<\/td>\n<td>Prag<\/td>\n<td><a href=\"https:\/\/www.cka.cz\/cs\/svet-architektury\/seznam-architektu\/doc-ing-arch-kopriva-milos\">576 Milo\u0161 Kop\u0159iva<\/a><\/td>\n<td>PROF. ING. ARCH. MILO\u0160 KOP\u0158IVA<\/td>\n<\/tr>\n<tr>\n<td>2227<\/td>\n<td>\u00c7ekya<\/td>\n<td>Prag<\/td>\n<td><a href=\"https:\/\/www.cka.cz\/cs\/svet-architektury\/seznam-architektu\/ing-arch-kaplanova-jarmila\">577 Jarmila Kaplanov\u00e1<\/a><\/td>\n<td>ING. ARCH. JARMILA KAPLANOV\u00c1<\/td>\n<\/tr>\n<tr>\n<td>2228<\/td>\n<td>\u00c7ekya<\/td>\n<td>Prag<\/td>\n<td><a href=\"https:\/\/www.cka.cz\/cs\/svet-architektury\/seznam-architektu\/ing-arch-kaplan-ivan\">578 Ivan Kaplan<\/a><\/td>\n<td>ING. ARCH. IVAN KAPLAN<\/td>\n<\/tr>\n<tr>\n<td>2229<\/td>\n<td>\u00c7ekya<\/td>\n<td>Prag<\/td>\n<td><a href=\"https:\/\/www.cka.cz\/cs\/svet-architektury\/seznam-architektu\/ing-arch-vrzal-jiri\">579 Ji\u0159\u00ed Vrzal<\/a><\/td>\n<td>ING. ARCH. JI\u0158\u00cd VRZAL<\/td>\n<\/tr>\n<tr>\n<td>2230<\/td>\n<td>\u00c7ekya<\/td>\n<td>Prag<\/td>\n<td><a href=\"https:\/\/www.cka.cz\/cs\/svet-architektury\/seznam-architektu\/ing-akad-arch-krejci-petr\">580 Petr Krej\u010d\u00ed<\/a><\/td>\n<td>ING. AKAD. ARCH. PETR KREJ\u010c\u00cd<\/td>\n<\/tr>\n<tr>\n<td>2231<\/td>\n<td>\u00c7ekya<\/td>\n<td>Velk\u00e9 P\u0159\u00edlepy<\/td>\n<td><a href=\"https:\/\/www.cka.cz\/cs\/svet-architektury\/seznam-architektu\/ing-arch-pivonka-ludvik\">581 Ludv\u00edk Pivo\u0148ka<\/a><\/td>\n<td>ING. ARCH. LUDV\u00cdK PIVO\u0147KA<\/td>\n<\/tr>\n<tr>\n<td>2232<\/td>\n<td>\u00c7ekya<\/td>\n<td>Prag<\/td>\n<td><a href=\"https:\/\/www.cka.cz\/cs\/svet-architektury\/seznam-architektu\/ing-arch-david-josef\">582 Josef David<\/a><\/td>\n<td>ING. ARCH. JOSEF DAVID<\/td>\n<\/tr>\n<tr>\n<td>2233<\/td>\n<td>\u00c7ekya<\/td>\n<td>Hradec Kr\u00e1lov\u00e9<\/td>\n<td><a href=\"https:\/\/www.cka.cz\/cs\/svet-architektury\/seznam-architektu\/ing-arch-vasata-zdenek\">583 Zden\u011bk Va\u0161ata<\/a><\/td>\n<td>ING. ARCH. ZDEN\u011aK VA\u0160ATA<\/td>\n<\/tr>\n<tr>\n<td>2234<\/td>\n<td>\u00c7ekya<\/td>\n<td>\u010cesk\u00e9 Bud\u011bjovice<\/td>\n<td><a href=\"https:\/\/www.cka.cz\/cs\/svet-architektury\/seznam-architektu\/ing-arch-malec-antonin-1\">584 Anton\u00edn Malec<\/a><\/td>\n<td>ING. ARCH. ANTON\u00cdN MALEC<\/td>\n<\/tr>\n<tr>\n<td>2235<\/td>\n<td>\u00c7ekya<\/td>\n<td>Prag<\/td>\n<td><a href=\"https:\/\/www.cka.cz\/cs\/svet-architektury\/seznam-architektu\/ing-arch-dvorak-danes\">585 Dane\u0161 Dvo\u0159\u00e1k<\/a><\/td>\n<td>ING. ARCH. DANE\u0160 DVO\u0158\u00c1K<\/td>\n<\/tr>\n<tr>\n<td>2236<\/td>\n<td>\u00c7ekya<\/td>\n<td>\u010cesk\u00e9 Bud\u011bjovice<\/td>\n<td><a href=\"https:\/\/www.cka.cz\/cs\/svet-architektury\/seznam-architektu\/ing-arch-malec-martin\">586 Martin Malec<\/a><\/td>\n<td>ING. ARCH. MARTIN MALEC<\/td>\n<\/tr>\n<tr>\n<td>2237<\/td>\n<td>\u00c7ekya<\/td>\n<td>Mlad\u00e1 Bolesla<\/td>\n<td><a href=\"https:\/\/www.cka.cz\/cs\/svet-architektury\/seznam-architektu\/ing-arch-kucera-vladimir\">587 Vladim\u00edr Ku\u010dera<\/a><\/td>\n<td>ING. ARCH. VLADIM\u00cdR KU\u010cERA<\/td>\n<\/tr>\n<tr>\n<td>2238<\/td>\n<td>\u00c7ekya<\/td>\n<td>Prag<\/td>\n<td><a href=\"https:\/\/www.cka.cz\/cs\/svet-architektury\/seznam-architektu\/ing-arch-vokrouhlecka-hana\">588 Hana Vokrouhleck\u00e1<\/a><\/td>\n<td>ING. ARCH. HANA VOKROUHLECK\u00c1<\/td>\n<\/tr>\n<tr>\n<td>2239<\/td>\n<td>\u00c7ekya<\/td>\n<td>Vyso\u010dina<\/td>\n<td><a href=\"https:\/\/www.cka.cz\/cs\/svet-architektury\/seznam-architektu\/ing-arch-kyncl-pavel\">589 Pavel Kyncl<\/a><\/td>\n<td>ING. ARCH. PAVEL KYNCL<\/td>\n<\/tr>\n<tr>\n<td>2240<\/td>\n<td>\u00c7ekya<\/td>\n<td>Prag<\/td>\n<td><a href=\"https:\/\/www.cka.cz\/cs\/svet-architektury\/seznam-architektu\/ing-arch-dandova-magdalena\">590 Magdalena Dandov\u00e1<\/a><\/td>\n<td>ING. ARCH. MAGDALENA DANDOV\u00c1<\/td>\n<\/tr>\n<tr>\n<td>2241<\/td>\n<td>\u00c7ekya<\/td>\n<td>Prag<\/td>\n<td><a href=\"https:\/\/www.cka.cz\/cs\/svet-architektury\/seznam-architektu\/ing-arch-knejp-jaromir\">591 Jarom\u00edr Knejp<\/a><\/td>\n<td>ING. ARCH. JAROM\u00cdR KNEJP<\/td>\n<\/tr>\n<tr>\n<td>2242<\/td>\n<td>\u00c7ekya<\/td>\n<td>\u010cesk\u00e9 Bud\u011bjovice<\/td>\n<td><a href=\"https:\/\/www.cka.cz\/cs\/svet-architektury\/seznam-architektu\/ing-arch-hlousek-alois\">592 Alois Hlou\u0161ek<\/a><\/td>\n<td>ING. ARCH. ALOIS HLOU\u0160EK<\/td>\n<\/tr>\n<tr>\n<td>2243<\/td>\n<td>\u00c7ekya<\/td>\n<td>Prag<\/td>\n<td><a href=\"https:\/\/www.cka.cz\/cs\/svet-architektury\/seznam-architektu\/akad-arch-uhlir-vladimir\">593 Vladim\u00edr Uhl\u00ed\u0159<\/a><\/td>\n<td>AKAD. ARCH. VLADIM\u00cdR UHL\u00cd\u0158<\/td>\n<\/tr>\n<tr>\n<td>2244<\/td>\n<td>\u00c7ekya<\/td>\n<td>\u017datec<\/td>\n<td><a href=\"https:\/\/www.cka.cz\/cs\/svet-architektury\/seznam-architektu\/ing-arch-vanicek-jiri\">594 Ji\u0159\u00ed Van\u00ed\u010dek<\/a><\/td>\n<td>ING. ARCH. JI\u0158\u00cd VAN\u00cd\u010cEK<\/td>\n<\/tr>\n<tr>\n<td>2245<\/td>\n<td>\u00c7ekya<\/td>\n<td>V\u0161estudy<\/td>\n<td><a href=\"https:\/\/www.cka.cz\/cs\/svet-architektury\/seznam-architektu\/ing-arch-hanl-jiri\">595 Ji\u0159\u00ed H\u00e1nl<\/a><\/td>\n<td>ING. ARCH. JI\u0158\u00cd H\u00c1NL<\/td>\n<\/tr>\n<tr>\n<td>2246<\/td>\n<td>\u00c7ekya<\/td>\n<td>Prag<\/td>\n<td><a href=\"https:\/\/www.cka.cz\/cs\/svet-architektury\/seznam-architektu\/ing-arch-ehl-jiri\">596 Ji\u0159\u00ed Ehl<\/a><\/td>\n<td>ING. ARCH. JI\u0158\u00cd EHL<\/td>\n<\/tr>\n<tr>\n<td>2247<\/td>\n<td>\u00c7ekya<\/td>\n<td>Nov\u00fd Bor<\/td>\n<td><a href=\"https:\/\/www.cka.cz\/cs\/svet-architektury\/seznam-architektu\/ing-arch-knakal-jiri\">597 Ji\u0159\u00ed K\u0148\u00e1kal<\/a><\/td>\n<td>ING. ARCH. JI\u0158\u00cd K\u0147\u00c1KAL<\/td>\n<\/tr>\n<tr>\n<td>2248<\/td>\n<td>\u00c7ekya<\/td>\n<td>Prag<\/td>\n<td><a href=\"https:\/\/www.cka.cz\/cs\/svet-architektury\/seznam-architektu\/ing-arch-valouch-klement\">598 Klement Valouch<\/a><\/td>\n<td>ING. ARCH. KLEMENT VALOUCH<\/td>\n<\/tr>\n<tr>\n<td>2249<\/td>\n<td>\u00c7ekya<\/td>\n<td>Rokycany<\/td>\n<td><a href=\"https:\/\/www.cka.cz\/cs\/svet-architektury\/seznam-architektu\/ing-arch-lukes-milan\">599 Milan Luke\u0161<\/a><\/td>\n<td>ING. ARCH. MILAN LUKE\u0160<\/td>\n<\/tr>\n<tr>\n<td>2250<\/td>\n<td>\u00c7ekya<\/td>\n<td>Prag<\/td>\n<td><a href=\"https:\/\/www.cka.cz\/cs\/svet-architektury\/seznam-architektu\/ing-arch-dohnalova-daniela\">600 Daniela Dohnalov\u00e1<\/a><\/td>\n<td>ING. ARCH. DANIELA DOHNALOV\u00c1<\/td>\n<\/tr>\n<tr>\n<td>2251<\/td>\n<td>\u00c7ekya<\/td>\n<td>Pardubice<\/td>\n<td><a href=\"https:\/\/www.cka.cz\/cs\/svet-architektury\/seznam-architektu\/ing-arch-mensik-jaroslav\">601 Jaroslav Men\u0161\u00edk<\/a><\/td>\n<td>ING. ARCH. JAROSLAV MEN\u0160\u00cdK<\/td>\n<\/tr>\n<tr>\n<td>2252<\/td>\n<td>\u00c7ekya<\/td>\n<td>Ok\u0159\u00ed\u0161ky<\/td>\n<td><a href=\"https:\/\/www.cka.cz\/cs\/svet-architektury\/seznam-architektu\/ing-arch-velc-milan\">602 Milan Velc<\/a><\/td>\n<td>ING. ARCH. MILAN VELC<\/td>\n<\/tr>\n<tr>\n<td>2253<\/td>\n<td>\u00c7ekya<\/td>\n<td>Zl\u00edn<\/td>\n<td><a href=\"https:\/\/www.cka.cz\/cs\/svet-architektury\/seznam-architektu\/ing-arch-haluzik-zdenek\">603 Zden\u011bk Haluz\u00edk<\/a><\/td>\n<td>ING. ARCH. ZDEN\u011aK HALUZ\u00cdK<\/td>\n<\/tr>\n<tr>\n<td>2254<\/td>\n<td>\u00c7ekya<\/td>\n<td>Prag<\/td>\n<td><a href=\"https:\/\/www.cka.cz\/cs\/svet-architektury\/seznam-architektu\/ing-arch-lhotak-zdenek\">604 Zden\u011bk Lhot\u00e1k<\/a><\/td>\n<td>ING. ARCH. ZDEN\u011aK LHOT\u00c1K<\/td>\n<\/tr>\n<tr>\n<td>2255<\/td>\n<td>\u00c7ekya<\/td>\n<td>Liberec<\/td>\n<td><a href=\"https:\/\/www.cka.cz\/cs\/svet-architektury\/seznam-architektu\/ing-arch-zrnik-milan\">605 Milan Zrn\u00edk<\/a><\/td>\n<td>ING. ARCH. MILAN ZRN\u00cdK<\/td>\n<\/tr>\n<tr>\n<td>2256<\/td>\n<td>\u00c7ekya<\/td>\n<td>Prag<\/td>\n<td><a href=\"https:\/\/www.cka.cz\/cs\/svet-architektury\/seznam-architektu\/ing-arch-pav-petr\">606 Petr P\u00e1v<\/a><\/td>\n<td>ING. ARCH. PETR P\u00c1V<\/td>\n<\/tr>\n<tr>\n<td>2257<\/td>\n<td>\u00c7ekya<\/td>\n<td>\u010cesk\u00e9 Bud\u011bjovice<\/td>\n<td><a href=\"https:\/\/www.cka.cz\/cs\/svet-architektury\/seznam-architektu\/ing-arch-petrlik-frantisek\">607 Franti\u0161ek Petrl\u00edk<\/a><\/td>\n<td>ING. ARCH. FRANTI\u0160EK PETRL\u00cdK<\/td>\n<\/tr>\n<tr>\n<td>2258<\/td>\n<td>\u00c7ekya<\/td>\n<td>Machov<\/td>\n<td><a href=\"https:\/\/www.cka.cz\/cs\/svet-architektury\/seznam-architektu\/ing-arch-jirasek-tomas\">608 Tom\u00e1\u0161 Jir\u00e1sek<\/a><\/td>\n<td>ING. ARCH. TOM\u00c1\u0160 JIR\u00c1SEK<\/td>\n<\/tr>\n<tr>\n<td>2259<\/td>\n<td>\u00c7ekya<\/td>\n<td>Prag<\/td>\n<td><a href=\"https:\/\/www.cka.cz\/cs\/svet-architektury\/seznam-architektu\/ing-arch-michalek-jiri-csc\">609 Ji\u0159\u00ed Mich\u00e1lek<\/a><\/td>\n<td>ING. ARCH. JI\u0158\u00cd MICH\u00c1LEK CSC.<\/td>\n<\/tr>\n<tr>\n<td>2260<\/td>\n<td>\u00c7ekya<\/td>\n<td>Prag<\/td>\n<td><a href=\"https:\/\/www.cka.cz\/cs\/svet-architektury\/seznam-architektu\/ing-arch-kasl-jan\">610 Jan Kasl<\/a><\/td>\n<td>ING. ARCH. JAN KASL<\/td>\n<\/tr>\n<tr>\n<td>2261<\/td>\n<td>\u00c7ekya<\/td>\n<td>Li\u0161ov<\/td>\n<td><a href=\"https:\/\/www.cka.cz\/cs\/svet-architektury\/seznam-architektu\/ing-arch-myslivecek-jiri\">611 Ji\u0159\u00ed Myslive\u010dek<\/a><\/td>\n<td>ING. ARCH. JI\u0158\u00cd MYSLIVE\u010cEK<\/td>\n<\/tr>\n<tr>\n<td>2262<\/td>\n<td>\u00c7ekya<\/td>\n<td>Prag<\/td>\n<td><a href=\"https:\/\/www.cka.cz\/cs\/svet-architektury\/seznam-architektu\/ing-arch-auer-zdenek\">612 Zden\u011bk Auer<\/a><\/td>\n<td>ING. ARCH. ZDEN\u011aK AUER<\/td>\n<\/tr>\n<tr>\n<td>2263<\/td>\n<td>\u00c7ekya<\/td>\n<td>Prag<\/td>\n<td><a href=\"https:\/\/www.cka.cz\/cs\/svet-architektury\/seznam-architektu\/ing-arch-blazek-zdenek\">613 Zden\u011bk Bla\u017eek<\/a><\/td>\n<td>ING. ARCH. ZDEN\u011aK BLA\u017dEK<\/td>\n<\/tr>\n<tr>\n<td>2264<\/td>\n<td>\u00c7ekya<\/td>\n<td>Ro\u010dov<\/td>\n<td><a href=\"https:\/\/www.cka.cz\/cs\/svet-architektury\/seznam-architektu\/ing-arch-chlouba-karel\">614 Karel Chlouba<\/a><\/td>\n<td>ING. ARCH. KAREL CHLOUBA<\/td>\n<\/tr>\n<tr>\n<td>2265<\/td>\n<td>\u00c7ekya<\/td>\n<td>Prag<\/td>\n<td><a href=\"https:\/\/www.cka.cz\/cs\/svet-architektury\/seznam-architektu\/ing-arch-durdik-petr\">615 Petr Durd\u00edk<\/a><\/td>\n<td>ING. ARCH. PETR DURD\u00cdK<\/td>\n<\/tr>\n<tr>\n<td>2266<\/td>\n<td>\u00c7ekya<\/td>\n<td>Hradec Kr\u00e1lov\u00e9<\/td>\n<td><a href=\"https:\/\/www.cka.cz\/cs\/svet-architektury\/seznam-architektu\/ing-arch-kralik-emil\">616 Emil Kr\u00e1l\u00edk<\/a><\/td>\n<td>ING. ARCH. EMIL KR\u00c1L\u00cdK<\/td>\n<\/tr>\n<tr>\n<td>2267<\/td>\n<td>\u00c7ekya<\/td>\n<td>Ostrava<\/td>\n<td><a href=\"https:\/\/www.cka.cz\/cs\/svet-architektury\/seznam-architektu\/ing-arch-luzarova-ludmila\">617 Ludmila Luzarov\u00e1<\/a><\/td>\n<td>ING. ARCH. LUDMILA LUZAROV\u00c1<\/td>\n<\/tr>\n<tr>\n<td>2268<\/td>\n<td>\u00c7ekya<\/td>\n<td>Prag<\/td>\n<td><a href=\"https:\/\/www.cka.cz\/cs\/svet-architektury\/seznam-architektu\/ing-arch-medova-blanka\">618 Blanka Medov\u00e1<\/a><\/td>\n<td>ING. ARCH. BLANKA MEDOV\u00c1<\/td>\n<\/tr>\n<tr>\n<td>2269<\/td>\n<td>\u00c7ekya<\/td>\n<td>Fr\u00fddek M\u00edstek<\/td>\n<td><a href=\"https:\/\/www.cka.cz\/cs\/svet-architektury\/seznam-architektu\/ing-arch-slosar-ivo\">619 Ivo \u0160losar<\/a><\/td>\n<td>ING. ARCH. IVO \u0160LOSAR<\/td>\n<\/tr>\n<tr>\n<td>2270<\/td>\n<td>\u00c7ekya<\/td>\n<td>Brno<\/td>\n<td><a href=\"https:\/\/www.cka.cz\/cs\/svet-architektury\/seznam-architektu\/ing-arch-kabelac-ivo\">620 Ivo Kabel\u00e1\u010d<\/a><\/td>\n<td>ING. ARCH. IVO KABEL\u00c1\u010c<\/td>\n<\/tr>\n<tr>\n<td>2271<\/td>\n<td>\u00c7ekya<\/td>\n<td>Brno<\/td>\n<td><a href=\"https:\/\/www.cka.cz\/cs\/svet-architektury\/seznam-architektu\/doc-ing-arch-vodickova-eva-csc\">621 Eva Vodi\u010dkov\u00e1<\/a><\/td>\n<td>DOC. ING. ARCH. EVA VODI\u010cKOV\u00c1 CSC.<\/td>\n<\/tr>\n<tr>\n<td>2272<\/td>\n<td>\u00c7ekya<\/td>\n<td>Libereck\u00fd kraj<\/td>\n<td><a href=\"https:\/\/www.cka.cz\/cs\/svet-architektury\/seznam-architektu\/ing-arch-tomesek-martin\">622 Martin Tome\u0161ek<\/a><\/td>\n<td>ING. ARCH. MARTIN TOME\u0160EK<\/td>\n<\/tr>\n<tr>\n<td>2273<\/td>\n<td>\u00c7ekya<\/td>\n<td>Ostrava<\/td>\n<td><a href=\"https:\/\/www.cka.cz\/cs\/svet-architektury\/seznam-architektu\/ing-arch-kupka-zdenek\">623 Zden\u011bk Kupka<\/a><\/td>\n<td>ING. ARCH. ZDEN\u011aK KUPKA<\/td>\n<\/tr>\n<tr>\n<td>2274<\/td>\n<td>\u00c7ekya<\/td>\n<td>Vyso\u010dina<\/td>\n<td><a href=\"https:\/\/www.cka.cz\/cs\/svet-architektury\/seznam-architektu\/ing-arch-nevole-jan\">624 Jan Nevole<\/a><\/td>\n<td>ING. ARCH. JAN NEVOLE<\/td>\n<\/tr>\n<tr>\n<td>2275<\/td>\n<td>\u00c7ekya<\/td>\n<td>Vyso\u010dina<\/td>\n<td><a href=\"https:\/\/www.cka.cz\/cs\/svet-architektury\/seznam-architektu\/ing-arch-vacha-jiri\">625 Ji\u0159\u00ed V\u00e1cha<\/a><\/td>\n<td>ING. ARCH. JI\u0158\u00cd V\u00c1CHA<\/td>\n<\/tr>\n<tr>\n<td>2276<\/td>\n<td>\u00c7ekya<\/td>\n<td>Prag<\/td>\n<td><a href=\"https:\/\/www.cka.cz\/cs\/svet-architektury\/seznam-architektu\/ing-arch-loos-ivo\">626 Ivo Loos<\/a><\/td>\n<td>ING. ARCH. IVO LOOS<\/td>\n<\/tr>\n<tr>\n<td>2277<\/td>\n<td>\u00c7ekya<\/td>\n<td>Prag<\/td>\n<td><a href=\"https:\/\/www.cka.cz\/cs\/svet-architektury\/seznam-architektu\/ing-rihosek-miroslav\">627 Miroslav \u0158iho\u0161ek<\/a><\/td>\n<td>ING. MIROSLAV \u0158IHO\u0160EK<\/td>\n<\/tr>\n<tr>\n<td>2278<\/td>\n<td>\u00c7ekya<\/td>\n<td>Picin<\/td>\n<td><a href=\"https:\/\/www.cka.cz\/cs\/svet-architektury\/seznam-architektu\/rndr-kupkova-lenka\">628 Lenka Kupkov\u00e1<\/a><\/td>\n<td>RNDR. LENKA KUPKOV\u00c1<\/td>\n<\/tr>\n<tr>\n<td>2279<\/td>\n<td>\u00c7ekya<\/td>\n<td>Pr\u016fhonice<\/td>\n<td><a href=\"https:\/\/www.cka.cz\/cs\/svet-architektury\/seznam-architektu\/ing-arch-schranil-rudolf\">629 Rudolf Schr\u00e1nil<\/a><\/td>\n<td>ING. ARCH. RUDOLF SCHR\u00c1NIL<\/td>\n<\/tr>\n<tr>\n<td>2280<\/td>\n<td>\u00c7ekya<\/td>\n<td>Brno<\/td>\n<td><a href=\"https:\/\/www.cka.cz\/cs\/svet-architektury\/seznam-architektu\/ing-arch-kostalova-alena\">630 Alena Ko\u0161\u0165\u00e1lov\u00e1<\/a><\/td>\n<td>ING. ARCH. ALENA KO\u0160\u0164\u00c1LOV\u00c1<\/td>\n<\/tr>\n<tr>\n<td>2281<\/td>\n<td>\u00c7ekya<\/td>\n<td>Prag<\/td>\n<td><a href=\"https:\/\/www.cka.cz\/cs\/svet-architektury\/seznam-architektu\/akad-arch-kulistak-jiri\">631 Ji\u0159\u00ed Kuli\u0161\u0165\u00e1k<\/a><\/td>\n<td>AKAD. ARCH. JI\u0158\u00cd KULI\u0160\u0164\u00c1K<\/td>\n<\/tr>\n<tr>\n<td>2282<\/td>\n<td>\u00c7ekya<\/td>\n<td>Ostrava<\/td>\n<td><a href=\"https:\/\/www.cka.cz\/cs\/svet-architektury\/seznam-architektu\/ing-arch-prazak-vladimir\">632 Vladim\u00edr Pra\u017e\u00e1k<\/a><\/td>\n<td>ING. ARCH. VLADIM\u00cdR PRA\u017d\u00c1K<\/td>\n<\/tr>\n<tr>\n<td>2283<\/td>\n<td>\u00c7ekya<\/td>\n<td>Ostrava<\/td>\n<td><a href=\"https:\/\/www.cka.cz\/cs\/svet-architektury\/seznam-architektu\/ing-arch-sikora-vitold\">633 Vitold Sikora<\/a><\/td>\n<td>ING. ARCH. VITOLD SIKORA<\/td>\n<\/tr>\n<tr>\n<td>2284<\/td>\n<td>\u00c7ekya<\/td>\n<td>Olomouc<\/td>\n<td><a href=\"https:\/\/www.cka.cz\/cs\/svet-architektury\/seznam-architektu\/ing-arch-kolar-ctirad\">634 Ctirad Kol\u00e1\u0159<\/a><\/td>\n<td>ING. ARCH. CTIRAD KOL\u00c1\u0158<\/td>\n<\/tr>\n<tr>\n<td>2285<\/td>\n<td>\u00c7ekya<\/td>\n<td>Brno<\/td>\n<td><a href=\"https:\/\/www.cka.cz\/cs\/svet-architektury\/seznam-architektu\/ing-arch-hanis-lubos\">635 Lubo\u0161 Hani\u0161<\/a><\/td>\n<td>ING. ARCH. LUBO\u0160 HANI\u0160<\/td>\n<\/tr>\n<tr>\n<td>2286<\/td>\n<td>\u00c7ekya<\/td>\n<td>Brno<\/td>\n<td><a href=\"https:\/\/www.cka.cz\/cs\/svet-architektury\/seznam-architektu\/ing-arch-myslivec-josef\">636 Josef Myslivec<\/a><\/td>\n<td>ING. ARCH. JOSEF MYSLIVEC<\/td>\n<\/tr>\n<tr>\n<td>2287<\/td>\n<td>\u00c7ekya<\/td>\n<td>Prag<\/td>\n<td><a href=\"https:\/\/www.cka.cz\/cs\/svet-architektury\/seznam-architektu\/ing-akad-arch-davidova-marie\">637 Marie Davidov\u00e1<\/a><\/td>\n<td>ING. AKAD. ARCH. MARIE DAVIDOV\u00c1<\/td>\n<\/tr>\n<tr>\n<td>2288<\/td>\n<td>\u00c7ekya<\/td>\n<td>Prost\u011bjov<\/td>\n<td><a href=\"https:\/\/www.cka.cz\/cs\/svet-architektury\/seznam-architektu\/ing-mlcoch-zdenek\">638 Zden\u011bk Ml\u010doch<\/a><\/td>\n<td>ING. ZDEN\u011aK ML\u010cOCH<\/td>\n<\/tr>\n<tr>\n<td>2289<\/td>\n<td>\u00c7ekya<\/td>\n<td>Prag<\/td>\n<td><a href=\"https:\/\/www.cka.cz\/cs\/svet-architektury\/seznam-architektu\/ing-arch-stransku-stanislav\">639 Stanislav Str\u00e1nsk\u00fd<\/a><\/td>\n<td>ING. ARCH. STANISLAV STR\u00c1NSK\u00dd<\/td>\n<\/tr>\n<tr>\n<td>2290<\/td>\n<td>\u00c7ekya<\/td>\n<td>Prag<\/td>\n<td><a href=\"https:\/\/www.cka.cz\/cs\/svet-architektury\/seznam-architektu\/wasserbauer-zdenek\">640 Zden\u011bk Wasserbauer<\/a><\/td>\n<td>ZDEN\u011aK WASSERBAUER<\/td>\n<\/tr>\n<tr>\n<td>2291<\/td>\n<td>\u00c7ekya<\/td>\n<td>\u00dasteck\u00fd kraj<\/td>\n<td><a href=\"https:\/\/www.cka.cz\/cs\/svet-architektury\/seznam-architektu\/ing-drtikol-jiri\">641 Ji\u0159\u00ed Drtikol<\/a><\/td>\n<td>ING. JI\u0158\u00cd DRTIKOL<\/td>\n<\/tr>\n<tr>\n<td>2292<\/td>\n<td>\u00c7ekya<\/td>\n<td>Prag<\/td>\n<td><a href=\"https:\/\/www.cka.cz\/cs\/svet-architektury\/seznam-architektu\/cisar-karel\">642 Karel C\u00edsa\u0159<\/a><\/td>\n<td>KAREL C\u00cdSA\u0158<\/td>\n<\/tr>\n<tr>\n<td>2293<\/td>\n<td>\u00c7ekya<\/td>\n<td>Moravskoslezsk\u00fd<\/td>\n<td><a href=\"https:\/\/www.cka.cz\/cs\/svet-architektury\/seznam-architektu\/ing-arch-hrna-radomir\">643 Radom\u00edr Hr\u0148a<\/a><\/td>\n<td>ING. ARCH. RADOM\u00cdR HR\u0147A<\/td>\n<\/tr>\n<tr>\n<td>2294<\/td>\n<td>\u00c7ekya<\/td>\n<td>Prag<\/td>\n<td><a href=\"https:\/\/www.cka.cz\/cs\/svet-architektury\/seznam-architektu\/ing-karasek-jan\">644 Jan Kar\u00e1sek<\/a><\/td>\n<td>ING. JAN KAR\u00c1SEK<\/td>\n<\/tr>\n<tr>\n<td>2295<\/td>\n<td>\u00c7ekya<\/td>\n<td>Jihomoravsk\u00fd<\/td>\n<td><a href=\"https:\/\/www.cka.cz\/cs\/svet-architektury\/seznam-architektu\/ing-gacov-ivan\">645 Ivan Gacov<\/a><\/td>\n<td>ING. IVAN GACOV<\/td>\n<\/tr>\n<tr>\n<td>2296<\/td>\n<td>\u00c7ekya<\/td>\n<td>ING. KAREL DRHOVSK\u00dd<\/td>\n<td><a href=\"https:\/\/www.cka.cz\/cs\/svet-architektury\/seznam-architektu\/ing-drhovsku-karel\">646 Karel Drhovsk\u00fd<\/a><\/td>\n<td>ING. KAREL DRHOVSK\u00dd<\/td>\n<\/tr>\n<tr>\n<td>2297<\/td>\n<td>\u00c7ekya<\/td>\n<td>Brno<\/td>\n<td><a href=\"https:\/\/www.cka.cz\/cs\/svet-architektury\/seznam-architektu\/ing-zimova-eliska\">647 Eli\u0161ka Zimov\u00e1<\/a><\/td>\n<td>ING. ELI\u0160KA ZIMOV\u00c1<\/td>\n<\/tr>\n<tr>\n<td>2298<\/td>\n<td>\u00c7ekya<\/td>\n<td>Prag<\/td>\n<td><a href=\"https:\/\/www.cka.cz\/cs\/svet-architektury\/seznam-architektu\/ing-arch-stempel-jan\">648 J\u00e1n Stempel<\/a><\/td>\n<td>PROF. ING. ARCH. J\u00c1N STEMPEL<\/td>\n<\/tr>\n<tr>\n<td>2299<\/td>\n<td>\u00c7ekya<\/td>\n<td>St\u0159edo\u010desk\u00fd kraj<\/td>\n<td><a href=\"https:\/\/www.cka.cz\/cs\/svet-architektury\/seznam-architektu\/ing-arch-vavrin-mikolas\">649 Mikol\u00e1\u0161 Vav\u0159\u00edn<\/a><\/td>\n<td>ING. ARCH. MIKOL\u00c1\u0160 VAV\u0158\u00cdN<\/td>\n<\/tr>\n<tr>\n<td>2300<\/td>\n<td>\u00c7ekya<\/td>\n<td>Prag<\/td>\n<td><a href=\"https:\/\/www.cka.cz\/cs\/svet-architektury\/seznam-architektu\/ing-arch-veselu-jiri\">650 Ji\u0159\u00ed Vesel\u00fd<\/a><\/td>\n<td>ING. ARCH. JI\u0158\u00cd VESEL\u00dd<\/td>\n<\/tr>\n<tr>\n<td>2301<\/td>\n<td>\u00c7ekya<\/td>\n<td>Pardubick\u00fd kraj<\/td>\n<td><a href=\"https:\/\/www.cka.cz\/cs\/svet-architektury\/seznam-architektu\/ing-arch-fila-libor\">651 Libor F\u00edla<\/a><\/td>\n<td>ING. ARCH. LIBOR F\u00cdLA<\/td>\n<\/tr>\n<tr>\n<td>2302<\/td>\n<td>\u00c7ekya<\/td>\n<td>Smolnice<\/td>\n<td><a href=\"https:\/\/www.cka.cz\/cs\/svet-architektury\/seznam-architektu\/ing-arch-vrchlavska-hana\">652 Hana Vrchlavsk\u00e1<\/a><\/td>\n<td>ING. ARCH. HANA VRCHLAVSK\u00c1<\/td>\n<\/tr>\n<tr>\n<td>2303<\/td>\n<td>\u00c7ekya<\/td>\n<td>Prag<\/td>\n<td><a href=\"https:\/\/www.cka.cz\/cs\/svet-architektury\/seznam-architektu\/akad-arch-sramek-michal\">653 Michal \u0160r\u00e1mek<\/a><\/td>\n<td>AKAD. ARCH. MICHAL \u0160R\u00c1MEK<\/td>\n<\/tr>\n<tr>\n<td>2304<\/td>\n<td>\u00c7ekya<\/td>\n<td>Prag<\/td>\n<td><a href=\"https:\/\/www.cka.cz\/cs\/svet-architektury\/seznam-architektu\/ing-mackovic-vladimir\">654 Vladim\u00edr Mackovi\u010d<\/a><\/td>\n<td>ING. VLADIM\u00cdR MACKOVI\u010c<\/td>\n<\/tr>\n<tr>\n<td>2305<\/td>\n<td>\u00c7ekya<\/td>\n<td>Labem<\/td>\n<td><a href=\"https:\/\/www.cka.cz\/cs\/svet-architektury\/seznam-architektu\/ing-arch-stanko-tomas\">655 Tom\u00e1\u0161 Stanko<\/a><\/td>\n<td>ING. ARCH. TOM\u00c1\u0160 STANKO<\/td>\n<\/tr>\n<tr>\n<td>2306<\/td>\n<td>\u00c7ekya<\/td>\n<td>Krom\u011b\u0159\u00ed\u017e<\/td>\n<td><a href=\"https:\/\/www.cka.cz\/cs\/svet-architektury\/seznam-architektu\/ing-arch-vrtal-josef\">656 Josef Vrtal<\/a><\/td>\n<td>ING. ARCH. JOSEF VRTAL<\/td>\n<\/tr>\n<tr>\n<td>2307<\/td>\n<td>\u00c7ekya<\/td>\n<td>Brno<\/td>\n<td><a href=\"https:\/\/www.cka.cz\/cs\/svet-architektury\/seznam-architektu\/ing-arch-skrabal-jindrich\">657 Jind\u0159ich \u0160krabal<\/a><\/td>\n<td>ING. ARCH. JIND\u0158ICH \u0160KRABAL<\/td>\n<\/tr>\n<tr>\n<td>2308<\/td>\n<td>\u00c7ekya<\/td>\n<td>Prag<\/td>\n<td><a href=\"https:\/\/www.cka.cz\/cs\/svet-architektury\/seznam-architektu\/ing-arch-hancl-jan\">658 Jan Han\u010dl<\/a><\/td>\n<td>ING. ARCH. JAN HAN\u010cL<\/td>\n<\/tr>\n<tr>\n<td>2309<\/td>\n<td>\u00c7ekya<\/td>\n<td>Prag<\/td>\n<td><a href=\"https:\/\/www.cka.cz\/cs\/svet-architektury\/seznam-architektu\/ing-arch-sejkora-lubos\">659 Lubo\u0161 Sejkora<\/a><\/td>\n<td>ING. ARCH. LUBO\u0160 SEJKORA<\/td>\n<\/tr>\n<tr>\n<td>2310<\/td>\n<td>\u00c7ekya<\/td>\n<td>Prag<\/td>\n<td><a href=\"https:\/\/www.cka.cz\/cs\/svet-architektury\/seznam-architektu\/ing-arch-kotacka-alexandr\">660 Alexandr Kota\u010dka<\/a><\/td>\n<td>ING. ARCH. ALEXANDR KOTA\u010cKA<\/td>\n<\/tr>\n<tr>\n<td>2311<\/td>\n<td>\u00c7ekya<\/td>\n<td>Prag<\/td>\n<td><a href=\"https:\/\/www.cka.cz\/cs\/svet-architektury\/seznam-architektu\/ing-akad-arch-filsak-karel\">661 Karel Filsak<\/a><\/td>\n<td>ING. AKAD. ARCH. KAREL FILSAK<\/td>\n<\/tr>\n<tr>\n<td>2312<\/td>\n<td>\u00c7ekya<\/td>\n<td>Prag<\/td>\n<td><a href=\"https:\/\/www.cka.cz\/cs\/svet-architektury\/seznam-architektu\/ing-arch-vala-jiri\">662 Ji\u0159\u00ed V\u00e1la<\/a><\/td>\n<td>ING. ARCH. JI\u0158\u00cd V\u00c1LA<\/td>\n<\/tr>\n<tr>\n<td>2313<\/td>\n<td>\u00c7ekya<\/td>\n<td>Prag<\/td>\n<td><a href=\"https:\/\/www.cka.cz\/cs\/svet-architektury\/seznam-architektu\/ing-arch-suhajik-ivan\">663 Ivan \u0160uhaj\u00edk<\/a><\/td>\n<td>ING. ARCH. IVAN \u0160UHAJ\u00cdK<\/td>\n<\/tr>\n<tr>\n<td>2314<\/td>\n<td>\u00c7ekya<\/td>\n<td>Prag<\/td>\n<td><a href=\"https:\/\/www.cka.cz\/cs\/svet-architektury\/seznam-architektu\/doc-ing-arch-horky-ivan-drsc\">664 Ivan Hork\u00fd<\/a><\/td>\n<td>DOC. ING. ARCH. IVAN HORK\u00dd DRSC.<\/td>\n<\/tr>\n<tr>\n<td>2315<\/td>\n<td>\u00c7ekya<\/td>\n<td>Prag<\/td>\n<td><a href=\"https:\/\/www.cka.cz\/cs\/svet-architektury\/seznam-architektu\/ing-arch-mrazek-karel\">665 Karel Mr\u00e1zek<\/a><\/td>\n<td>ING. ARCH. KAREL MR\u00c1ZEK<\/td>\n<\/tr>\n<tr>\n<td>2316<\/td>\n<td>\u00c7ekya<\/td>\n<td>Prag<\/td>\n<td><a href=\"https:\/\/www.cka.cz\/cs\/svet-architektury\/seznam-architektu\/ing-arch-sedlacek-jiri\">666 Ji\u0159\u00ed Sedl\u00e1\u010dek<\/a><\/td>\n<td>ING. ARCH. JI\u0158\u00cd SEDL\u00c1\u010cEK<\/td>\n<\/tr>\n<tr>\n<td>2317<\/td>\n<td>\u00c7ekya<\/td>\n<td>Prag<\/td>\n<td><a href=\"https:\/\/www.cka.cz\/cs\/svet-architektury\/seznam-architektu\/ing-arch-zentel-jiri\">667 Ji\u0159\u00ed \u017dentel<\/a><\/td>\n<td>ING. ARCH. JI\u0158\u00cd \u017dENTEL<\/td>\n<\/tr>\n<tr>\n<td>2318<\/td>\n<td>\u00c7ekya<\/td>\n<td>Prag<\/td>\n<td><a href=\"https:\/\/www.cka.cz\/cs\/svet-architektury\/seznam-architektu\/ing-arch-pospisil-josef\">668 Josef Posp\u00ed\u0161il<\/a><\/td>\n<td>ING. ARCH. JOSEF POSP\u00cd\u0160IL<\/td>\n<\/tr>\n<tr>\n<td>2319<\/td>\n<td>\u00c7ekya<\/td>\n<td>Prag<\/td>\n<td><a href=\"https:\/\/www.cka.cz\/cs\/svet-architektury\/seznam-architektu\/ing-havlik-frantisek\">669 Franti\u0161ek Havl\u00edk<\/a><\/td>\n<td>ING. FRANTI\u0160EK HAVL\u00cdK<\/td>\n<\/tr>\n<tr>\n<td>2320<\/td>\n<td>\u00c7ekya<\/td>\n<td>Prag<\/td>\n<td><a href=\"https:\/\/www.cka.cz\/cs\/svet-architektury\/seznam-architektu\/ing-arch-kroha-alexandr\">670 Alexandr Kroha<\/a><\/td>\n<td>ING. ARCH. ALEXANDR KROHA<\/td>\n<\/tr>\n<tr>\n<td>2321<\/td>\n<td>\u00c7ekya<\/td>\n<td>Prag<\/td>\n<td><a href=\"https:\/\/www.cka.cz\/cs\/svet-architektury\/seznam-architektu\/ing-arch-hrcek-pavel\">671 Pavel Hr\u010dek<\/a><\/td>\n<td>ING. ARCH. PAVEL HR\u010cEK<\/td>\n<\/tr>\n<tr>\n<td>2322<\/td>\n<td>\u00c7ekya<\/td>\n<td>Prag<\/td>\n<td><a href=\"https:\/\/www.cka.cz\/cs\/svet-architektury\/seznam-architektu\/ing-arch-cibulova-petra\">672 Petra Cibulov\u00e1<\/a><\/td>\n<td>ING. ARCH. PETRA CIBULOV\u00c1<\/td>\n<\/tr>\n<tr>\n<td>2323<\/td>\n<td>\u00c7ekya<\/td>\n<td>Prag<\/td>\n<td><a href=\"https:\/\/www.cka.cz\/cs\/svet-architektury\/seznam-architektu\/ing-arch-adamovsky-vaclav\">673 V\u00e1clav Adamovsk\u00fd<\/a><\/td>\n<td>ING. ARCH. V\u00c1CLAV ADAMOVSK\u00dd<\/td>\n<\/tr>\n<tr>\n<td>2324<\/td>\n<td>\u00c7ekya<\/td>\n<td>Prag<\/td>\n<td><a href=\"https:\/\/www.cka.cz\/cs\/svet-architektury\/seznam-architektu\/ing-arch-bocek-pavel\">674 Pavel Bo\u010dek<\/a><\/td>\n<td>ING. ARCH. PAVEL BO\u010cEK<\/td>\n<\/tr>\n<tr>\n<td>2325<\/td>\n<td>\u00c7ekya<\/td>\n<td>Prag<\/td>\n<td><a href=\"https:\/\/www.cka.cz\/cs\/svet-architektury\/seznam-architektu\/ing-arch-labonkova-hana\">675 Hana Labonkov\u00e1<\/a><\/td>\n<td>ING. ARCH. HANA LABONKOV\u00c1<\/td>\n<\/tr>\n<tr>\n<td>2326<\/td>\n<td>\u00c7ekya<\/td>\n<td>Kladno<\/td>\n<td><a href=\"https:\/\/www.cka.cz\/cs\/svet-architektury\/seznam-architektu\/ing-arch-krauskopf-jan\">676 Jan Krauskopf<\/a><\/td>\n<td>ING. ARCH. JAN KRAUSKOPF<\/td>\n<\/tr>\n<tr>\n<td>2327<\/td>\n<td>\u00c7ekya<\/td>\n<td>Prag<\/td>\n<td><a href=\"https:\/\/www.cka.cz\/cs\/svet-architektury\/seznam-architektu\/ing-arch-prenosil-petr\">677 Petr P\u0159enosil<\/a><\/td>\n<td>ING. ARCH. PETR P\u0158ENOSIL<\/td>\n<\/tr>\n<tr>\n<td>2328<\/td>\n<td>\u00c7ekya<\/td>\n<td>Prag<\/td>\n<td><a href=\"https:\/\/www.cka.cz\/cs\/svet-architektury\/seznam-architektu\/akad-arch-borl-jiri\">678 Ji\u0159\u00ed Borl<\/a><\/td>\n<td>AKAD. ARCH. JI\u0158\u00cd BORL<\/td>\n<\/tr>\n<tr>\n<td>2329<\/td>\n<td>\u00c7ekya<\/td>\n<td>Prag<\/td>\n<td><a href=\"https:\/\/www.cka.cz\/cs\/svet-architektury\/seznam-architektu\/ing-arch-veprek-karel\">679 Karel Vep\u0159ek<\/a><\/td>\n<td>ING. ARCH. KAREL VEP\u0158EK<\/td>\n<\/tr>\n<tr>\n<td>2330<\/td>\n<td>\u00c7ekya<\/td>\n<td>K\u0159enice<\/td>\n<td><a href=\"https:\/\/www.cka.cz\/cs\/svet-architektury\/seznam-architektu\/ing-arch-kratochvil-petr\">680 Petr Kratochv\u00edl<\/a><\/td>\n<td>ING. ARCH. PETR KRATOCHV\u00cdL<\/td>\n<\/tr>\n<tr>\n<td>2331<\/td>\n<td>\u00c7ekya<\/td>\n<td>Prag<\/td>\n<td><a href=\"https:\/\/www.cka.cz\/cs\/svet-architektury\/seznam-architektu\/ing-arch-vinterova-alena\">681 Alena Vinterov\u00e1<\/a><\/td>\n<td>ING. ARCH. ALENA VINTEROV\u00c1<\/td>\n<\/tr>\n<tr>\n<td>2332<\/td>\n<td>\u00c7ekya<\/td>\n<td>Labem<\/td>\n<td><a href=\"https:\/\/www.cka.cz\/cs\/svet-architektury\/seznam-architektu\/ing-arch-stastny-zdenek\">682 Zden\u011bk \u0160\u0165astn\u00fd<\/a><\/td>\n<td>ING. ARCH. ZDEN\u011aK \u0160\u0164ASTN\u00dd<\/td>\n<\/tr>\n<tr>\n<td>2333<\/td>\n<td>\u00c7ekya<\/td>\n<td>Prag<\/td>\n<td><a href=\"https:\/\/www.cka.cz\/cs\/svet-architektury\/seznam-architektu\/ing-arch-lacina-vladimir\">683 Vladim\u00edr Lacina<\/a><\/td>\n<td>ING. ARCH. VLADIM\u00cdR LACINA<\/td>\n<\/tr>\n<tr>\n<td>2334<\/td>\n<td>\u00c7ekya<\/td>\n<td>Prag<\/td>\n<td><a href=\"https:\/\/www.cka.cz\/cs\/svet-architektury\/seznam-architektu\/ing-arch-veselu-ladislav\">684 Ladislav Vesel\u00fd<\/a><\/td>\n<td>ING. ARCH. LADISLAV VESEL\u00dd<\/td>\n<\/tr>\n<tr>\n<td>2335<\/td>\n<td>\u00c7ekya<\/td>\n<td>Libereck\u00fd kraj<\/td>\n<td><a href=\"https:\/\/www.cka.cz\/cs\/svet-architektury\/seznam-architektu\/ing-arch-stepanek-miloslav\">685 Miloslav \u0160t\u011bp\u00e1nek<\/a><\/td>\n<td>ING. ARCH. MILOSLAV \u0160T\u011aP\u00c1NEK<\/td>\n<\/tr>\n<tr>\n<td>2336<\/td>\n<td>\u00c7ekya<\/td>\n<td>Libereck\u00fd kraj<\/td>\n<td><a href=\"https:\/\/www.cka.cz\/cs\/svet-architektury\/seznam-architektu\/ing-arch-beranova-jarmila\">686 Jarmila Beranov\u00e1<\/a><\/td>\n<td>ING. ARCH. JARMILA BERANOV\u00c1<\/td>\n<\/tr>\n<tr>\n<td>2337<\/td>\n<td>\u00c7ekya<\/td>\n<td>Vyso\u010dina<\/td>\n<td><a href=\"https:\/\/www.cka.cz\/cs\/svet-architektury\/seznam-architektu\/ing-hruzova-jarmila\">687 Jarmila Hr\u016fzov\u00e1<\/a><\/td>\n<td>ING. JARMILA HR\u016eZOV\u00c1<\/td>\n<\/tr>\n<tr>\n<td>2338<\/td>\n<td>\u00c7ekya<\/td>\n<td>Mari\u00e1nsk\u00e9 L\u00e1zn\u011b<\/td>\n<td><a href=\"https:\/\/www.cka.cz\/cs\/svet-architektury\/seznam-architektu\/ing-arch-kunert-pavel\">688 Pavel Kunert<\/a><\/td>\n<td>ING. ARCH. PAVEL KUNERT<\/td>\n<\/tr>\n<tr>\n<td>2339<\/td>\n<td>\u00c7ekya<\/td>\n<td>Mari\u00e1nsk\u00e9 L\u00e1zn\u011b<\/td>\n<td><a href=\"https:\/\/www.cka.cz\/cs\/svet-architektury\/seznam-architektu\/ing-arch-franta-zdenek\">689 Zden\u011bk Franta<\/a><\/td>\n<td>ING. ARCH. ZDEN\u011aK FRANTA<\/td>\n<\/tr>\n<tr>\n<td>2340<\/td>\n<td>\u00c7ekya<\/td>\n<td>St\u0159edo\u010desk\u00fd kraj<\/td>\n<td><a href=\"https:\/\/www.cka.cz\/cs\/svet-architektury\/seznam-architektu\/ing-stocesova-anna\">690 Anna Sto\u010desov\u00e1<\/a><\/td>\n<td>ING. ANNA STO\u010cESOV\u00c1<\/td>\n<\/tr>\n<tr>\n<td>2341<\/td>\n<td>\u00c7ekya<\/td>\n<td>\u010cesk\u00fd Krumlov<\/td>\n<td><a href=\"https:\/\/www.cka.cz\/cs\/svet-architektury\/seznam-architektu\/ing-bartak-petr\">691 Petr Bart\u00e1k<\/a><\/td>\n<td>ING. PETR BART\u00c1K<\/td>\n<\/tr>\n<tr>\n<td>2342<\/td>\n<td>\u00c7ekya<\/td>\n<td>St\u0159edo\u010desk\u00fd kraj<\/td>\n<td><a href=\"https:\/\/www.cka.cz\/cs\/svet-architektury\/seznam-architektu\/ing-arch-pasek-petr\">692 Petr Pa\u0161ek<\/a><\/td>\n<td>ING. ARCH. PETR PA\u0160EK<\/td>\n<\/tr>\n<tr>\n<td>2343<\/td>\n<td>\u00c7ekya<\/td>\n<td>Prag<\/td>\n<td><a href=\"https:\/\/www.cka.cz\/cs\/svet-architektury\/seznam-architektu\/ing-arch-dlabal-stanislav\">693 Stanislav Dlabal<\/a><\/td>\n<td>ING. ARCH. STANISLAV DLABAL<\/td>\n<\/tr>\n<tr>\n<td>2344<\/td>\n<td>\u00c7ekya<\/td>\n<td>St\u0159edo\u010desk\u00fd kraj<\/td>\n<td><a href=\"https:\/\/www.cka.cz\/cs\/svet-architektury\/seznam-architektu\/ing-arch-zelenka-josef\">694 Josef Zelenka<\/a><\/td>\n<td>ING. ARCH. JOSEF ZELENKA<\/td>\n<\/tr>\n<tr>\n<td>2345<\/td>\n<td>\u00c7ekya<\/td>\n<td>Prag<\/td>\n<td><a href=\"https:\/\/www.cka.cz\/cs\/svet-architektury\/seznam-architektu\/ing-arch-zikmund-jan\">695 Jan Zikmund<\/a><\/td>\n<td>ING. ARCH. JAN ZIKMUND<\/td>\n<\/tr>\n<tr>\n<td>2346<\/td>\n<td>\u00c7ekya<\/td>\n<td>Brno<\/td>\n<td><a href=\"https:\/\/www.cka.cz\/cs\/svet-architektury\/seznam-architektu\/ing-arch-manak-hynek\">696 Hynek Ma\u0148\u00e1k<\/a><\/td>\n<td>ING. ARCH. HYNEK MA\u0147\u00c1K<\/td>\n<\/tr>\n<tr>\n<td>2347<\/td>\n<td>\u00c7ekya<\/td>\n<td>Olomouc<\/td>\n<td><a href=\"https:\/\/www.cka.cz\/cs\/svet-architektury\/seznam-architektu\/ing-arch-dostal-josef\">697 Josef Dost\u00e1l<\/a><\/td>\n<td>ING. ARCH. JOSEF DOST\u00c1L<\/td>\n<\/tr>\n<tr>\n<td>2348<\/td>\n<td>\u00c7ekya<\/td>\n<td>Brno<\/td>\n<td><a href=\"https:\/\/www.cka.cz\/cs\/svet-architektury\/seznam-architektu\/ing-arch-vanek-jaroslav\">698 Jaroslav Van\u011bk<\/a><\/td>\n<td>ING. ARCH. JAROSLAV VAN\u011aK<\/td>\n<\/tr>\n<tr>\n<td>2349<\/td>\n<td>\u00c7ekya<\/td>\n<td>Brno<\/td>\n<td><a href=\"https:\/\/www.cka.cz\/cs\/svet-architektury\/seznam-architektu\/ing-janickova-vera\">699 V\u011bra Jan\u00ed\u010dkov\u00e1<\/a><\/td>\n<td>ING. V\u011aRA JAN\u00cd\u010cKOV\u00c1<\/td>\n<\/tr>\n<tr>\n<td>2350<\/td>\n<td>\u00c7ekya<\/td>\n<td>Moravskoslezsk\u00fd kraj<\/td>\n<td><a href=\"https:\/\/www.cka.cz\/cs\/svet-architektury\/seznam-architektu\/ing-arch-lichnovsku-petr\">700 Petr Lichnovsk\u00fd<\/a><\/td>\n<td>ING. ARCH. PETR LICHNOVSK\u00dd<\/td>\n<\/tr>\n<tr>\n<td>2351<\/td>\n<td>\u00c7ekya<\/td>\n<td>Kr\u00e1lov\u00e9hradeck\u00fd kraj<\/td>\n<td><a href=\"https:\/\/www.cka.cz\/cs\/svet-architektury\/seznam-architektu\/ing-arch-herbst-vladimir\">701 Vladim\u00edr Herbst<\/a><\/td>\n<td>ING. ARCH. VLADIM\u00cdR HERBST<\/td>\n<\/tr>\n<tr>\n<td>2352<\/td>\n<td>\u00c7ekya<\/td>\n<td>Kr\u00e1lov\u00e9hradeck\u00fd kraj<\/td>\n<td><a href=\"https:\/\/www.cka.cz\/cs\/svet-architektury\/seznam-architektu\/ing-arch-petrak-josef\">702 Josef Petr\u00e1k<\/a><\/td>\n<td>ING. ARCH. JOSEF PETR\u00c1K<\/td>\n<\/tr>\n<tr>\n<td>2353<\/td>\n<td>\u00c7ekya<\/td>\n<td>Pardubick\u00fd kraj<\/td>\n<td><a href=\"https:\/\/www.cka.cz\/cs\/svet-architektury\/seznam-architektu\/ing-arch-cihacek-jan\">703 Jan \u010cih\u00e1\u010dek<\/a><\/td>\n<td>ING. ARCH. JAN \u010cIH\u00c1\u010cEK<\/td>\n<\/tr>\n<tr>\n<td>2354<\/td>\n<td>\u00c7ekya<\/td>\n<td>Jihomoravsk\u00fd kraj<\/td>\n<td><a href=\"https:\/\/www.cka.cz\/cs\/svet-architektury\/seznam-architektu\/ing-arch-jasek-zdenek\">704 Zden\u011bk Ja\u0161ek<\/a><\/td>\n<td>ING. ARCH. ZDEN\u011aK JA\u0160EK<\/td>\n<\/tr>\n<tr>\n<td>2355<\/td>\n<td>\u00c7ekya<\/td>\n<td>Jihomoravsk\u00fd kraj<\/td>\n<td><a href=\"https:\/\/www.cka.cz\/cs\/svet-architektury\/seznam-architektu\/ing-arch-nemec-josef\">705 Josef N\u011bmec<\/a><\/td>\n<td>ING. ARCH. JOSEF N\u011aMEC<\/td>\n<\/tr>\n<tr>\n<td>2356<\/td>\n<td>\u00c7ekya<\/td>\n<td>Jihomoravsk\u00fd kraj<\/td>\n<td><a href=\"https:\/\/www.cka.cz\/cs\/svet-architektury\/seznam-architektu\/ing-arch-maskova-zora\">706 Zora Ma\u0161kov\u00e1<\/a><\/td>\n<td>ING. ARCH. ZORA MA\u0160KOV\u00c1<\/td>\n<\/tr>\n<tr>\n<td>2357<\/td>\n<td>\u00c7ekya<\/td>\n<td>Opava<\/td>\n<td><a href=\"https:\/\/www.cka.cz\/cs\/svet-architektury\/seznam-architektu\/ing-arch-stromsky-karel\">707 Karel Stromsk\u00fd<\/a><\/td>\n<td>ING. ARCH. KAREL STROMSK\u00dd<\/td>\n<\/tr>\n<tr>\n<td>2358<\/td>\n<td>\u00c7ekya<\/td>\n<td>Jihomoravsk\u00fd kraj<\/td>\n<td><a href=\"https:\/\/www.cka.cz\/cs\/svet-architektury\/seznam-architektu\/ing-arch-franek-zdenek\">708 Zden\u011bk Fr\u00e1nek<\/a><\/td>\n<td>ING. ARCH. ZDEN\u011aK FR\u00c1NEK<\/td>\n<\/tr>\n<tr>\n<td>2359<\/td>\n<td>\u00c7ekya<\/td>\n<td>Vyso\u010dina<\/td>\n<td><a href=\"https:\/\/www.cka.cz\/cs\/svet-architektury\/seznam-architektu\/ing-arch-juda-josef\">709 Josef Juda<\/a><\/td>\n<td>ING. ARCH. JOSEF JUDA<\/td>\n<\/tr>\n<tr>\n<td>2360<\/td>\n<td>\u00c7ekya<\/td>\n<td>Jihomoravsk\u00fd kraj<\/td>\n<td><a href=\"https:\/\/www.cka.cz\/cs\/svet-architektury\/seznam-architektu\/ing-arch-kropac-miroslav\">710 Miroslav Krop\u00e1\u010d<\/a><\/td>\n<td>ING. ARCH. MIROSLAV KROP\u00c1\u010c<\/td>\n<\/tr>\n<tr>\n<td>2361<\/td>\n<td>\u00c7ekya<\/td>\n<td>Moravskoslezsk\u00fd kraj<\/td>\n<td><a href=\"https:\/\/www.cka.cz\/cs\/svet-architektury\/seznam-architektu\/ing-arch-firla-bronislav\">711 Bronislav Firla<\/a><\/td>\n<td>ING. ARCH. BRONISLAV FIRLA<\/td>\n<\/tr>\n<tr>\n<td>2362<\/td>\n<td>\u00c7ekya<\/td>\n<td>Brno<\/td>\n<td><a href=\"https:\/\/www.cka.cz\/cs\/svet-architektury\/seznam-architektu\/ing-arch-rada-pavel\">712 Pavel Rada<\/a><\/td>\n<td>ING. ARCH. PAVEL RADA<\/td>\n<\/tr>\n<tr>\n<td>2363<\/td>\n<td>\u00c7ekya<\/td>\n<td>Ostrava<\/td>\n<td><a href=\"https:\/\/www.cka.cz\/cs\/svet-architektury\/seznam-architektu\/ing-arch-hoferek-jaroslav\">713 Jaroslav Hoferek<\/a><\/td>\n<td>ING. ARCH. JAROSLAV HOFEREK<\/td>\n<\/tr>\n<tr>\n<td>2364<\/td>\n<td>\u00c7ekya<\/td>\n<td>Brno<\/td>\n<td><a href=\"https:\/\/www.cka.cz\/cs\/svet-architektury\/seznam-architektu\/ing-arch-konicarova-eva\">714 Eva Konicarov\u00e1<\/a><\/td>\n<td>ING. ARCH. EVA KONICAROV\u00c1<\/td>\n<\/tr>\n<tr>\n<td>2365<\/td>\n<td>\u00c7ekya<\/td>\n<td>Brno<\/td>\n<td><a href=\"https:\/\/www.cka.cz\/cs\/svet-architektury\/seznam-architektu\/ing-arch-bublakova-eva\">715 Eva Bubl\u00e1kov\u00e1<\/a><\/td>\n<td>ING. ARCH. EVA BUBL\u00c1KOV\u00c1<\/td>\n<\/tr>\n<tr>\n<td>2366<\/td>\n<td>\u00c7ekya<\/td>\n<td>Brno<\/td>\n<td><a href=\"https:\/\/www.cka.cz\/cs\/svet-architektury\/seznam-architektu\/ing-arch-spurnu-miroslav\">716 Miroslav Spurn\u00fd<\/a><\/td>\n<td>ING. ARCH. MIROSLAV SPURN\u00dd<\/td>\n<\/tr>\n<tr>\n<td>2367<\/td>\n<td>\u00c7ekya<\/td>\n<td>Prag<\/td>\n<td><a href=\"https:\/\/www.cka.cz\/cs\/svet-architektury\/seznam-architektu\/ing-arch-pechar-zdenek\">717 Zden\u011bk Pechar<\/a><\/td>\n<td>ING. ARCH. ZDEN\u011aK PECHAR<\/td>\n<\/tr>\n<tr>\n<td>2368<\/td>\n<td>\u00c7ekya<\/td>\n<td>Prag<\/td>\n<td><a href=\"https:\/\/www.cka.cz\/cs\/svet-architektury\/seznam-architektu\/ing-arch-cajthaml-miloslav\">718 Miloslav Cajthaml<\/a><\/td>\n<td>ING. ARCH. MILOSLAV CAJTHAML<\/td>\n<\/tr>\n<tr>\n<td>2369<\/td>\n<td>\u00c7ekya<\/td>\n<td>Prag<\/td>\n<td><a href=\"https:\/\/www.cka.cz\/cs\/svet-architektury\/seznam-architektu\/ing-arch-cajthamlova-neda\">719 Neda Cajthamlov\u00e1<\/a><\/td>\n<td>ING. ARCH. NEDA CAJTHAMLOV\u00c1<\/td>\n<\/tr>\n<tr>\n<td>2370<\/td>\n<td>\u00c7ekya<\/td>\n<td>Vltavou<\/td>\n<td><a href=\"https:\/\/www.cka.cz\/cs\/svet-architektury\/seznam-architektu\/ing-arch-kobera-jiri\">720 Ji\u0159\u00ed Kobera<\/a><\/td>\n<td>ING. ARCH. JI\u0158\u00cd KOBERA<\/td>\n<\/tr>\n<tr>\n<td>2371<\/td>\n<td>\u00c7ekya<\/td>\n<td>Prag<\/td>\n<td><a href=\"https:\/\/www.cka.cz\/cs\/svet-architektury\/seznam-architektu\/ing-arch-kosek-jaroslav\">721 Jaroslav Kosek<\/a><\/td>\n<td>ING. ARCH. JAROSLAV KOSEK<\/td>\n<\/tr>\n<tr>\n<td>2372<\/td>\n<td>\u00c7ekya<\/td>\n<td>Prag<\/td>\n<td><a href=\"https:\/\/www.cka.cz\/cs\/svet-architektury\/seznam-architektu\/akad-arch-chmelova-jana\">722 Jana Chmelov\u00e1<\/a><\/td>\n<td>AKAD. ARCH. JANA CHMELOV\u00c1<\/td>\n<\/tr>\n<tr>\n<td>2373<\/td>\n<td>\u00c7ekya<\/td>\n<td>Prag<\/td>\n<td><a href=\"https:\/\/www.cka.cz\/cs\/svet-architektury\/seznam-architektu\/ing-arch-dvorak-jiri\">723 \u200b\u200bJi\u0159\u00ed Dvo\u0159\u00e1k<\/a><\/td>\n<td>ING. ARCH. JI\u0158\u00cd DVO\u0158\u00c1K<\/td>\n<\/tr>\n<tr>\n<td>2374<\/td>\n<td>\u00c7ekya<\/td>\n<td>Prag<\/td>\n<td><a href=\"https:\/\/www.cka.cz\/cs\/svet-architektury\/seznam-architektu\/ing-arch-muzik-jan\">724 Jan Mu\u017e\u00edk<\/a><\/td>\n<td>ING. ARCH. JAN MU\u017d\u00cdK<\/td>\n<\/tr>\n<tr>\n<td>2375<\/td>\n<td>\u00c7ekya<\/td>\n<td>Prag<\/td>\n<td><a href=\"https:\/\/www.cka.cz\/cs\/svet-architektury\/seznam-architektu\/ing-arch-habanec-libor\">725 Libor Habanec<\/a><\/td>\n<td>ING. ARCH. LIBOR HABANEC<\/td>\n<\/tr>\n<tr>\n<td>2376<\/td>\n<td>\u00c7ekya<\/td>\n<td>Prag<\/td>\n<td><a href=\"https:\/\/www.cka.cz\/cs\/svet-architektury\/seznam-architektu\/akad-arch-cajthaml-jakub\">726 Jakub Cajthaml<\/a><\/td>\n<td>AKAD. ARCH. JAKUB CAJTHAML<\/td>\n<\/tr>\n<tr>\n<td>2377<\/td>\n<td>\u00c7ekya<\/td>\n<td>Prag<\/td>\n<td><a href=\"https:\/\/www.cka.cz\/cs\/svet-architektury\/seznam-architektu\/ing-arch-dydovic-pavel\">727 Pavel Dydovic<\/a><\/td>\n<td>ING. ARCH. PAVEL DYDOVI\u010c<\/td>\n<\/tr>\n<tr>\n<td>2378<\/td>\n<td>\u00c7ekya<\/td>\n<td>Prag<\/td>\n<td><a href=\"https:\/\/www.cka.cz\/cs\/svet-architektury\/seznam-architektu\/ing-arch-cermak-karel\">728 Karel \u010cerm\u00e1k<\/a><\/td>\n<td>ING. ARCH. KAREL \u010cERM\u00c1K<\/td>\n<\/tr>\n<tr>\n<td>2379<\/td>\n<td>\u00c7ekya<\/td>\n<td>Prag<\/td>\n<td><a href=\"https:\/\/www.cka.cz\/cs\/svet-architektury\/seznam-architektu\/ing-arch-bajcurova-marie\">729 Marie Bajcurov\u00e1<\/a><\/td>\n<td>ING. ARCH. MARIE BAJCUROV\u00c1<\/td>\n<\/tr>\n<tr>\n<td>2380<\/td>\n<td>\u00c7ekya<\/td>\n<td>Prag<\/td>\n<td><a href=\"https:\/\/www.cka.cz\/cs\/svet-architektury\/seznam-architektu\/ing-arch-dostal-petr\">730 Petr Dostal<\/a><\/td>\n<td>ING. ARCH. PETR DOST\u00c1L<\/td>\n<\/tr>\n<tr>\n<td>2381<\/td>\n<td>\u00c7ekya<\/td>\n<td>Ostrava<\/td>\n<td><a href=\"https:\/\/www.cka.cz\/cs\/svet-architektury\/seznam-architektu\/ing-arch-pospisil-ivan\">731 Ivan Posp\u00ed\u0161il<\/a><\/td>\n<td>ING. ARCH. IVAN POSP\u00cd\u0160IL<\/td>\n<\/tr>\n<tr>\n<td>2382<\/td>\n<td>\u00c7ekya<\/td>\n<td>Prag<\/td>\n<td><a href=\"https:\/\/www.cka.cz\/cs\/svet-architektury\/seznam-architektu\/ing-arch-jadrnickova-jitka\">732 Jitka Jadrn\u00ed\u010dkov\u00e1<\/a><\/td>\n<td>ING. ARCH. JITKA JADRN\u00cd\u010cKOV\u00c1<\/td>\n<\/tr>\n<tr>\n<td>2383<\/td>\n<td>\u00c7ekya<\/td>\n<td>Prag<\/td>\n<td><a href=\"https:\/\/www.cka.cz\/cs\/svet-architektury\/seznam-architektu\/ing-akad-arch-krska-josef\">733 Josef Kr\u0161ka<\/a><\/td>\n<td>ING. AKAD. ARCH. JOSEF KR\u0160KA<\/td>\n<\/tr>\n<tr>\n<td>2384<\/td>\n<td>\u00c7ekya<\/td>\n<td>St\u0159edo\u010desk\u00fd kraj<\/td>\n<td><a href=\"https:\/\/www.cka.cz\/cs\/svet-architektury\/seznam-architektu\/ing-arch-svatonova-lenka\">734 Lenka Svato\u0148ov\u00e1<\/a><\/td>\n<td>ING. ARCH. LENKA SVATO\u0147OV\u00c1<\/td>\n<\/tr>\n<tr>\n<td>2385<\/td>\n<td>\u00c7ekya<\/td>\n<td>Prag<\/td>\n<td><a href=\"https:\/\/www.cka.cz\/cs\/svet-architektury\/seznam-architektu\/ing-arch-hubicka-stanislav\">735 Stanislav Hubi\u010dka<\/a><\/td>\n<td>ING. ARCH. STANISLAV HUBI\u010cKA<\/td>\n<\/tr>\n<tr>\n<td>2386<\/td>\n<td>\u00c7ekya<\/td>\n<td>Prag<\/td>\n<td><a href=\"https:\/\/www.cka.cz\/cs\/svet-architektury\/seznam-architektu\/ing-arch-pokojova-dana\">736 Dana Pokojov\u00e1<\/a><\/td>\n<td>ING. ARCH. DANA POKOJOV\u00c1<\/td>\n<\/tr>\n<tr>\n<td>2387<\/td>\n<td>\u00c7ekya<\/td>\n<td>Prag<\/td>\n<td><a href=\"https:\/\/www.cka.cz\/cs\/svet-architektury\/seznam-architektu\/ing-arch-tucek-viktor\">737 Viktor Tu\u010dek<\/a><\/td>\n<td>ING. ARCH. VIKTOR TU\u010cEK<\/td>\n<\/tr>\n<tr>\n<td>2388<\/td>\n<td>\u00c7ekya<\/td>\n<td>St\u0159edo\u010desk\u00fd kraj<\/td>\n<td><a href=\"https:\/\/www.cka.cz\/cs\/svet-architektury\/seznam-architektu\/ing-arch-buranova-jirina\">738 Ji\u0159ina Burianov\u00e1<\/a><\/td>\n<td>ING. ARCH. JI\u0158INA BURIANOV\u00c1<\/td>\n<\/tr>\n<tr>\n<td>2389<\/td>\n<td>\u00c7ekya<\/td>\n<td>Plzen<\/td>\n<td><a href=\"https:\/\/www.cka.cz\/cs\/svet-architektury\/seznam-architektu\/akad-arch-smolik-vaclav\">739 Vaclav Smolik<\/a><\/td>\n<td>AKAD. ARCH. V\u00c1CLAV \u0160MOL\u00cdK<\/td>\n<\/tr>\n<tr>\n<td>2390<\/td>\n<td>\u00c7ekya<\/td>\n<td>Jihomoravsk\u00fd kraj<\/td>\n<td><a href=\"https:\/\/www.cka.cz\/cs\/svet-architektury\/seznam-architektu\/ing-arch-rybak-jindrich\">740 Jindrich Rybak<\/a><\/td>\n<td>ING. ARCH. JIND\u0158ICH<\/td>\n<\/tr>\n<tr>\n<td>2391<\/td>\n<td>\u00c7ekya<\/td>\n<td>Plze\u0148sk\u00fd kraj<\/td>\n<td><a href=\"https:\/\/www.cka.cz\/cs\/svet-architektury\/seznam-architektu\/ing-arch-mauritz-milan\">741 Milano Mauritz<\/a><\/td>\n<td>ING. ARCH. MILAN MAURITZ<\/td>\n<\/tr>\n<tr>\n<td>2392<\/td>\n<td>\u00c7ekya<\/td>\n<td>St\u0159edo\u010desk\u00fd kraj<\/td>\n<td><a href=\"https:\/\/www.cka.cz\/cs\/svet-architektury\/seznam-architektu\/ing-weber-martin\">742 Martin Weber<\/a><\/td>\n<td>ING. MARTIN WEBER<\/td>\n<\/tr>\n<tr>\n<td>2393<\/td>\n<td>\u00c7ekya<\/td>\n<td>Prag<\/td>\n<td><a href=\"https:\/\/www.cka.cz\/cs\/svet-architektury\/seznam-architektu\/ing-arch-stasek-jan\">743 Jan Sta\u0161ek<\/a><\/td>\n<td>ING. ARCH. JAN STA\u0160EK<\/td>\n<\/tr>\n<tr>\n<td>2394<\/td>\n<td>\u00c7ekya<\/td>\n<td>Jihomoravsk\u00fd kraj<\/td>\n<td><a href=\"https:\/\/www.cka.cz\/cs\/svet-architektury\/seznam-architektu\/ing-arch-navratil-emil\">744 Emil Navr\u00e1til<\/a><\/td>\n<td>ING. ARCH. EMIL NAVR\u00c1TIL<\/td>\n<\/tr>\n<tr>\n<td>2395<\/td>\n<td>\u00c7ekya<\/td>\n<td>Olomouc<\/td>\n<td><a href=\"https:\/\/www.cka.cz\/cs\/svet-architektury\/seznam-architektu\/ing-arch-poulova-olga\">745 Olga Poulov\u00e1<\/a><\/td>\n<td>ING. ARCH. OLGA POULOV\u00c1<\/td>\n<\/tr>\n<tr>\n<td>2396<\/td>\n<td>\u00c7ekya<\/td>\n<td>Zlinj<\/td>\n<td><a href=\"https:\/\/www.cka.cz\/cs\/svet-architektury\/seznam-architektu\/ing-arch-bergmannova-tatjana\">746 Tatjana Bergmannov\u00e1<\/a><\/td>\n<td>ING. ARCH. TATJANA BERGMANNOV\u00c1<\/td>\n<\/tr>\n<tr>\n<td>2397<\/td>\n<td>\u00c7ekya<\/td>\n<td>Kr\u00e1lov\u00e9hradeck\u00fd kraj<\/td>\n<td><a href=\"https:\/\/www.cka.cz\/cs\/svet-architektury\/seznam-architektu\/ing-arch-krticka-ales\">747 Ale\u0161 Krti\u010dka<\/a><\/td>\n<td>ING. ARCH. ALE\u0160 KRTI\u010cKA<\/td>\n<\/tr>\n<tr>\n<td>2398<\/td>\n<td>\u00c7ekya<\/td>\n<td>Moravskoslezsk\u00fd kraj<\/td>\n<td><a href=\"https:\/\/www.cka.cz\/cs\/svet-architektury\/seznam-architektu\/ing-arch-simickova-jana\">748 Jana Simickova<\/a><\/td>\n<td>ING. ARCH. JANA \u0160IM\u00cd\u010cKOV\u00c1<\/td>\n<\/tr>\n<tr>\n<td>2399<\/td>\n<td>\u00c7ekya<\/td>\n<td>Olomouc<\/td>\n<td><a href=\"https:\/\/www.cka.cz\/cs\/svet-architektury\/seznam-architektu\/ing-arch-braunerova-jarmila\">749 Jarmila Braunerov\u00e1<\/a><\/td>\n<td>ING. ARCH. JARMILA BRAUNEROV\u00c1<\/td>\n<\/tr>\n<tr>\n<td>2400<\/td>\n<td>\u00c7ekya<\/td>\n<td>Zl\u00edn<\/td>\n<td><a href=\"https:\/\/www.cka.cz\/cs\/svet-architektury\/seznam-architektu\/ing-arch-melicharek-josef\">750 Josef Melich\u00e1rek<\/a><\/td>\n<td>ING. ARCH. JOSEF MELICH\u00c1REK<\/td>\n<\/tr>\n<tr>\n<td>2401<\/td>\n<td>\u00c7ekya<\/td>\n<td>Ostrava<\/td>\n<td><a href=\"https:\/\/www.cka.cz\/cs\/svet-architektury\/seznam-architektu\/ing-arch-kuba-evzen\">751 Eugene K\u00fcba<\/a><\/td>\n<td>ING. ARCH. EV\u017dEN KUBA<\/td>\n<\/tr>\n<tr>\n<td>2402<\/td>\n<td>\u00c7ekya<\/td>\n<td>Kr\u00e1lov\u00e9hradeck\u00fd kraj<\/td>\n<td><a href=\"https:\/\/www.cka.cz\/cs\/svet-architektury\/seznam-architektu\/ing-arch-koutova-alena\">752 Alena Koutova<\/a><\/td>\n<td>ING. ARCH. ALENA KOUTOV\u00c1<\/td>\n<\/tr>\n<tr>\n<td>2403<\/td>\n<td>\u00c7ekya<\/td>\n<td>Kr\u00e1lov\u00e9hradeck\u00fd kraj<\/td>\n<td><a href=\"https:\/\/www.cka.cz\/cs\/svet-architektury\/seznam-architektu\/ing-arch-vychodil-tomas\">753 Tomas Vychodil<\/a><\/td>\n<td>ING. ARCH. TOM\u00c1\u0160 VYCHODIL<\/td>\n<\/tr>\n<tr>\n<td>2404<\/td>\n<td>\u00c7ekya<\/td>\n<td>Moravskoslezsk\u00fd kraj<\/td>\n<td><a href=\"https:\/\/www.cka.cz\/cs\/svet-architektury\/seznam-architektu\/ing-arch-rosypal-dusan\">754 Dusan Rosypal<\/a><\/td>\n<td>ING. ARCH. DU\u0160AN ROSYPAL<\/td>\n<\/tr>\n<tr>\n<td>2405<\/td>\n<td>\u00c7ekya<\/td>\n<td>Brno<\/td>\n<td><a href=\"https:\/\/www.cka.cz\/cs\/svet-architektury\/seznam-architektu\/ing-arch-streit-evzen\">755 Ev\u017een \u0160treit<\/a><\/td>\n<td>ING. ARCH. EV\u017dEN \u0160TREIT<\/td>\n<\/tr>\n<tr>\n<td>2406<\/td>\n<td>\u00c7ekya<\/td>\n<td>Brno<\/td>\n<td><a href=\"https:\/\/www.cka.cz\/cs\/svet-architektury\/seznam-architektu\/ing-arch-mensik-karel\">756 Karel Men\u0161\u00edk<\/a><\/td>\n<td>ING. ARCH. KAREL MEN\u0160\u00cdK<\/td>\n<\/tr>\n<tr>\n<td>2407<\/td>\n<td>\u00c7ekya<\/td>\n<td>Kr\u00e1lov\u00e9hradeck\u00fd kraj<\/td>\n<td><a href=\"https:\/\/www.cka.cz\/cs\/svet-architektury\/seznam-architektu\/ing-arch-kout-vaclav\">757 Vaclav Kout<\/a><\/td>\n<td>ING. ARCH. V\u00c1CLAV KOUT<\/td>\n<\/tr>\n<tr>\n<td>2408<\/td>\n<td>\u00c7ekya<\/td>\n<td>Brno<\/td>\n<td><a href=\"https:\/\/www.cka.cz\/cs\/svet-architektury\/seznam-architektu\/ing-arch-jansku-zdenek\">758 Zdenek Jansky<\/a><\/td>\n<td>ING. ARCH. ZDEN\u011aK JANSK\u00dd<\/td>\n<\/tr>\n<tr>\n<td>2409<\/td>\n<td>\u00c7ekya<\/td>\n<td>Prag<\/td>\n<td><a href=\"https:\/\/www.cka.cz\/cs\/svet-architektury\/seznam-architektu\/ing-arch-staudner-ivo\">759 Ivo Staudner<\/a><\/td>\n<td>ING. ARCH. IVO \u0160TAUDNER<\/td>\n<\/tr>\n<tr>\n<td>2410<\/td>\n<td>\u00c7ekya<\/td>\n<td>Jihlava<\/td>\n<td><a href=\"https:\/\/www.cka.cz\/cs\/svet-architektury\/seznam-architektu\/ing-arch-pribova-marta\">760 Marta P\u0159ibov\u00e1<\/a><\/td>\n<td>ING. ARCH. MARTA P\u0158IBOV\u00c1<\/td>\n<\/tr>\n<tr>\n<td>2411<\/td>\n<td>\u00c7ekya<\/td>\n<td>Labem<\/td>\n<td><a href=\"https:\/\/www.cka.cz\/cs\/svet-architektury\/seznam-architektu\/ing-arch-kotis-lubos\">761 Lubo\u0161 Koti\u0161<\/a><\/td>\n<td>ING. ARCH. LUBO\u0160 KOTI\u0160<\/td>\n<\/tr>\n<tr>\n<td>2412<\/td>\n<td>\u00c7ekya<\/td>\n<td>Prag<\/td>\n<td><a href=\"https:\/\/www.cka.cz\/cs\/svet-architektury\/seznam-architektu\/ing-arch-janouskova-tamara\">762 Tamara Janouskova<\/a><\/td>\n<td>ING. ARCH. TAMARA JANOU\u0160KOV\u00c1<\/td>\n<\/tr>\n<tr>\n<td>2413<\/td>\n<td>\u00c7ekya<\/td>\n<td>St\u0159edo\u010desk\u00fd kraj<\/td>\n<td><a href=\"https:\/\/www.cka.cz\/cs\/svet-architektury\/seznam-architektu\/ing-arch-sterba-jiri\">763 Ji\u0159\u00ed \u0160t\u011brba<\/a><\/td>\n<td>ING. ARCH. JI\u0158\u00cd \u0160T\u011aRBA<\/td>\n<\/tr>\n<tr>\n<td>2414<\/td>\n<td>\u00c7ekya<\/td>\n<td>Kr\u00e1lov\u00e9hradeck\u00fd kraj<\/td>\n<td><a href=\"https:\/\/www.cka.cz\/cs\/svet-architektury\/seznam-architektu\/ing-arch-hochman-jan\">764 Jan Hochman<\/a><\/td>\n<td>ING. ARCH. JAN HOCHMAN<\/td>\n<\/tr>\n<tr>\n<td>2415<\/td>\n<td>\u00c7ekya<\/td>\n<td>P\u00edsek<\/td>\n<td><a href=\"https:\/\/www.cka.cz\/cs\/svet-architektury\/seznam-architektu\/ing-arch-monhart-libor\">765 Libor Monhart<\/a><\/td>\n<td>ING. ARCH. LIBOR MONHART<\/td>\n<\/tr>\n<tr>\n<td>2416<\/td>\n<td>\u00c7ekya<\/td>\n<td>Prag<\/td>\n<td><a href=\"https:\/\/www.cka.cz\/cs\/svet-architektury\/seznam-architektu\/akad-arch-sulc-rudolf\">766 Rudolf \u0160ulc<\/a><\/td>\n<td>AKAD. ARCH. RUDOLF \u0160ULC<\/td>\n<\/tr>\n<tr>\n<td>2417<\/td>\n<td>\u00c7ekya<\/td>\n<td>Prag<\/td>\n<td><a href=\"https:\/\/www.cka.cz\/cs\/svet-architektury\/seznam-architektu\/ing-arch-monzer-ladislav\">767 Ladislav Monzer<\/a><\/td>\n<td>ING. ARCH. LADISLAV MONZER<\/td>\n<\/tr>\n<tr>\n<td>2418<\/td>\n<td>\u00c7ekya<\/td>\n<td>Prag<\/td>\n<td><a href=\"https:\/\/www.cka.cz\/cs\/svet-architektury\/seznam-architektu\/ing-arch-slach-karel\">768 Karel Slach<\/a><\/td>\n<td>ING. ARCH. KAREL SLACH<\/td>\n<\/tr>\n<tr>\n<td>2419<\/td>\n<td>\u00c7ekya<\/td>\n<td>Kr\u00e1lov\u00e9hradeck\u00fd kraj<\/td>\n<td><a href=\"https:\/\/www.cka.cz\/cs\/svet-architektury\/seznam-architektu\/ing-arch-kaskova-alexandra\">769 Alexandra Kaskov\u00e1<\/a><\/td>\n<td>ING. ARCH. ALEXANDRA KASKOV\u00c1<\/td>\n<\/tr>\n<tr>\n<td>2420<\/td>\n<td>\u00c7ekya<\/td>\n<td>Prag<\/td>\n<td><a href=\"https:\/\/www.cka.cz\/cs\/svet-architektury\/seznam-architektu\/ing-arch-soukenikova-vera\">770 V\u011bra Souken\u00edkov\u00e1<\/a><\/td>\n<td>ING. ARCH. V\u011aRA SOUKEN\u00cdKOV\u00c1<\/td>\n<\/tr>\n<tr>\n<td>2421<\/td>\n<td>\u00c7ekya<\/td>\n<td>Prag<\/td>\n<td><a href=\"https:\/\/www.cka.cz\/cs\/svet-architektury\/seznam-architektu\/ing-arch-dankova-eva\">771 Eva Dankova<\/a><\/td>\n<td>ING. ARCH. EVA DA\u0147KOV\u00c1<\/td>\n<\/tr>\n<tr>\n<td>2422<\/td>\n<td>\u00c7ekya<\/td>\n<td>Prag<\/td>\n<td><a href=\"https:\/\/www.cka.cz\/cs\/svet-architektury\/seznam-architektu\/ing-arch-hubikova-marie\">772 Marie Hub\u00edkov\u00e1<\/a><\/td>\n<td>ING. ARCH. MARIE HUB\u00cdKOV\u00c1<\/td>\n<\/tr>\n<tr>\n<td>2423<\/td>\n<td>\u00c7ekya<\/td>\n<td>Prag<\/td>\n<td><a href=\"https:\/\/www.cka.cz\/cs\/svet-architektury\/seznam-architektu\/ing-arch-heidler-stanislav\">773 Stanislav Heidler<\/a><\/td>\n<td>ING. ARCH. STANISLAV HEIDLER<\/td>\n<\/tr>\n<tr>\n<td>2424<\/td>\n<td>\u00c7ekya<\/td>\n<td>Prag<\/td>\n<td><a href=\"https:\/\/www.cka.cz\/cs\/svet-architektury\/seznam-architektu\/ing-arch-kovalcik-vit\">774 V\u00edt Koval\u010d\u00edk<\/a><\/td>\n<td>ING. ARCH. V\u00cdT KOVAL\u010c\u00cdK<\/td>\n<\/tr>\n<tr>\n<td>2425<\/td>\n<td>\u00c7ekya<\/td>\n<td>Prag<\/td>\n<td><a href=\"https:\/\/www.cka.cz\/cs\/svet-architektury\/seznam-architektu\/ing-arch-hrochova-zuzana\">775 Zuzana Hrochov\u00e1<\/a><\/td>\n<td>ING. ARCH. ZUZANA HROCHOV\u00c1<\/td>\n<\/tr>\n<tr>\n<td>2426<\/td>\n<td>\u00c7ekya<\/td>\n<td>Prag<\/td>\n<td><a href=\"https:\/\/www.cka.cz\/cs\/svet-architektury\/seznam-architektu\/ing-arch-ilincev-orlin\">776 Orlin Ilinchev<\/a><\/td>\n<td>ING. ARCH. ORLIN ILIN\u010cEV<\/td>\n<\/tr>\n<tr>\n<td>2427<\/td>\n<td>\u00c7ekya<\/td>\n<td>Prag<\/td>\n<td><a href=\"https:\/\/www.cka.cz\/cs\/svet-architektury\/seznam-architektu\/ing-arch-feistner-martin\">777 Martin Feistner<\/a><\/td>\n<td>ING. ARCH. MARTIN FEISTNER<\/td>\n<\/tr>\n<tr>\n<td>2428<\/td>\n<td>\u00c7ekya<\/td>\n<td>Prag<\/td>\n<td><a href=\"https:\/\/www.cka.cz\/cs\/svet-architektury\/seznam-architektu\/ing-arch-hanzlik-jiri\">778 Ji\u0159\u00ed Hanzl\u00edk<\/a><\/td>\n<td>ING. ARCH. JI\u0158\u00cd HANZL\u00cdK<\/td>\n<\/tr>\n<tr>\n<td>2429<\/td>\n<td>\u00c7ekya<\/td>\n<td>Prag<\/td>\n<td><a href=\"https:\/\/www.cka.cz\/cs\/svet-architektury\/seznam-architektu\/ing-arch-neumann-petr\">779 Petr Neumann<\/a><\/td>\n<td>ING. ARCH. PETR NEUMANN<\/td>\n<\/tr>\n<tr>\n<td>2430<\/td>\n<td>\u00c7ekya<\/td>\n<td>Prag<\/td>\n<td><a href=\"https:\/\/www.cka.cz\/cs\/svet-architektury\/seznam-architektu\/ing-arch-ilincev-miroslav\">780 Miroslav Ilinchev<\/a><\/td>\n<td>ING. ARCH. MIROSLAV ILIN\u010cEV<\/td>\n<\/tr>\n<tr>\n<td>2431<\/td>\n<td>\u00c7ekya<\/td>\n<td>Prag<\/td>\n<td><a href=\"https:\/\/www.cka.cz\/cs\/svet-architektury\/seznam-architektu\/ing-arch-novotny-frantisek\">781 Frantisek Novotny<\/a><\/td>\n<td>ING. ARCH. FRANTI\u0160EK NOVOTN\u00dd<\/td>\n<\/tr>\n<tr>\n<td>2432<\/td>\n<td>\u00c7ekya<\/td>\n<td>Prag<\/td>\n<td><a href=\"https:\/\/www.cka.cz\/cs\/svet-architektury\/seznam-architektu\/ing-arch-kopp-jan\">782 Jan Kopp<\/a><\/td>\n<td>ING. ARCH. JAN KOPP<\/td>\n<\/tr>\n<tr>\n<td>2433<\/td>\n<td>\u00c7ekya<\/td>\n<td>Prag<\/td>\n<td><a href=\"https:\/\/www.cka.cz\/cs\/svet-architektury\/seznam-architektu\/ing-arch-krizova-lenka\">783 Lenka K\u0159\u00ed\u017eov\u00e1<\/a><\/td>\n<td>ING. ARCH. LENKA K\u0158\u00cd\u017dOV\u00c1<\/td>\n<\/tr>\n<tr>\n<td>2434<\/td>\n<td>\u00c7ekya<\/td>\n<td>Prag<\/td>\n<td><a href=\"https:\/\/www.cka.cz\/cs\/svet-architektury\/seznam-architektu\/ing-arch-kotrba-ales\">784 Ale\u0161 Kotrba<\/a><\/td>\n<td>ING. ARCH. ALE\u0160 KOTRBA<\/td>\n<\/tr>\n<tr>\n<td>2435<\/td>\n<td>\u00c7ekya<\/td>\n<td>Plze\u0148sk\u00fd kraj<\/td>\n<td><a href=\"https:\/\/www.cka.cz\/cs\/svet-architektury\/seznam-architektu\/ing-arch-drda-jaroslav\">785 Jaroslav Drda<\/a><\/td>\n<td>ING. ARCH. JAROSLAV DRDA<\/td>\n<\/tr>\n<tr>\n<td>2436<\/td>\n<td>\u00c7ekya<\/td>\n<td>Prag<\/td>\n<td><a href=\"https:\/\/www.cka.cz\/cs\/svet-architektury\/seznam-architektu\/ing-arch-zverina-pavel\">786 Pavel Zv\u011b\u0159ina<\/a><\/td>\n<td>ING. ARCH. PAVEL ZV\u011a\u0158INA<\/td>\n<\/tr>\n<tr>\n<td>2437<\/td>\n<td>\u00c7ekya<\/td>\n<td>Prag<\/td>\n<td><a href=\"https:\/\/www.cka.cz\/cs\/svet-architektury\/seznam-architektu\/ing-arch-kostal-jiri\">787 Ji\u0159\u00ed Ko\u0161\u0165\u00e1l<\/a><\/td>\n<td>ING. ARCH. JI\u0158\u00cd KO\u0160\u0164\u00c1L<\/td>\n<\/tr>\n<tr>\n<td>2438<\/td>\n<td>\u00c7ekya<\/td>\n<td>Prag<\/td>\n<td><a href=\"https:\/\/www.cka.cz\/cs\/svet-architektury\/seznam-architektu\/ing-arch-adamek-jan\">788 Jan Adamek<\/a><\/td>\n<td>ING. ARCH. JAN AD\u00c1MEK<\/td>\n<\/tr>\n<tr>\n<td>2439<\/td>\n<td>\u00c7ekya<\/td>\n<td>St\u0159edo\u010desk\u00fd kraj<\/td>\n<td><a href=\"https:\/\/www.cka.cz\/cs\/svet-architektury\/seznam-architektu\/ing-akad-arch-kafka-jiri\">789 Ji\u0159\u00ed Kafka<\/a><\/td>\n<td>AKAD. ARCH. ING. JI\u0158\u00cd KAFKA<\/td>\n<\/tr>\n<tr>\n<td>2440<\/td>\n<td>\u00c7ekya<\/td>\n<td>Prag<\/td>\n<td><a href=\"https:\/\/www.cka.cz\/cs\/svet-architektury\/seznam-architektu\/akad-arch-brix-michal\">790 Michal Brix<\/a><\/td>\n<td>AKAD. ARCH. MICHAL BRIX<\/td>\n<\/tr>\n<tr>\n<td>2441<\/td>\n<td>\u00c7ekya<\/td>\n<td>Prag<\/td>\n<td><a href=\"https:\/\/www.cka.cz\/cs\/svet-architektury\/seznam-architektu\/ing-arch-valtr-vaclav\">791 Vaclav Valtr<\/a><\/td>\n<td>ING. ARCH. V\u00c1CLAV VALTR<\/td>\n<\/tr>\n<tr>\n<td>2442<\/td>\n<td>\u00c7ekya<\/td>\n<td>Prag<\/td>\n<td><a href=\"https:\/\/www.cka.cz\/cs\/svet-architektury\/seznam-architektu\/ing-akad-arch-kovalcikova-dagmar\">792 Dagmar Koval\u010d\u00edkov\u00e1<\/a><\/td>\n<td>ING. AKAD. ARCH. DAGMAR KOVAL\u010c\u00cdKOV\u00c1<\/td>\n<\/tr>\n<tr>\n<td>2443<\/td>\n<td>\u00c7ekya<\/td>\n<td>Prag<\/td>\n<td><a href=\"https:\/\/www.cka.cz\/cs\/svet-architektury\/seznam-architektu\/akad-arch-toman-stanislav\">793 Stanislav Toman<\/a><\/td>\n<td>AKAD. ARCH. STANISLAV TOMAN<\/td>\n<\/tr>\n<tr>\n<td>2444<\/td>\n<td>\u00c7ekya<\/td>\n<td>Prag<\/td>\n<td><a href=\"https:\/\/www.cka.cz\/cs\/svet-architektury\/seznam-architektu\/ing-boucek-hynek\">794 Hynek Bou\u010dek<\/a><\/td>\n<td>ING. HYNEK BOU\u010cEK<\/td>\n<\/tr>\n<tr>\n<td>2445<\/td>\n<td>\u00c7ekya<\/td>\n<td>Labem<\/td>\n<td><a href=\"https:\/\/www.cka.cz\/cs\/svet-architektury\/seznam-architektu\/ing-arch-burda-josef\">795 Josef Burda<\/a><\/td>\n<td>ING. ARCH. JOSEF BURDA<\/td>\n<\/tr>\n<tr>\n<td>2446<\/td>\n<td>\u00c7ekya<\/td>\n<td>Prag<\/td>\n<td><a href=\"https:\/\/www.cka.cz\/cs\/svet-architektury\/seznam-architektu\/ing-arch-kolarova-eliska\">796 Eli\u0161ka Kol\u00e1\u0159ov\u00e1<\/a><\/td>\n<td>ING. ARCH. ELI\u0160KA KOL\u00c1\u0158OV\u00c1<\/td>\n<\/tr>\n<tr>\n<td>2447<\/td>\n<td>\u00c7ekya<\/td>\n<td>Prag<\/td>\n<td><a href=\"https:\/\/www.cka.cz\/cs\/svet-architektury\/seznam-architektu\/ing-arch-benesova-miroslava\">797 Miroslava Bene\u0161ov\u00e1<\/a><\/td>\n<td>ING. ARCH. MIROSLAVA BENE\u0160OV\u00c1<\/td>\n<\/tr>\n<tr>\n<td>2448<\/td>\n<td>\u00c7ekya<\/td>\n<td>Prag<\/td>\n<td><a href=\"https:\/\/www.cka.cz\/cs\/svet-architektury\/seznam-architektu\/ing-arch-novak-jiri\">798 Ji\u0159\u00ed Nov\u00e1k<\/a><\/td>\n<td>ING. ARCH. JI\u0158\u00cd NOV\u00c1K<\/td>\n<\/tr>\n<tr>\n<td>2449<\/td>\n<td>\u00c7ekya<\/td>\n<td>Prag<\/td>\n<td><a href=\"https:\/\/www.cka.cz\/cs\/svet-architektury\/seznam-architektu\/ing-arch-malina-pavel\">799 Pavel Malina<\/a><\/td>\n<td>ING. ARCH. PAVEL MALINA<\/td>\n<\/tr>\n<tr>\n<td>2450<\/td>\n<td>\u00c7ekya<\/td>\n<td>Prag<\/td>\n<td><a href=\"https:\/\/www.cka.cz\/cs\/svet-architektury\/seznam-architektu\/ing-arch-podpera-blahomir\">800 Blahom\u00edr Podp\u011bra<\/a><\/td>\n<td>ING. ARCH. BLAHOM\u00cdR PODP\u011aRA<\/td>\n<\/tr>\n<tr>\n<td>2451<\/td>\n<td>\u00c7ekya<\/td>\n<td>Prag<\/td>\n<td><a href=\"https:\/\/www.cka.cz\/cs\/svet-architektury\/seznam-architektu\/ing-arch-lasek-jiri\">801 Ji\u0159\u00ed L\u00e1\u0161ek<\/a><\/td>\n<td>ING. ARCH. JI\u0158\u00cd L\u00c1\u0160EK<\/td>\n<\/tr>\n<tr>\n<td>2452<\/td>\n<td>\u00c7ekya<\/td>\n<td>Prag<\/td>\n<td><a href=\"https:\/\/www.cka.cz\/cs\/svet-architektury\/seznam-architektu\/ing-akad-arch-fenclova-daniela\">802 Daniela Fenclov\u00e1<\/a><\/td>\n<td>ING. AKAD. ARCH. DANIELA FENCLOV\u00c1<\/td>\n<\/tr>\n<tr>\n<td>2453<\/td>\n<td>\u00c7ekya<\/td>\n<td>Jiho\u010desk\u00fd kraj<\/td>\n<td><a href=\"https:\/\/www.cka.cz\/cs\/svet-architektury\/seznam-architektu\/ing-arch-kalina-vaclav\">803 Vaclav Kalina<\/a><\/td>\n<td>ING. ARCH. V\u00c1CLAV KALINA<\/td>\n<\/tr>\n<tr>\n<td>2454<\/td>\n<td>\u00c7ekya<\/td>\n<td>Plze\u0148<\/td>\n<td><a href=\"https:\/\/www.cka.cz\/cs\/svet-architektury\/seznam-architektu\/ing-arch-kantner-jiri\">804 Ji\u0159\u00ed Kantner<\/a><\/td>\n<td>ING. ARCH. JI\u0158\u00cd KANTNER<\/td>\n<\/tr>\n<tr>\n<td>2455<\/td>\n<td>\u00c7ekya<\/td>\n<td>Prag<\/td>\n<td><a href=\"https:\/\/www.cka.cz\/cs\/svet-architektury\/seznam-architektu\/ing-arch-borovicka-jan\">805 Jan Borovi\u010dka<\/a><\/td>\n<td>ING. ARCH. JAN BOROVI\u010cKA<\/td>\n<\/tr>\n<tr>\n<td>2456<\/td>\n<td>\u00c7ekya<\/td>\n<td>Plze\u0148<\/td>\n<td><a href=\"https:\/\/www.cka.cz\/cs\/svet-architektury\/seznam-architektu\/ing-arch-tuckova-hana\">806 Hana Tu\u010dkov\u00e1<\/a><\/td>\n<td>ING. ARCH. HANA TU\u010cKOV\u00c1<\/td>\n<\/tr>\n<tr>\n<td>2457<\/td>\n<td>\u00c7ekya<\/td>\n<td>Prag<\/td>\n<td><a href=\"https:\/\/www.cka.cz\/cs\/svet-architektury\/seznam-architektu\/ing-arch-lejsek-pavel\">807 Pavel Lejsek<\/a><\/td>\n<td>ING. ARCH. PAVEL LEJSEK<\/td>\n<\/tr>\n<tr>\n<td>2458<\/td>\n<td>\u00c7ekya<\/td>\n<td>St\u0159edo\u010desk\u00fd kraj<\/td>\n<td><a href=\"https:\/\/www.cka.cz\/cs\/svet-architektury\/seznam-architektu\/ing-arch-bradac-josef\">808 Josef Brad\u00e1\u010d<\/a><\/td>\n<td>ING. ARCH. JOSEF BRAD\u00c1\u010c<\/td>\n<\/tr>\n<tr>\n<td>2459<\/td>\n<td>\u00c7ekya<\/td>\n<td>\u010cesk\u00e9 Bud\u011bjovice<\/td>\n<td><a href=\"https:\/\/www.cka.cz\/cs\/svet-architektury\/seznam-architektu\/ing-arch-urbanec-zdenek\">809 Zdenek Urbanec<\/a><\/td>\n<td>ING. ARCH. ZDEN\u011aK URBANEC<\/td>\n<\/tr>\n<tr>\n<td>2460<\/td>\n<td>\u00c7ekya<\/td>\n<td>Kr\u00e1lov\u00e9hradeck\u00fd kraj<\/td>\n<td><a href=\"https:\/\/www.cka.cz\/cs\/svet-architektury\/seznam-architektu\/ing-arch-skalicky-alexandr\">810 Alexandr Skalick\u00fd<\/a><\/td>\n<td>ING. ARCH. ALEXANDR SKALICK\u00dd<\/td>\n<\/tr>\n<tr>\n<td>2461<\/td>\n<td>\u00c7ekya<\/td>\n<td>Jiho\u010desk\u00fd kraj<\/td>\n<td><a href=\"https:\/\/www.cka.cz\/cs\/svet-architektury\/seznam-architektu\/ing-arch-homolka-milan\">811 Milano Homolka<\/a><\/td>\n<td>ING. ARCH. MILAN HOMOLKA<\/td>\n<\/tr>\n<tr>\n<td>2462<\/td>\n<td>\u00c7ekya<\/td>\n<td>Labem<\/td>\n<td><a href=\"https:\/\/www.cka.cz\/cs\/svet-architektury\/seznam-architektu\/ing-arch-fikarova-jitka\">812 Jitka Fikarov\u00e1<\/a><\/td>\n<td>ING. ARCH. JITKA FIKAROV\u00c1<\/td>\n<\/tr>\n<tr>\n<td>2463<\/td>\n<td>\u00c7ekya<\/td>\n<td>Prag<\/td>\n<td><a href=\"https:\/\/www.cka.cz\/cs\/svet-architektury\/seznam-architektu\/ing-arch-durdikova-helena\">813 Helena Durd\u00edkov\u00e1<\/a><\/td>\n<td>ING. ARCH. HELENA DURD\u00cdKOV\u00c1<\/td>\n<\/tr>\n<tr>\n<td>2464<\/td>\n<td>\u00c7ekya<\/td>\n<td>Brno<\/td>\n<td><a href=\"https:\/\/www.cka.cz\/cs\/svet-architektury\/seznam-architektu\/ing-arch-palacka-alena\">814 Alena Palacka<\/a><\/td>\n<td>ING. ARCH. ALENA PALACK\u00c1<\/td>\n<\/tr>\n<tr>\n<td>2465<\/td>\n<td>\u00c7ekya<\/td>\n<td>Zl\u00edn<\/td>\n<td><a href=\"https:\/\/www.cka.cz\/cs\/svet-architektury\/seznam-architektu\/ing-arch-psencik-leopold\">815 Leopold P\u0161en\u010d\u00edk<\/a><\/td>\n<td>ING. ARCH. LEOPOLD P\u0160EN\u010c\u00cdK<\/td>\n<\/tr>\n<tr>\n<td>2466<\/td>\n<td>\u00c7ekya<\/td>\n<td>Brno<\/td>\n<td><a href=\"https:\/\/www.cka.cz\/cs\/svet-architektury\/seznam-architektu\/ing-arch-sevcik-zdenek\">816 Zdenek Sevcik<\/a><\/td>\n<td>ING. ARCH. ZDEN\u011aK \u0160EV\u010c\u00cdK<\/td>\n<\/tr>\n<tr>\n<td>2467<\/td>\n<td>\u00c7ekya<\/td>\n<td>Pardubick\u00fd kraj<\/td>\n<td><a href=\"https:\/\/www.cka.cz\/cs\/svet-architektury\/seznam-architektu\/ing-arch-rerucha-jiri\">817 Ji\u0159\u00ed \u0158e\u0159ucha<\/a><\/td>\n<td>ING. ARCH. JI\u0158\u00cd \u0158E\u0158UCHA<\/td>\n<\/tr>\n<tr>\n<td>2468<\/td>\n<td>\u00c7ekya<\/td>\n<td>Jiho\u010desk\u00fd kraj<\/td>\n<td><a href=\"https:\/\/www.cka.cz\/cs\/svet-architektury\/seznam-architektu\/ing-arch-lang-zdenek\">818 Zdenek Lang<\/a><\/td>\n<td>ING. ARCH. ZDEN\u011aK LANG<\/td>\n<\/tr>\n<tr>\n<td>2469<\/td>\n<td>\u00c7ekya<\/td>\n<td>Jiho\u010desk\u00fd kraj<\/td>\n<td><a href=\"https:\/\/www.cka.cz\/cs\/svet-architektury\/seznam-architektu\/ing-arch-stee-petr\">819 Petr St\u00e9e<\/a><\/td>\n<td>ING. ARCH. PETR ST\u00c9E<\/td>\n<\/tr>\n<tr>\n<td>2470<\/td>\n<td>\u00c7ekya<\/td>\n<td>Jiho\u010desk\u00fd kraj<\/td>\n<td><a href=\"https:\/\/www.cka.cz\/cs\/svet-architektury\/seznam-architektu\/ing-arch-konicar-pavel\">820 Pavel Konicar<\/a><\/td>\n<td>ING. ARCH. PAVEL KONICAR<\/td>\n<\/tr>\n<tr>\n<td>2471<\/td>\n<td>\u00c7ekya<\/td>\n<td>Jiho\u010desk\u00fd kraj<\/td>\n<td><a href=\"https:\/\/www.cka.cz\/cs\/svet-architektury\/seznam-architektu\/ing-arch-dolezal-jan\">821 Jan Dole\u017eal<\/a><\/td>\n<td>ING. ARCH. JAN DOLE\u017dAL<\/td>\n<\/tr>\n<tr>\n<td>2472<\/td>\n<td>\u00c7ekya<\/td>\n<td>Ostrava<\/td>\n<td><a href=\"https:\/\/www.cka.cz\/cs\/svet-architektury\/seznam-architektu\/ing-arch-carbol-lubomir\">822 Lubom\u00edr Carbol<\/a><\/td>\n<td>ING. ARCH. LUBOM\u00cdR CARBOL<\/td>\n<\/tr>\n<tr>\n<td>2473<\/td>\n<td>\u00c7ekya<\/td>\n<td>Zl\u00ednsk\u00fd kraj<\/td>\n<td><a href=\"https:\/\/www.cka.cz\/cs\/svet-architektury\/seznam-architektu\/ing-arch-kalivoda-vladimir-1\">823 Vladimir Kalivoda<\/a><\/td>\n<td>ING. ARCH. VLADIM\u00cdR KALIVODA<\/td>\n<\/tr>\n<tr>\n<td>2474<\/td>\n<td>\u00c7ekya<\/td>\n<td>Jiho\u010desk\u00fd kraj<\/td>\n<td><a href=\"https:\/\/www.cka.cz\/cs\/svet-architektury\/seznam-architektu\/ing-arch-keith-jan\">824 Jan Keith<\/a><\/td>\n<td>ING. ARCH. JAN KEITH<\/td>\n<\/tr>\n<tr>\n<td>2475<\/td>\n<td>\u00c7ekya<\/td>\n<td>Kr\u00e1lov\u00e9hradeck\u00fd kraj<\/td>\n<td><a href=\"https:\/\/www.cka.cz\/cs\/svet-architektury\/seznam-architektu\/ing-arch-wagner-alexandr\">825 Alexandr Wagner<\/a><\/td>\n<td>ING. ARCH. ALEXANDR WAGNER<\/td>\n<\/tr>\n<tr>\n<td>2476<\/td>\n<td>\u00c7ekya<\/td>\n<td>Olomouc<\/td>\n<td><a href=\"https:\/\/www.cka.cz\/cs\/svet-architektury\/seznam-architektu\/akad-soch-lubic-martin\">826 Martin Lubi\u010d<\/a><\/td>\n<td>AKAD. SOCH. MARTIN LUBI\u010c<\/td>\n<\/tr>\n<tr>\n<td>2477<\/td>\n<td>\u00c7ekya<\/td>\n<td>Olomouc<\/td>\n<td><a href=\"https:\/\/www.cka.cz\/cs\/svet-architektury\/seznam-architektu\/ing-arch-opletal-ladislav\">827 Ladislav Opletal<\/a><\/td>\n<td>ING. ARCH. LADISLAV OPLETAL<\/td>\n<\/tr>\n<tr>\n<td>2478<\/td>\n<td>\u00c7ekya<\/td>\n<td>Zl\u00ednsk\u00fd kraj<\/td>\n<td><a href=\"https:\/\/www.cka.cz\/cs\/svet-architektury\/seznam-architektu\/ing-arch-hainc-pavel-csc\">828 Pavel Hainc<\/a><\/td>\n<td>ING. ARCH. PAVEL HAINC CSC.<\/td>\n<\/tr>\n<tr>\n<td>SIRA<\/td>\n<td>\u00dcLKE<\/td>\n<td>\u015eEH\u0130R<\/td>\n<td>F\u0130RMA<\/td>\n<td><\/td>\n<\/tr>\n<tr>\n<td>2479<\/td>\n<td>\u00c7ekya<\/td>\n<td>Prag<\/td>\n<td><a href=\"https:\/\/www.cka.cz\/cs\/svet-architektury\/seznam-architektu\/doc-ing-arch-stipek-jan\">4 Jan \u0160t\u00edpek<\/a><\/td>\n<td>DOC. ING. ARCH. JAN \u0160T\u00cdPEK<\/td>\n<\/tr>\n<tr>\n<td>2480<\/td>\n<td>\u00c7ekya<\/td>\n<td>Prag<\/td>\n<td><a href=\"https:\/\/www.cka.cz\/cs\/svet-architektury\/seznam-architektu\/ing-arch-aulicky-vaclav\">5 V\u00e1clav Aulick\u00fd<\/a><\/td>\n<td>SPOJPROJEKT PRAHA<\/td>\n<\/tr>\n<tr>\n<td>2481<\/td>\n<td>\u00c7ekya<\/td>\n<td>P\u0159erov<\/td>\n<td><a href=\"https:\/\/www.cka.cz\/cs\/svet-architektury\/seznam-architektu\/ing-arch-zalud-stanislav\">6 Stanislav \u017dalud<\/a><\/td>\n<td>ING. ARCH. STANISLAV \u017dALUD<\/td>\n<\/tr>\n<tr>\n<td>2482<\/td>\n<td>\u00c7ekya<\/td>\n<td>Prag<\/td>\n<td><a href=\"https:\/\/www.cka.cz\/cs\/svet-architektury\/seznam-architektu\/ing-arch-vrana-josef\">7 Josef Vrana<\/a><\/td>\n<td>ING. ARCH. JOSEF VRANA<\/td>\n<\/tr>\n<tr>\n<td>2483<\/td>\n<td>\u00c7ekya<\/td>\n<td>Liberec<\/td>\n<td><a href=\"https:\/\/www.cka.cz\/cs\/svet-architektury\/seznam-architektu\/ing-arch-kousal-radim\">8 Radim Kousal<\/a><\/td>\n<td>ING. ARCH. RADIM KOUSAL<\/td>\n<\/tr>\n<tr>\n<td>2484<\/td>\n<td>\u00c7ekya<\/td>\n<td>Kr\u00e1lov\u00e9<\/td>\n<td><a href=\"https:\/\/www.cka.cz\/cs\/svet-architektury\/seznam-architektu\/ing-arch-falta-bedrich\">9 Bed\u0159ich Falta<\/a><\/td>\n<td>ING. ARCH. BED\u0158ICH FALTA<\/td>\n<\/tr>\n<tr>\n<td>2485<\/td>\n<td>\u00c7ekya<\/td>\n<td>Pilsen<\/td>\n<td><a href=\"https:\/\/www.cka.cz\/cs\/svet-architektury\/seznam-architektu\/ing-arch-cihak-zdenek\">10 Zden\u011bk \u010cih\u00e1k<\/a><\/td>\n<td>ING. ARCH. ZDEN\u011aK \u010cIH\u00c1K<\/td>\n<\/tr>\n<tr>\n<td>2486<\/td>\n<td>\u00c7ekya<\/td>\n<td>Karlovy Vary<\/td>\n<td><a href=\"https:\/\/www.cka.cz\/cs\/svet-architektury\/seznam-architektu\/ing-arch-mraz-petr\">11 Petr Mr\u00e1z<\/a><\/td>\n<td>ING. ARCH. PETR MR\u00c1Z<\/td>\n<\/tr>\n<tr>\n<td>2487<\/td>\n<td>\u00c7ekya<\/td>\n<td>Prag<\/td>\n<td><a href=\"https:\/\/www.cka.cz\/cs\/svet-architektury\/seznam-architektu\/ing-arch-sebek-vaclav\">12 V\u00e1clav \u0160ebek<\/a><\/td>\n<td>ING. ARCH. V\u00c1CLAV \u0160EBEK<\/td>\n<\/tr>\n<tr>\n<td>2488<\/td>\n<td>\u00c7ekya<\/td>\n<td>Pardubice<\/td>\n<td><a href=\"https:\/\/www.cka.cz\/cs\/svet-architektury\/seznam-architektu\/ing-arch-kopecky-miroslav-csc\">13 Miroslav Kopeck\u00fd<\/a><\/td>\n<td>ING. ARCH. MIROSLAV KOPECK\u00dd CSC.<\/td>\n<\/tr>\n<tr>\n<td>2489<\/td>\n<td>\u00c7ekya<\/td>\n<td>Prag<\/td>\n<td><a href=\"https:\/\/www.cka.cz\/cs\/svet-architektury\/seznam-architektu\/ing-arch-lauermann-lev\">14 Lev Lauermann<\/a><\/td>\n<td>ING. ARCH. LEV LAUERMANN<\/td>\n<\/tr>\n<tr>\n<td>2490<\/td>\n<td>\u00c7ekya<\/td>\n<td>Hradec Kr\u00e1lov\u00e9<\/td>\n<td><a href=\"https:\/\/www.cka.cz\/cs\/svet-architektury\/seznam-architektu\/ing-arch-plocek-karel\">15 Karel Plocek<\/a><\/td>\n<td>ING. ARCH. KAREL PLOCEK<\/td>\n<\/tr>\n<tr>\n<td>2491<\/td>\n<td>\u00c7ekya<\/td>\n<td>Klentnice<\/td>\n<td><a href=\"https:\/\/www.cka.cz\/cs\/svet-architektury\/seznam-architektu\/ing-arch-borak-dalibor\">16 Dalibor Bor\u00e1k<\/a><\/td>\n<td>ING. ARCH. DALIBOR BOR\u00c1K<\/td>\n<\/tr>\n<tr>\n<td>2492<\/td>\n<td>\u00c7ekya<\/td>\n<td>Prag<\/td>\n<td><a href=\"https:\/\/www.cka.cz\/cs\/svet-architektury\/seznam-architektu\/ing-arch-pata-lubos\">17 Lubo\u0161 Pata<\/a><\/td>\n<td>ING. ARCH. LUBO\u0160 PATA<\/td>\n<\/tr>\n<tr>\n<td>2493<\/td>\n<td>\u00c7ekya<\/td>\n<td>\u00davaly<\/td>\n<td><a href=\"https:\/\/www.cka.cz\/cs\/svet-architektury\/seznam-architektu\/prof-ing-arch-masak-miroslav\">18 Miroslav Mas\u00e1k<\/a><\/td>\n<td>PROF. ING. ARCH. MIROSLAV MAS\u00c1K<\/td>\n<\/tr>\n<tr>\n<td>2494<\/td>\n<td>\u00c7ekya<\/td>\n<td>Bud\u011bjovice<\/td>\n<td><a href=\"https:\/\/www.cka.cz\/cs\/svet-architektury\/seznam-architektu\/ing-arch-krocak-jaromir\">19 Jarom\u00edr Kro\u010d\u00e1k<\/a><\/td>\n<td>ING. ARCH. JAROM\u00cdR KRO\u010c\u00c1K<\/td>\n<\/tr>\n<tr>\n<td>2495<\/td>\n<td>\u00c7ekya<\/td>\n<td>Podkrkono\u0161\u00ed<\/td>\n<td><a href=\"https:\/\/www.cka.cz\/cs\/svet-architektury\/seznam-architektu\/ing-arch-peterka-martin\">20 Martin Peterka<\/a><\/td>\n<td>ING. ARCH. MARTIN PETERKA<\/td>\n<\/tr>\n<tr>\n<td>2496<\/td>\n<td>\u00c7ekya<\/td>\n<td>Prag<\/td>\n<td><a href=\"https:\/\/www.cka.cz\/cs\/svet-architektury\/seznam-architektu\/ing-arch-linek-jan\">21 Jan L\u00ednek<\/a><\/td>\n<td>ING. ARCH. JAN L\u00cdNEK<\/td>\n<\/tr>\n<tr>\n<td>2497<\/td>\n<td>\u00c7ekya<\/td>\n<td>Prag<\/td>\n<td><a href=\"https:\/\/www.cka.cz\/cs\/svet-architektury\/seznam-architektu\/ing-arch-rothbauerova-vitezslava\">22 V\u00edt\u011bzslava Rothbauerov\u00e1<\/a><\/td>\n<td>ING. ARCH. V\u00cdT\u011aZSLAVA ROTHBAUEROV\u00c1<\/td>\n<\/tr>\n<tr>\n<td>2498<\/td>\n<td>\u00c7ekya<\/td>\n<td>Karlovy Vary<\/td>\n<td><a href=\"https:\/\/www.cka.cz\/cs\/svet-architektury\/seznam-architektu\/ing-arch-mundil-richard\">23 Richard Mundil<\/a><\/td>\n<td>ING. ARCH. RICHARD MUNDIL<\/td>\n<\/tr>\n<tr>\n<td>2499<\/td>\n<td>\u00c7ekya<\/td>\n<td>Prag<\/td>\n<td><a href=\"https:\/\/www.cka.cz\/cs\/svet-architektury\/seznam-architektu\/ing-arch-sedlak-jan\">24 Jan Sedl\u00e1k<\/a><\/td>\n<td>ING. ARCH. JAN SEDL\u00c1K<\/td>\n<\/tr>\n<tr>\n<td>2500<\/td>\n<td>\u00c7ekya<\/td>\n<td>Prag<\/td>\n<td><a href=\"https:\/\/www.cka.cz\/cs\/svet-architektury\/seznam-architektu\/ing-arch-spacek-jiri\">25 Ji\u0159\u00ed \u0160pa\u010dek<\/a><\/td>\n<td>ING. ARCH. JI\u0158\u00cd \u0160PA\u010cEK<\/td>\n<\/tr>\n<tr>\n<td>2501<\/td>\n<td>\u00c7ekya<\/td>\n<td>Liberec<\/td>\n<td><a href=\"https:\/\/www.cka.cz\/cs\/svet-architektury\/seznam-architektu\/ing-arch-patrny-josef-1\">26 Josef Patrn\u00fd<\/a><\/td>\n<td>ING. ARCH. JOSEF PATRN\u00dd<\/td>\n<\/tr>\n<tr>\n<td>2502<\/td>\n<td>\u00c7ekya<\/td>\n<td>Nerudova<\/td>\n<td><a href=\"https:\/\/www.cka.cz\/cs\/svet-architektury\/seznam-architektu\/ing-arch-erban-libor\">27 Libor Erban<\/a><\/td>\n<td>ING. ARCH. LIBOR ERBAN<\/td>\n<\/tr>\n<tr>\n<td>2503<\/td>\n<td>\u00c7ekya<\/td>\n<td>Hostivice<\/td>\n<td><a href=\"https:\/\/www.cka.cz\/cs\/svet-architektury\/seznam-architektu\/ing-arch-korner-milan\">28 Milan K\u00f6rner<\/a><\/td>\n<td>ING. ARCH. MILAN K\u00d6RNER<\/td>\n<\/tr>\n<tr>\n<td>2504<\/td>\n<td>\u00c7ekya<\/td>\n<td>Prag<\/td>\n<td><a href=\"https:\/\/www.cka.cz\/cs\/svet-architektury\/seznam-architektu\/ing-steflicek-jan\">29 Jan \u0160tefl\u00ed\u010dek<\/a><\/td>\n<td>ING. JAN \u0160TEFL\u00cd\u010cEK<\/td>\n<\/tr>\n<tr>\n<td>2505<\/td>\n<td>\u00c7ekya<\/td>\n<td>Labem<\/td>\n<td><a href=\"https:\/\/www.cka.cz\/cs\/svet-architektury\/seznam-architektu\/ing-akad-arch-gabriel-michal\">30 Michal Gabriel<\/a><\/td>\n<td>ING. AKAD. ARCH. MICHAL GABRIEL<\/td>\n<\/tr>\n<tr>\n<td>2506<\/td>\n<td>\u00c7ekya<\/td>\n<td>Prag<\/td>\n<td><a href=\"https:\/\/www.cka.cz\/cs\/svet-architektury\/seznam-architektu\/prof-ing-arch-rajnis-martin\">31 Martin Rajni\u0161<\/a><\/td>\n<td>PROF. ING. ARCH. MARTIN RAJNI\u0160<\/td>\n<\/tr>\n<tr>\n<td>2507<\/td>\n<td>\u00c7ekya<\/td>\n<td>Modrava<\/td>\n<td><a href=\"https:\/\/www.cka.cz\/cs\/svet-architektury\/seznam-architektu\/akad-arch-hodan-vaclav\">32 V\u00e1clav Hodan<\/a><\/td>\n<td>AKAD. ARCH. V\u00c1CLAV HODAN<\/td>\n<\/tr>\n<tr>\n<td>2508<\/td>\n<td>\u00c7ekya<\/td>\n<td>Usti<\/td>\n<td><a href=\"https:\/\/www.cka.cz\/cs\/svet-architektury\/seznam-architektu\/ing-arch-kubricht-martin\">33 Martin Kubricht<\/a><\/td>\n<td>ING. ARCH. MARTIN KUBRICHT<\/td>\n<\/tr>\n<tr>\n<td>2509<\/td>\n<td>\u00c7ekya<\/td>\n<td>Brno<\/td>\n<td><a href=\"https:\/\/www.cka.cz\/cs\/svet-architektury\/seznam-architektu\/doc-ing-arch-hrusa-petr\">34 Petr Hr\u016f\u0161a<\/a><\/td>\n<td>PROF. ING. ARCH. PETR HR\u016e\u0160A<\/td>\n<\/tr>\n<tr>\n<td>2510<\/td>\n<td>\u00c7ekya<\/td>\n<td>Brno<\/td>\n<td><a href=\"https:\/\/www.cka.cz\/cs\/svet-architektury\/seznam-architektu\/prof-ing-otruba-ivar-csc\">35 Ivar Otruba<\/a><\/td>\n<td>PROF. ING. IVAR OTRUBA CSC.<\/td>\n<\/tr>\n<tr>\n<td>2511<\/td>\n<td>\u00c7ekya<\/td>\n<td>Hav\u00ed\u0159ov<\/td>\n<td><a href=\"https:\/\/www.cka.cz\/cs\/svet-architektury\/seznam-architektu\/ing-arch-kiszka-josef\">36 Josef Kiszka<\/a><\/td>\n<td>ING. ARCH. JOSEF KISZKA<\/td>\n<\/tr>\n<tr>\n<td>2512<\/td>\n<td>\u00c7ekya<\/td>\n<td>Brno<\/td>\n<td><a href=\"https:\/\/www.cka.cz\/cs\/svet-architektury\/seznam-architektu\/ing-arch-miksik-jiri\">37 Ji\u0159\u00ed Mik\u0161\u00edk<\/a><\/td>\n<td>ING. ARCH. JI\u0158\u00cd MIK\u0160\u00cdK<\/td>\n<\/tr>\n<tr>\n<td>2513<\/td>\n<td>\u00c7ekya<\/td>\n<td>Ostrova\u010dice<\/td>\n<td><a href=\"https:\/\/www.cka.cz\/cs\/svet-architektury\/seznam-architektu\/ing-subr-jaroslav\">38 Jaroslav \u0160ubr<\/a><\/td>\n<td>ING. JAROSLAV \u0160UBR<\/td>\n<\/tr>\n<tr>\n<td>2514<\/td>\n<td>\u00c7ekya<\/td>\n<td>Brno<\/td>\n<td><a href=\"https:\/\/www.cka.cz\/cs\/svet-architektury\/seznam-architektu\/doc-ing-arch-low-jiri\">39 Ji\u0159\u00ed L\u00f6w<\/a><\/td>\n<td>DOC. ING. ARCH. JI\u0158\u00cd L\u00d6W<\/td>\n<\/tr>\n<tr>\n<td>2515<\/td>\n<td>\u00c7ekya<\/td>\n<td>Brno<\/td>\n<td><a href=\"https:\/\/www.cka.cz\/cs\/svet-architektury\/seznam-architektu\/ing-arch-zlamal-tomas\">40 Tom\u00e1\u0161 Zl\u00e1mal<\/a><\/td>\n<td>ING. ARCH. TOM\u00c1\u0160 ZL\u00c1MAL<\/td>\n<\/tr>\n<tr>\n<td>2516<\/td>\n<td>\u00c7ekya<\/td>\n<td>Prag<\/td>\n<td><a href=\"https:\/\/www.cka.cz\/cs\/svet-architektury\/seznam-architektu\/doc-ing-horky-jaroslav\">41 Jaroslav Hork\u00fd<\/a><\/td>\n<td>DOC. ING. JAROSLAV HORKY<\/td>\n<\/tr>\n<tr>\n<td>2517<\/td>\n<td>\u00c7ekya<\/td>\n<td>Prag<\/td>\n<td><a href=\"https:\/\/www.cka.cz\/cs\/svet-architektury\/seznam-architektu\/prof-akad-arch-fiser-jan\">42 Jan Fi\u0161er<\/a><\/td>\n<td>PROF. AKAD. ARCH. JAN FI\u0160ER<\/td>\n<\/tr>\n<tr>\n<td>2518<\/td>\n<td>\u00c7ekya<\/td>\n<td>Prag<\/td>\n<td><a href=\"https:\/\/www.cka.cz\/cs\/svet-architektury\/seznam-architektu\/akad-arch-klima-milan\">43 Milan Kl\u00edma<\/a><\/td>\n<td>AKAD. ARCH. MILAN KL\u00cdMA<\/td>\n<\/tr>\n<tr>\n<td>2519<\/td>\n<td>\u00c7ekya<\/td>\n<td>Prag<\/td>\n<td><a href=\"https:\/\/www.cka.cz\/cs\/svet-architektury\/seznam-architektu\/akad-arch-ing-arch-vrana-jan\">44 Jan Vrana<\/a><\/td>\n<td>AKAD. ARCH. ING. ARCH. JAN VRANA<\/td>\n<\/tr>\n<tr>\n<td>2520<\/td>\n<td>\u00c7ekya<\/td>\n<td>Karlovy Vary<\/td>\n<td><a href=\"https:\/\/www.cka.cz\/cs\/svet-architektury\/seznam-architektu\/ing-arch-kosek-lubomir\">45 Lubom\u00edr Ko\u0161ek<\/a><\/td>\n<td>ING. ARCH. LUBOM\u00cdR KO\u0160EK<\/td>\n<\/tr>\n<tr>\n<td>2521<\/td>\n<td>\u00c7ekya<\/td>\n<td>Prag<\/td>\n<td><a href=\"https:\/\/www.cka.cz\/cs\/svet-architektury\/seznam-architektu\/ing-arch-sborwitz-michal\">46 Michal Sborwitz<\/a><\/td>\n<td>ING. ARCH. MICHAL SBORWITZ<\/td>\n<\/tr>\n<tr>\n<td>2522<\/td>\n<td>\u00c7ekya<\/td>\n<td>Prag<\/td>\n<td><a href=\"https:\/\/www.cka.cz\/cs\/svet-architektury\/seznam-architektu\/akad-arch-smolik-frantisek\">47 Franti\u0161ek \u0160mol\u00edk<\/a><\/td>\n<td>AKAD. ARCH. FRANTI\u0160EK \u0160MOL\u00cdK<\/td>\n<\/tr>\n<tr>\n<td>2523<\/td>\n<td>\u00c7ekya<\/td>\n<td>Prag<\/td>\n<td><a href=\"https:\/\/www.cka.cz\/cs\/svet-architektury\/seznam-architektu\/ing-arch-kanturek-jiri\">48 Ji\u0159\u00ed Kant\u016frek<\/a><\/td>\n<td>ING. ARCH. JI\u0158\u00cd KANT\u016eREK<\/td>\n<\/tr>\n<tr>\n<td>2524<\/td>\n<td>\u00c7ekya<\/td>\n<td>Trmice<\/td>\n<td><a href=\"https:\/\/www.cka.cz\/cs\/svet-architektury\/seznam-architektu\/ing-arch-novak-vladimir-1\">49 Vladim\u00edr Nov\u00e1k<\/a><\/td>\n<td>ING. ARCH. VLADIM\u00cdR NOV\u00c1K<\/td>\n<\/tr>\n<tr>\n<td>2525<\/td>\n<td>\u00c7ekya<\/td>\n<td>Prag<\/td>\n<td><a href=\"https:\/\/www.cka.cz\/cs\/svet-architektury\/seznam-architektu\/prof-akad-arch-keil-petr\">50 Petr Keil<\/a><\/td>\n<td>PROF. AKAD. ARCH. PETR KEIL<\/td>\n<\/tr>\n<tr>\n<td>2526<\/td>\n<td>\u00c7ekya<\/td>\n<td>Prag<\/td>\n<td><a href=\"https:\/\/www.cka.cz\/cs\/svet-architektury\/seznam-architektu\/ing-arch-kratky-vladimir\">51 Vladim\u00edr Kr\u00e1tk\u00fd<\/a><\/td>\n<td>ING. ARCH. VLADIM\u00cdR KR\u00c1TK\u00dd<\/td>\n<\/tr>\n<tr>\n<td>2527<\/td>\n<td>\u00c7ekya<\/td>\n<td>Pr\u016fhonice<\/td>\n<td><a href=\"https:\/\/www.cka.cz\/cs\/svet-architektury\/seznam-architektu\/ing-sonsky-drahoslav-csc\">52 Drahoslav \u0160onsk\u00fd<\/a><\/td>\n<td>ING. DRAHOSLAV SONSKY CSC.<\/td>\n<\/tr>\n<tr>\n<td>2528<\/td>\n<td>\u00c7ekya<\/td>\n<td>Ku\u0159im<\/td>\n<td><a href=\"https:\/\/www.cka.cz\/cs\/svet-architektury\/seznam-architektu\/ing-arch-burian-ales\">53 Ale\u0161 Burian<\/a><\/td>\n<td>ING. ARCH. ALE\u0160 BURIAN<\/td>\n<\/tr>\n<tr>\n<td>2529<\/td>\n<td>\u00c7ekya<\/td>\n<td>Brno<\/td>\n<td><a href=\"https:\/\/www.cka.cz\/cs\/svet-architektury\/seznam-architektu\/akad-arch-sapak-jan\">54 Jan Sap\u00e1k<\/a><\/td>\n<td>AKAD. ARCH. JAN SAP\u00c1K<\/td>\n<\/tr>\n<tr>\n<td>2530<\/td>\n<td>\u00c7ekya<\/td>\n<td>P\u0159erov<\/td>\n<td><a href=\"https:\/\/www.cka.cz\/cs\/svet-architektury\/seznam-architektu\/ing-arch-brauner-petr\">55 Petr Brauner<\/a><\/td>\n<td>ING. ARCH. PETR BRAUNER<\/td>\n<\/tr>\n<tr>\n<td>2531<\/td>\n<td>\u00c7ekya<\/td>\n<td>Brno<\/td>\n<td><a href=\"https:\/\/www.cka.cz\/cs\/svet-architektury\/seznam-architektu\/akad-arch-vrana-frantisek\">56 Franti\u0161ek Vr\u00e1na<\/a><\/td>\n<td>AKAD. ARCH. FRANTI\u0160EK VR\u00c1NA<\/td>\n<\/tr>\n<tr>\n<td>2532<\/td>\n<td>\u00c7ekya<\/td>\n<td>Brno<\/td>\n<td><a href=\"https:\/\/www.cka.cz\/cs\/svet-architektury\/seznam-architektu\/ing-arch-josifek-jaroslav\">57 Jaroslav Jos\u00edfek<\/a><\/td>\n<td>ING. ARCH. JAROSLAV JOS\u00cdFEK<\/td>\n<\/tr>\n<tr>\n<td>2533<\/td>\n<td>\u00c7ekya<\/td>\n<td>Brno<\/td>\n<td><a href=\"https:\/\/www.cka.cz\/cs\/svet-architektury\/seznam-architektu\/ing-arch-rudis-viktor\">58 Viktor Rudi\u0161<\/a><\/td>\n<td>ING. ARCH. VIKTOR RUDI\u0160<\/td>\n<\/tr>\n<tr>\n<td>2534<\/td>\n<td>\u00c7ekya<\/td>\n<td>Brno<\/td>\n<td><a href=\"https:\/\/www.cka.cz\/cs\/svet-architektury\/seznam-architektu\/ing-arch-cuhel-vladimir\">59 Vladim\u00edr \u010cuhel<\/a><\/td>\n<td>ING. ARCH. VLADIM\u00cdR \u010cUHEL<\/td>\n<\/tr>\n<tr>\n<td>2535<\/td>\n<td>\u00c7ekya<\/td>\n<td>Olomuk<\/td>\n<td><a href=\"https:\/\/www.cka.cz\/cs\/svet-architektury\/seznam-architektu\/ing-arch-janu-alois\">60 Alois Jan\u016f<\/a><\/td>\n<td>ING. ARCH. ALOIS JAN\u016e<\/td>\n<\/tr>\n<tr>\n<td>2536<\/td>\n<td>\u00c7ekya<\/td>\n<td>Brno<\/td>\n<td><a href=\"https:\/\/www.cka.cz\/cs\/svet-architektury\/seznam-architektu\/ing-arch-simecek-pavel\">61 Pavel \u0160ime\u010dek<\/a><\/td>\n<td>ING. ARCH. PAVEL \u0160IME\u010cEK<\/td>\n<\/tr>\n<tr>\n<td>2537<\/td>\n<td>\u00c7ekya<\/td>\n<td>Ostrava<\/td>\n<td><a href=\"https:\/\/www.cka.cz\/cs\/svet-architektury\/seznam-architektu\/ing-arch-sedlecky-jaroslav\">62 Jaroslav Sedleck\u00fd<\/a><\/td>\n<td>ING. ARCH. JAROSLAV SEDLECK\u00dd<\/td>\n<\/tr>\n<tr>\n<td>2538<\/td>\n<td>\u00c7ekya<\/td>\n<td>Prag<\/td>\n<td><a href=\"https:\/\/www.cka.cz\/cs\/svet-architektury\/seznam-architektu\/ing-arch-koukol-ivo\">63 Ivo Koukol<\/a><\/td>\n<td>ING. ARCH. IVO KOUKOL<\/td>\n<\/tr>\n<tr>\n<td>2539<\/td>\n<td>\u00c7ekya<\/td>\n<td>Prag<\/td>\n<td><a href=\"https:\/\/www.cka.cz\/cs\/svet-architektury\/seznam-architektu\/ing-nettwall-karel\">64 Karel Nettwall<\/a><\/td>\n<td>ING. KAREL NETTWALL<\/td>\n<\/tr>\n<tr>\n<td>2540<\/td>\n<td>\u00c7ekya<\/td>\n<td>Prag<\/td>\n<td><a href=\"https:\/\/www.cka.cz\/cs\/svet-architektury\/seznam-architektu\/ing-arch-tuma-miroslav\">65 Miroslav T\u016fma<\/a><\/td>\n<td>ING. ARCH. MIROSLAV T\u016eMA<\/td>\n<\/tr>\n<tr>\n<td>2541<\/td>\n<td>\u00c7ekya<\/td>\n<td>Prag<\/td>\n<td><a href=\"https:\/\/www.cka.cz\/cs\/svet-architektury\/seznam-architektu\/ing-novotny-tomas\">66 Tom\u00e1\u0161 Novotn\u00fd<\/a><\/td>\n<td>ING. TOM\u00c1\u0160 NOVOTN\u00dd<\/td>\n<\/tr>\n<tr>\n<td>2542<\/td>\n<td>\u00c7ekya<\/td>\n<td>Prag<\/td>\n<td><a href=\"https:\/\/www.cka.cz\/cs\/svet-architektury\/seznam-architektu\/akad-arch-kerel-jan\">67 Jan Kerel<\/a><\/td>\n<td>AKAD. ARCH. JAN KEREL<\/td>\n<\/tr>\n<tr>\n<td>2543<\/td>\n<td>\u00c7ekya<\/td>\n<td>Prag<\/td>\n<td><a href=\"https:\/\/www.cka.cz\/cs\/svet-architektury\/seznam-architektu\/akad-arch-vratnik-ladislav\">68 Ladislav Vr\u00e1tn\u00edk<\/a><\/td>\n<td>AKAD. ARCH. LADISLAV VR\u00c1TN\u00cdK<\/td>\n<\/tr>\n<tr>\n<td>2544<\/td>\n<td>\u00c7ekya<\/td>\n<td>Prag<\/td>\n<td><a href=\"https:\/\/www.cka.cz\/cs\/svet-architektury\/seznam-architektu\/doc-ing-arch-schleger-eduard\">69 Eduard Schleger<\/a><\/td>\n<td>DOC. ING. ARCH. EDUARD SCHLEGER<\/td>\n<\/tr>\n<tr>\n<td>2545<\/td>\n<td>\u00c7ekya<\/td>\n<td>Prag<\/td>\n<td><a href=\"https:\/\/www.cka.cz\/cs\/svet-architektury\/seznam-architektu\/ing-arch-kotik-martin\">70 Martin Kot\u00edk<\/a><\/td>\n<td>ING. ARCH. MARTIN KOT\u00cdK<\/td>\n<\/tr>\n<tr>\n<td>2546<\/td>\n<td>\u00c7ekya<\/td>\n<td>Prag<\/td>\n<td><a href=\"https:\/\/www.cka.cz\/cs\/svet-architektury\/seznam-architektu\/akad-arch-alda-vaclav\">71 V\u00e1clav Alda<\/a><\/td>\n<td>AKAD. ARCH. V\u00c1CLAV ALDA<\/td>\n<\/tr>\n<tr>\n<td>2547<\/td>\n<td>\u00c7ekya<\/td>\n<td>Prag<\/td>\n<td><a href=\"https:\/\/www.cka.cz\/cs\/svet-architektury\/seznam-architektu\/ing-akad-arch-stulc-vladimir\">72 Vladim\u00edr \u0160tulc<\/a><\/td>\n<td>ING. AKAD. ARCH. VLADIM\u00cdR \u0160TULC<\/td>\n<\/tr>\n<tr>\n<td>2548<\/td>\n<td>\u00c7ekya<\/td>\n<td>Prag<\/td>\n<td><a href=\"https:\/\/www.cka.cz\/cs\/svet-architektury\/seznam-architektu\/akad-arch-belohlavek-ludek\">73 Lud\u011bk B\u011blohl\u00e1vek<\/a><\/td>\n<td>AKAD. ARCH. LUD\u011aK B\u011aLOHL\u00c1VEK<\/td>\n<\/tr>\n<tr>\n<td>2549<\/td>\n<td>\u00c7ekya<\/td>\n<td>Prag<\/td>\n<td><a href=\"https:\/\/www.cka.cz\/cs\/svet-architektury\/seznam-architektu\/dr-ing-arch-kuca-otakar\">74 Otakar Ku\u010da<\/a><\/td>\n<td>DR. ING. ARCH. OTAKAR KU\u010cA<\/td>\n<\/tr>\n<tr>\n<td>2550<\/td>\n<td>\u00c7ekya<\/td>\n<td>Prag<\/td>\n<td><a href=\"https:\/\/www.cka.cz\/cs\/svet-architektury\/seznam-architektu\/ing-arch-lang-ales\">75 Ale\u0161 Lang<\/a><\/td>\n<td>ING. ARCH. ALE\u0160 LANG<\/td>\n<\/tr>\n<tr>\n<td>2551<\/td>\n<td>\u00c7ekya<\/td>\n<td>Labem<\/td>\n<td><a href=\"https:\/\/www.cka.cz\/cs\/svet-architektury\/seznam-architektu\/ing-arch-havlik-zdenek\">76 Zden\u011bk Havl\u00edk<\/a><\/td>\n<td>ING. ARCH. ZDEN\u011aK HAVL\u00cdK<\/td>\n<\/tr>\n<tr>\n<td>2552<\/td>\n<td>\u00c7ekya<\/td>\n<td>Prag<\/td>\n<td><a href=\"https:\/\/www.cka.cz\/cs\/svet-architektury\/seznam-architektu\/akad-arch-polacek-jaroslav\">77 Jaroslav Pol\u00e1\u010dek<\/a><\/td>\n<td>AKAD. ARCH. JAROSLAV POL\u00c1\u010cEK<\/td>\n<\/tr>\n<tr>\n<td>2553<\/td>\n<td>\u00c7ekya<\/td>\n<td>Prag<\/td>\n<td><a href=\"https:\/\/www.cka.cz\/cs\/svet-architektury\/seznam-architektu\/ing-arch-koucky-roman\">78 Roman Kouck\u00fd<\/a><\/td>\n<td>ING. ARCH. ROMAN KOUCK\u00dd<\/td>\n<\/tr>\n<tr>\n<td>2554<\/td>\n<td>\u00c7ekya<\/td>\n<td>Teplice<\/td>\n<td><a href=\"https:\/\/www.cka.cz\/cs\/svet-architektury\/seznam-architektu\/ing-arch-misek-milan\">79 Milan M\u00ed\u0161ek<\/a><\/td>\n<td>ING. ARCH. MILAN M\u00cd\u0160EK<\/td>\n<\/tr>\n<tr>\n<td>2555<\/td>\n<td>\u00c7ekya<\/td>\n<td>Prag<\/td>\n<td><a href=\"https:\/\/www.cka.cz\/cs\/svet-architektury\/seznam-architektu\/ing-arch-vavra-zdenek\">80 Zden\u011bk V\u00e1vra<\/a><\/td>\n<td>ING. ARCH. ZDEN\u011aK<\/td>\n<\/tr>\n<tr>\n<td>2556<\/td>\n<td>\u00c7ekya<\/td>\n<td>Prag<\/td>\n<td><a href=\"https:\/\/www.cka.cz\/cs\/svet-architektury\/seznam-architektu\/ing-arch-doubner-karel\">81 Karel Doubner<\/a><\/td>\n<td>ING. ARCH. KAREL DOUBNER<\/td>\n<\/tr>\n<tr>\n<td>2557<\/td>\n<td>\u00c7ekya<\/td>\n<td>Prag<\/td>\n<td><a href=\"https:\/\/www.cka.cz\/cs\/svet-architektury\/seznam-architektu\/ing-arch-santavy-tomas\">82 Tom\u00e1\u0161 \u0160antav\u00fd<\/a><\/td>\n<td>ING. ARCH. TOM\u00c1\u0160 \u0160ANTAV\u00dd<\/td>\n<\/tr>\n<tr>\n<td>2558<\/td>\n<td>\u00c7ekya<\/td>\n<td>Brno<\/td>\n<td><a href=\"https:\/\/www.cka.cz\/cs\/svet-architektury\/seznam-architektu\/ing-arch-zertova-ruzena\">83 R\u016f\u017eena \u017dertov\u00e1<\/a><\/td>\n<td>ING. ARCH. R\u016e\u017dENA \u017dERTOV\u00c1<\/td>\n<\/tr>\n<tr>\n<td>2559<\/td>\n<td>\u00c7ekya<\/td>\n<td>Ostrava<\/td>\n<td><a href=\"https:\/\/www.cka.cz\/cs\/svet-architektury\/seznam-architektu\/ing-arch-klimes-ivo\">84 Ivo Klime\u0161<\/a><\/td>\n<td>ING. ARCH. IVO KLIME\u0160<\/td>\n<\/tr>\n<tr>\n<td>2560<\/td>\n<td>\u00c7ekya<\/td>\n<td>Brno<\/td>\n<td><a href=\"https:\/\/www.cka.cz\/cs\/svet-architektury\/seznam-architektu\/ing-damec-jiri\">85 Ji\u0159\u00ed Damec<\/a><\/td>\n<td>ING. JI\u0158\u00cd DAMEC<\/td>\n<\/tr>\n<tr>\n<td>2561<\/td>\n<td>\u00c7ekya<\/td>\n<td>Brno<\/td>\n<td><a href=\"https:\/\/www.cka.cz\/cs\/svet-architektury\/seznam-architektu\/ing-arch-grym-ludvik\">86 Ludv\u00edk Grym<\/a><\/td>\n<td>ING. ARCH. LUDV\u00cdK GRYM<\/td>\n<\/tr>\n<tr>\n<td>2562<\/td>\n<td>\u00c7ekya<\/td>\n<td>Zl\u00edn<\/td>\n<td><a href=\"https:\/\/www.cka.cz\/cs\/svet-architektury\/seznam-architektu\/ing-arch-habarta-jaroslav\">87 Jaroslav Habarta<\/a><\/td>\n<td>ING. ARCH. JAROSLAV HABARTA<\/td>\n<\/tr>\n<tr>\n<td>2563<\/td>\n<td>\u00c7ekya<\/td>\n<td>Ostrava<\/td>\n<td><a href=\"https:\/\/www.cka.cz\/cs\/svet-architektury\/seznam-architektu\/ing-arch-nemec-ladislav\">88 Ladislav N\u011bmec<\/a><\/td>\n<td>ING. ARCH. LADISLAV<\/td>\n<\/tr>\n<tr>\n<td>2564<\/td>\n<td>\u00c7ekya<\/td>\n<td>Brno<\/td>\n<td><a href=\"https:\/\/www.cka.cz\/cs\/svet-architektury\/seznam-architektu\/ing-arch-dohnal-viktor\">89 Viktor Dohnal<\/a><\/td>\n<td>ING. ARCH. VIKTOR<\/td>\n<\/tr>\n<tr>\n<td>2565<\/td>\n<td>\u00c7ekya<\/td>\n<td>Brno<\/td>\n<td><a href=\"https:\/\/www.cka.cz\/cs\/svet-architektury\/seznam-architektu\/ing-arch-mencl-vaclav\">90 V\u00e1clav Mencl<\/a><\/td>\n<td>ING. ARCH. V\u00c1CLAV MENCL<\/td>\n<\/tr>\n<tr>\n<td>2566<\/td>\n<td>\u00c7ekya<\/td>\n<td>Brno<\/td>\n<td><a href=\"https:\/\/www.cka.cz\/cs\/svet-architektury\/seznam-architektu\/ing-arch-kovarik-martin-ph-d\">91 Martin Kova\u0159\u00edk<\/a><\/td>\n<td>ING. ARCH. MARTIN KOVA\u0158\u00cdK PH.D.<\/td>\n<\/tr>\n<tr>\n<td>2567<\/td>\n<td>\u00c7ekya<\/td>\n<td>Brno<\/td>\n<td><a href=\"https:\/\/www.cka.cz\/cs\/svet-architektury\/seznam-architektu\/ing-tupa-jana\">92 Jana Tup\u00e1<\/a><\/td>\n<td>ING. JANA TUP\u00c1<\/td>\n<\/tr>\n<tr>\n<td>2568<\/td>\n<td>\u00c7ekya<\/td>\n<td>Prag<\/td>\n<td><a href=\"https:\/\/www.cka.cz\/cs\/svet-architektury\/seznam-architektu\/ing-arch-bocan-jan\">93 Jan Bo\u010dan<\/a><\/td>\n<td>ING. ARCH. JAN BO\u010cAN<\/td>\n<\/tr>\n<tr>\n<td>2569<\/td>\n<td>\u00c7ekya<\/td>\n<td>Prag<\/td>\n<td><a href=\"https:\/\/www.cka.cz\/cs\/svet-architektury\/seznam-architektu\/doc-ing-arch-brix-tomas\">94 Tom\u00e1\u0161 Brix<\/a><\/td>\n<td>DOC. ING. ARCH. TOM\u00c1\u0160 BRIX<\/td>\n<\/tr>\n<tr>\n<td>2570<\/td>\n<td>\u00c7ekya<\/td>\n<td>Prag<\/td>\n<td><a href=\"https:\/\/www.cka.cz\/cs\/svet-architektury\/seznam-architektu\/ing-arch-hurka-jiri\">95 Ji\u0159\u00ed H\u016frka<\/a><\/td>\n<td>ING. ARCH. JI\u0158\u00cd H\u016eRKA<\/td>\n<\/tr>\n<tr>\n<td>2571<\/td>\n<td>\u00c7ekya<\/td>\n<td>Prag<\/td>\n<td><a href=\"https:\/\/www.cka.cz\/cs\/svet-architektury\/seznam-architektu\/ing-arch-pribyl-kvetoslav\">96 Kv\u011btoslav P\u0159ibyl<\/a><\/td>\n<td>ING. ARCH. KV\u011aTOSLAV P\u0158IBYL<\/td>\n<\/tr>\n<tr>\n<td>2572<\/td>\n<td>\u00c7ekya<\/td>\n<td>Prag<\/td>\n<td><a href=\"https:\/\/www.cka.cz\/cs\/svet-architektury\/seznam-architektu\/ing-arch-brzobohaty-petr\">97 Petr Brzobohat\u00fd<\/a><\/td>\n<td>ING. ARCH. PETR BRZOBOHAT\u00dd<\/td>\n<\/tr>\n<tr>\n<td>2573<\/td>\n<td>\u00c7ekya<\/td>\n<td>Prag<\/td>\n<td><a href=\"https:\/\/www.cka.cz\/cs\/svet-architektury\/seznam-architektu\/ing-arch-kordovska-pavla\">98 Pavla Kordovsk\u00e1<\/a><\/td>\n<td>ING. ARCH. PAVLA KORDOVSK\u00c1<\/td>\n<\/tr>\n<tr>\n<td>2574<\/td>\n<td>\u00c7ekya<\/td>\n<td>Prag<\/td>\n<td><a href=\"https:\/\/www.cka.cz\/cs\/svet-architektury\/seznam-architektu\/ing-arch-novotna-jana\">99 Jana Novotn\u00e1<\/a><\/td>\n<td>ING. ARCH. JANA NOVOTN\u00c1<\/td>\n<\/tr>\n<tr>\n<td>2575<\/td>\n<td>\u00c7ekya<\/td>\n<td>Prag<\/td>\n<td><a href=\"https:\/\/www.cka.cz\/cs\/svet-architektury\/seznam-architektu\/ing-arch-gjuric-alexander\">100 Alexander Gjuri\u010d<\/a><\/td>\n<td>ING. ARCH. ALEXANDER GJURI\u010c<\/td>\n<\/tr>\n<tr>\n<td>2576<\/td>\n<td>\u00c7ekya<\/td>\n<td>Karlovy Vary<\/td>\n<td><a href=\"https:\/\/www.cka.cz\/cs\/svet-architektury\/seznam-architektu\/ing-arch-karas-michal\">101 Michal Karas<\/a><\/td>\n<td>ING. ARCH. MICHAL KARAS<\/td>\n<\/tr>\n<tr>\n<td>2577<\/td>\n<td>\u00c7ekya<\/td>\n<td>Lu\u017enic\u00ed<\/td>\n<td><a href=\"https:\/\/www.cka.cz\/cs\/svet-architektury\/seznam-architektu\/ing-arch-konopka-ladislav\">102 Ladislav Konopka<\/a><\/td>\n<td>ING. ARCH. LADISLAV KONOPKA<\/td>\n<\/tr>\n<tr>\n<td>2578<\/td>\n<td>\u00c7ekya<\/td>\n<td>Liberec<\/td>\n<td><a href=\"https:\/\/www.cka.cz\/cs\/svet-architektury\/seznam-architektu\/prof-ing-arch-akad-arch-suchomel-jiri\">103 Ji\u0159\u00ed Suchomel<\/a><\/td>\n<td>PROF. ING. ARCH. AKAD.ARCH. JI\u0158\u00cd SUCHOMEL<\/td>\n<\/tr>\n<tr>\n<td>2579<\/td>\n<td>\u00c7ekya<\/td>\n<td>Liberec<\/td>\n<td><a href=\"https:\/\/www.cka.cz\/cs\/svet-architektury\/seznam-architektu\/ing-arch-vanecek-pavel\">104 Pavel Van\u011b\u010dek<\/a><\/td>\n<td>ING. ARCH. PAVEL VAN\u011a\u010cEK<\/td>\n<\/tr>\n<tr>\n<td>2580<\/td>\n<td>\u00c7ekya<\/td>\n<td>\u010cesk\u00e9 Bud\u011bjovice<\/td>\n<td><a href=\"https:\/\/www.cka.cz\/cs\/svet-architektury\/seznam-architektu\/ing-arch-polcarova-dagmar\">105 Dagmar Polcarov\u00e1<\/a><\/td>\n<td>ING. ARCH. DAGMAR POLCAROV\u00c1<\/td>\n<\/tr>\n<tr>\n<td>2581<\/td>\n<td>\u00c7ekya<\/td>\n<td>\u010cesk\u00e9 Bud\u011bjovice<\/td>\n<td><a href=\"https:\/\/www.cka.cz\/cs\/svet-architektury\/seznam-architektu\/ing-arch-bruha-jiri\">106 Ji\u0159\u00ed Br\u016fha<\/a><\/td>\n<td>ING. ARCH. JI\u0158\u00cd BR\u016eHA<\/td>\n<\/tr>\n<tr>\n<td>2582<\/td>\n<td>\u00c7ekya<\/td>\n<td>Prag<\/td>\n<td><a href=\"https:\/\/www.cka.cz\/cs\/svet-architektury\/seznam-architektu\/akad-arch-lasovsky-jiri-1\">107 Ji\u0159\u00ed Lasovsk\u00fd<\/a><\/td>\n<td>AKAD. ARCH. JI\u0158\u00cd LASOVSK\u00dd<\/td>\n<\/tr>\n<tr>\n<td>2583<\/td>\n<td>\u00c7ekya<\/td>\n<td>\u010cesk\u00e9 Bud\u011bjovice<\/td>\n<td><a href=\"https:\/\/www.cka.cz\/cs\/svet-architektury\/seznam-architektu\/ing-arch-cepek-boris\">108 Boris \u010cepek<\/a><\/td>\n<td>ING. ARCH. BORIS \u010cEPEK<\/td>\n<\/tr>\n<tr>\n<td>2584<\/td>\n<td>\u00c7ekya<\/td>\n<td>Pardubice<\/td>\n<td><a href=\"https:\/\/www.cka.cz\/cs\/svet-architektury\/seznam-architektu\/ing-arch-ziegler-ladislav\">109 Ladislav Ziegler<\/a><\/td>\n<td>ING. ARCH. LADISLAV ZIEGLER<\/td>\n<\/tr>\n<tr>\n<td>2585<\/td>\n<td>\u00c7ekya<\/td>\n<td>Prag<\/td>\n<td><a href=\"https:\/\/www.cka.cz\/cs\/svet-architektury\/seznam-architektu\/ing-arch-fortl-karel\">110 Karel Fo\u0159tl<\/a><\/td>\n<td>ING. ARCH. KAREL FO\u0158TL<\/td>\n<\/tr>\n<tr>\n<td>2586<\/td>\n<td>\u00c7ekya<\/td>\n<td>Bene\u0161ov<\/td>\n<td><a href=\"https:\/\/www.cka.cz\/cs\/svet-architektury\/seznam-architektu\/ing-arch-spacek-jan\">111 Jan \u0160pa\u010dek<\/a><\/td>\n<td>ING. ARCH. JAN \u0160PA\u010cEK<\/td>\n<\/tr>\n<tr>\n<td>2587<\/td>\n<td>\u00c7ekya<\/td>\n<td>Liberec<\/td>\n<td><a href=\"https:\/\/www.cka.cz\/cs\/svet-architektury\/seznam-architektu\/ing-arch-macek-vaclav\">112 V\u00e1clav Macek<\/a><\/td>\n<td>ING. ARCH. V\u00c1CLAV MACEK<\/td>\n<\/tr>\n<tr>\n<td>2588<\/td>\n<td>\u00c7ekya<\/td>\n<td>Mnichovice<\/td>\n<td><a href=\"https:\/\/www.cka.cz\/cs\/svet-architektury\/seznam-architektu\/ing-arch-bezpalec-tomas\">113 Tom\u00e1\u0161 Bezpalec<\/a><\/td>\n<td>ING. ARCH. TOM\u00c1\u0160 BEZPALEC<\/td>\n<\/tr>\n<tr>\n<td>2589<\/td>\n<td>\u00c7ekya<\/td>\n<td>Prag<\/td>\n<td><a href=\"https:\/\/www.cka.cz\/cs\/svet-architektury\/seznam-architektu\/akad-arch-novacek-jaroslav\">114 Jaroslav Nov\u00e1\u010dek<\/a><\/td>\n<td>AKAD. ARCH. JAROSLAV NOV\u00c1\u010cEK<\/td>\n<\/tr>\n<tr>\n<td>2590<\/td>\n<td>\u00c7ekya<\/td>\n<td>Karlovy Vary<\/td>\n<td><a href=\"https:\/\/www.cka.cz\/cs\/svet-architektury\/seznam-architektu\/ing-arch-sejvl-jiri\">115 Ji\u0159\u00ed \u0160ejvl<\/a><\/td>\n<td>ING. ARCH. JI\u0158\u00cd \u0160EJVL<\/td>\n<\/tr>\n<tr>\n<td>2591<\/td>\n<td>\u00c7ekya<\/td>\n<td>Prag<\/td>\n<td><a href=\"https:\/\/www.cka.cz\/cs\/svet-architektury\/seznam-architektu\/ing-arch-vavrik-ivan\">116 Ivan Vav\u0159\u00edk<\/a><\/td>\n<td>ING. ARCH. IVAN VAV\u0158\u00cdK<\/td>\n<\/tr>\n<tr>\n<td>2592<\/td>\n<td>\u00c7ekya<\/td>\n<td>Cheb<\/td>\n<td><a href=\"https:\/\/www.cka.cz\/cs\/svet-architektury\/seznam-architektu\/ing-arch-vystyd-ludek\">117 Lud\u011bk Vystyd<\/a><\/td>\n<td>ING. ARCH. LUD\u011aK VYSTYD<\/td>\n<\/tr>\n<tr>\n<td>2593<\/td>\n<td>\u00c7ekya<\/td>\n<td>Prag<\/td>\n<td><a href=\"https:\/\/www.cka.cz\/cs\/svet-architektury\/seznam-architektu\/ing-arch-svoboda-petr-1\">118 Petr Svoboda<\/a><\/td>\n<td>ING. ARCH. PETR SVOBODA<\/td>\n<\/tr>\n<tr>\n<td>2594<\/td>\n<td>\u00c7ekya<\/td>\n<td>Nov\u00fd Kn\u00edn<\/td>\n<td><a href=\"https:\/\/www.cka.cz\/cs\/svet-architektury\/seznam-architektu\/ing-arch-rothbauer-zdenek\">119 Zden\u011bk Rothbauer<\/a><\/td>\n<td>ING. ARCH. ZDEN\u011aK ROTHBAUER<\/td>\n<\/tr>\n<tr>\n<td>2595<\/td>\n<td>\u00c7ekya<\/td>\n<td>Prag<\/td>\n<td><a href=\"https:\/\/www.cka.cz\/cs\/svet-architektury\/seznam-architektu\/ing-arch-safer-jaroslav\">120 Jaroslav \u0160afer<\/a><\/td>\n<td>PROF. ING. ARCH. JAROSLAV \u0160AFER<\/td>\n<\/tr>\n<tr>\n<td>2596<\/td>\n<td>\u00c7ekya<\/td>\n<td>Prag<\/td>\n<td><a href=\"https:\/\/www.cka.cz\/cs\/svet-architektury\/seznam-architektu\/ing-arch-pleskot-josef\">121 Josef Pleskot<\/a><\/td>\n<td>ING. ARCH. JOSEF PLESKOT<\/td>\n<\/tr>\n<tr>\n<td>2597<\/td>\n<td>\u00c7ekya<\/td>\n<td>Prag<\/td>\n<td><a href=\"https:\/\/www.cka.cz\/cs\/svet-architektury\/seznam-architektu\/prof-ing-arch-hlavacek-emil-drsc\">122 Emil Hlav\u00e1\u010dek<\/a><\/td>\n<td>PROF. ING. ARCH. EMIL HLAV\u00c1\u010cEK DRSC.<\/td>\n<\/tr>\n<tr>\n<td>2598<\/td>\n<td>\u00c7ekya<\/td>\n<td>Prag<\/td>\n<td><a href=\"https:\/\/www.cka.cz\/cs\/svet-architektury\/seznam-architektu\/ing-arch-prager-karel\">123 Karel Prager<\/a><\/td>\n<td>ING. ARCH. KAREL PRAGER<\/td>\n<\/tr>\n<tr>\n<td>2599<\/td>\n<td>\u00c7ekya<\/td>\n<td>Rudolfov<\/td>\n<td><a href=\"https:\/\/www.cka.cz\/cs\/svet-architektury\/seznam-architektu\/ing-arch-kovar-stanislav-csc\">124 Stanislav Kov\u00e1\u0159<\/a><\/td>\n<td>ING. ARCH. STANISLAV KOV\u00c1\u0158 CSC.<\/td>\n<\/tr>\n<tr>\n<td>2600<\/td>\n<td>\u00c7ekya<\/td>\n<td>Jesenice<\/td>\n<td><a href=\"https:\/\/www.cka.cz\/cs\/svet-architektury\/seznam-architektu\/ing-arch-eisenreich-jiri\">125 Ji\u0159\u00ed Eisenreich<\/a><\/td>\n<td>ING. ARCH. JI\u0158\u00cd EISENREICH<\/td>\n<\/tr>\n<tr>\n<td>2601<\/td>\n<td>\u00c7ekya<\/td>\n<td>Plze\u0148<\/td>\n<td><a href=\"https:\/\/www.cka.cz\/cs\/svet-architektury\/seznam-architektu\/ing-arch-mastny-vaclav\">126 V\u00e1clav Mastn\u00fd<\/a><\/td>\n<td>ING. ARCH. V\u00c1CLAV<\/td>\n<\/tr>\n<tr>\n<td>2602<\/td>\n<td>\u00c7ekya<\/td>\n<td>Prag<\/td>\n<td><a href=\"https:\/\/www.cka.cz\/cs\/svet-architektury\/seznam-architektu\/akad-arch-cejka-miloslav\">127 Miloslav \u010cejka<\/a><\/td>\n<td>AKAD. ARCH. MILOSLAV \u010cEJKA<\/td>\n<\/tr>\n<tr>\n<td>2603<\/td>\n<td>\u00c7ekya<\/td>\n<td>Prag<\/td>\n<td><a href=\"https:\/\/www.cka.cz\/cs\/svet-architektury\/seznam-architektu\/ing-arch-rokosova-eva\">128 Eva Rokosov\u00e1<\/a><\/td>\n<td>ING. ARCH. EVA ROKOSOV\u00c1<\/td>\n<\/tr>\n<tr>\n<td>2604<\/td>\n<td>\u00c7ekya<\/td>\n<td>Dob\u0159ichovice<\/td>\n<td><a href=\"https:\/\/www.cka.cz\/cs\/svet-architektury\/seznam-architektu\/ing-arch-tunka-martin-csc\">129 Martin Tunka<\/a><\/td>\n<td>ING. ARCH. MARTIN TUNKA CSC.<\/td>\n<\/tr>\n<tr>\n<td>2605<\/td>\n<td>\u00c7ekya<\/td>\n<td>Prag<\/td>\n<td><a href=\"https:\/\/www.cka.cz\/cs\/svet-architektury\/seznam-architektu\/ing-arch-akad-arch-liesler-lukas\">130 Luk\u00e1\u0161 Liesler<\/a><\/td>\n<td>ING. ARCH. AKAD.ARCH. LUK\u00c1\u0160 LIESLER<\/td>\n<\/tr>\n<tr>\n<td>2606<\/td>\n<td>\u00c7ekya<\/td>\n<td>Hradec Kr\u00e1lov\u00e9<\/td>\n<td><a href=\"https:\/\/www.cka.cz\/cs\/svet-architektury\/seznam-architektu\/ing-arch-horsku-miroslav\">131 Miroslav Horsk\u00fd<\/a><\/td>\n<td>ING. ARCH. MIROSLAV HORSK\u00dd<\/td>\n<\/tr>\n<tr>\n<td>2607<\/td>\n<td>\u00c7ekya<\/td>\n<td>Prag<\/td>\n<td><a href=\"https:\/\/www.cka.cz\/cs\/svet-architektury\/seznam-architektu\/prof-ing-arch-slapeta-vladimir-drsc\">132 Vladim\u00edr \u0160lapeta<\/a><\/td>\n<td>PROF. ING. ARCH. VLADIM\u00cdR \u0160LAPETA DRSC.<\/td>\n<\/tr>\n<tr>\n<td>2608<\/td>\n<td>\u00c7ekya<\/td>\n<td>Plze\u0148<\/td>\n<td><a href=\"https:\/\/www.cka.cz\/cs\/svet-architektury\/seznam-architektu\/ing-arch-soukup-jan\">133 Jan Soukup<\/a><\/td>\n<td>ING. ARCH. JAN SOUKUP<\/td>\n<\/tr>\n<tr>\n<td>2609<\/td>\n<td>\u00c7ekya<\/td>\n<td>Liberec<\/td>\n<td><a href=\"https:\/\/www.cka.cz\/cs\/svet-architektury\/seznam-architektu\/ing-arch-janousek-pavel\">134 Pavel Janou\u0161ek<\/a><\/td>\n<td>ING. ARCH. PAVEL JANOU\u0160EK<\/td>\n<\/tr>\n<tr>\n<td>2610<\/td>\n<td>\u00c7ekya<\/td>\n<td>Pardubice<\/td>\n<td><a href=\"https:\/\/www.cka.cz\/cs\/svet-architektury\/seznam-architektu\/ing-arch-macas-sobeslav\">135 Sob\u011bslav Macas<\/a><\/td>\n<td>ING. ARCH. SOB\u011aSLAV MACAS<\/td>\n<\/tr>\n<tr>\n<td>2611<\/td>\n<td>\u00c7ekya<\/td>\n<td>Pardubice<\/td>\n<td><a href=\"https:\/\/www.cka.cz\/cs\/svet-architektury\/seznam-architektu\/ing-arch-driml-lubomir\">136 Lubom\u00edr Driml<\/a><\/td>\n<td>ING. ARCH. LUBOM\u00cdR DRIML<\/td>\n<\/tr>\n<tr>\n<td>2612<\/td>\n<td>\u00c7ekya<\/td>\n<td>Liberec<\/td>\n<td><a href=\"https:\/\/www.cka.cz\/cs\/svet-architektury\/seznam-architektu\/ing-arch-patrny-josef\">137 Josef Patrn\u00fd<\/a><\/td>\n<td>ING. ARCH. JOSEF PATRN\u00dd<\/td>\n<\/tr>\n<tr>\n<td>2613<\/td>\n<td>\u00c7ekya<\/td>\n<td>Prag<\/td>\n<td><a href=\"https:\/\/www.cka.cz\/cs\/svet-architektury\/seznam-architektu\/prof-ing-akad-arch-sramkova-alena\">138 Alena \u0160r\u00e1mkov\u00e1<\/a><\/td>\n<td>PROF. ING. AKAD. ARCH. ALENA \u0160R\u00c1MKOV\u00c1<\/td>\n<\/tr>\n<tr>\n<td>2614<\/td>\n<td>\u00c7ekya<\/td>\n<td>Orlick\u00fdch Hor\u00e1ch<\/td>\n<td><a href=\"https:\/\/www.cka.cz\/cs\/svet-architektury\/seznam-architektu\/ing-arch-suda-petr\">139 Petr \u0160uda<\/a><\/td>\n<td>ING. ARCH. PETR \u0160UDA<\/td>\n<\/tr>\n<tr>\n<td>2615<\/td>\n<td>\u00c7ekya<\/td>\n<td>Prag<\/td>\n<td><a href=\"https:\/\/www.cka.cz\/cs\/svet-architektury\/seznam-architektu\/ing-arch-kozel-jan\">140 Jan Kozel<\/a><\/td>\n<td>ING. ARCH. JAN KOZEL<\/td>\n<\/tr>\n<tr>\n<td>2616<\/td>\n<td>\u00c7ekya<\/td>\n<td>Prag<\/td>\n<td><a href=\"https:\/\/www.cka.cz\/cs\/svet-architektury\/seznam-architektu\/akad-arch-susta-jaroslav\">141 Jaroslav \u0160usta<\/a><\/td>\n<td>AKAD. ARCH. JAROSLAV \u0160USTA<\/td>\n<\/tr>\n<tr>\n<td>2617<\/td>\n<td>\u00c7ekya<\/td>\n<td>Prag<\/td>\n<td><a href=\"https:\/\/www.cka.cz\/cs\/svet-architektury\/seznam-architektu\/prof-ing-arch-kuna-zdenek\">142 Zden\u011bk Kuna<\/a><\/td>\n<td>PROF. ING. ARCH. ZDEN\u011aK KUNA<\/td>\n<\/tr>\n<tr>\n<td>2618<\/td>\n<td>\u00c7ekya<\/td>\n<td>\u010cesk\u00e9 Bud\u011bjovice<\/td>\n<td><a href=\"https:\/\/www.cka.cz\/cs\/svet-architektury\/seznam-architektu\/ing-arch-stritecky-jiri\">143 Ji\u0159\u00ed St\u0159\u00edteck\u00fd<\/a><\/td>\n<td>ING. ARCH. JI\u0158\u00cd ST\u0158\u00cdTECK\u00dd<\/td>\n<\/tr>\n<tr>\n<td>2619<\/td>\n<td>\u00c7ekya<\/td>\n<td>\u010cesk\u00e9 Bud\u011bjovice<\/td>\n<td><a href=\"https:\/\/www.cka.cz\/cs\/svet-architektury\/seznam-architektu\/ing-arch-sova-bohdan\">144 Bohdan Sova<\/a><\/td>\n<td>ING. ARCH. BOHDAN SOVA<\/td>\n<\/tr>\n<tr>\n<td>2620<\/td>\n<td>\u00c7ekya<\/td>\n<td>Prag<\/td>\n<td><a href=\"https:\/\/www.cka.cz\/cs\/svet-architektury\/seznam-architektu\/ing-arch-stefek-ludek\">145 Lud\u011bk \u0160tefek<\/a><\/td>\n<td>ING. ARCH. LUD\u011aK \u0160TEFEK<\/td>\n<\/tr>\n<tr>\n<td>2621<\/td>\n<td>\u00c7ekya<\/td>\n<td>Liberec<\/td>\n<td><a href=\"https:\/\/www.cka.cz\/cs\/svet-architektury\/seznam-architektu\/ing-arch-hubacek-karel\">146 Karel Hub\u00e1\u010dek<\/a><\/td>\n<td>ING. ARCH. KAREL HUB\u00c1\u010cEK<\/td>\n<\/tr>\n<tr>\n<td>2622<\/td>\n<td>\u00c7ekya<\/td>\n<td>Prag<\/td>\n<td><a href=\"https:\/\/www.cka.cz\/cs\/svet-architektury\/seznam-architektu\/ing-arch-machoninova-vera\">147 V\u011bra Machoninov\u00e1<\/a><\/td>\n<td>ING. ARCH. V\u011aRA MACHONINOV\u00c1<\/td>\n<\/tr>\n<tr>\n<td>2623<\/td>\n<td>\u00c7ekya<\/td>\n<td>Prag<\/td>\n<td><a href=\"https:\/\/www.cka.cz\/cs\/svet-architektury\/seznam-architektu\/ing-akad-arch-prikryl-emil\">148 Emil P\u0159ikryl<\/a><\/td>\n<td>ING. AKAD. ARCH. EMIL P\u0158IKRYL<\/td>\n<\/tr>\n<tr>\n<td>2624<\/td>\n<td>\u00c7ekya<\/td>\n<td>Rokycany<\/td>\n<td><a href=\"https:\/\/www.cka.cz\/cs\/svet-architektury\/seznam-architektu\/ing-arch-drchal-vaclav\">149 V\u00e1clav Drchal<\/a><\/td>\n<td>ING. ARCH. V\u00c1CLAV DRCHAL<\/td>\n<\/tr>\n<tr>\n<td>2625<\/td>\n<td>\u00c7ekya<\/td>\n<td>Prag<\/td>\n<td><a href=\"https:\/\/www.cka.cz\/cs\/svet-architektury\/seznam-architektu\/akad-arch-capkova-ivana\">150 Ivana \u010capkov\u00e1<\/a><\/td>\n<td>AKAD. ARCH. IVANA \u010cAPKOV\u00c1<\/td>\n<\/tr>\n<tr>\n<td>2626<\/td>\n<td>\u00c7ekya<\/td>\n<td>Doma\u017elice<\/td>\n<td><a href=\"https:\/\/www.cka.cz\/cs\/svet-architektury\/seznam-architektu\/ing-arch-batelka-josef\">151 Josef Batelka<\/a><\/td>\n<td>ING. ARCH. JOSEF BATELKA<\/td>\n<\/tr>\n<tr>\n<td>2627<\/td>\n<td>\u00c7ekya<\/td>\n<td>Olomouc<\/td>\n<td><a href=\"https:\/\/www.cka.cz\/cs\/svet-architektury\/seznam-architektu\/ing-arch-novacek-jaroslav\">152 Jaroslav Nov\u00e1\u010dek<\/a><\/td>\n<td>ING. ARCH. JAROSLAV NOV\u00c1\u010cEK<\/td>\n<\/tr>\n<tr>\n<td>2628<\/td>\n<td>\u00c7ekya<\/td>\n<td>Plze\u0148<\/td>\n<td><a href=\"https:\/\/www.cka.cz\/cs\/svet-architektury\/seznam-architektu\/ing-arch-salat-karel\">153 Karel Sal\u00e1t<\/a><\/td>\n<td>ING. ARCH. KAREL SAL\u00c1T<\/td>\n<\/tr>\n<tr>\n<td>2629<\/td>\n<td>\u00c7ekya<\/td>\n<td>Prag<\/td>\n<td><a href=\"https:\/\/www.cka.cz\/cs\/svet-architektury\/seznam-architektu\/ing-arch-kadlec-karel\">154 Karel Kadlec<\/a><\/td>\n<td>ING. ARCH. KAREL KADLEC<\/td>\n<\/tr>\n<tr>\n<td>2630<\/td>\n<td>\u00c7ekya<\/td>\n<td>Hradec Kr\u00e1lov\u00e9<\/td>\n<td><a href=\"https:\/\/www.cka.cz\/cs\/svet-architektury\/seznam-architektu\/ing-arch-kadecka-miroslav\">155 Miroslav Kade\u010dka<\/a><\/td>\n<td>ING. ARCH. MIROSLAV KADE\u010cKA<\/td>\n<\/tr>\n<tr>\n<td>2631<\/td>\n<td>\u00c7ekya<\/td>\n<td>Most<\/td>\n<td><a href=\"https:\/\/www.cka.cz\/cs\/svet-architektury\/seznam-architektu\/ing-arch-hasik-jan\">156 Jan Has\u00edk<\/a><\/td>\n<td>ING. ARCH. JAN HAS\u00cdK<\/td>\n<\/tr>\n<tr>\n<td>2632<\/td>\n<td>\u00c7ekya<\/td>\n<td>Liberec<\/td>\n<td><a href=\"https:\/\/www.cka.cz\/cs\/svet-architektury\/seznam-architektu\/ing-arch-ulmann-miroslav\">157 Miroslav Ulmann<\/a><\/td>\n<td>ING. ARCH. MIROSLAV ULMANN<\/td>\n<\/tr>\n<tr>\n<td>2633<\/td>\n<td>\u00c7ekya<\/td>\n<td>Zl\u00edn<\/td>\n<td><a href=\"https:\/\/www.cka.cz\/cs\/svet-architektury\/seznam-architektu\/ing-tuzarova-katerina\">158 Kate\u0159ina Tuzarov\u00e1<\/a><\/td>\n<td>ING. KATE\u0158INA TUZAROV\u00c1<\/td>\n<\/tr>\n<tr>\n<td>2634<\/td>\n<td>\u00c7ekya<\/td>\n<td>Fr\u00fddek M\u00edstek<\/td>\n<td><a href=\"https:\/\/www.cka.cz\/cs\/svet-architektury\/seznam-architektu\/ing-arch-bichler-vlastimil\">159 Vlastimil Bichler<\/a><\/td>\n<td>ING. ARCH. VLASTIMIL BICHLER<\/td>\n<\/tr>\n<tr>\n<td>2635<\/td>\n<td>\u00c7ekya<\/td>\n<td>Hav\u00ed\u0159ov<\/td>\n<td><a href=\"https:\/\/www.cka.cz\/cs\/svet-architektury\/seznam-architektu\/ing-arch-chmiel-oskar\">160 Oskar Chmiel<\/a><\/td>\n<td>ING. ARCH. OSKAR CHMIEL<\/td>\n<\/tr>\n<tr>\n<td>2636<\/td>\n<td>\u00c7ekya<\/td>\n<td>Lednice<\/td>\n<td><a href=\"https:\/\/www.cka.cz\/cs\/svet-architektury\/seznam-architektu\/dr-ing-nepomucku-petr\">161 Petr Nepomuck\u00fd<\/a><\/td>\n<td>DR.ING. PETR NEPOMUCK\u00dd<\/td>\n<\/tr>\n<tr>\n<td>2637<\/td>\n<td>\u00c7ekya<\/td>\n<td>Brno<\/td>\n<td><a href=\"https:\/\/www.cka.cz\/cs\/svet-architektury\/seznam-architektu\/ing-damcova-eva\">162 Eva Damcov\u00e1<\/a><\/td>\n<td>ING. EVA DAMCOV\u00c1<\/td>\n<\/tr>\n<tr>\n<td>2638<\/td>\n<td>\u00c7ekya<\/td>\n<td>Zl\u00edn<\/td>\n<td><a href=\"https:\/\/www.cka.cz\/cs\/svet-architektury\/seznam-architektu\/ing-arch-pribyl-zdenek\">163 Zden\u011bk P\u0159ibyl<\/a><\/td>\n<td>ING. ARCH. ZDEN\u011aK P\u0158IBYL<\/td>\n<\/tr>\n<tr>\n<td>2639<\/td>\n<td>\u00c7ekya<\/td>\n<td>Brno<\/td>\n<td><a href=\"https:\/\/www.cka.cz\/cs\/svet-architektury\/seznam-architektu\/ing-arch-pech-zbynek\">164 Zbyn\u011bk Pech<\/a><\/td>\n<td>ING. ARCH. ZBYN\u011aK PECH<\/td>\n<\/tr>\n<tr>\n<td>2640<\/td>\n<td>\u00c7ekya<\/td>\n<td>Beclav<\/td>\n<td><a href=\"https:\/\/www.cka.cz\/cs\/svet-architektury\/seznam-architektu\/ing-arch-bozek-karel\">165 Karel Bo\u017eek<\/a><\/td>\n<td>ING. ARCH. KAREL BO\u017dEK<\/td>\n<\/tr>\n<tr>\n<td>2641<\/td>\n<td>\u00c7ekya<\/td>\n<td>Ostrava<\/td>\n<td><a href=\"https:\/\/www.cka.cz\/cs\/svet-architektury\/seznam-architektu\/ing-arch-havlicek-josef\">166 Josef Havl\u00ed\u010dek<\/a><\/td>\n<td>ING. ARCH. JOSEF HAVL\u00cd\u010cEK<\/td>\n<\/tr>\n<tr>\n<td>2642<\/td>\n<td>\u00c7ekya<\/td>\n<td>Ostrava<\/td>\n<td><a href=\"https:\/\/www.cka.cz\/cs\/svet-architektury\/seznam-architektu\/ing-arch-vitoul-ladislav\">167 Ladislav Vitoul<\/a><\/td>\n<td>ING. ARCH. LADISLAV VITOUL<\/td>\n<\/tr>\n<tr>\n<td>2643<\/td>\n<td>\u00c7ekya<\/td>\n<td>Moravsk\u00e9 Kn\u00ednice<\/td>\n<td><a href=\"https:\/\/www.cka.cz\/cs\/svet-architektury\/seznam-architektu\/ing-vlcek-kvetoslav\">168 Kv\u011btoslav Vl\u010dek<\/a><\/td>\n<td>ING. KV\u011aTOSLAV VL\u010cEK<\/td>\n<\/tr>\n<tr>\n<td>2644<\/td>\n<td>\u00c7ekya<\/td>\n<td>Prag<\/td>\n<td><a href=\"https:\/\/www.cka.cz\/cs\/svet-architektury\/seznam-architektu\/ing-arch-klen-jiri\">169 Ji\u0159\u00ed Klen<\/a><\/td>\n<td>ING. ARCH. JI\u0158\u00cd KLEN<\/td>\n<\/tr>\n<tr>\n<td>2645<\/td>\n<td>\u00c7ekya<\/td>\n<td>Brno<\/td>\n<td><a href=\"https:\/\/www.cka.cz\/cs\/svet-architektury\/seznam-architektu\/ing-arch-srubar-pavel\">170 Pavel \u0160ruba\u0159<\/a><\/td>\n<td>ING. ARCH. PAVEL \u0160RUBA\u0158<\/td>\n<\/tr>\n<tr>\n<td>2646<\/td>\n<td>\u00c7ekya<\/td>\n<td>Ostrava<\/td>\n<td><a href=\"https:\/\/www.cka.cz\/cs\/svet-architektury\/seznam-architektu\/ing-arch-svoboda-milan\">171 Milan Svoboda<\/a><\/td>\n<td>ING. ARCH. MILAN SVOBODA<\/td>\n<\/tr>\n<tr>\n<td>2647<\/td>\n<td>\u00c7ekya<\/td>\n<td>Zl\u00edn<\/td>\n<td><a href=\"https:\/\/www.cka.cz\/cs\/svet-architektury\/seznam-architektu\/ing-arch-bergmann-ivan\">172 Ivan Bergmann<\/a><\/td>\n<td>ING. ARCH. IVAN BERGMANN<\/td>\n<\/tr>\n<tr>\n<td>2648<\/td>\n<td>\u00c7ekya<\/td>\n<td>Brno<\/td>\n<td><a href=\"https:\/\/www.cka.cz\/cs\/svet-architektury\/seznam-architektu\/prof-ing-arch-kyselka-mojmir-csc\">173 Mojm\u00edr Kyselka<\/a><\/td>\n<td>PROF. ING. ARCH. MOJM\u00cdR KYSELKA CSC.<\/td>\n<\/tr>\n<tr>\n<td>2649<\/td>\n<td>\u00c7ekya<\/td>\n<td>Prag<\/td>\n<td><a href=\"https:\/\/www.cka.cz\/cs\/svet-architektury\/seznam-architektu\/ing-arch-vrabel-jan\">174 Jan Vrabel<\/a><\/td>\n<td>ING. ARCH. JAN VRABEL<\/td>\n<\/tr>\n<tr>\n<td>2650<\/td>\n<td>\u00c7ekya<\/td>\n<td>Brno<\/td>\n<td><a href=\"https:\/\/www.cka.cz\/cs\/svet-architektury\/seznam-architektu\/prof-ing-arch-pelcak-petr\">175 Petr Pel\u010d\u00e1k<\/a><\/td>\n<td>PROF. ING. ARCH. PETR PEL\u010c\u00c1K<\/td>\n<\/tr>\n<tr>\n<td>2651<\/td>\n<td>\u00c7ekya<\/td>\n<td>Majetin<\/td>\n<td><a href=\"https:\/\/www.cka.cz\/cs\/svet-architektury\/seznam-architektu\/ing-arch-pluskal-radim\">176 Radim Pluskal<\/a><\/td>\n<td>ING. ARCH. RADIM PLUSKAL<\/td>\n<\/tr>\n<tr>\n<td>2652<\/td>\n<td>\u00c7ekya<\/td>\n<td>Brno<\/td>\n<td><a href=\"https:\/\/www.cka.cz\/cs\/svet-architektury\/seznam-architektu\/ing-arch-michal-zdenek\">177 Zden\u011bk Michal<\/a><\/td>\n<td>ING. ARCH. ZDEN\u011aK MICHAL<\/td>\n<\/tr>\n<tr>\n<td>2653<\/td>\n<td>\u00c7ekya<\/td>\n<td>Prost\u011bjov<\/td>\n<td><a href=\"https:\/\/www.cka.cz\/cs\/svet-architektury\/seznam-architektu\/ing-arch-prikryl-jan\">178 Jan P\u0159ikryl<\/a><\/td>\n<td>ING. ARCH. JAN P\u0158IKRYL<\/td>\n<\/tr>\n<tr>\n<td>2654<\/td>\n<td>\u00c7ekya<\/td>\n<td>Brno<\/td>\n<td><a href=\"https:\/\/www.cka.cz\/cs\/svet-architektury\/seznam-architektu\/ing-arch-klajmon-vladimir\">179 Vladim\u00edr Klajmon<\/a><\/td>\n<td>ING. ARCH. VLADIM\u00cdR KLAJMON<\/td>\n<\/tr>\n<tr>\n<td>2655<\/td>\n<td>\u00c7ekya<\/td>\n<td>Prag<\/td>\n<td><a href=\"https:\/\/www.cka.cz\/cs\/svet-architektury\/seznam-architektu\/arch-novacek-jan\">180 Jan Nov\u00e1\u010dek<\/a><\/td>\n<td>ARCH. JAN NOV\u00c1\u010cEK<\/td>\n<\/tr>\n<tr>\n<td>2656<\/td>\n<td>\u00c7ekya<\/td>\n<td>Troubsko Veselka<\/td>\n<td><a href=\"https:\/\/www.cka.cz\/cs\/svet-architektury\/seznam-architektu\/ing-wagnerova-eva\">181 Eva Wagnerov\u00e1<\/a><\/td>\n<td>ING. EVA WAGNEROV\u00c1<\/td>\n<\/tr>\n<tr>\n<td>2657<\/td>\n<td>\u00c7ekya<\/td>\n<td>Brno<\/td>\n<td><a href=\"https:\/\/www.cka.cz\/cs\/svet-architektury\/seznam-architektu\/ing-finstrlova-helena\">182 Helena Finstrlov\u00e1<\/a><\/td>\n<td>ING. HELENA FINSTRLOV\u00c1<\/td>\n<\/tr>\n<tr>\n<td>2658<\/td>\n<td>\u00c7ekya<\/td>\n<td>Plze\u0148<\/td>\n<td><a href=\"https:\/\/www.cka.cz\/cs\/svet-architektury\/seznam-architektu\/ing-arch-hysek-oldrich\">183 Old\u0159ich Hysek<\/a><\/td>\n<td>ING. ARCH. OLD\u0158ICH HYSEK<\/td>\n<\/tr>\n<tr>\n<td>2659<\/td>\n<td>\u00c7ekya<\/td>\n<td>Prag<\/td>\n<td><a href=\"https:\/\/www.cka.cz\/cs\/svet-architektury\/seznam-architektu\/ing-arch-riha-martin\">184 Martin \u0158\u00edha<\/a><\/td>\n<td>ING. ARCH. MARTIN \u0158\u00cdHA<\/td>\n<\/tr>\n<tr>\n<td>2660<\/td>\n<td>\u00c7ekya<\/td>\n<td>Opava<\/td>\n<td><a href=\"https:\/\/www.cka.cz\/cs\/svet-architektury\/seznam-architektu\/ing-arch-kovar-jan\">185 Jan Kov\u00e1\u0159<\/a><\/td>\n<td>ING. ARCH. JAN KOV\u00c1\u0158<\/td>\n<\/tr>\n<tr>\n<td>2661<\/td>\n<td>\u00c7ekya<\/td>\n<td>Liberec<\/td>\n<td><a href=\"https:\/\/www.cka.cz\/cs\/svet-architektury\/seznam-architektu\/rndr-postolka-vaclav\">186 V\u00e1clav Po\u0161tolka<\/a><\/td>\n<td>RNDR. V\u00c1CLAV PO\u0160TOLKA<\/td>\n<\/tr>\n<tr>\n<td>2662<\/td>\n<td>\u00c7ekya<\/td>\n<td>Prag<\/td>\n<td><a href=\"https:\/\/www.cka.cz\/cs\/svet-architektury\/seznam-architektu\/doc-ing-arch-oberstein-ivo-csc\">187 Ivo Oberstein<\/a><\/td>\n<td>DOC. ING. ARCH. IVO OBERSTEIN CSC.<\/td>\n<\/tr>\n<tr>\n<td>2663<\/td>\n<td>\u00c7ekya<\/td>\n<td>Prag<\/td>\n<td><a href=\"https:\/\/www.cka.cz\/cs\/svet-architektury\/seznam-architektu\/akad-arch-spacek-jaromir\">188 Jarom\u00edr \u0160pa\u010dek<\/a><\/td>\n<td>AKAD. ARCH. JAROM\u00cdR \u0160PA\u010cEK<\/td>\n<\/tr>\n<tr>\n<td>2664<\/td>\n<td>\u00c7ekya<\/td>\n<td>Plze\u0148<\/td>\n<td><a href=\"https:\/\/www.cka.cz\/cs\/svet-architektury\/seznam-architektu\/ing-valtr-pavel\">189 Pavel Valtr<\/a><\/td>\n<td>ING. PAVEL VALTR<\/td>\n<\/tr>\n<tr>\n<td>2665<\/td>\n<td>\u00c7ekya<\/td>\n<td>Prag<\/td>\n<td><a href=\"https:\/\/www.cka.cz\/cs\/svet-architektury\/seznam-architektu\/ing-arch-holzel-zdenek\">190 Zden\u011bk H\u00f6lzel<\/a><\/td>\n<td>ING. ARCH. ZDEN\u011aK H\u00d6LZEL<\/td>\n<\/tr>\n<tr>\n<td>2666<\/td>\n<td>\u00c7ekya<\/td>\n<td>Prag<\/td>\n<td><a href=\"https:\/\/www.cka.cz\/cs\/svet-architektury\/seznam-architektu\/ing-arch-matejka-vaclav\">191 V\u00e1clav Mat\u011bjka<\/a><\/td>\n<td>ING. ARCH. V\u00c1CLAV MAT\u011aJKA<\/td>\n<\/tr>\n<tr>\n<td>2667<\/td>\n<td>\u00c7ekya<\/td>\n<td>Prag<\/td>\n<td><a href=\"https:\/\/www.cka.cz\/cs\/svet-architektury\/seznam-architektu\/ing-arch-seho-hana\">192 Hana Seho<\/a><\/td>\n<td>ING. ARCH. HANA SEHO<\/td>\n<\/tr>\n<tr>\n<td>2668<\/td>\n<td>\u00c7ekya<\/td>\n<td>Prag<\/td>\n<td><a href=\"https:\/\/www.cka.cz\/cs\/svet-architektury\/seznam-architektu\/ing-arch-base-miroslav\">193 Miroslav Ba\u0161e<\/a><\/td>\n<td>ING. ARCH. MIROSLAV BA\u0160E<\/td>\n<\/tr>\n<tr>\n<td>2669<\/td>\n<td>\u00c7ekya<\/td>\n<td>Prag<\/td>\n<td><a href=\"https:\/\/www.cka.cz\/cs\/svet-architektury\/seznam-architektu\/ing-akad-arch-kralicek-vaclav\">194 V\u00e1clav Kr\u00e1l\u00ed\u010dek<\/a><\/td>\n<td>ING. AKAD. ARCH. V\u00c1CLAV KR\u00c1L\u00cd\u010cEK<\/td>\n<\/tr>\n<tr>\n<td>2670<\/td>\n<td>\u00c7ekya<\/td>\n<td>Karlovy Vary<\/td>\n<td><a href=\"https:\/\/www.cka.cz\/cs\/svet-architektury\/seznam-architektu\/ing-arch-mundilova-marie\">195 Marie Mundilov\u00e1<\/a><\/td>\n<td>ING. ARCH. MARIE MUNDILOV\u00c1<\/td>\n<\/tr>\n<tr>\n<td>2671<\/td>\n<td>\u00c7ekya<\/td>\n<td>Prag<\/td>\n<td><a href=\"https:\/\/www.cka.cz\/cs\/svet-architektury\/seznam-architektu\/ing-arch-zima-jaroslav\">196 Jaroslav Zima<\/a><\/td>\n<td>ING. ARCH. JAROSLAV ZIMA<\/td>\n<\/tr>\n<tr>\n<td>2672<\/td>\n<td>\u00c7ekya<\/td>\n<td>Plze\u0148<\/td>\n<td><a href=\"https:\/\/www.cka.cz\/cs\/svet-architektury\/seznam-architektu\/ing-arch-baxa-jan\">197 Jan Baxa<\/a><\/td>\n<td>ING. ARCH. JAN BAXA<\/td>\n<\/tr>\n<tr>\n<td>2673<\/td>\n<td>\u00c7ekya<\/td>\n<td>Prag<\/td>\n<td><a href=\"https:\/\/www.cka.cz\/cs\/svet-architektury\/seznam-architektu\/doc-ing-arch-cigler-jakub\">198 Jakub Cigler<\/a><\/td>\n<td>DOC. ING. ARCH. JAKUB CIGLER<\/td>\n<\/tr>\n<tr>\n<td>2674<\/td>\n<td>\u00c7ekya<\/td>\n<td>Prag<\/td>\n<td><a href=\"https:\/\/www.cka.cz\/cs\/svet-architektury\/seznam-architektu\/ing-arch-martinkova-alena\">199 Alena Mart\u00ednkov\u00e1<\/a><\/td>\n<td>ING. ARCH. ALENA MART\u00cdNKOV\u00c1<\/td>\n<\/tr>\n<tr>\n<td>2675<\/td>\n<td>\u00c7ekya<\/td>\n<td>Prag<\/td>\n<td><a href=\"https:\/\/www.cka.cz\/cs\/svet-architektury\/seznam-architektu\/ing-arch-prouza-tomas\">200 Tom\u00e1\u0161 Prouza<\/a><\/td>\n<td>ING. ARCH. TOM\u00c1\u0160 PROUZA<\/td>\n<\/tr>\n<tr>\n<td>2676<\/td>\n<td>\u00c7ekya<\/td>\n<td>Prag<\/td>\n<td><a href=\"https:\/\/www.cka.cz\/cs\/svet-architektury\/seznam-architektu\/ing-arch-fiala-stanislav\">201 Stanislav Fiala<\/a><\/td>\n<td>ING. ARCH. STANISLAV FIALA<\/td>\n<\/tr>\n<tr>\n<td>2677<\/td>\n<td>\u00c7ekya<\/td>\n<td>Prag<\/td>\n<td><a href=\"https:\/\/www.cka.cz\/cs\/svet-architektury\/seznam-architektu\/ing-arch-fiala-milan\">202 Milan Fiala<\/a><\/td>\n<td>ING. ARCH. MILAN FIALA<\/td>\n<\/tr>\n<tr>\n<td>2678<\/td>\n<td>\u00c7ekya<\/td>\n<td>Prag<\/td>\n<td><a href=\"https:\/\/www.cka.cz\/cs\/svet-architektury\/seznam-architektu\/akad-arch-nemec-martin\">203 Martin N\u011bmec<\/a><\/td>\n<td>AKAD. ARCH. MARTIN N\u011aMEC<\/td>\n<\/tr>\n<tr>\n<td>2679<\/td>\n<td>\u00c7ekya<\/td>\n<td>Prag<\/td>\n<td><a href=\"https:\/\/www.cka.cz\/cs\/svet-architektury\/seznam-architektu\/ing-arch-filsak-karel\">204 Karel Filsak<\/a><\/td>\n<td>ING. ARCH. KAREL FILSAK<\/td>\n<\/tr>\n<tr>\n<td>2680<\/td>\n<td>\u00c7ekya<\/td>\n<td>Pardubice<\/td>\n<td><a href=\"https:\/\/www.cka.cz\/cs\/svet-architektury\/seznam-architektu\/ing-arch-petran-miroslav\">205 Miroslav Petr\u00e1\u0148<\/a><\/td>\n<td>ING. ARCH. MIROSLAV PETR\u00c1\u0147<\/td>\n<\/tr>\n<tr>\n<td>2681<\/td>\n<td>\u00c7ekya<\/td>\n<td>Litomy\u0161le<\/td>\n<td><a href=\"https:\/\/www.cka.cz\/cs\/svet-architektury\/seznam-architektu\/ing-arch-barta-radim\">206 Radim B\u00e1rta<\/a><\/td>\n<td>ING. ARCH. RADIM B\u00c1RTA<\/td>\n<\/tr>\n<tr>\n<td>2682<\/td>\n<td>\u00c7ekya<\/td>\n<td>Prag<\/td>\n<td><a href=\"https:\/\/www.cka.cz\/cs\/svet-architektury\/seznam-architektu\/ing-arch-dohnal-tomas\">207 Tom\u00e1\u0161 Dohnal<\/a><\/td>\n<td>ING. ARCH. TOM\u00c1\u0160 DOHNAL<\/td>\n<\/tr>\n<tr>\n<td>2683<\/td>\n<td>\u00c7ekya<\/td>\n<td>\u010cesk\u00e9 Bud\u011bjovice<\/td>\n<td><a href=\"https:\/\/www.cka.cz\/cs\/svet-architektury\/seznam-architektu\/ing-arch-skalicku-jiri\">208 Ji\u0159\u00ed Skalick\u00fd<\/a><\/td>\n<td>ING. ARCH. JI\u0158\u00cd SKALICK\u00dd<\/td>\n<\/tr>\n<tr>\n<td>2684<\/td>\n<td>\u00c7ekya<\/td>\n<td>Prag<\/td>\n<td><a href=\"https:\/\/www.cka.cz\/cs\/svet-architektury\/seznam-architektu\/ing-arch-spackova-ladislava\">209 Ladislava \u0160pa\u010dkov\u00e1<\/a><\/td>\n<td>ING. ARCH. LADISLAVA \u0160PA\u010cKOV\u00c1<\/td>\n<\/tr>\n<tr>\n<td>2685<\/td>\n<td>\u00c7ekya<\/td>\n<td>Prag<\/td>\n<td><a href=\"https:\/\/www.cka.cz\/cs\/svet-architektury\/seznam-architektu\/ing-arch-machova-ludmila\">210 Ludmila Machov\u00e1<\/a><\/td>\n<td>ING. ARCH. LUDMILA MACHOV\u00c1<\/td>\n<\/tr>\n<tr>\n<td>2686<\/td>\n<td>\u00c7ekya<\/td>\n<td>Prag<\/td>\n<td><a href=\"https:\/\/www.cka.cz\/cs\/svet-architektury\/seznam-architektu\/akad-arch-lasovsky-jiri\">211 Ji\u0159\u00ed Lasovsk\u00fd<\/a><\/td>\n<td>AKAD. ARCH. JI\u0158\u00cd LASOVSK\u00dd<\/td>\n<\/tr>\n<tr>\n<td>2687<\/td>\n<td>\u00c7ekya<\/td>\n<td>Prag<\/td>\n<td><a href=\"https:\/\/www.cka.cz\/cs\/svet-architektury\/seznam-architektu\/ing-arch-akad-arch-vanickova-nadezda\">212 Nad\u011b\u017eda Van\u00ed\u010dkov\u00e1<\/a><\/td>\n<td>ING. ARCH. AKAD. ARCH. NAD\u011a\u017dDA VAN\u00cd\u010cKOV\u00c1<\/td>\n<\/tr>\n<tr>\n<td>2688<\/td>\n<td>\u00c7ekya<\/td>\n<td>Prag<\/td>\n<td><a href=\"https:\/\/www.cka.cz\/cs\/svet-architektury\/seznam-architektu\/ing-arch-prada-david\">213 David P\u0159\u00e1da<\/a><\/td>\n<td>ING. ARCH. DAVID P\u0158\u00c1DA<\/td>\n<\/tr>\n<tr>\n<td>2689<\/td>\n<td>\u00c7ekya<\/td>\n<td>Brno<\/td>\n<td><a href=\"https:\/\/www.cka.cz\/cs\/svet-architektury\/seznam-architektu\/ing-arch-gregorcik-jiri\">214 Ji\u0159\u00ed G\u0159egor\u010d\u00edk<\/a><\/td>\n<td>ING. ARCH. JI\u0158\u00cd G\u0158EGOR\u010c\u00cdK<\/td>\n<\/tr>\n<tr>\n<td>2690<\/td>\n<td>\u00c7ekya<\/td>\n<td>Prag<\/td>\n<td><a href=\"https:\/\/www.cka.cz\/cs\/svet-architektury\/seznam-architektu\/ing-arch-vysinova-jarmila\">215 Jarmila Vy\u0161\u00ednov\u00e1<\/a><\/td>\n<td>ING. ARCH. JARMILA VY\u0160\u00cdNOV\u00c1<\/td>\n<\/tr>\n<tr>\n<td>2691<\/td>\n<td>\u00c7ekya<\/td>\n<td>Prag<\/td>\n<td><a href=\"https:\/\/www.cka.cz\/cs\/svet-architektury\/seznam-architektu\/ing-arch-frydecky-vaclav\">216 V\u00e1clav Frydeck\u00fd<\/a><\/td>\n<td>ING. ARCH. V\u00c1CLAV FRYDECK\u00dd<\/td>\n<\/tr>\n<tr>\n<td>2692<\/td>\n<td>\u00c7ekya<\/td>\n<td>\u00dast\u00ed nad Labem<\/td>\n<td><a href=\"https:\/\/www.cka.cz\/cs\/svet-architektury\/seznam-architektu\/ing-arch-johanovsku-miroslav\">217 Miroslav Johanovsk\u00fd<\/a><\/td>\n<td>ING. ARCH. MIROSLAV JOHANOVSK\u00dd<\/td>\n<\/tr>\n<tr>\n<td>2693<\/td>\n<td>\u00c7ekya<\/td>\n<td>Labem<\/td>\n<td><a href=\"https:\/\/www.cka.cz\/cs\/svet-architektury\/seznam-architektu\/ing-arch-zeman-jan\">218 Jan Zeman<\/a><\/td>\n<td>ING. ARCH. JAN ZEMAN<\/td>\n<\/tr>\n<tr>\n<td>2694<\/td>\n<td>\u00c7ekya<\/td>\n<td>Nov\u00fd Bor<\/td>\n<td><a href=\"https:\/\/www.cka.cz\/cs\/svet-architektury\/seznam-architektu\/ing-arch-hejduk-mita\">219 M\u00ed\u0165a Hejduk<\/a><\/td>\n<td>ING. ARCH. M\u00cd\u0164A HEJDUK<\/td>\n<\/tr>\n<tr>\n<td>2695<\/td>\n<td>\u00c7ekya<\/td>\n<td>Prag<\/td>\n<td><a href=\"https:\/\/www.cka.cz\/cs\/svet-architektury\/seznam-architektu\/ing-arch-firbas-karel-csc\">220 Karel Firbas<\/a><\/td>\n<td>ING. ARCH. KAREL FIRBAS CSC.<\/td>\n<\/tr>\n<tr>\n<td>2696<\/td>\n<td>\u00c7ekya<\/td>\n<td>Karlovy Vary<\/td>\n<td><a href=\"https:\/\/www.cka.cz\/cs\/svet-architektury\/seznam-architektu\/akad-arch-polony-antonin\">221 Anton\u00edn Polony<\/a><\/td>\n<td>AKAD. ARCH. ANTON\u00cdN POLONY<\/td>\n<\/tr>\n<tr>\n<td>2697<\/td>\n<td>\u00c7ekya<\/td>\n<td>Dagmar Nov\u00e1<\/td>\n<td><a href=\"https:\/\/www.cka.cz\/cs\/svet-architektury\/seznam-architektu\/ing-arch-nova-dagmar\">222 Dagmar Nov\u00e1<\/a><\/td>\n<td>ING. ARCH. DAGMAR NOV\u00c1<\/td>\n<\/tr>\n<tr>\n<td>2698<\/td>\n<td>\u00c7ekya<\/td>\n<td>Host\u00fdnem<\/td>\n<td><a href=\"https:\/\/www.cka.cz\/cs\/svet-architektury\/seznam-architektu\/ing-arch-belik-vit\">223 V\u00edt B\u011bl\u00edk<\/a><\/td>\n<td>ING. ARCH. V\u00cdT B\u011aL\u00cdK<\/td>\n<\/tr>\n<tr>\n<td>2699<\/td>\n<td>\u00c7ekya<\/td>\n<td>Olomouc<\/td>\n<td><a href=\"https:\/\/www.cka.cz\/cs\/svet-architektury\/seznam-architektu\/ing-fingerova-radmila\">224 Radmila Fingerov\u00e1<\/a><\/td>\n<td>ING. RADMILA FINGEROV\u00c1<\/td>\n<\/tr>\n<tr>\n<td>2700<\/td>\n<td>\u00c7ekya<\/td>\n<td>Brno<\/td>\n<td><a href=\"https:\/\/www.cka.cz\/cs\/svet-architektury\/seznam-architektu\/ing-arch-zima-vaclav-csc\">225 V\u00e1clav Zima<\/a><\/td>\n<td>ING. ARCH. V\u00c1CLAV ZIMA CSC.<\/td>\n<\/tr>\n<tr>\n<td>2701<\/td>\n<td>\u00c7ekya<\/td>\n<td>Brno<\/td>\n<td><a href=\"https:\/\/www.cka.cz\/cs\/svet-architektury\/seznam-architektu\/ing-arch-zabrodska-zdena\">226 Zdena Z\u00e1brodsk\u00e1<\/a><\/td>\n<td>ING. ARCH. ZDENA Z\u00c1BRODSK\u00c1<\/td>\n<\/tr>\n<tr>\n<td>2702<\/td>\n<td>\u00c7ekya<\/td>\n<td>Vala\u0161sk\u00e9 Mezi\u0159\u00ed\u010d\u00ed<\/td>\n<td><a href=\"https:\/\/www.cka.cz\/cs\/svet-architektury\/seznam-architektu\/ing-arch-zert-petr\">227 Petr \u017dert<\/a><\/td>\n<td>ING. ARCH. PETR \u017dERT<\/td>\n<\/tr>\n<tr>\n<td>2703<\/td>\n<td>\u00c7ekya<\/td>\n<td>Olomouc<\/td>\n<td><a href=\"https:\/\/www.cka.cz\/cs\/svet-architektury\/seznam-architektu\/ing-arch-smoldas-jan\">228 Jan \u0160moldas<\/a><\/td>\n<td>ING. ARCH. JAN \u0160MOLDAS<\/td>\n<\/tr>\n<tr>\n<td>2704<\/td>\n<td>\u00c7ekya<\/td>\n<td>Brno<\/td>\n<td><a href=\"https:\/\/www.cka.cz\/cs\/svet-architektury\/seznam-architektu\/ing-arch-dokoupil-jaroslav\">229 Jaroslav Dokoupil<\/a><\/td>\n<td>ING. ARCH. JAROSLAV DOKOUPIL<\/td>\n<\/tr>\n<tr>\n<td>2705<\/td>\n<td>\u00c7ekya<\/td>\n<td>Z\u00e1b\u0159eh<\/td>\n<td><a href=\"https:\/\/www.cka.cz\/cs\/svet-architektury\/seznam-architektu\/ing-akad-arch-svoboda-ondrej\">230 Ond\u0159ej Svoboda<\/a><\/td>\n<td>ING. AKAD. ARCH. OND\u0158EJ SVOBODA<\/td>\n<\/tr>\n<tr>\n<td>2706<\/td>\n<td>\u00c7ekya<\/td>\n<td>Opava<\/td>\n<td><a href=\"https:\/\/www.cka.cz\/cs\/svet-architektury\/seznam-architektu\/ing-arch-horak-jiri-2\">231 Ji\u0159\u00ed Hor\u00e1k<\/a><\/td>\n<td>ING. ARCH. JI\u0158\u00cd HOR\u00c1K<\/td>\n<\/tr>\n<tr>\n<td>2707<\/td>\n<td>\u00c7ekya<\/td>\n<td>Brno<\/td>\n<td><a href=\"https:\/\/www.cka.cz\/cs\/svet-architektury\/seznam-architektu\/ing-arch-velehradsku-miroslav\">232 Miroslav Velehradsk\u00fd<\/a><\/td>\n<td>ING. ARCH. MIROSLAV VELEHRADSK\u00dd<\/td>\n<\/tr>\n<tr>\n<td>2708<\/td>\n<td>\u00c7ekya<\/td>\n<td>Ro\u017enov pod Radho\u0161t\u011bm<\/td>\n<td><a href=\"https:\/\/www.cka.cz\/cs\/svet-architektury\/seznam-architektu\/ing-kovarik-jiri\">233 Ji\u0159\u00ed Kova\u0159\u00edk<\/a><\/td>\n<td>ING. JI\u0158\u00cd KOVA\u0158\u00cdK<\/td>\n<\/tr>\n<tr>\n<td>2709<\/td>\n<td>\u00c7ekya<\/td>\n<td>Olomouc<\/td>\n<td><a href=\"https:\/\/www.cka.cz\/cs\/svet-architektury\/seznam-architektu\/ing-arch-polach-jan\">234 Jan Pol\u00e1ch<\/a><\/td>\n<td>ING. ARCH. JAN POL\u00c1CH<\/td>\n<\/tr>\n<tr>\n<td>2710<\/td>\n<td>\u00c7ekya<\/td>\n<td>Ro\u017enov pod Radho\u0161t\u011bm<\/td>\n<td><a href=\"https:\/\/www.cka.cz\/cs\/svet-architektury\/seznam-architektu\/ing-arch-hromadka-libor\">235 Libor Hrom\u00e1dka<\/a><\/td>\n<td>ING. ARCH. LIBOR HROM\u00c1DKA<\/td>\n<\/tr>\n<tr>\n<td>2711<\/td>\n<td>\u00c7ekya<\/td>\n<td>Ku\u0159im<\/td>\n<td><a href=\"https:\/\/www.cka.cz\/cs\/svet-architektury\/seznam-architektu\/ing-arch-kren-bronislav\">236 Bronislav K\u0159en<\/a><\/td>\n<td>ING. ARCH. BRONISLAV K\u0158EN<\/td>\n<\/tr>\n<tr>\n<td>2712<\/td>\n<td>\u00c7ekya<\/td>\n<td>Brno<\/td>\n<td><a href=\"https:\/\/www.cka.cz\/cs\/svet-architektury\/seznam-architektu\/ing-arch-drncova-sarka\">237 \u0160\u00e1rka Drncov\u00e1<\/a><\/td>\n<td>ING. ARCH. \u0160\u00c1RKA DRNCOV\u00c1<\/td>\n<\/tr>\n<tr>\n<td>2713<\/td>\n<td>\u00c7ekya<\/td>\n<td>Brno<\/td>\n<td><a href=\"https:\/\/www.cka.cz\/cs\/svet-architektury\/seznam-architektu\/ing-arch-drapal-emil\">238 Emil Dr\u00e1pal<\/a><\/td>\n<td>ING. ARCH. EMIL DR\u00c1PAL<\/td>\n<\/tr>\n<tr>\n<td>2714<\/td>\n<td>\u00c7ekya<\/td>\n<td>Brno<\/td>\n<td><a href=\"https:\/\/www.cka.cz\/cs\/svet-architektury\/seznam-architektu\/ing-arch-velek-jiri\">239 Ji\u0159\u00ed Velek<\/a><\/td>\n<td>ING. ARCH. JI\u0158\u00cd VELEK<\/td>\n<\/tr>\n<tr>\n<td>2715<\/td>\n<td>\u00c7ekya<\/td>\n<td>Olomouc<\/td>\n<td><a href=\"https:\/\/www.cka.cz\/cs\/svet-architektury\/seznam-architektu\/ing-arch-bendova-jana\">240 Jana Bendov\u00e1<\/a><\/td>\n<td>ING. ARCH. JANA BENDOV\u00c1<\/td>\n<\/tr>\n<tr>\n<td>2716<\/td>\n<td>\u00c7ekya<\/td>\n<td>Olomouc<\/td>\n<td><a href=\"https:\/\/www.cka.cz\/cs\/svet-architektury\/seznam-architektu\/ing-arch-polesnu-vladimir\">241 Vladim\u00edr Polesn\u00fd<\/a><\/td>\n<td>ING. ARCH. VLADIM\u00cdR POLESN\u00dd<\/td>\n<\/tr>\n<tr>\n<td>2717<\/td>\n<td>\u00c7ekya<\/td>\n<td>Olomouc<\/td>\n<td><a href=\"https:\/\/www.cka.cz\/cs\/svet-architektury\/seznam-architektu\/ing-arch-cernousek-tomas\">242 Tom\u00e1\u0161 \u010cernou\u0161ek<\/a><\/td>\n<td>ING. ARCH. TOM\u00c1\u0160 \u010cERNOU\u0160EK<\/td>\n<\/tr>\n<tr>\n<td>2718<\/td>\n<td>\u00c7ekya<\/td>\n<td>Solanec<\/td>\n<td><a href=\"https:\/\/www.cka.cz\/cs\/svet-architektury\/seznam-architektu\/ing-arch-fiedler-vladimir\">243 Vladim\u00edr Fiedler<\/a><\/td>\n<td>ING. ARCH. VLADIM\u00cdR FIEDLER<\/td>\n<\/tr>\n<tr>\n<td>2719<\/td>\n<td>\u00c7ekya<\/td>\n<td>Zlin<\/td>\n<td><a href=\"https:\/\/www.cka.cz\/cs\/svet-architektury\/seznam-architektu\/ing-arch-zahorak-jiri\">244 Ji\u0159\u00ed Z\u00e1ho\u0159\u00e1k<\/a><\/td>\n<td>ING. ARCH. JI\u0158\u00cd Z\u00c1HO\u0158\u00c1K<\/td>\n<\/tr>\n<tr>\n<td>2720<\/td>\n<td>\u00c7ekya<\/td>\n<td>Brno<\/td>\n<td><a href=\"https:\/\/www.cka.cz\/cs\/svet-architektury\/seznam-architektu\/ing-arch-mlejnek-milan\">245 Milan Mlejnek<\/a><\/td>\n<td>ING. ARCH. MILAN MLEJNEK<\/td>\n<\/tr>\n<tr>\n<td>2721<\/td>\n<td>\u00c7ekya<\/td>\n<td>Brno<\/td>\n<td><a href=\"https:\/\/www.cka.cz\/cs\/svet-architektury\/seznam-architektu\/ing-arch-mackerle-pavel\">246 Pavel Mackerle<\/a><\/td>\n<td>ING. ARCH. PAVEL MACKERLE<\/td>\n<\/tr>\n<tr>\n<td>2722<\/td>\n<td>\u00c7ekya<\/td>\n<td>Brno<\/td>\n<td><a href=\"https:\/\/www.cka.cz\/cs\/svet-architektury\/seznam-architektu\/ing-arch-zabrodsky-jakub\">247 Jakub Z\u00e1brodsk\u00fd<\/a><\/td>\n<td>ING. ARCH. JAKUB Z\u00c1BRODSK\u00dd<\/td>\n<\/tr>\n<tr>\n<td>2723<\/td>\n<td>\u00c7ekya<\/td>\n<td>Hradec Kr\u00e1lov\u00e9<\/td>\n<td><a href=\"https:\/\/www.cka.cz\/cs\/svet-architektury\/seznam-architektu\/ing-arch-zidka-jiri\">248 Ji\u0159\u00ed Z\u00eddka<\/a><\/td>\n<td>ING. ARCH. JI\u0158\u00cd Z\u00cdDKA<\/td>\n<\/tr>\n<tr>\n<td>2724<\/td>\n<td>\u00c7ekya<\/td>\n<td>Prag<\/td>\n<td><a href=\"https:\/\/www.cka.cz\/cs\/svet-architektury\/seznam-architektu\/prof-ing-arch-labus-ladislav\">249 Ladislav L\u00e1bus<\/a><\/td>\n<td>PROF. ING. ARCH. LADISLAV L\u00c1BUS<\/td>\n<\/tr>\n<tr>\n<td>2725<\/td>\n<td>\u00c7ekya<\/td>\n<td>Prag<\/td>\n<td><a href=\"https:\/\/www.cka.cz\/cs\/svet-architektury\/seznam-architektu\/ing-arch-salda-vojtech\">250 Vojt\u011bch \u0160alda<\/a><\/td>\n<td>ING. ARCH. VOJT\u011aCH \u0160ALDA<\/td>\n<\/tr>\n<tr>\n<td>2726<\/td>\n<td>\u00c7ekya<\/td>\n<td>Karlovy Vary<\/td>\n<td><a href=\"https:\/\/www.cka.cz\/cs\/svet-architektury\/seznam-architektu\/ing-arch-tuma-vitezslav\">251 V\u00edt\u011bzslav T\u016fma<\/a><\/td>\n<td>ING. ARCH. V\u00cdT\u011aZSLAV T\u016eMA<\/td>\n<\/tr>\n<tr>\n<td>2727<\/td>\n<td>\u00c7ekya<\/td>\n<td>Prag<\/td>\n<td><a href=\"https:\/\/www.cka.cz\/cs\/svet-architektury\/seznam-architektu\/ing-arch-frolik-petr\">252 Petr Frol\u00edk<\/a><\/td>\n<td>ING. ARCH. PETR FROL\u00cdK<\/td>\n<\/tr>\n<tr>\n<td>2728<\/td>\n<td>\u00c7ekya<\/td>\n<td>Prag<\/td>\n<td><a href=\"https:\/\/www.cka.cz\/cs\/svet-architektury\/seznam-architektu\/ing-arch-kubista-jiri\">253 Ji\u0159\u00ed Kubi\u0161ta<\/a><\/td>\n<td>ING. ARCH. JI\u0158\u00cd KUBI\u0160TA<\/td>\n<\/tr>\n<tr>\n<td>2729<\/td>\n<td>\u00c7ekya<\/td>\n<td>Prag<\/td>\n<td><a href=\"https:\/\/www.cka.cz\/cs\/svet-architektury\/seznam-architektu\/ing-arch-gopfert-miroslav\">254 Miroslav Gopfert<\/a><\/td>\n<td>ING. ARCH. MIROSLAV GOPFERT<\/td>\n<\/tr>\n<tr>\n<td>2730<\/td>\n<td>\u00c7ekya<\/td>\n<td>Vltavou<\/td>\n<td><a href=\"https:\/\/www.cka.cz\/cs\/svet-architektury\/seznam-architektu\/ing-arch-louda-jan\">255 Jan Louda<\/a><\/td>\n<td>ING. ARCH. JAN LOUDA<\/td>\n<\/tr>\n<tr>\n<td>2731<\/td>\n<td>\u00c7ekya<\/td>\n<td>\u0160estajovice<\/td>\n<td><a href=\"https:\/\/www.cka.cz\/cs\/svet-architektury\/seznam-architektu\/ing-arch-pirout-bohumil\">256 Bohumil Pirout<\/a><\/td>\n<td>ING. ARCH. BOHUMIL PIROUT<\/td>\n<\/tr>\n<tr>\n<td>2732<\/td>\n<td>\u00c7ekya<\/td>\n<td>Prag<\/td>\n<td><a href=\"https:\/\/www.cka.cz\/cs\/svet-architektury\/seznam-architektu\/ing-arch-kordovsku-petr\">257 Petr Kordovsk\u00fd<\/a><\/td>\n<td>ING. ARCH. PETR KORDOVSK\u00dd<\/td>\n<\/tr>\n<tr>\n<td>2733<\/td>\n<td>\u00c7ekya<\/td>\n<td>Prag<\/td>\n<td><a href=\"https:\/\/www.cka.cz\/cs\/svet-architektury\/seznam-architektu\/doc-ing-arch-jiran-zdenek\">258 Zden\u011bk Jiran<\/a><\/td>\n<td>PROF. ING. ARCH. ZDEN\u011aK JIRAN<\/td>\n<\/tr>\n<tr>\n<td>2734<\/td>\n<td>\u00c7ekya<\/td>\n<td>Prag<\/td>\n<td><a href=\"https:\/\/www.cka.cz\/cs\/svet-architektury\/seznam-architektu\/ing-arch-plicka-ivan\">259 Ivan Plicka<\/a><\/td>\n<td>ING. ARCH. IVAN PLICKA<\/td>\n<\/tr>\n<tr>\n<td>2735<\/td>\n<td>\u00c7ekya<\/td>\n<td>Kosmonosy<\/td>\n<td><a href=\"https:\/\/www.cka.cz\/cs\/svet-architektury\/seznam-architektu\/ing-arch-kadlec-zdenek\">260 Zden\u011bk Kadlec<\/a><\/td>\n<td>ING. ARCH. ZDEN\u011aK KADLEC<\/td>\n<\/tr>\n<tr>\n<td>2736<\/td>\n<td>\u00c7ekya<\/td>\n<td>Fry\u0161t\u00e1t<\/td>\n<td><a href=\"https:\/\/www.cka.cz\/cs\/svet-architektury\/seznam-architektu\/ing-galuszka-edvard\">261 Edvard Galuszka<\/a><\/td>\n<td>ING. EDVARD GALUSZKA<\/td>\n<\/tr>\n<tr>\n<td>2737<\/td>\n<td>\u00c7ekya<\/td>\n<td>T\u00e1bor<\/td>\n<td><a href=\"https:\/\/www.cka.cz\/cs\/svet-architektury\/seznam-architektu\/ing-arch-stach-jan\">262 Jan Stach<\/a><\/td>\n<td>ING. ARCH. JAN STACH<\/td>\n<\/tr>\n<tr>\n<td>2738<\/td>\n<td>\u00c7ekya<\/td>\n<td>Hradec Kr\u00e1lov\u00e9<\/td>\n<td><a href=\"https:\/\/www.cka.cz\/cs\/svet-architektury\/seznam-architektu\/ing-arch-pur-alexander\">263 Alexander Pur<\/a><\/td>\n<td>ING. ARCH. ALEXANDER PUR<\/td>\n<\/tr>\n<tr>\n<td>2739<\/td>\n<td>\u00c7ekya<\/td>\n<td>Prag<\/td>\n<td><a href=\"https:\/\/www.cka.cz\/cs\/svet-architektury\/seznam-architektu\/ing-kubovy-miroslav\">264 Miroslav Kubov\u00fd<\/a><\/td>\n<td>ING. MIROSLAV KUBOV\u00dd<\/td>\n<\/tr>\n<tr>\n<td>2740<\/td>\n<td>\u00c7ekya<\/td>\n<td>Lednice na Morav\u011b<\/td>\n<td><a href=\"https:\/\/www.cka.cz\/cs\/svet-architektury\/seznam-architektu\/dr-ing-wilhelmova-dana\">265 Dana Wilhelmov\u00e1<\/a><\/td>\n<td>DR.ING. DANA WILHELMOV\u00c1<\/td>\n<\/tr>\n<tr>\n<td>2741<\/td>\n<td>\u00c7ekya<\/td>\n<td>\u010cesk\u00e9 Bud\u011bjovice<\/td>\n<td><a href=\"https:\/\/www.cka.cz\/cs\/svet-architektury\/seznam-architektu\/ing-arch-timr-martin\">266 Martin Timr<\/a><\/td>\n<td>ING. ARCH. MARTIN TIMR<\/td>\n<\/tr>\n<tr>\n<td>2742<\/td>\n<td>\u00c7ekya<\/td>\n<td>\u010cesk\u00e9 Bud\u011bjovice<\/td>\n<td><a href=\"https:\/\/www.cka.cz\/cs\/svet-architektury\/seznam-architektu\/ing-arch-dvorak-antonin\">267 Anton\u00edn Dvo\u0159\u00e1k<\/a><\/td>\n<td>ING. ARCH. ANTON\u00cdN DVO\u0158\u00c1K<\/td>\n<\/tr>\n<tr>\n<td>2743<\/td>\n<td>\u00c7ekya<\/td>\n<td>Pardubice<\/td>\n<td><a href=\"https:\/\/www.cka.cz\/cs\/svet-architektury\/seznam-architektu\/ing-arch-kosar-milan\">268 Milan Ko\u0161a\u0159<\/a><\/td>\n<td>ING. ARCH. MILAN KO\u0160A\u0158<\/td>\n<\/tr>\n<tr>\n<td>2744<\/td>\n<td>\u00c7ekya<\/td>\n<td>Sezimovo \u00dast\u00ed<\/td>\n<td><a href=\"https:\/\/www.cka.cz\/cs\/svet-architektury\/seznam-architektu\/ing-arch-storch-bohuslav\">269 Bohuslav \u0160torch<\/a><\/td>\n<td>ING. ARCH. BOHUSLAV \u0160TORCH<\/td>\n<\/tr>\n<tr>\n<td>2745<\/td>\n<td>\u00c7ekya<\/td>\n<td>Prag<\/td>\n<td><a href=\"https:\/\/www.cka.cz\/cs\/svet-architektury\/seznam-architektu\/ing-arch-haase-milos\">270 Milo\u0161 Haase<\/a><\/td>\n<td>ING. ARCH. MILO\u0160 HAASE<\/td>\n<\/tr>\n<tr>\n<td>2746<\/td>\n<td>\u00c7ekya<\/td>\n<td>Prag<\/td>\n<td><a href=\"https:\/\/www.cka.cz\/cs\/svet-architektury\/seznam-architektu\/doc-ing-akad-arch-psenicka-frantisek-csc\">271 Franti\u0161ek P\u0161eni\u010dka<\/a><\/td>\n<td>DOC. AKAD. ARCH. ING. FRANTI\u0160EK P\u0160ENI\u010cKA CSC.<\/td>\n<\/tr>\n<tr>\n<td>2747<\/td>\n<td>\u00c7ekya<\/td>\n<td>Kozlovice<\/td>\n<td><a href=\"https:\/\/www.cka.cz\/cs\/svet-architektury\/seznam-architektu\/ing-arch-cvicek-vaclav\">272 V\u00e1clav Cvi\u010dek<\/a><\/td>\n<td>ING. ARCH. V\u00c1CLAV CVI\u010cEK<\/td>\n<\/tr>\n<tr>\n<td>2748<\/td>\n<td>\u00c7ekya<\/td>\n<td>Prag<\/td>\n<td><a href=\"https:\/\/www.cka.cz\/cs\/svet-architektury\/seznam-architektu\/akad-arch-matyas-josef\">273 Josef Maty\u00e1\u0161<\/a><\/td>\n<td>AKAD. ARCH. JOSEF MATY\u00c1\u0160<\/td>\n<\/tr>\n<tr>\n<td>2749<\/td>\n<td>\u00c7ekya<\/td>\n<td>Plze\u0148<\/td>\n<td><a href=\"https:\/\/www.cka.cz\/cs\/svet-architektury\/seznam-architektu\/ing-arch-ulc-vaclav\">274 V\u00e1clav Ul\u010d<\/a><\/td>\n<td>ING. ARCH. V\u00c1CLAV UL\u010c<\/td>\n<\/tr>\n<tr>\n<td>2750<\/td>\n<td>\u00c7ekya<\/td>\n<td>Prag<\/td>\n<td><a href=\"https:\/\/www.cka.cz\/cs\/svet-architektury\/seznam-architektu\/ing-arch-doutlik-lubos\">275 Lubo\u0161 Doutl\u00edk<\/a><\/td>\n<td>ING. ARCH. LUBO\u0160 DOUTL\u00cdK<\/td>\n<\/tr>\n<tr>\n<td>2751<\/td>\n<td>\u00c7ekya<\/td>\n<td>Jesenice u Prahy<\/td>\n<td><a href=\"https:\/\/www.cka.cz\/cs\/svet-architektury\/seznam-architektu\/ing-arch-buchar-jan\">276 Jan Buchar<\/a><\/td>\n<td>ING. ARCH. JAN BUCHAR<\/td>\n<\/tr>\n<tr>\n<td>2752<\/td>\n<td>\u00c7ekya<\/td>\n<td>Prag<\/td>\n<td><a href=\"https:\/\/www.cka.cz\/cs\/svet-architektury\/seznam-architektu\/akad-arch-veselu-jiri\">277 Ji\u0159\u00ed Vesel\u00fd<\/a><\/td>\n<td>AKAD. ARCH. JI\u0158\u00cd VESEL\u00dd<\/td>\n<\/tr>\n<tr>\n<td>2753<\/td>\n<td>\u00c7ekya<\/td>\n<td>Prag<\/td>\n<td><a href=\"https:\/\/www.cka.cz\/cs\/svet-architektury\/seznam-architektu\/ing-akad-arch-suchy-miroslav\">278 Miroslav Such\u00fd<\/a><\/td>\n<td>ING. AKAD. ARCH. MIROSLAV SUCH\u00dd<\/td>\n<\/tr>\n<tr>\n<td>2754<\/td>\n<td>\u00c7ekya<\/td>\n<td>Prag<\/td>\n<td><a href=\"https:\/\/www.cka.cz\/cs\/svet-architektury\/seznam-architektu\/ing-arch-drexler-petr\">279 Petr Drexler<\/a><\/td>\n<td>ING. ARCH. PETR DREXLER<\/td>\n<\/tr>\n<tr>\n<td>2755<\/td>\n<td>\u00c7ekya<\/td>\n<td>Vele\u0161\u00edn<\/td>\n<td><a href=\"https:\/\/www.cka.cz\/cs\/svet-architektury\/seznam-architektu\/ing-arch-marik-vaclav\">280 V\u00e1clav Ma\u0159\u00edk<\/a><\/td>\n<td>ING. ARCH. V\u00c1CLAV MA\u0158\u00cdK<\/td>\n<\/tr>\n<tr>\n<td>2756<\/td>\n<td>\u00c7ekya<\/td>\n<td>Prag<\/td>\n<td><a href=\"https:\/\/www.cka.cz\/cs\/svet-architektury\/seznam-architektu\/ing-arch-svec-stanislav\">281 Stanislav \u0160vec<\/a><\/td>\n<td>ING. ARCH. STANISLAV \u0160VEC<\/td>\n<\/tr>\n<tr>\n<td>2757<\/td>\n<td>\u00c7ekya<\/td>\n<td>\u010cesk\u00e9 Bud\u011bjovice<\/td>\n<td><a href=\"https:\/\/www.cka.cz\/cs\/svet-architektury\/seznam-architektu\/ing-arch-danek-jaroslav\">282 Jaroslav Dan\u011bk<\/a><\/td>\n<td>ING. ARCH. JAROSLAV DAN\u011aK<\/td>\n<\/tr>\n<tr>\n<td>2758<\/td>\n<td>\u00c7ekya<\/td>\n<td>Opava<\/td>\n<td><a href=\"https:\/\/www.cka.cz\/cs\/svet-architektury\/seznam-architektu\/ing-arch-bendik-zdenek\">283 Zden\u011bk Bend\u00edk<\/a><\/td>\n<td>ING. ARCH. ZDEN\u011aK BEND\u00cdK<\/td>\n<\/tr>\n<tr>\n<td>2759<\/td>\n<td>\u00c7ekya<\/td>\n<td>Brno<\/td>\n<td><a href=\"https:\/\/www.cka.cz\/cs\/svet-architektury\/seznam-architektu\/ing-arch-vagner-silvestr\">284 Silvestr V\u00e1gner<\/a><\/td>\n<td>PROF. ING. ARCH. SILVESTR V\u00c1GNER CSC.<\/td>\n<\/tr>\n<tr>\n<td>2760<\/td>\n<td>\u00c7ekya<\/td>\n<td>Brno<\/td>\n<td><a href=\"https:\/\/www.cka.cz\/cs\/svet-architektury\/seznam-architektu\/ing-arch-dolezel-karel\">285 Karel Dole\u017eel<\/a><\/td>\n<td>ING. ARCH. KAREL DOLE\u017dEL<\/td>\n<\/tr>\n<tr>\n<td>2761<\/td>\n<td>\u00c7ekya<\/td>\n<td>Brno<\/td>\n<td><a href=\"https:\/\/www.cka.cz\/cs\/svet-architektury\/seznam-architektu\/ing-arch-miksik-martin\">286 Martin Mik\u0161\u00edk<\/a><\/td>\n<td>ING. ARCH. MARTIN MIK\u0160\u00cdK<\/td>\n<\/tr>\n<tr>\n<td>2762<\/td>\n<td>\u00c7ekya<\/td>\n<td>Lelekovice<\/td>\n<td><a href=\"https:\/\/www.cka.cz\/cs\/svet-architektury\/seznam-architektu\/ing-arch-krivinka-gustav\">287 Gustav K\u0159ivinka<\/a><\/td>\n<td>ING. ARCH. GUSTAV K\u0158IVINKA<\/td>\n<\/tr>\n<tr>\n<td>2763<\/td>\n<td>\u00c7ekya<\/td>\n<td>Brno<\/td>\n<td><a href=\"https:\/\/www.cka.cz\/cs\/svet-architektury\/seznam-architektu\/ing-arch-sugl-jan\">288 Jan \u0160ugl<\/a><\/td>\n<td>ING. ARCH. JAN \u0160UGL<\/td>\n<\/tr>\n<tr>\n<td>2764<\/td>\n<td>\u00c7ekya<\/td>\n<td>Brno<\/td>\n<td><a href=\"https:\/\/www.cka.cz\/cs\/svet-architektury\/seznam-architektu\/ing-arch-silhava-vlasta\">289 Vlasta \u0160ilhav\u00e1<\/a><\/td>\n<td>ING. ARCH. VLASTA \u0160ILHAV\u00c1<\/td>\n<\/tr>\n<tr>\n<td>2765<\/td>\n<td>\u00c7ekya<\/td>\n<td>Ostrava<\/td>\n<td><a href=\"https:\/\/www.cka.cz\/cs\/svet-architektury\/seznam-architektu\/ing-arch-sonovsky-tomas\">290 Tom\u00e1\u0161 \u0160onovsk\u00fd<\/a><\/td>\n<td>ING. ARCH. TOM\u00c1\u0160 \u0160ONOVSK\u00dd<\/td>\n<\/tr>\n<tr>\n<td>2766<\/td>\n<td>\u00c7ekya<\/td>\n<td>Opava<\/td>\n<td><a href=\"https:\/\/www.cka.cz\/cs\/svet-architektury\/seznam-architektu\/ing-arch-horak-jiri\">291 Ji\u0159\u00ed Hor\u00e1k<\/a><\/td>\n<td>ING. ARCH. JI\u0158\u00cd HOR\u00c1K<\/td>\n<\/tr>\n<tr>\n<td>2767<\/td>\n<td>\u00c7ekya<\/td>\n<td>Brno<\/td>\n<td><a href=\"https:\/\/www.cka.cz\/cs\/svet-architektury\/seznam-architektu\/ing-arch-rudis-martin\">292 Martin Rudi\u0161<\/a><\/td>\n<td>ING. ARCH. MARTIN RUDI\u0160<\/td>\n<\/tr>\n<tr>\n<td>2768<\/td>\n<td>\u00c7ekya<\/td>\n<td>Brno<\/td>\n<td><a href=\"https:\/\/www.cka.cz\/cs\/svet-architektury\/seznam-architektu\/ing-arch-havlik-vaclav-m\">293 V\u00e1clav Martin Havl\u00edk<\/a><\/td>\n<td>ING. ARCH. V\u00c1CLAV MARTIN HAVL\u00cdK<\/td>\n<\/tr>\n<tr>\n<td>2769<\/td>\n<td>\u00c7ekya<\/td>\n<td>Olomouc<\/td>\n<td><a href=\"https:\/\/www.cka.cz\/cs\/svet-architektury\/seznam-architektu\/ing-arch-kucirek-ivo\">294 Ivo Ku\u010d\u00edrek<\/a><\/td>\n<td>ING. ARCH. IVO KU\u010c\u00cdREK<\/td>\n<\/tr>\n<tr>\n<td>2770<\/td>\n<td>\u00c7ekya<\/td>\n<td>Brno<\/td>\n<td><a href=\"https:\/\/www.cka.cz\/cs\/svet-architektury\/seznam-architektu\/ing-arch-vaculikova-marta\">295 Marta Vacul\u00edkov\u00e1<\/a><\/td>\n<td>ING. ARCH. MARTA VACUL\u00cdKOV\u00c1<\/td>\n<\/tr>\n<tr>\n<td>2771<\/td>\n<td>\u00c7ekya<\/td>\n<td>Brno<\/td>\n<td><a href=\"https:\/\/www.cka.cz\/cs\/svet-architektury\/seznam-architektu\/doc-ing-arch-wahla-ivan\">296 Ivan Wahla<\/a><\/td>\n<td>DOC. ING. ARCH. IVAN WAHLA<\/td>\n<\/tr>\n<tr>\n<td>2772<\/td>\n<td>\u00c7ekya<\/td>\n<td>Brno<\/td>\n<td><a href=\"https:\/\/www.cka.cz\/cs\/svet-architektury\/seznam-architektu\/ing-arch-kartous-josef\">297 Josef Kartous<\/a><\/td>\n<td>ING. ARCH. JOSEF KARTOUS<\/td>\n<\/tr>\n<tr>\n<td>2773<\/td>\n<td>\u00c7ekya<\/td>\n<td>Olomouc<\/td>\n<td><a href=\"https:\/\/www.cka.cz\/cs\/svet-architektury\/seznam-architektu\/ing-arch-janda-josef\">298 Josef Janda<\/a><\/td>\n<td>ING. ARCH. JOSEF JANDA<\/td>\n<\/tr>\n<tr>\n<td>2774<\/td>\n<td>\u00c7ekya<\/td>\n<td>Brno<\/td>\n<td><a href=\"https:\/\/www.cka.cz\/cs\/svet-architektury\/seznam-architektu\/ing-arch-hros-ivan\">299 Ivan Hro\u0161<\/a><\/td>\n<td>ING. ARCH. IVAN HRO\u0160<\/td>\n<\/tr>\n<tr>\n<td>2775<\/td>\n<td>\u00c7ekya<\/td>\n<td>Ostrava<\/td>\n<td><a href=\"https:\/\/www.cka.cz\/cs\/svet-architektury\/seznam-architektu\/ing-arch-zemanova-magdalena\">300 Magdal\u00e9na Zemanov\u00e1<\/a><\/td>\n<td>ING. ARCH. MAGDAL\u00c9NA ZEMANOV\u00c1<\/td>\n<\/tr>\n<tr>\n<td>2776<\/td>\n<td>\u00c7ekya<\/td>\n<td>Brno<\/td>\n<td><a href=\"https:\/\/www.cka.cz\/cs\/svet-architektury\/seznam-architektu\/ing-arch-kucera-premysl\">301 P\u0159emysl Ku\u010dera<\/a><\/td>\n<td>ING. ARCH. P\u0158EMYSL KU\u010cERA<\/td>\n<\/tr>\n<tr>\n<td>2777<\/td>\n<td>\u00c7ekya<\/td>\n<td>Brno<\/td>\n<td><a href=\"https:\/\/www.cka.cz\/cs\/svet-architektury\/seznam-architektu\/ing-arch-plachy-bretislav\">302 B\u0159etislav Plach\u00fd<\/a><\/td>\n<td>ING. ARCH. B\u0158ETISLAV PLACH\u00dd<\/td>\n<\/tr>\n<tr>\n<td>2778<\/td>\n<td>\u00c7ekya<\/td>\n<td>Brno<\/td>\n<td><a href=\"https:\/\/www.cka.cz\/cs\/svet-architektury\/seznam-architektu\/ing-arch-coufal-ilja\">303 Ilja Coufal<\/a><\/td>\n<td>ING. ARCH. ILJA COUFAL<\/td>\n<\/tr>\n<tr>\n<td>2779<\/td>\n<td>\u00c7ekya<\/td>\n<td>Brno<\/td>\n<td><a href=\"https:\/\/www.cka.cz\/cs\/svet-architektury\/seznam-architektu\/ing-arch-vlcek-libor\">304 Libor Vl\u010dek<\/a><\/td>\n<td>ING. ARCH. LIBOR VL\u010cEK<\/td>\n<\/tr>\n<tr>\n<td>2780<\/td>\n<td>\u00c7ekya<\/td>\n<td>Ok\u0159\u00ed\u0161ky<\/td>\n<td><a href=\"https:\/\/www.cka.cz\/cs\/svet-architektury\/seznam-architektu\/ing-arch-hasek-jiri\">305 Ji\u0159\u00ed Ha\u0161ek<\/a><\/td>\n<td>ING. ARCH. JI\u0158\u00cd HA\u0160EK<\/td>\n<\/tr>\n<tr>\n<td>2781<\/td>\n<td>\u00c7ekya<\/td>\n<td>Brno<\/td>\n<td><a href=\"https:\/\/www.cka.cz\/cs\/svet-architektury\/seznam-architektu\/ing-akad-arch-velek-jan\">306 Jan Velek<\/a><\/td>\n<td>ING. AKAD. ARCH. JAN VELEK<\/td>\n<\/tr>\n<tr>\n<td>2782<\/td>\n<td>\u00c7ekya<\/td>\n<td>Zl\u00edn<\/td>\n<td><a href=\"https:\/\/www.cka.cz\/cs\/svet-architektury\/seznam-architektu\/ing-arch-chladek-zdenek\">307 Zden\u011bk Chl\u00e1dek<\/a><\/td>\n<td>ING. ARCH. ZDEN\u011aK CHL\u00c1DEK<\/td>\n<\/tr>\n<tr>\n<td>2783<\/td>\n<td>\u00c7ekya<\/td>\n<td>Brno<\/td>\n<td><a href=\"https:\/\/www.cka.cz\/cs\/svet-architektury\/seznam-architektu\/doc-ing-arch-rusin-tomas\">308 Tom\u00e1\u0161 Rus\u00edn<\/a><\/td>\n<td>DOC. ING. ARCH. TOM\u00c1\u0160 RUS\u00cdN<\/td>\n<\/tr>\n<tr>\n<td>2784<\/td>\n<td>\u00c7ekya<\/td>\n<td>Brno<\/td>\n<td><a href=\"https:\/\/www.cka.cz\/cs\/svet-architektury\/seznam-architektu\/ing-arch-vacha-jiri-1\">309 Ji\u0159\u00ed V\u00e1cha<\/a><\/td>\n<td>ING. ARCH. JI\u0158\u00cd V\u00c1CHA<\/td>\n<\/tr>\n<tr>\n<td>2785<\/td>\n<td>\u00c7ekya<\/td>\n<td>Brno<\/td>\n<td><a href=\"https:\/\/www.cka.cz\/cs\/svet-architektury\/seznam-architektu\/ing-arch-rihak-zdenek\">310 Zden\u011bk \u0158ih\u00e1k<\/a><\/td>\n<td>ING. ARCH. ZDEN\u011aK \u0158IH\u00c1K<\/td>\n<\/tr>\n<tr>\n<td>2786<\/td>\n<td>\u00c7ekya<\/td>\n<td>B\u0159ezina<\/td>\n<td><a href=\"https:\/\/www.cka.cz\/cs\/svet-architektury\/seznam-architektu\/ing-arch-kramolisova-ludmila\">311 Ludmila Kramoli\u0161ov\u00e1<\/a><\/td>\n<td>ING. ARCH. LUDMILA KRAMOLI\u0160OV\u00c1<\/td>\n<\/tr>\n<tr>\n<td>2787<\/td>\n<td>\u00c7ekya<\/td>\n<td>Brno<\/td>\n<td><a href=\"https:\/\/www.cka.cz\/cs\/svet-architektury\/seznam-architektu\/rndr-stransku-karel\">312 Karel Str\u00e1nsk\u00fd<\/a><\/td>\n<td>RNDR. KAREL STR\u00c1NSK\u00dd<\/td>\n<\/tr>\n<tr>\n<td>2788<\/td>\n<td>\u00c7ekya<\/td>\n<td>Brno<\/td>\n<td><a href=\"https:\/\/www.cka.cz\/cs\/svet-architektury\/seznam-architektu\/ing-arch-fixel-jiri\">313 Ji\u0159\u00ed Fixel<\/a><\/td>\n<td>ING. ARCH. JI\u0158\u00cd FIXEL<\/td>\n<\/tr>\n<tr>\n<td>2789<\/td>\n<td>\u00c7ekya<\/td>\n<td>Brno<\/td>\n<td><a href=\"https:\/\/www.cka.cz\/cs\/svet-architektury\/seznam-architektu\/ing-arch-matonoha-michal\">314 Michal Matonoha<\/a><\/td>\n<td>ING. ARCH. MICHAL MATONOHA<\/td>\n<\/tr>\n<tr>\n<td>2790<\/td>\n<td>\u00c7ekya<\/td>\n<td>Lipov<\/td>\n<td><a href=\"https:\/\/www.cka.cz\/cs\/svet-architektury\/seznam-architektu\/ing-arch-machalek-frantisek\">315 Franti\u0161ek Mach\u00e1lek<\/a><\/td>\n<td>ING. ARCH. FRANTI\u0160EK MACH\u00c1LEK<\/td>\n<\/tr>\n<tr>\n<td>2791<\/td>\n<td>\u00c7ekya<\/td>\n<td>Veli\u010dkou<\/td>\n<td><a href=\"https:\/\/www.cka.cz\/cs\/svet-architektury\/seznam-architektu\/ing-arch-vajcner-petr\">316 Petr Vaj\u010dner<\/a><\/td>\n<td>ING. ARCH. PETR VAJ\u010cNER<\/td>\n<\/tr>\n<tr>\n<td>2792<\/td>\n<td>\u00c7ekya<\/td>\n<td>Prag<\/td>\n<td><a href=\"https:\/\/www.cka.cz\/cs\/svet-architektury\/seznam-architektu\/ing-arch-dudek-oldrich-csc\">317 Old\u0159ich Dudek<\/a><\/td>\n<td>ING. ARCH. OLD\u0158ICH DUDEK CSC.<\/td>\n<\/tr>\n<tr>\n<td>2793<\/td>\n<td>\u00c7ekya<\/td>\n<td>Prag<\/td>\n<td><a href=\"https:\/\/www.cka.cz\/cs\/svet-architektury\/seznam-architektu\/ing-arch-stradal-borek\">318 Borek Str\u00e1dal<\/a><\/td>\n<td>ING. ARCH. BOREK STR\u00c1DAL<\/td>\n<\/tr>\n<tr>\n<td>2794<\/td>\n<td>\u00c7ekya<\/td>\n<td>Prag<\/td>\n<td><a href=\"https:\/\/www.cka.cz\/cs\/svet-architektury\/seznam-architektu\/ing-arch-krivohlavkova-zuzana\">319 Zuzana K\u0159ivohl\u00e1vkov\u00e1<\/a><\/td>\n<td>ING. ARCH. ZUZANA K\u0158IVOHL\u00c1VKOV\u00c1<\/td>\n<\/tr>\n<tr>\n<td>2795<\/td>\n<td>\u00c7ekya<\/td>\n<td>Prag<\/td>\n<td><a href=\"https:\/\/www.cka.cz\/cs\/svet-architektury\/seznam-architektu\/ing-arch-jarnik-josef\">320 Josef Jarn\u00edk<\/a><\/td>\n<td>ING. ARCH. JOSEF JARN\u00cdK<\/td>\n<\/tr>\n<tr>\n<td>2796<\/td>\n<td>\u00c7ekya<\/td>\n<td>Prag<\/td>\n<td><a href=\"https:\/\/www.cka.cz\/cs\/svet-architektury\/seznam-architektu\/ing-akad-arch-lalak-ivan\">321 Ivan Lal\u00e1k<\/a><\/td>\n<td>ING. AKAD. ARCH. IVAN LAL\u00c1K<\/td>\n<\/tr>\n<tr>\n<td>2797<\/td>\n<td>\u00c7ekya<\/td>\n<td>Prag<\/td>\n<td><a href=\"https:\/\/www.cka.cz\/cs\/svet-architektury\/seznam-architektu\/ing-arch-labonek-petr-csc\">322 Petr Labonek<\/a><\/td>\n<td>ING. ARCH. PETR LABONEK CSC.<\/td>\n<\/tr>\n<tr>\n<td>2798<\/td>\n<td>\u00c7ekya<\/td>\n<td>Mlad\u00e1 Boleslav<\/td>\n<td><a href=\"https:\/\/www.cka.cz\/cs\/svet-architektury\/seznam-architektu\/ing-arch-kukral-ondrej\">323 Ond\u0159ej Kukral<\/a><\/td>\n<td>ING. ARCH. OND\u0158EJ KUKRAL<\/td>\n<\/tr>\n<tr>\n<td>2799<\/td>\n<td>\u00c7ekya<\/td>\n<td>Prag<\/td>\n<td><a href=\"https:\/\/www.cka.cz\/cs\/svet-architektury\/seznam-architektu\/ing-arch-steiner-jaroslav\">324 Jaroslav Steiner<\/a><\/td>\n<td>ING. ARCH. JAROSLAV STEINER<\/td>\n<\/tr>\n<tr>\n<td>2800<\/td>\n<td>\u00c7ekya<\/td>\n<td>Chrudim<\/td>\n<td><a href=\"https:\/\/www.cka.cz\/cs\/svet-architektury\/seznam-architektu\/ing-arch-kohler-ivan\">325 Ivan Kohler<\/a><\/td>\n<td>ING. ARCH. IVAN KOHLER<\/td>\n<\/tr>\n<tr>\n<td>2801<\/td>\n<td>\u00c7ekya<\/td>\n<td>Prag<\/td>\n<td><a href=\"https:\/\/www.cka.cz\/cs\/svet-architektury\/seznam-architektu\/ing-arch-parma-milos-grigorij\">326 Milo\u0161 Grigorij Parma<\/a><\/td>\n<td>ING. ARCH. MILO\u0160 GRIGORIJ PARMA<\/td>\n<\/tr>\n<tr>\n<td>2802<\/td>\n<td>\u00c7ekya<\/td>\n<td>Prag<\/td>\n<td><a href=\"https:\/\/www.cka.cz\/cs\/svet-architektury\/seznam-architektu\/doc-ing-arch-tichu-ladislav-csc\">327 Ladislav Tich\u00fd<\/a><\/td>\n<td>DOC. ING. ARCH. LADISLAV TICH\u00dd CSC.<\/td>\n<\/tr>\n<tr>\n<td>2803<\/td>\n<td>\u00c7ekya<\/td>\n<td>Prag<\/td>\n<td><a href=\"https:\/\/www.cka.cz\/cs\/svet-architektury\/seznam-architektu\/doc-ing-arch-dvorak-vaclav-csc\">328 V\u00e1clav Dvo\u0159\u00e1k<\/a><\/td>\n<td>DOC. ING. ARCH. V\u00c1CLAV DVO\u0158\u00c1K CSC.<\/td>\n<\/tr>\n<tr>\n<td>2804<\/td>\n<td>\u00c7ekya<\/td>\n<td>Prag<\/td>\n<td><a href=\"https:\/\/www.cka.cz\/cs\/svet-architektury\/seznam-architektu\/ing-arch-kabelik-zbynek\">329 Zbyn\u011bk Kabel\u00edk<\/a><\/td>\n<td>ING. ARCH. ZBYN\u011aK KABEL\u00cdK<\/td>\n<\/tr>\n<tr>\n<td>2805<\/td>\n<td>\u00c7ekya<\/td>\n<td>Litom\u011b\u0159ice<\/td>\n<td><a href=\"https:\/\/www.cka.cz\/cs\/svet-architektury\/seznam-architektu\/ing-arch-antosova-jarmila\">330 Jarmila Anto\u0161ov\u00e1<\/a><\/td>\n<td>ING. ARCH. JARMILA ANTO\u0160OV\u00c1<\/td>\n<\/tr>\n<tr>\n<td>2806<\/td>\n<td>\u00c7ekya<\/td>\n<td>Prag<\/td>\n<td><a href=\"https:\/\/www.cka.cz\/cs\/svet-architektury\/seznam-architektu\/ing-arch-fehrer-viktor\">331 Viktor Fehrer<\/a><\/td>\n<td>ING. ARCH. VIKTOR FEHRER<\/td>\n<\/tr>\n<tr>\n<td>2807<\/td>\n<td>\u00c7ekya<\/td>\n<td>Prag<\/td>\n<td><a href=\"https:\/\/www.cka.cz\/cs\/svet-architektury\/seznam-architektu\/ing-arch-pesek-dalibor\">332 Dalibor Pe\u0161ek<\/a><\/td>\n<td>ING. ARCH. DALIBOR PE\u0160EK<\/td>\n<\/tr>\n<tr>\n<td>2808<\/td>\n<td>\u00c7ekya<\/td>\n<td>Prag<\/td>\n<td><a href=\"https:\/\/www.cka.cz\/cs\/svet-architektury\/seznam-architektu\/ing-arch-pec-frantisek\">333 Franti\u0161ek P\u00e9\u010d<\/a><\/td>\n<td>ING. ARCH. FRANTI\u0160EK P\u00c9\u010c<\/td>\n<\/tr>\n<tr>\n<td>2809<\/td>\n<td>\u00c7ekya<\/td>\n<td>Prag<\/td>\n<td><a href=\"https:\/\/www.cka.cz\/cs\/svet-architektury\/seznam-architektu\/ing-arch-marek-jan\">334 Jan Marek<\/a><\/td>\n<td>ING. ARCH. JAN MAREK<\/td>\n<\/tr>\n<tr>\n<td>2810<\/td>\n<td>\u00c7ekya<\/td>\n<td>Prag<\/td>\n<td><a href=\"https:\/\/www.cka.cz\/cs\/svet-architektury\/seznam-architektu\/ing-arch-dusek-jiri\">335 Ji\u0159\u00ed Du\u0161ek<\/a><\/td>\n<td>ING. ARCH. JI\u0158\u00cd DU\u0160EK<\/td>\n<\/tr>\n<tr>\n<td>2811<\/td>\n<td>\u00c7ekya<\/td>\n<td>Prag<\/td>\n<td><a href=\"https:\/\/www.cka.cz\/cs\/svet-architektury\/seznam-architektu\/ing-arch-srom-ivan\">336 Ivan \u0160rom<\/a><\/td>\n<td>ING. ARCH. IVAN \u0160ROM<\/td>\n<\/tr>\n<tr>\n<td>2812<\/td>\n<td>\u00c7ekya<\/td>\n<td>Brno<\/td>\n<td><a href=\"https:\/\/www.cka.cz\/cs\/svet-architektury\/seznam-architektu\/ing-arch-drapalova-olga\">337 Olga Dr\u00e1palov\u00e1<\/a><\/td>\n<td>ING. ARCH. OLGA DR\u00c1PALOV\u00c1<\/td>\n<\/tr>\n<tr>\n<td>2813<\/td>\n<td>\u00c7ekya<\/td>\n<td>Prag<\/td>\n<td><a href=\"https:\/\/www.cka.cz\/cs\/svet-architektury\/seznam-architektu\/ing-arch-sarapatka-milan\">338 Milan \u0160arapatka<\/a><\/td>\n<td>ING. ARCH. MILAN \u0160ARAPATKA<\/td>\n<\/tr>\n<tr>\n<td>2814<\/td>\n<td>\u00c7ekya<\/td>\n<td>Labem<\/td>\n<td><a href=\"https:\/\/www.cka.cz\/cs\/svet-architektury\/seznam-architektu\/ing-arch-krejci-vaclav\">339 V\u00e1clav Krej\u010d\u00ed<\/a><\/td>\n<td>ING. ARCH. V\u00c1CLAV KREJ\u010c\u00cd<\/td>\n<\/tr>\n<tr>\n<td>2815<\/td>\n<td>\u00c7ekya<\/td>\n<td>Prag<\/td>\n<td><a href=\"https:\/\/www.cka.cz\/cs\/svet-architektury\/seznam-architektu\/ing-arch-todl-marek\">340 Marek Todl<\/a><\/td>\n<td>ING. ARCH. MAREK TODL<\/td>\n<\/tr>\n<tr>\n<td>2816<\/td>\n<td>\u00c7ekya<\/td>\n<td>Prag<\/td>\n<td><a href=\"https:\/\/www.cka.cz\/cs\/svet-architektury\/seznam-architektu\/ing-arch-storch-martin\">341 Martin Storch<\/a><\/td>\n<td>ING. ARCH. MARTIN STORCH<\/td>\n<\/tr>\n<tr>\n<td>2817<\/td>\n<td>\u00c7ekya<\/td>\n<td>Prag<\/td>\n<td><a href=\"https:\/\/www.cka.cz\/cs\/svet-architektury\/seznam-architektu\/ing-arch-hubschmannova-anna\">342 Anna Hubschmannov\u00e1<\/a><\/td>\n<td>ING. ARCH. ANNA HUBSCHMANNOV\u00c1<\/td>\n<\/tr>\n<tr>\n<td>2818<\/td>\n<td>\u00c7ekya<\/td>\n<td>Prag<\/td>\n<td><a href=\"https:\/\/www.cka.cz\/cs\/svet-architektury\/seznam-architektu\/ing-arch-flasar-michal-csc\">343 Michal Fla\u0161ar<\/a><\/td>\n<td>ING. ARCH. MICHAL FLA\u0160AR CSC.<\/td>\n<\/tr>\n<tr>\n<td>2819<\/td>\n<td>\u00c7ekya<\/td>\n<td>Prag<\/td>\n<td><a href=\"https:\/\/www.cka.cz\/cs\/svet-architektury\/seznam-architektu\/ing-arch-kovar-karel\">344 Karel Kov\u00e1\u0159<\/a><\/td>\n<td>ING. ARCH. KAREL KOV\u00c1\u0158<\/td>\n<\/tr>\n<tr>\n<td>2820<\/td>\n<td>\u00c7ekya<\/td>\n<td>Prag<\/td>\n<td><a href=\"https:\/\/www.cka.cz\/cs\/svet-architektury\/seznam-architektu\/ing-arch-korecek-tomas\">345 Tom\u00e1\u0161 Kore\u010dek<\/a><\/td>\n<td>ING. ARCH. TOM\u00c1\u0160 KORE\u010cEK<\/td>\n<\/tr>\n<tr>\n<td>2821<\/td>\n<td>\u00c7ekya<\/td>\n<td>Prag<\/td>\n<td><a href=\"https:\/\/www.cka.cz\/cs\/svet-architektury\/seznam-architektu\/ing-arch-urbanova-hana\">346 Hana Urbanov\u00e1<\/a><\/td>\n<td>ING. ARCH. HANA URBANOV\u00c1<\/td>\n<\/tr>\n<tr>\n<td>2822<\/td>\n<td>\u00c7ekya<\/td>\n<td>Prag<\/td>\n<td><a href=\"https:\/\/www.cka.cz\/cs\/svet-architektury\/seznam-architektu\/ing-arch-nemec-jiri\">347 Ji\u0159\u00ed N\u011bmec<\/a><\/td>\n<td>ING. ARCH. JI\u0158\u00cd N\u011aMEC<\/td>\n<\/tr>\n<tr>\n<td>2823<\/td>\n<td>\u00c7ekya<\/td>\n<td>Prag<\/td>\n<td><a href=\"https:\/\/www.cka.cz\/cs\/svet-architektury\/seznam-architektu\/ing-arch-blazek-bohumil\">348 Bohumil Bla\u017eek<\/a><\/td>\n<td>ING. ARCH. BOHUMIL BLA\u017dEK<\/td>\n<\/tr>\n<tr>\n<td>2824<\/td>\n<td>\u00c7ekya<\/td>\n<td>Louny<\/td>\n<td><a href=\"https:\/\/www.cka.cz\/cs\/svet-architektury\/seznam-architektu\/ing-arch-cermak-pavel\">349 Pavel \u010cerm\u00e1k<\/a><\/td>\n<td>ING. ARCH. PAVEL \u010cERM\u00c1K<\/td>\n<\/tr>\n<tr>\n<td>2825<\/td>\n<td>\u00c7ekya<\/td>\n<td>Prag<\/td>\n<td><a href=\"https:\/\/www.cka.cz\/cs\/svet-architektury\/seznam-architektu\/ing-arch-nevole-milan\">350 Milan Nevole<\/a><\/td>\n<td>ING. ARCH. MILAN NEVOLE<\/td>\n<\/tr>\n<tr>\n<td>2826<\/td>\n<td>\u00c7ekya<\/td>\n<td>Prag<\/td>\n<td><a href=\"https:\/\/www.cka.cz\/cs\/svet-architektury\/seznam-architektu\/ing-arch-reichova-jana\">351 Jana Reichov\u00e1<\/a><\/td>\n<td>ING. ARCH. JANA REICHOV\u00c1<\/td>\n<\/tr>\n<tr>\n<td>2827<\/td>\n<td>\u00c7ekya<\/td>\n<td>Prag<\/td>\n<td><a href=\"https:\/\/www.cka.cz\/cs\/svet-architektury\/seznam-architektu\/ing-arch-dvorak-ladislav\">352 Ladislav Dvo\u0159\u00e1k<\/a><\/td>\n<td>ING. ARCH. LADISLAV DVO\u0158\u00c1K<\/td>\n<\/tr>\n<tr>\n<td>2828<\/td>\n<td>\u00c7ekya<\/td>\n<td>Prag<\/td>\n<td><a href=\"https:\/\/www.cka.cz\/cs\/svet-architektury\/seznam-architektu\/ing-arch-hemer-jan\">353 Jan Hemer<\/a><\/td>\n<td>ING. ARCH. JAN HEMER<\/td>\n<\/tr>\n<tr>\n<td>2829<\/td>\n<td>\u00c7ekya<\/td>\n<td>Prag<\/td>\n<td><a href=\"https:\/\/www.cka.cz\/cs\/svet-architektury\/seznam-architektu\/ing-arch-malenovsku-oldrich\">354 Oldi\u0159ch Malenovsk\u00fd<\/a><\/td>\n<td>ING. ARCH. OLDI\u0158CH MALENOVSK\u00dd<\/td>\n<\/tr>\n<tr>\n<td>2830<\/td>\n<td>\u00c7ekya<\/td>\n<td>Prag<\/td>\n<td><a href=\"https:\/\/www.cka.cz\/cs\/svet-architektury\/seznam-architektu\/ing-arch-brezina-ivan\">355 Ivan B\u0159ezina<\/a><\/td>\n<td>ING. ARCH. IVAN B\u0158EZINA<\/td>\n<\/tr>\n<tr>\n<td>2831<\/td>\n<td>\u00c7ekya<\/td>\n<td>Prag<\/td>\n<td><a href=\"https:\/\/www.cka.cz\/cs\/svet-architektury\/seznam-architektu\/ing-arch-mulac-vlastimil\">356 Vlastimil Mula\u010d<\/a><\/td>\n<td>ING. ARCH. VLASTIMIL MULA\u010c<\/td>\n<\/tr>\n<tr>\n<td>2832<\/td>\n<td>\u00c7ekya<\/td>\n<td>Prag<\/td>\n<td><a href=\"https:\/\/www.cka.cz\/cs\/svet-architektury\/seznam-architektu\/ing-arch-lenicek-petr\">357 Petr Len\u00ed\u010dek<\/a><\/td>\n<td>ING. ARCH. PETR LEN\u00cd\u010cEK<\/td>\n<\/tr>\n<tr>\n<td>2833<\/td>\n<td>\u00c7ekya<\/td>\n<td>\u00davaly<\/td>\n<td><a href=\"https:\/\/www.cka.cz\/cs\/svet-architektury\/seznam-architektu\/ing-arch-kruntorad-jaroslav\">358 Jaroslav Kruntor\u00e1d<\/a><\/td>\n<td>ING. ARCH. JAROSLAV KRUNTOR\u00c1D<\/td>\n<\/tr>\n<tr>\n<td>2834<\/td>\n<td>\u00c7ekya<\/td>\n<td>\u0160estajovice<\/td>\n<td><a href=\"https:\/\/www.cka.cz\/cs\/svet-architektury\/seznam-architektu\/ing-arch-nikel-leopold\">359 Leopold Nikel<\/a><\/td>\n<td>ING. ARCH. LEOPOLD NIKEL<\/td>\n<\/tr>\n<tr>\n<td>2835<\/td>\n<td>\u00c7ekya<\/td>\n<td>\u0160estajovice<\/td>\n<td><a href=\"https:\/\/www.cka.cz\/cs\/svet-architektury\/seznam-architektu\/ing-arch-niklova-radmila\">360 Radmila Niklov\u00e1<\/a><\/td>\n<td>ING. ARCH. RADMILA NIKLOV\u00c1<\/td>\n<\/tr>\n<tr>\n<td>2836<\/td>\n<td>\u00c7ekya<\/td>\n<td>Prag<\/td>\n<td><a href=\"https:\/\/www.cka.cz\/cs\/svet-architektury\/seznam-architektu\/ing-arch-faturikova-lenka\">361 Lenka Fatur\u00edkov\u00e1<\/a><\/td>\n<td>ING. ARCH. LENKA FATUR\u00cdKOV\u00c1<\/td>\n<\/tr>\n<tr>\n<td>2837<\/td>\n<td>\u00c7ekya<\/td>\n<td>Brno<\/td>\n<td><a href=\"https:\/\/www.cka.cz\/cs\/svet-architektury\/seznam-architektu\/ing-arch-smejkal-vladimir\">362 Vladim\u00edr Smejkal<\/a><\/td>\n<td>ING. ARCH. VLADIM\u00cdR SMEJKAL<\/td>\n<\/tr>\n<tr>\n<td>2838<\/td>\n<td>\u00c7ekya<\/td>\n<td>Brno<\/td>\n<td><a href=\"https:\/\/www.cka.cz\/cs\/svet-architektury\/seznam-architektu\/ing-arch-braunerova-pavla\">363 Pavla Zaviska Brauner<\/a><\/td>\n<td>ING. ARCH. PAVLA ZAVISKA BRAUNER<\/td>\n<\/tr>\n<tr>\n<td>2839<\/td>\n<td>\u00c7ekya<\/td>\n<td>Prag<\/td>\n<td><a href=\"https:\/\/www.cka.cz\/cs\/svet-architektury\/seznam-architektu\/ing-arch-stribrnu-miloslav-jiri\">364 Miloslav Ji\u0159\u00ed St\u0159\u00edbrn\u00fd<\/a><\/td>\n<td>ING. ARCH. MILOSLAV JI\u0158\u00cd ST\u0158\u00cdBRN\u00dd<\/td>\n<\/tr>\n<tr>\n<td>2840<\/td>\n<td>\u00c7ekya<\/td>\n<td>Prag<\/td>\n<td><a href=\"https:\/\/www.cka.cz\/cs\/svet-architektury\/seznam-architektu\/ing-arch-nebesky-jaroslav\">365 Jaroslav Nebesk\u00fd<\/a><\/td>\n<td>ING. ARCH. JAROSLAV NEBESK\u00dd<\/td>\n<\/tr>\n<tr>\n<td>2841<\/td>\n<td>\u00c7ekya<\/td>\n<td>Prag<\/td>\n<td><a href=\"https:\/\/www.cka.cz\/cs\/svet-architektury\/seznam-architektu\/ing-arch-slavicek-jaroslav\">366 Jaroslav Slav\u00ed\u010dek<\/a><\/td>\n<td>ING. ARCH. JAROSLAV SLAV\u00cd\u010cEK<\/td>\n<\/tr>\n<tr>\n<td>2842<\/td>\n<td>\u00c7ekya<\/td>\n<td>Labem<\/td>\n<td><a href=\"https:\/\/www.cka.cz\/cs\/svet-architektury\/seznam-architektu\/ing-arch-prenosil-ludek\">367 Lud\u011bk P\u0159enosil<\/a><\/td>\n<td>ING. ARCH. LUD\u011aK P\u0158ENOSIL<\/td>\n<\/tr>\n<tr>\n<td>2843<\/td>\n<td>\u00c7ekya<\/td>\n<td>Labem<\/td>\n<td><a href=\"https:\/\/www.cka.cz\/cs\/svet-architektury\/seznam-architektu\/ing-arch-stelzig-vratislav\">368 Vratislav \u0160telzig<\/a><\/td>\n<td>ING. ARCH. VRATISLAV \u0160TELZIG<\/td>\n<\/tr>\n<tr>\n<td>2844<\/td>\n<td>\u00c7ekya<\/td>\n<td>Prag<\/td>\n<td><a href=\"https:\/\/www.cka.cz\/cs\/svet-architektury\/seznam-architektu\/ing-arch-franc-stanislav\">369 Stanislav Franc<\/a><\/td>\n<td>ING. ARCH. STANISLAV FRANC<\/td>\n<\/tr>\n<tr>\n<td>2845<\/td>\n<td>\u00c7ekya<\/td>\n<td>Prag<\/td>\n<td><a href=\"https:\/\/www.cka.cz\/cs\/svet-architektury\/seznam-architektu\/ing-arch-sima-pavel\">370 Pavel \u0160\u00edma<\/a><\/td>\n<td>ING. ARCH. PAVEL \u0160\u00cdMA<\/td>\n<\/tr>\n<tr>\n<td>2846<\/td>\n<td>\u00c7ekya<\/td>\n<td>Prag<\/td>\n<td><a href=\"https:\/\/www.cka.cz\/cs\/svet-architektury\/seznam-architektu\/ing-arch-nemec-jan\">371 Jan N\u011bmec<\/a><\/td>\n<td>ING. ARCH. JAN N\u011aMEC<\/td>\n<\/tr>\n<tr>\n<td>2847<\/td>\n<td>\u00c7ekya<\/td>\n<td>Prag<\/td>\n<td><a href=\"https:\/\/www.cka.cz\/cs\/svet-architektury\/seznam-architektu\/ing-arch-ibl-michal\">372 Michal Ibl<\/a><\/td>\n<td>ING. ARCH. MICHAL IBL<\/td>\n<\/tr>\n<tr>\n<td>2848<\/td>\n<td>\u00c7ekya<\/td>\n<td>Brno<\/td>\n<td><a href=\"https:\/\/www.cka.cz\/cs\/svet-architektury\/seznam-architektu\/doc-ing-arch-drapal-jaroslav-csc\">373 Jaroslav Dr\u00e1pal<\/a><\/td>\n<td>DOC. ING. ARCH. JAROSLAV DR\u00c1PAL CSC.<\/td>\n<\/tr>\n<tr>\n<td>2849<\/td>\n<td>\u00c7ekya<\/td>\n<td>Fr\u00fddek-M\u00edstek<\/td>\n<td><a href=\"https:\/\/www.cka.cz\/cs\/svet-architektury\/seznam-architektu\/ing-arch-rybka-tomas\">374 Tom\u00e1\u0161 Rybka<\/a><\/td>\n<td>ING. ARCH. TOM\u00c1\u0160 RYBKA<\/td>\n<\/tr>\n<tr>\n<td>2850<\/td>\n<td>\u00c7ekya<\/td>\n<td>Fr\u00fddek-M\u00edstek<\/td>\n<td><a href=\"https:\/\/www.cka.cz\/cs\/svet-architektury\/seznam-architektu\/ing-arch-kucera-ladislav\">375 Ladislav Ku\u010dera<\/a><\/td>\n<td>ING. ARCH. LADISLAV KU\u010cERA<\/td>\n<\/tr>\n<tr>\n<td>2851<\/td>\n<td>\u00c7ekya<\/td>\n<td>Brno<\/td>\n<td><a href=\"https:\/\/www.cka.cz\/cs\/svet-architektury\/seznam-architektu\/ing-arch-kadlec-juraj\">376 Juraj Kadlec<\/a><\/td>\n<td>ING. ARCH. JURAJ KADLEC<\/td>\n<\/tr>\n<tr>\n<td>2852<\/td>\n<td>\u00c7ekya<\/td>\n<td>Kyjov<\/td>\n<td><a href=\"https:\/\/www.cka.cz\/cs\/svet-architektury\/seznam-architektu\/ing-arch-vasicek-vladimir\">377 Vladim\u00edr Va\u0161\u00ed\u010dek<\/a><\/td>\n<td>ING. ARCH. VLADIM\u00cdR VA\u0160\u00cd\u010cEK<\/td>\n<\/tr>\n<tr>\n<td>2853<\/td>\n<td>\u00c7ekya<\/td>\n<td>Otrokovice<\/td>\n<td><a href=\"https:\/\/www.cka.cz\/cs\/svet-architektury\/seznam-architektu\/ing-arch-pavlacky-radko\">378 Radko Pavlack\u00fd<\/a><\/td>\n<td>ING. ARCH. RADKO PAVLACK\u00dd<\/td>\n<\/tr>\n<tr>\n<td>2854<\/td>\n<td>\u00c7ekya<\/td>\n<td>Hav\u00ed\u0159ov<\/td>\n<td><a href=\"https:\/\/www.cka.cz\/cs\/svet-architektury\/seznam-architektu\/ing-arch-hartl-milan\">379 Milan Hartl<\/a><\/td>\n<td>ING. ARCH. MILAN HARTL<\/td>\n<\/tr>\n<tr>\n<td>2855<\/td>\n<td>\u00c7ekya<\/td>\n<td>Ostrava<\/td>\n<td><a href=\"https:\/\/www.cka.cz\/cs\/svet-architektury\/seznam-architektu\/ing-arch-kobersky-jiri\">380 Ji\u0159\u00ed Kob\u011brsk\u00fd<\/a><\/td>\n<td>ING. ARCH. JI\u0158\u00cd KOB\u011aRSK\u00dd<\/td>\n<\/tr>\n<tr>\n<td>2856<\/td>\n<td>\u00c7ekya<\/td>\n<td>Ostrava<\/td>\n<td><a href=\"https:\/\/www.cka.cz\/cs\/svet-architektury\/seznam-architektu\/ing-arch-saktor-igor\">381 Igor Saktor<\/a><\/td>\n<td>ING. ARCH. IGOR SAKTOR<\/td>\n<\/tr>\n<tr>\n<td>2857<\/td>\n<td>\u00c7ekya<\/td>\n<td>Metylovice<\/td>\n<td><a href=\"https:\/\/www.cka.cz\/cs\/svet-architektury\/seznam-architektu\/ing-arch-bilek-ales\">382 Ale\u0161 B\u00edlek<\/a><\/td>\n<td>ING. ARCH. ALE\u0160 B\u00cdLEK<\/td>\n<\/tr>\n<tr>\n<td>2858<\/td>\n<td>\u00c7ekya<\/td>\n<td>Brno<\/td>\n<td><a href=\"https:\/\/www.cka.cz\/cs\/svet-architektury\/seznam-architektu\/ing-arch-rosendorf-ales\">383 Ale\u0161 Rosendorf<\/a><\/td>\n<td>ING. ARCH. ALE\u0160 ROSENDORF<\/td>\n<\/tr>\n<tr>\n<td>2859<\/td>\n<td>\u00c7ekya<\/td>\n<td>Horn\u00ed Such\u00e1<\/td>\n<td><a href=\"https:\/\/www.cka.cz\/cs\/svet-architektury\/seznam-architektu\/ing-arch-adamcik-miroslav\">384 Miroslav Adam\u010d\u00edk<\/a><\/td>\n<td>ING. ARCH. MIROSLAV ADAM\u010c\u00cdK<\/td>\n<\/tr>\n<tr>\n<td>2860<\/td>\n<td>\u00c7ekya<\/td>\n<td>Ostrava<\/td>\n<td><a href=\"https:\/\/www.cka.cz\/cs\/svet-architektury\/seznam-architektu\/ing-arch-svoboda-stanislav\">385 Stanislav Svoboda<\/a><\/td>\n<td>ING. ARCH. STANISLAV SVOBODA<\/td>\n<\/tr>\n<tr>\n<td>2861<\/td>\n<td>\u00c7ekya<\/td>\n<td>Brno<\/td>\n<td><a href=\"https:\/\/www.cka.cz\/cs\/svet-architektury\/seznam-architektu\/ing-arch-psikal-vladimir\">386 Vladim\u00edr P\u0161ikal<\/a><\/td>\n<td>ING. ARCH. VLADIM\u00cdR P\u0160IKAL<\/td>\n<\/tr>\n<tr>\n<td>2862<\/td>\n<td>\u00c7ekya<\/td>\n<td>Brno<\/td>\n<td><a href=\"https:\/\/www.cka.cz\/cs\/svet-architektury\/seznam-architektu\/ing-arch-melichar-jan\">387 Jan Melichar<\/a><\/td>\n<td>ING. ARCH. JAN MELICHAR<\/td>\n<\/tr>\n<tr>\n<td>2863<\/td>\n<td>\u00c7ekya<\/td>\n<td>Brno<\/td>\n<td><a href=\"https:\/\/www.cka.cz\/cs\/svet-architektury\/seznam-architektu\/ing-arch-horakova-mariana\">388 Mariana Hor\u00e1kov\u00e1<\/a><\/td>\n<td>ING. ARCH. MARIANA HOR\u00c1KOV\u00c1<\/td>\n<\/tr>\n<tr>\n<td>2864<\/td>\n<td>\u00c7ekya<\/td>\n<td>Ostrava<\/td>\n<td><a href=\"https:\/\/www.cka.cz\/cs\/svet-architektury\/seznam-architektu\/ing-arch-fiser-jaromir\">389 Jarom\u00edr Fi\u0161er<\/a><\/td>\n<td>ING. ARCH. JAROM\u00cdR FI\u0160ER<\/td>\n<\/tr>\n<tr>\n<td>2865<\/td>\n<td>\u00c7ekya<\/td>\n<td>Brno<\/td>\n<td><a href=\"https:\/\/www.cka.cz\/cs\/svet-architektury\/seznam-architektu\/ing-arch-davidek-petr\">390 Petr Dav\u00eddek<\/a><\/td>\n<td>ING. ARCH. PETR DAV\u00cdDEK<\/td>\n<\/tr>\n<tr>\n<td>2866<\/td>\n<td>\u00c7ekya<\/td>\n<td>Velk\u00e9 B\u00edlovice<\/td>\n<td><a href=\"https:\/\/www.cka.cz\/cs\/svet-architektury\/seznam-architektu\/ing-arch-sindelarova-jarmila\">391 Jarmila \u0160indel\u00e1\u0159ov\u00e1<\/a><\/td>\n<td>ING. ARCH. JARMILA \u0160INDEL\u00c1\u0158OV\u00c1<\/td>\n<\/tr>\n<tr>\n<td>2867<\/td>\n<td>\u00c7ekya<\/td>\n<td>Brann\u00e1<\/td>\n<td><a href=\"https:\/\/www.cka.cz\/cs\/svet-architektury\/seznam-architektu\/ing-arch-mutnansky-lubos\">392 Lubo\u0161 Mut\u0148ansk\u00fd<\/a><\/td>\n<td>ING. ARCH. LUBO\u0160 MUT\u0147ANSK\u00dd<\/td>\n<\/tr>\n<tr>\n<td>2868<\/td>\n<td>\u00c7ekya<\/td>\n<td>Ostrava<\/td>\n<td><a href=\"https:\/\/www.cka.cz\/cs\/svet-architektury\/seznam-architektu\/ing-arch-sedlecku-pavel\">393 Pavel Sedleck\u00fd<\/a><\/td>\n<td>ING. ARCH. PAVEL SEDLECK\u00dd<\/td>\n<\/tr>\n<tr>\n<td>2869<\/td>\n<td>\u00c7ekya<\/td>\n<td>Ostrava<\/td>\n<td><a href=\"https:\/\/www.cka.cz\/cs\/svet-architektury\/seznam-architektu\/ing-arch-zeman-karel\">394 Karel Zeman<\/a><\/td>\n<td>ING. ARCH. KAREL ZEMAN<\/td>\n<\/tr>\n<tr>\n<td>2870<\/td>\n<td>\u00c7ekya<\/td>\n<td>Brno<\/td>\n<td><a href=\"https:\/\/www.cka.cz\/cs\/svet-architektury\/seznam-architektu\/ing-arch-valenta-petr\">395 Petr Valenta<\/a><\/td>\n<td>ING. ARCH. PETR VALENTA<\/td>\n<\/tr>\n<tr>\n<td>2871<\/td>\n<td>\u00c7ekya<\/td>\n<td>Brno<\/td>\n<td><a href=\"https:\/\/www.cka.cz\/cs\/svet-architektury\/seznam-architektu\/ing-arch-zelena-zora\">396 Zora Zelen\u00e1<\/a><\/td>\n<td>ING. ARCH. ZORA ZELEN\u00c1<\/td>\n<\/tr>\n<tr>\n<td>2872<\/td>\n<td>\u00c7ekya<\/td>\n<td>Prag<\/td>\n<td><a href=\"https:\/\/www.cka.cz\/cs\/svet-architektury\/seznam-architektu\/ing-arch-velisek-lukas\">397 Luk\u00e1\u0161 Vel\u00ed\u0161ek<\/a><\/td>\n<td>ING. ARCH. LUK\u00c1\u0160 VEL\u00cd\u0160EK<\/td>\n<\/tr>\n<tr>\n<td>2873<\/td>\n<td>\u00c7ekya<\/td>\n<td>Prag<\/td>\n<td><a href=\"https:\/\/www.cka.cz\/cs\/svet-architektury\/seznam-architektu\/ing-arch-dolezalova-emilie\">398 Emilie Dole\u017ealov\u00e1<\/a><\/td>\n<td>ING. ARCH. EMILIE DOLE\u017dALOV\u00c1<\/td>\n<\/tr>\n<tr>\n<td>2874<\/td>\n<td>\u00c7ekya<\/td>\n<td>Prag<\/td>\n<td><a href=\"https:\/\/www.cka.cz\/cs\/svet-architektury\/seznam-architektu\/akad-arch-simunkova-helena\">399 Helena \u0160im\u016fnkov\u00e1<\/a><\/td>\n<td>AKAD. ARCH. HELENA \u0160IM\u016eNKOV\u00c1<\/td>\n<\/tr>\n<tr>\n<td>2875<\/td>\n<td>\u00c7ekya<\/td>\n<td>Doksy<\/td>\n<td><a href=\"https:\/\/www.cka.cz\/cs\/svet-architektury\/seznam-architektu\/ing-arch-uchytil-jan\">400 Jan Uchytil<\/a><\/td>\n<td>ING. ARCH. JAN UCHYTIL<\/td>\n<\/tr>\n<tr>\n<td>2876<\/td>\n<td>\u00c7ekya<\/td>\n<td>Prag<\/td>\n<td><a href=\"https:\/\/www.cka.cz\/cs\/svet-architektury\/seznam-architektu\/ing-arch-holnova-zdenka\">401 Zde\u0148ka Holnov\u00e1<\/a><\/td>\n<td>ING. ARCH. ZDE\u0147KA HOLNOV\u00c1<\/td>\n<\/tr>\n<tr>\n<td>2877<\/td>\n<td>\u00c7ekya<\/td>\n<td>Prag<\/td>\n<td><a href=\"https:\/\/www.cka.cz\/cs\/svet-architektury\/seznam-architektu\/ing-arch-horava-tomas-csc\">402 Tom\u00e1\u0161 Ho\u0159ava<\/a><\/td>\n<td>ING. ARCH. TOM\u00c1\u0160 HO\u0158AVA CSC.<\/td>\n<\/tr>\n<tr>\n<td>2878<\/td>\n<td>\u00c7ekya<\/td>\n<td>Prag<\/td>\n<td><a href=\"https:\/\/www.cka.cz\/cs\/svet-architektury\/seznam-architektu\/ing-arch-voldrich-jaroslav\">403 Jaroslav Vold\u0159ich<\/a><\/td>\n<td>ING. ARCH. JAROSLAV VOLD\u0158ICH<\/td>\n<\/tr>\n<tr>\n<td>2879<\/td>\n<td>\u00c7ekya<\/td>\n<td>Prag<\/td>\n<td><a href=\"https:\/\/www.cka.cz\/cs\/svet-architektury\/seznam-architektu\/ing-arch-maryska-milic\">404 Mili\u010d Mary\u0161ka<\/a><\/td>\n<td>ING. ARCH. MILI\u010c MARY\u0160KA<\/td>\n<\/tr>\n<tr>\n<td>2880<\/td>\n<td>\u00c7ekya<\/td>\n<td>Prag<\/td>\n<td><a href=\"https:\/\/www.cka.cz\/cs\/svet-architektury\/seznam-architektu\/ing-arch-machac-milos\">405 Milo\u0161 Macha\u010d<\/a><\/td>\n<td>ING. ARCH. MILO\u0160 MACHA\u010c<\/td>\n<\/tr>\n<tr>\n<td>2881<\/td>\n<td>\u00c7ekya<\/td>\n<td>Prag<\/td>\n<td><a href=\"https:\/\/www.cka.cz\/cs\/svet-architektury\/seznam-architektu\/ing-arch-gudev-asen\">406 Asen Gudev<\/a><\/td>\n<td>ING. ARCH. ASEN GUDEV<\/td>\n<\/tr>\n<tr>\n<td>2882<\/td>\n<td>\u00c7ekya<\/td>\n<td>Prag<\/td>\n<td><a href=\"https:\/\/www.cka.cz\/cs\/svet-architektury\/seznam-architektu\/ing-arch-pilar-jiri\">407 Ji\u0159\u00ed Pila\u0159<\/a><\/td>\n<td>ING. ARCH. JI\u0158\u00cd PILA\u0158<\/td>\n<\/tr>\n<tr>\n<td>2883<\/td>\n<td>\u00c7ekya<\/td>\n<td>\u010cerno\u0161ice<\/td>\n<td><a href=\"https:\/\/www.cka.cz\/cs\/svet-architektury\/seznam-architektu\/ing-arch-liska-milan\">408 Milan Li\u0161ka<\/a><\/td>\n<td>ING. ARCH. MILAN LI\u0160KA<\/td>\n<\/tr>\n<tr>\n<td>2884<\/td>\n<td>\u00c7ekya<\/td>\n<td>Prag<\/td>\n<td><a href=\"https:\/\/www.cka.cz\/cs\/svet-architektury\/seznam-architektu\/ing-arch-valek-vladimir\">409 Vladim\u00edr Valek<\/a><\/td>\n<td>ING. ARCH. VLADIM\u00cdR VALEK<\/td>\n<\/tr>\n<tr>\n<td>2885<\/td>\n<td>\u00c7ekya<\/td>\n<td>Prag<\/td>\n<td><a href=\"https:\/\/www.cka.cz\/cs\/svet-architektury\/seznam-architektu\/ing-arch-merger-jiri\">410 Ji\u0159\u00ed Merger<\/a><\/td>\n<td>ING. ARCH. ET. ING. JI\u0158\u00cd MERGER<\/td>\n<\/tr>\n<tr>\n<td>2886<\/td>\n<td>\u00c7ekya<\/td>\n<td>Prag<\/td>\n<td><a href=\"https:\/\/www.cka.cz\/cs\/svet-architektury\/seznam-architektu\/ing-arch-studenu-antonin\">411 Anton\u00edn Studen\u00fd<\/a><\/td>\n<td>ING. ARCH. ANTON\u00cdN STUDEN\u00dd<\/td>\n<\/tr>\n<tr>\n<td>2887<\/td>\n<td>\u00c7ekya<\/td>\n<td>Prag<\/td>\n<td><a href=\"https:\/\/www.cka.cz\/cs\/svet-architektury\/seznam-architektu\/ing-arch-styblo-zbysek\">412 Zby\u0161ek St\u00fdblo<\/a><\/td>\n<td>ING. ARCH. ZBY\u0160EK ST\u00ddBLO<\/td>\n<\/tr>\n<tr>\n<td>2888<\/td>\n<td>\u00c7ekya<\/td>\n<td>Prag<\/td>\n<td><a href=\"https:\/\/www.cka.cz\/cs\/svet-architektury\/seznam-architektu\/ing-akad-arch-mojzis-jiri\">413 Ji\u0159\u00ed Moj\u017e\u00ed\u0161<\/a><\/td>\n<td>ING. AKAD. ARCH. JI\u0158\u00cd MOJ\u017d\u00cd\u0160<\/td>\n<\/tr>\n<tr>\n<td>2889<\/td>\n<td>\u00c7ekya<\/td>\n<td>Prag<\/td>\n<td><a href=\"https:\/\/www.cka.cz\/cs\/svet-architektury\/seznam-architektu\/ing-arch-stuchly-ivan-csc\">414 Ivan Stuchl\u00fd<\/a><\/td>\n<td>ING. ARCH. IVAN STUCHL\u00dd CSC.<\/td>\n<\/tr>\n<tr>\n<td>2890<\/td>\n<td>\u00c7ekya<\/td>\n<td>Labem<\/td>\n<td><a href=\"https:\/\/www.cka.cz\/cs\/svet-architektury\/seznam-architektu\/ing-arch-kucera-jiri-2\">415 Ji\u0159\u00ed Ku\u010dera<\/a><\/td>\n<td>ING. ARCH. JI\u0158\u00cd KU\u010cERA<\/td>\n<\/tr>\n<tr>\n<td>2891<\/td>\n<td>\u00c7ekya<\/td>\n<td>Prag<\/td>\n<td><a href=\"https:\/\/www.cka.cz\/cs\/svet-architektury\/seznam-architektu\/ing-arch-sladek-ivan\">416 Ivan Sl\u00e1dek<\/a><\/td>\n<td>ING. ARCH. IVAN SL\u00c1DEK<\/td>\n<\/tr>\n<tr>\n<td>2892<\/td>\n<td>\u00c7ekya<\/td>\n<td>Prag<\/td>\n<td><a href=\"https:\/\/www.cka.cz\/cs\/svet-architektury\/seznam-architektu\/ing-arch-ourecku-jaroslav\">417 Jaroslav Ou\u0159eck\u00fd<\/a><\/td>\n<td>ING. ARCH. JAROSLAV OU\u0158ECK\u00dd<\/td>\n<\/tr>\n<tr>\n<td>2893<\/td>\n<td>\u00c7ekya<\/td>\n<td>Prag<\/td>\n<td><a href=\"https:\/\/www.cka.cz\/cs\/svet-architektury\/seznam-architektu\/ing-arch-kuthan-milos\">418 Milo\u0161 Kuthan<\/a><\/td>\n<td>ING. ARCH. MILO\u0160 KUTHAN<\/td>\n<\/tr>\n<tr>\n<td>2894<\/td>\n<td>\u00c7ekya<\/td>\n<td>Prag<\/td>\n<td><a href=\"https:\/\/www.cka.cz\/cs\/svet-architektury\/seznam-architektu\/ing-arch-mach-rudolf\">419 Rudolf Mach<\/a><\/td>\n<td>ING. ARCH. RUDOLF MACH<\/td>\n<\/tr>\n<tr>\n<td>2895<\/td>\n<td>\u00c7ekya<\/td>\n<td>Prag<\/td>\n<td><a href=\"https:\/\/www.cka.cz\/cs\/svet-architektury\/seznam-architektu\/ing-arch-danda-vratislav\">420 Vratislav Danda<\/a><\/td>\n<td>ING. ARCH. VRATISLAV DANDA<\/td>\n<\/tr>\n<tr>\n<td>2896<\/td>\n<td>\u00c7ekya<\/td>\n<td>Prag<\/td>\n<td><a href=\"https:\/\/www.cka.cz\/cs\/svet-architektury\/seznam-architektu\/ing-arch-trojan-jiri\">421 Ji\u0159\u00ed Trojan<\/a><\/td>\n<td>ING. ARCH. JI\u0158\u00cd TROJAN<\/td>\n<\/tr>\n<tr>\n<td>2897<\/td>\n<td>\u00c7ekya<\/td>\n<td>Prag<\/td>\n<td><a href=\"https:\/\/www.cka.cz\/cs\/svet-architektury\/seznam-architektu\/ing-arch-pasek-karel\">422 Karel Pa\u0161ek<\/a><\/td>\n<td>ING. ARCH. KAREL PA\u0160EK<\/td>\n<\/tr>\n<tr>\n<td>2898<\/td>\n<td>\u00c7ekya<\/td>\n<td>Prag<\/td>\n<td><a href=\"https:\/\/www.cka.cz\/cs\/svet-architektury\/seznam-architektu\/akad-arch-kozeluhova-hana\">423 Hana Ko\u017eeluhov\u00e1<\/a><\/td>\n<td>AKAD. ARCH. HANA KO\u017dELUHOV\u00c1<\/td>\n<\/tr>\n<tr>\n<td>2899<\/td>\n<td>\u00c7ekya<\/td>\n<td>Prag<\/td>\n<td><a href=\"https:\/\/www.cka.cz\/cs\/svet-architektury\/seznam-architektu\/ing-arch-nemecek-vaclav\">424 V\u00e1clav N\u011bme\u010dek<\/a><\/td>\n<td>ING. ARCH. V\u00c1CLAV N\u011aME\u010cEK<\/td>\n<\/tr>\n<tr>\n<td>2900<\/td>\n<td>\u00c7ekya<\/td>\n<td>Jarmila M\u00fcllerov\u00e1<\/td>\n<td><a href=\"https:\/\/www.cka.cz\/cs\/svet-architektury\/seznam-architektu\/ing-mullerova-jarmila\">425 Jarmila M\u00fcllerov\u00e1<\/a><\/td>\n<td>ING. JARMILA M\u00dcLLEROV\u00c1<\/td>\n<\/tr>\n<tr>\n<td>2901<\/td>\n<td>\u00c7ekya<\/td>\n<td>Jind\u0159ich\u016fv Hradec<\/td>\n<td><a href=\"https:\/\/www.cka.cz\/cs\/svet-architektury\/seznam-architektu\/ing-arch-hudcova-zuzana\">426 Zuzana Hudcov\u00e1<\/a><\/td>\n<td>ING. ARCH. ZUZANA HUDCOV\u00c1<\/td>\n<\/tr>\n<tr>\n<td>2902<\/td>\n<td>\u00c7ekya<\/td>\n<td>Jind\u0159ich\u016fv Hradec<\/td>\n<td><a href=\"https:\/\/www.cka.cz\/cs\/svet-architektury\/seznam-architektu\/ing-arch-gantnerova-ivana\">427 Ivana Gantnerov\u00e1<\/a><\/td>\n<td>ING. ARCH. IVANA GANTNEROV\u00c1<\/td>\n<\/tr>\n<tr>\n<td>2903<\/td>\n<td>\u00c7ekya<\/td>\n<td>Spo\u0159ice<\/td>\n<td><a href=\"https:\/\/www.cka.cz\/cs\/svet-architektury\/seznam-architektu\/ing-arch-pachner-jaroslav\">428 Jaroslav Pachner<\/a><\/td>\n<td>ING. ARCH. JAROSLAV PACHNER.<\/td>\n<\/tr>\n<tr>\n<td>2904<\/td>\n<td>\u00c7ekya<\/td>\n<td>Prag<\/td>\n<td><a href=\"https:\/\/www.cka.cz\/cs\/svet-architektury\/seznam-architektu\/ing-arch-gogela-karel\">429 Karel Gogela<\/a><\/td>\n<td>ING. ARCH. KAREL GOGELA<\/td>\n<\/tr>\n<tr>\n<td>2905<\/td>\n<td>\u00c7ekya<\/td>\n<td>Da\u010dice<\/td>\n<td><a href=\"https:\/\/www.cka.cz\/cs\/svet-architektury\/seznam-architektu\/ing-arch-dvorak-miroslav\">430 Miroslav Dvo\u0159\u00e1k<\/a><\/td>\n<td>ING. ARCH. MIROSLAV DVO\u0158\u00c1K<\/td>\n<\/tr>\n<tr>\n<td>2906<\/td>\n<td>\u00c7ekya<\/td>\n<td>Da\u010dice<\/td>\n<td><a href=\"https:\/\/www.cka.cz\/cs\/svet-architektury\/seznam-architektu\/ing-arch-kucera-pavel\">431 Pavel Ku\u010dera<\/a><\/td>\n<td>ING. ARCH. PAVEL KU\u010cERA<\/td>\n<\/tr>\n<tr>\n<td>2907<\/td>\n<td>\u00c7ekya<\/td>\n<td>Prag<\/td>\n<td><a href=\"https:\/\/www.cka.cz\/cs\/svet-architektury\/seznam-architektu\/ing-arch-cerny-zdenek\">432 Zden\u011bk \u010cern\u00fd<\/a><\/td>\n<td>ING. ARCH. ZDEN\u011aK \u010cERN\u00dd<\/td>\n<\/tr>\n<tr>\n<td>2908<\/td>\n<td>\u00c7ekya<\/td>\n<td>Prag<\/td>\n<td><a href=\"https:\/\/www.cka.cz\/cs\/svet-architektury\/seznam-architektu\/ing-arch-ruso-milan\">433 Milan Ruso<\/a><\/td>\n<td>ING. ARCH. MILAN RUSO<\/td>\n<\/tr>\n<tr>\n<td>2909<\/td>\n<td>\u00c7ekya<\/td>\n<td>Prag<\/td>\n<td><a href=\"https:\/\/www.cka.cz\/cs\/svet-architektury\/seznam-architektu\/ing-arch-sestakova-irena\">434 Irena \u0160est\u00e1kov\u00e1<\/a><\/td>\n<td>PROF. ING. ARCH. IRENA \u0160EST\u00c1KOV\u00c1<\/td>\n<\/tr>\n<tr>\n<td>2910<\/td>\n<td>\u00c7ekya<\/td>\n<td>Prag<\/td>\n<td><a href=\"https:\/\/www.cka.cz\/cs\/svet-architektury\/seznam-architektu\/ing-arch-sestak-jiri\">435 Ji\u0159\u00ed \u0160est\u00e1k<\/a><\/td>\n<\/tr>\n<\/tbody>\n<\/table>\n<\/div><\/div><\/div><\/div><\/div>\n","protected":false},"excerpt":{"rendered":"","protected":false},"author":2,"featured_media":4059,"comment_status":"closed","ping_status":"closed","sticky":false,"template":"","format":"standard","meta":{"footnotes":""},"categories":[32],"tags":[],"class_list":["post-4414","post","type-post","status-publish","format-standard","has-post-thumbnail","hentry","category-uncategorized"],"_links":{"self":[{"href":"https:\/\/baskan-yapi.com\/en\/wp-json\/wp\/v2\/posts\/4414","targetHints":{"allow":["GET"]}}],"collection":[{"href":"https:\/\/baskan-yapi.com\/en\/wp-json\/wp\/v2\/posts"}],"about":[{"href":"https:\/\/baskan-yapi.com\/en\/wp-json\/wp\/v2\/types\/post"}],"author":[{"embeddable":true,"href":"https:\/\/baskan-yapi.com\/en\/wp-json\/wp\/v2\/users\/2"}],"replies":[{"embeddable":true,"href":"https:\/\/baskan-yapi.com\/en\/wp-json\/wp\/v2\/comments?post=4414"}],"version-history":[{"count":1,"href":"https:\/\/baskan-yapi.com\/en\/wp-json\/wp\/v2\/posts\/4414\/revisions"}],"predecessor-version":[{"id":4415,"href":"https:\/\/baskan-yapi.com\/en\/wp-json\/wp\/v2\/posts\/4414\/revisions\/4415"}],"wp:featuredmedia":[{"embeddable":true,"href":"https:\/\/baskan-yapi.com\/en\/wp-json\/wp\/v2\/media\/4059"}],"wp:attachment":[{"href":"https:\/\/baskan-yapi.com\/en\/wp-json\/wp\/v2\/media?parent=4414"}],"wp:term":[{"taxonomy":"category","embeddable":true,"href":"https:\/\/baskan-yapi.com\/en\/wp-json\/wp\/v2\/categories?post=4414"},{"taxonomy":"post_tag","embeddable":true,"href":"https:\/\/baskan-yapi.com\/en\/wp-json\/wp\/v2\/tags?post=4414"}],"curies":[{"name":"wp","href":"https:\/\/api.w.org\/{rel}","templated":true}]}}